{"id":371,"date":"2018-12-13T09:50:23","date_gmt":"2018-12-13T08:50:23","guid":{"rendered":"https:\/\/comunicacity.net\/fiuggi\/?p=371"},"modified":"2018-12-13T09:50:23","modified_gmt":"2018-12-13T08:50:23","slug":"fiuggi-14-dicembre-ore-17-00-sala-consiliare-presentazione-del-progetto-la-banca-del-tempo","status":"publish","type":"post","link":"https:\/\/comunicacity.net\/fiuggi\/2018\/12\/13\/fiuggi-14-dicembre-ore-17-00-sala-consiliare-presentazione-del-progetto-la-banca-del-tempo\/","title":{"rendered":"FIUGGI &#8211;  14 DICEMBRE ORE 17.00 &#8211; SALA CONSILIARE &#8211; PRESENTAZIONE DEL PROGETTO &#8211; LA BANCA DEL TEMPO &#8211;"},"content":{"rendered":"<blockquote>\n<p style=\"text-align: left\">A Fiuggi \u00e8 nata la Banca del Tempo, un&#8217;associazione di promozione sociale che si pone come obiettivo lo sviluppo di un&#8217;economia basata sulle relazioni e lo scambio dei saperi e delle passioni, misurato <em>unicamente<\/em> attraverso il tempo e non il denaro. Il progetto della Banca del Tempo prender\u00e0 il via\u00a0 venerdi 14 dicembre alle ore 17.00 presso la Sala Consiliare di Fiuggi attraverso una presentazione alla cittadinanza, in un incontro patrocinato dal Comune di Fiuggi, al quale parteciper\u00e0 come ospite la Presidente Onoraria della rete nazionale delle Banche del Tempo e coordinatrice regionale, Maria Luisa Petrucci.\u00a0La Banca del Tempo \u00e8 un progetto di innovazione sociale, basato sulla solidariet\u00e0 e sulla reciprocit\u00e0 dello scambio paritario tra le persone. Il tempo, unit\u00e0 di misura degli scambi, rappresenta oggi una delle cose pi\u00f9 preziose per tutti noi. Impiegarlo per gli altri,\u00a0 scambiando ci\u00f2 che si sa fare per ottenere ci\u00f2 che non si \u00e8 capace di fare, \u00e8 alla base della relazione e la banca del tempo costituisce l&#8217;intermediario di questi rapporti. Attraverso la banca del Tempo, uno strumento socio-culturale di grande potenzialit\u00e0 gi\u00e0 attivo in molti contesti italiani ed internazionali, \u00e8 possibile costruire importanti progetti di sussidiariet\u00e0 orizzontale per l&#8217;intera comunit\u00e0, in cui non solo l&#8217;individuo pu\u00f2 essere coinvolto, ma anche le Associazioni, le Scuole, le istituzioni.\u00a0 E&#8217; per questo che l&#8217;Associazione Banca del Tempo di Fiuggi invita i cittadini alla presentazione di venerdi 14 dicembre, per scoprire insieme le tante opportunit\u00e0.<\/p>\n<p><img loading=\"lazy\" decoding=\"async\" class=\"alignnone size-medium wp-image-372\" src=\"https:\/\/comunicacity.net\/fiuggi\/wp-content\/uploads\/sites\/154\/2018\/12\/Locandina-Banca-del-Tempo-presentazione-n-212x300.jpg\" alt=\"\" width=\"212\" height=\"300\" srcset=\"https:\/\/comunicacity.net\/fiuggi\/wp-content\/uploads\/sites\/154\/2018\/12\/Locandina-Banca-del-Tempo-presentazione-n-212x300.jpg 212w, https:\/\/comunicacity.net\/fiuggi\/wp-content\/uploads\/sites\/154\/2018\/12\/Locandina-Banca-del-Tempo-presentazione-n.jpg 679w\" sizes=\"auto, (max-width: 212px) 100vw, 212px\" \/><\/p><\/blockquote>\n\n\t\t\t\n\t\t\t\n\t\t\t\n\t\t\t\n\t\t\t\t\t\t\n\t\t\t\n\n\t\t\t\n\n","protected":false},"excerpt":{"rendered":"<p>A Fiuggi \u00e8 nata la Banca del Tempo, un&#8217;associazione di promozione sociale che si pone come obiettivo lo sviluppo di un&#8217;economia basata sulle relazioni e lo scambio dei saperi e [&hellip;]<\/p>\n","protected":false},"author":271,"featured_media":3,"comment_status":"closed","ping_status":"closed","sticky":false,"template":"","format":"standard","meta":{"footnotes":""},"categories":[10],"tags":[],"class_list":["post-371","post","type-post","status-publish","format-standard","has-post-thumbnail","hentry","category-eventi"],"yoast_head":"<!-- This site is optimized with the Yoast SEO plugin v27.4 - https:\/\/yoast.com\/product\/yoast-seo-wordpress\/ -->\n<title>FIUGGI - 14 DICEMBRE ORE 17.00 - SALA CONSILIARE - PRESENTAZIONE DEL PROGETTO - LA BANCA DEL TEMPO - Fiuggi<\/title>\n<meta name=\"robots\" content=\"index, follow, max-snippet:-1, max-image-preview:large, max-video-preview:-1\" \/>\n<link rel=\"canonical\" href=\"https:\/\/comunicacity.net\/fiuggi\/2018\/12\/13\/fiuggi-14-dicembre-ore-17-00-sala-consiliare-presentazione-del-progetto-la-banca-del-tempo\/\" \/>\n<meta property=\"og:locale\" content=\"it_IT\" \/>\n<meta property=\"og:type\" content=\"article\" \/>\n<meta property=\"og:title\" content=\"FIUGGI - 14 DICEMBRE ORE 17.00 - SALA CONSILIARE - PRESENTAZIONE DEL PROGETTO - LA BANCA DEL TEMPO - Fiuggi\" \/>\n<meta property=\"og:description\" content=\"A Fiuggi \u00e8 nata la Banca del Tempo, un&#8217;associazione di promozione sociale che si pone come obiettivo lo sviluppo di un&#8217;economia basata sulle relazioni e lo scambio dei saperi e [&hellip;]\" \/>\n<meta property=\"og:url\" content=\"https:\/\/comunicacity.net\/fiuggi\/2018\/12\/13\/fiuggi-14-dicembre-ore-17-00-sala-consiliare-presentazione-del-progetto-la-banca-del-tempo\/\" \/>\n<meta property=\"og:site_name\" content=\"Fiuggi\" \/>\n<meta property=\"article:publisher\" content=\"http:\/\/facebook.com\/ComunicaCity\" \/>\n<meta property=\"article:published_time\" content=\"2018-12-13T08:50:23+00:00\" \/>\n<meta property=\"og:image\" content=\"https:\/\/comunicacity.net\/fiuggi\/wp-content\/uploads\/sites\/154\/2018\/01\/fiuggi.jpg\" \/>\n\t<meta property=\"og:image:width\" content=\"300\" \/>\n\t<meta property=\"og:image:height\" content=\"300\" \/>\n\t<meta property=\"og:image:type\" content=\"image\/jpeg\" \/>\n<meta name=\"author\" content=\"psimonelli\" \/>\n<meta name=\"twitter:card\" content=\"summary_large_image\" \/>\n<meta name=\"twitter:creator\" content=\"@comunicacity\" \/>\n<meta name=\"twitter:site\" content=\"@comunicacity\" \/>\n<meta name=\"twitter:label1\" content=\"Scritto da\" \/>\n\t<meta name=\"twitter:data1\" content=\"psimonelli\" \/>\n\t<meta name=\"twitter:label2\" content=\"Tempo di lettura stimato\" \/>\n\t<meta name=\"twitter:data2\" content=\"1 minuto\" \/>\n<script type=\"application\/ld+json\" class=\"yoast-schema-graph\">{\"@context\":\"https:\\\/\\\/schema.org\",\"@graph\":[{\"@type\":\"Article\",\"@id\":\"https:\\\/\\\/comunicacity.net\\\/fiuggi\\\/2018\\\/12\\\/13\\\/fiuggi-14-dicembre-ore-17-00-sala-consiliare-presentazione-del-progetto-la-banca-del-tempo\\\/#article\",\"isPartOf\":{\"@id\":\"https:\\\/\\\/comunicacity.net\\\/fiuggi\\\/2018\\\/12\\\/13\\\/fiuggi-14-dicembre-ore-17-00-sala-consiliare-presentazione-del-progetto-la-banca-del-tempo\\\/\"},\"author\":{\"name\":\"psimonelli\",\"@id\":\"https:\\\/\\\/comunicacity.net\\\/fiuggi\\\/#\\\/schema\\\/person\\\/97ad9a1a6b6830e2b8701d7ccdd559af\"},\"headline\":\"FIUGGI &#8211; 14 DICEMBRE ORE 17.00 &#8211; SALA CONSILIARE &#8211; PRESENTAZIONE DEL PROGETTO &#8211; LA BANCA DEL TEMPO &#8211;\",\"datePublished\":\"2018-12-13T08:50:23+00:00\",\"mainEntityOfPage\":{\"@id\":\"https:\\\/\\\/comunicacity.net\\\/fiuggi\\\/2018\\\/12\\\/13\\\/fiuggi-14-dicembre-ore-17-00-sala-consiliare-presentazione-del-progetto-la-banca-del-tempo\\\/\"},\"wordCount\":250,\"image\":{\"@id\":\"https:\\\/\\\/comunicacity.net\\\/fiuggi\\\/2018\\\/12\\\/13\\\/fiuggi-14-dicembre-ore-17-00-sala-consiliare-presentazione-del-progetto-la-banca-del-tempo\\\/#primaryimage\"},\"thumbnailUrl\":\"https:\\\/\\\/comunicacity.net\\\/fiuggi\\\/wp-content\\\/uploads\\\/sites\\\/154\\\/2018\\\/01\\\/fiuggi.jpg\",\"articleSection\":[\"Eventi\"],\"inLanguage\":\"it-IT\"},{\"@type\":\"WebPage\",\"@id\":\"https:\\\/\\\/comunicacity.net\\\/fiuggi\\\/2018\\\/12\\\/13\\\/fiuggi-14-dicembre-ore-17-00-sala-consiliare-presentazione-del-progetto-la-banca-del-tempo\\\/\",\"url\":\"https:\\\/\\\/comunicacity.net\\\/fiuggi\\\/2018\\\/12\\\/13\\\/fiuggi-14-dicembre-ore-17-00-sala-consiliare-presentazione-del-progetto-la-banca-del-tempo\\\/\",\"name\":\"FIUGGI - 14 DICEMBRE ORE 17.00 - SALA CONSILIARE - PRESENTAZIONE DEL PROGETTO - LA BANCA DEL TEMPO - Fiuggi\",\"isPartOf\":{\"@id\":\"https:\\\/\\\/comunicacity.net\\\/fiuggi\\\/#website\"},\"primaryImageOfPage\":{\"@id\":\"https:\\\/\\\/comunicacity.net\\\/fiuggi\\\/2018\\\/12\\\/13\\\/fiuggi-14-dicembre-ore-17-00-sala-consiliare-presentazione-del-progetto-la-banca-del-tempo\\\/#primaryimage\"},\"image\":{\"@id\":\"https:\\\/\\\/comunicacity.net\\\/fiuggi\\\/2018\\\/12\\\/13\\\/fiuggi-14-dicembre-ore-17-00-sala-consiliare-presentazione-del-progetto-la-banca-del-tempo\\\/#primaryimage\"},\"thumbnailUrl\":\"https:\\\/\\\/comunicacity.net\\\/fiuggi\\\/wp-content\\\/uploads\\\/sites\\\/154\\\/2018\\\/01\\\/fiuggi.jpg\",\"datePublished\":\"2018-12-13T08:50:23+00:00\",\"author\":{\"@id\":\"https:\\\/\\\/comunicacity.net\\\/fiuggi\\\/#\\\/schema\\\/person\\\/97ad9a1a6b6830e2b8701d7ccdd559af\"},\"breadcrumb\":{\"@id\":\"https:\\\/\\\/comunicacity.net\\\/fiuggi\\\/2018\\\/12\\\/13\\\/fiuggi-14-dicembre-ore-17-00-sala-consiliare-presentazione-del-progetto-la-banca-del-tempo\\\/#breadcrumb\"},\"inLanguage\":\"it-IT\",\"potentialAction\":[{\"@type\":\"ReadAction\",\"target\":[\"https:\\\/\\\/comunicacity.net\\\/fiuggi\\\/2018\\\/12\\\/13\\\/fiuggi-14-dicembre-ore-17-00-sala-consiliare-presentazione-del-progetto-la-banca-del-tempo\\\/\"]}]},{\"@type\":\"ImageObject\",\"inLanguage\":\"it-IT\",\"@id\":\"https:\\\/\\\/comunicacity.net\\\/fiuggi\\\/2018\\\/12\\\/13\\\/fiuggi-14-dicembre-ore-17-00-sala-consiliare-presentazione-del-progetto-la-banca-del-tempo\\\/#primaryimage\",\"url\":\"https:\\\/\\\/comunicacity.net\\\/fiuggi\\\/wp-content\\\/uploads\\\/sites\\\/154\\\/2018\\\/01\\\/fiuggi.jpg\",\"contentUrl\":\"https:\\\/\\\/comunicacity.net\\\/fiuggi\\\/wp-content\\\/uploads\\\/sites\\\/154\\\/2018\\\/01\\\/fiuggi.jpg\",\"width\":300,\"height\":300},{\"@type\":\"BreadcrumbList\",\"@id\":\"https:\\\/\\\/comunicacity.net\\\/fiuggi\\\/2018\\\/12\\\/13\\\/fiuggi-14-dicembre-ore-17-00-sala-consiliare-presentazione-del-progetto-la-banca-del-tempo\\\/#breadcrumb\",\"itemListElement\":[{\"@type\":\"ListItem\",\"position\":1,\"name\":\"Home\",\"item\":\"https:\\\/\\\/comunicacity.net\\\/fiuggi\\\/\"},{\"@type\":\"ListItem\",\"position\":2,\"name\":\"FIUGGI &#8211; 14 DICEMBRE ORE 17.00 &#8211; SALA CONSILIARE &#8211; PRESENTAZIONE DEL PROGETTO &#8211; LA BANCA DEL TEMPO &#8211;\"}]},{\"@type\":\"WebSite\",\"@id\":\"https:\\\/\\\/comunicacity.net\\\/fiuggi\\\/#website\",\"url\":\"https:\\\/\\\/comunicacity.net\\\/fiuggi\\\/\",\"name\":\"Fiuggi\",\"description\":\"Ecco un altro sito ComunicaCity\",\"potentialAction\":[{\"@type\":\"SearchAction\",\"target\":{\"@type\":\"EntryPoint\",\"urlTemplate\":\"https:\\\/\\\/comunicacity.net\\\/fiuggi\\\/?s={search_term_string}\"},\"query-input\":{\"@type\":\"PropertyValueSpecification\",\"valueRequired\":true,\"valueName\":\"search_term_string\"}}],\"inLanguage\":\"it-IT\"},{\"@type\":\"Person\",\"@id\":\"https:\\\/\\\/comunicacity.net\\\/fiuggi\\\/#\\\/schema\\\/person\\\/97ad9a1a6b6830e2b8701d7ccdd559af\",\"name\":\"psimonelli\",\"image\":{\"@type\":\"ImageObject\",\"inLanguage\":\"it-IT\",\"@id\":\"https:\\\/\\\/secure.gravatar.com\\\/avatar\\\/51e66f27bf20a22eb0af78dd050c370078956c7ba0599da04a46932a10c6747b?s=96&d=mm&r=g\",\"url\":\"https:\\\/\\\/secure.gravatar.com\\\/avatar\\\/51e66f27bf20a22eb0af78dd050c370078956c7ba0599da04a46932a10c6747b?s=96&d=mm&r=g\",\"contentUrl\":\"https:\\\/\\\/secure.gravatar.com\\\/avatar\\\/51e66f27bf20a22eb0af78dd050c370078956c7ba0599da04a46932a10c6747b?s=96&d=mm&r=g\",\"caption\":\"psimonelli\"},\"url\":\"https:\\\/\\\/comunicacity.net\\\/fiuggi\\\/author\\\/psimonelli\\\/\"}]}<\/script>\n<!-- \/ Yoast SEO plugin. -->","yoast_head_json":{"title":"FIUGGI - 14 DICEMBRE ORE 17.00 - SALA CONSILIARE - PRESENTAZIONE DEL PROGETTO - LA BANCA DEL TEMPO - Fiuggi","robots":{"index":"index","follow":"follow","max-snippet":"max-snippet:-1","max-image-preview":"max-image-preview:large","max-video-preview":"max-video-preview:-1"},"canonical":"https:\/\/comunicacity.net\/fiuggi\/2018\/12\/13\/fiuggi-14-dicembre-ore-17-00-sala-consiliare-presentazione-del-progetto-la-banca-del-tempo\/","og_locale":"it_IT","og_type":"article","og_title":"FIUGGI - 14 DICEMBRE ORE 17.00 - SALA CONSILIARE - PRESENTAZIONE DEL PROGETTO - LA BANCA DEL TEMPO - Fiuggi","og_description":"A Fiuggi \u00e8 nata la Banca del Tempo, un&#8217;associazione di promozione sociale che si pone come obiettivo lo sviluppo di un&#8217;economia basata sulle relazioni e lo scambio dei saperi e [&hellip;]","og_url":"https:\/\/comunicacity.net\/fiuggi\/2018\/12\/13\/fiuggi-14-dicembre-ore-17-00-sala-consiliare-presentazione-del-progetto-la-banca-del-tempo\/","og_site_name":"Fiuggi","article_publisher":"http:\/\/facebook.com\/ComunicaCity","article_published_time":"2018-12-13T08:50:23+00:00","og_image":[{"width":300,"height":300,"url":"https:\/\/comunicacity.net\/fiuggi\/wp-content\/uploads\/sites\/154\/2018\/01\/fiuggi.jpg","type":"image\/jpeg"}],"author":"psimonelli","twitter_card":"summary_large_image","twitter_creator":"@comunicacity","twitter_site":"@comunicacity","twitter_misc":{"Scritto da":"psimonelli","Tempo di lettura stimato":"1 minuto"},"schema":{"@context":"https:\/\/schema.org","@graph":[{"@type":"Article","@id":"https:\/\/comunicacity.net\/fiuggi\/2018\/12\/13\/fiuggi-14-dicembre-ore-17-00-sala-consiliare-presentazione-del-progetto-la-banca-del-tempo\/#article","isPartOf":{"@id":"https:\/\/comunicacity.net\/fiuggi\/2018\/12\/13\/fiuggi-14-dicembre-ore-17-00-sala-consiliare-presentazione-del-progetto-la-banca-del-tempo\/"},"author":{"name":"psimonelli","@id":"https:\/\/comunicacity.net\/fiuggi\/#\/schema\/person\/97ad9a1a6b6830e2b8701d7ccdd559af"},"headline":"FIUGGI &#8211; 14 DICEMBRE ORE 17.00 &#8211; SALA CONSILIARE &#8211; PRESENTAZIONE DEL PROGETTO &#8211; LA BANCA DEL TEMPO &#8211;","datePublished":"2018-12-13T08:50:23+00:00","mainEntityOfPage":{"@id":"https:\/\/comunicacity.net\/fiuggi\/2018\/12\/13\/fiuggi-14-dicembre-ore-17-00-sala-consiliare-presentazione-del-progetto-la-banca-del-tempo\/"},"wordCount":250,"image":{"@id":"https:\/\/comunicacity.net\/fiuggi\/2018\/12\/13\/fiuggi-14-dicembre-ore-17-00-sala-consiliare-presentazione-del-progetto-la-banca-del-tempo\/#primaryimage"},"thumbnailUrl":"https:\/\/comunicacity.net\/fiuggi\/wp-content\/uploads\/sites\/154\/2018\/01\/fiuggi.jpg","articleSection":["Eventi"],"inLanguage":"it-IT"},{"@type":"WebPage","@id":"https:\/\/comunicacity.net\/fiuggi\/2018\/12\/13\/fiuggi-14-dicembre-ore-17-00-sala-consiliare-presentazione-del-progetto-la-banca-del-tempo\/","url":"https:\/\/comunicacity.net\/fiuggi\/2018\/12\/13\/fiuggi-14-dicembre-ore-17-00-sala-consiliare-presentazione-del-progetto-la-banca-del-tempo\/","name":"FIUGGI - 14 DICEMBRE ORE 17.00 - SALA CONSILIARE - PRESENTAZIONE DEL PROGETTO - LA BANCA DEL TEMPO - Fiuggi","isPartOf":{"@id":"https:\/\/comunicacity.net\/fiuggi\/#website"},"primaryImageOfPage":{"@id":"https:\/\/comunicacity.net\/fiuggi\/2018\/12\/13\/fiuggi-14-dicembre-ore-17-00-sala-consiliare-presentazione-del-progetto-la-banca-del-tempo\/#primaryimage"},"image":{"@id":"https:\/\/comunicacity.net\/fiuggi\/2018\/12\/13\/fiuggi-14-dicembre-ore-17-00-sala-consiliare-presentazione-del-progetto-la-banca-del-tempo\/#primaryimage"},"thumbnailUrl":"https:\/\/comunicacity.net\/fiuggi\/wp-content\/uploads\/sites\/154\/2018\/01\/fiuggi.jpg","datePublished":"2018-12-13T08:50:23+00:00","author":{"@id":"https:\/\/comunicacity.net\/fiuggi\/#\/schema\/person\/97ad9a1a6b6830e2b8701d7ccdd559af"},"breadcrumb":{"@id":"https:\/\/comunicacity.net\/fiuggi\/2018\/12\/13\/fiuggi-14-dicembre-ore-17-00-sala-consiliare-presentazione-del-progetto-la-banca-del-tempo\/#breadcrumb"},"inLanguage":"it-IT","potentialAction":[{"@type":"ReadAction","target":["https:\/\/comunicacity.net\/fiuggi\/2018\/12\/13\/fiuggi-14-dicembre-ore-17-00-sala-consiliare-presentazione-del-progetto-la-banca-del-tempo\/"]}]},{"@type":"ImageObject","inLanguage":"it-IT","@id":"https:\/\/comunicacity.net\/fiuggi\/2018\/12\/13\/fiuggi-14-dicembre-ore-17-00-sala-consiliare-presentazione-del-progetto-la-banca-del-tempo\/#primaryimage","url":"https:\/\/comunicacity.net\/fiuggi\/wp-content\/uploads\/sites\/154\/2018\/01\/fiuggi.jpg","contentUrl":"https:\/\/comunicacity.net\/fiuggi\/wp-content\/uploads\/sites\/154\/2018\/01\/fiuggi.jpg","width":300,"height":300},{"@type":"BreadcrumbList","@id":"https:\/\/comunicacity.net\/fiuggi\/2018\/12\/13\/fiuggi-14-dicembre-ore-17-00-sala-consiliare-presentazione-del-progetto-la-banca-del-tempo\/#breadcrumb","itemListElement":[{"@type":"ListItem","position":1,"name":"Home","item":"https:\/\/comunicacity.net\/fiuggi\/"},{"@type":"ListItem","position":2,"name":"FIUGGI &#8211; 14 DICEMBRE ORE 17.00 &#8211; SALA CONSILIARE &#8211; PRESENTAZIONE DEL PROGETTO &#8211; LA BANCA DEL TEMPO &#8211;"}]},{"@type":"WebSite","@id":"https:\/\/comunicacity.net\/fiuggi\/#website","url":"https:\/\/comunicacity.net\/fiuggi\/","name":"Fiuggi","description":"Ecco un altro sito ComunicaCity","potentialAction":[{"@type":"SearchAction","target":{"@type":"EntryPoint","urlTemplate":"https:\/\/comunicacity.net\/fiuggi\/?s={search_term_string}"},"query-input":{"@type":"PropertyValueSpecification","valueRequired":true,"valueName":"search_term_string"}}],"inLanguage":"it-IT"},{"@type":"Person","@id":"https:\/\/comunicacity.net\/fiuggi\/#\/schema\/person\/97ad9a1a6b6830e2b8701d7ccdd559af","name":"psimonelli","image":{"@type":"ImageObject","inLanguage":"it-IT","@id":"https:\/\/secure.gravatar.com\/avatar\/51e66f27bf20a22eb0af78dd050c370078956c7ba0599da04a46932a10c6747b?s=96&d=mm&r=g","url":"https:\/\/secure.gravatar.com\/avatar\/51e66f27bf20a22eb0af78dd050c370078956c7ba0599da04a46932a10c6747b?s=96&d=mm&r=g","contentUrl":"https:\/\/secure.gravatar.com\/avatar\/51e66f27bf20a22eb0af78dd050c370078956c7ba0599da04a46932a10c6747b?s=96&d=mm&r=g","caption":"psimonelli"},"url":"https:\/\/comunicacity.net\/fiuggi\/author\/psimonelli\/"}]}},"meta_box":{"cc4_urg_colore":"","cc4_urg_data_inizio":"","cc4_urg_data_fine":"","cc4_cor_positivi_oggi":"","cc4_cor_negativizzati_oggi":"","cc4_cor_deceduti_oggi":"","cc4_cor_positivi_totali":"","cc4_cor_negativizzati_totali":"","cc4_cor_deceduti_totali":"","cc4_cor_attualmente_positivi":"","cc4_eve_data_inizio":"","cc4_eve_data_fine":"","cc4_eve_indirizzo":"","cc4_eve_posizione":{"latitude":"","longitude":"","zoom":""},"cc4_eve_telefono":"","cc4_eve_email":"","cc4_eve_web":"","cc4_eve_fb":"","sitopa_id":""},"_links":{"self":[{"href":"https:\/\/comunicacity.net\/fiuggi\/wp-json\/wp\/v2\/posts\/371","targetHints":{"allow":["GET"]}}],"collection":[{"href":"https:\/\/comunicacity.net\/fiuggi\/wp-json\/wp\/v2\/posts"}],"about":[{"href":"https:\/\/comunicacity.net\/fiuggi\/wp-json\/wp\/v2\/types\/post"}],"author":[{"embeddable":true,"href":"https:\/\/comunicacity.net\/fiuggi\/wp-json\/wp\/v2\/users\/271"}],"replies":[{"embeddable":true,"href":"https:\/\/comunicacity.net\/fiuggi\/wp-json\/wp\/v2\/comments?post=371"}],"version-history":[{"count":1,"href":"https:\/\/comunicacity.net\/fiuggi\/wp-json\/wp\/v2\/posts\/371\/revisions"}],"predecessor-version":[{"id":373,"href":"https:\/\/comunicacity.net\/fiuggi\/wp-json\/wp\/v2\/posts\/371\/revisions\/373"}],"wp:featuredmedia":[{"embeddable":true,"href":"https:\/\/comunicacity.net\/fiuggi\/wp-json\/wp\/v2\/media\/3"}],"wp:attachment":[{"href":"https:\/\/comunicacity.net\/fiuggi\/wp-json\/wp\/v2\/media?parent=371"}],"wp:term":[{"taxonomy":"category","embeddable":true,"href":"https:\/\/comunicacity.net\/fiuggi\/wp-json\/wp\/v2\/categories?post=371"},{"taxonomy":"post_tag","embeddable":true,"href":"https:\/\/comunicacity.net\/fiuggi\/wp-json\/wp\/v2\/tags?post=371"}],"curies":[{"name":"wp","href":"https:\/\/api.w.org\/{rel}","templated":true}]}}