{"id":436,"date":"2019-06-14T09:00:27","date_gmt":"2019-06-14T07:00:27","guid":{"rendered":"https:\/\/comunicacity.net\/fiuggi\/?p=436"},"modified":"2019-06-14T09:00:27","modified_gmt":"2019-06-14T07:00:27","slug":"gestione-del-verde-aree-private-pulizia-terreni","status":"publish","type":"post","link":"https:\/\/comunicacity.net\/fiuggi\/2019\/06\/14\/gestione-del-verde-aree-private-pulizia-terreni\/","title":{"rendered":"GESTIONE DEL VERDE  &#8211; AREE PRIVATE  &#8211; PULIZIA TERRENI"},"content":{"rendered":"<p style=\"text-align: left\"><span class=\"fontstyle0\"><span style=\"color: #4f6228;font-family: Book Antiqua;font-size: xx-large\"><strong>AVVISO ALLA CITTADINANZA<br \/>\n<\/strong><\/span><span style=\"color: #4f6228;font-family: Book Antiqua;font-size: xx-large\"><strong>IL SINDACO<br \/>\n<\/strong><\/span><\/span><span style=\"font-family: Book Antiqua\"><span class=\"fontstyle0\"><strong>Visto l\u2019art. 29 del D.Lgs. 30 aprile 1992 n\u00b0285 (Codice della Strada) il quale prevede che:<br \/>\n<\/strong><\/span><span class=\"fontstyle2\">&#8211; <\/span><\/span><span style=\"font-family: Book Antiqua\"><span class=\"fontstyle0\"><strong>I proprietari di fondi confinanti con le strade di pubblico transito hanno l\u2019obbligo di mantenere le siepi in modo da non restringere o danneggiare la strada e di tagliare i rami delle piante che si protendono oltre il confine stradale e che nascondono la segnaletica o che ne compromettono comunque la leggibilit\u00e0 dalla distanza e dalla angolazione necessaria;<br \/>\n<\/strong><\/span><span class=\"fontstyle2\">&#8211; <\/span><\/span><span class=\"fontstyle0\"><strong><span style=\"font-family: Book Antiqua\">Qualora per effetto di intemperie o per qualsiasi altra causa vengano a cadere, sul piano stradale, alberi piantati in terreni laterali o ramaglie di qualsiasi specie o dimensione, il proprietario di essi \u00e8 tenuto a rimuoverli nel pi\u00f9 breve tempo possibile;<br \/>\n<\/span><\/strong><\/span><span class=\"fontstyle3\"><em><span style=\"color: #ff0000;font-family: Book Antiqua;font-size: x-large\"><strong>sanzioni da 173,00 euro a 695,00 euro<br \/>\n<\/strong><\/span><\/em><\/span><span style=\"font-family: Book Antiqua\"><span class=\"fontstyle0\"><strong>Visto l\u2019art. 18 del vigente Regolamento di Polizia Urbana che prevede che:<br \/>\n<\/strong><\/span><span class=\"fontstyle2\">&#8211; <\/span><\/span><span style=\"font-family: Book Antiqua\"><span class=\"fontstyle0\"><strong>Quando nei fondi o comunque nelle aree private, compresi condomini, situati in fregio o in prossimit\u00e0 di strade aperte al pubblico transito veicolare o pedonale, sono presenti alberi i cui rami si protendono sulla sede stradale, i proprietari hanno l\u2019obbligo di provvedere alla costante regolarizzazione di fronde e rami per modo che sia sempre evitata ogni situazione compromissiva della circolazione, tanto dei veicoli quanto dei pedoni.<br \/>\n<\/strong><\/span><span class=\"fontstyle2\">&#8211; <\/span><\/span><span style=\"font-family: Book Antiqua\"><span class=\"fontstyle0\"><strong>Quando la presenza di alberi e\/o siepi su fondi o comunque su propriet\u00e0 privati confinanti con strada aperte al pubblico transito che, in conseguenza della sinuosit\u00e0 delle strade stesse e della loro ridotta sezione, pu\u00f2 compromettere la visibilit\u00e0 e cos\u00ec costringere i conducenti di veicoli ad un uso eccessivo delle segnalazioni acustiche, i proprietari hanno l\u2019obbligo di mantenere alberature e siepi in condizioni tali da non costituire mai pericolo od intralcio alla circolazione. In particolare devono opportunamente regolare le siepi e tagliare i rami degli alberi che si protendono sulla carreggiata stradale.<br \/>\n<\/strong><\/span><span class=\"fontstyle2\">&#8211; <\/span><\/span><span style=\"font-family: Book Antiqua\"><span class=\"fontstyle0\"><strong>I proprietari privati di aree verdi confinanti con luoghi pubblici o con luoghi aperti al pubblico ovvero da essi visibili, hanno l\u2019obbligo di mantenere le aree verdi in condizioni decorose e tali da non creare pericolo igienico. La disposizione vale anche per il verde condominiale.<br \/>\n<\/strong><\/span><span class=\"fontstyle2\">&#8211; <\/span><\/span><span class=\"fontstyle0\"><strong><span style=\"font-family: Book Antiqua\">I terreni di pertinenza di abitazioni, nonch\u00e9 tutti i terreni a qualsiasi destinazione d\u2019uso compresi all\u2019interno del centro urbano e confinanti con fondi sui quali insistono abitazioni o luoghi di lavoro, dovranno essere tenuti in condizioni accettabili, in modo da non essere ricettacolo di animali quali ratti e rettili, ed al fine di evitare immagine di degrado urbano. Dovranno essere evitati accumuli di rifiuti e ramaglie e dovr\u00e0 essere assicurato un regolare sfalcio dell\u2019erba che in ogni caso non potr\u00e0 superare l\u2019altezza di 40 cm.<br \/>\n<\/span><\/strong><\/span><span class=\"fontstyle3\"><em><span style=\"color: #ff0000;font-family: Book Antiqua;font-size: x-large\"><strong>sanzioni da 50,00 euro a 300,00 euro<br \/>\n<\/strong><\/span><\/em><\/span><span class=\"fontstyle0\"><span style=\"color: #4f6228;font-family: Book Antiqua;font-size: xx-large\"><strong>INVITA<br \/>\n<\/strong><\/span><\/span><span style=\"font-family: Book Antiqua\"><span class=\"fontstyle0\"><strong>Tutti i proprietari, gli amministratori o i conduttori di spazi piantumati confinanti con abitazioni, aree soggette a pubblico transito ovvero lungo le strade comunali urbane ed extraurbane a provvedere a:<br \/>\n<\/strong><\/span><span class=\"fontstyle2\">&#8211; <\/span><\/span><span style=\"font-family: Book Antiqua\"><span class=\"fontstyle0\"><strong>Tagliare i rami delle piante, delle siepi, dei cespugli e delle aiuole che si protendono oltre il confine stradale;<br \/>\n<\/strong><\/span><span class=\"fontstyle2\">&#8211; <\/span><\/span><span style=\"font-family: Book Antiqua\"><span class=\"fontstyle0\"><strong>Rimuovere alberi, piante e ramaglie di qualsiasi specie e dimensione che, per effetto di intemperie o per qualsiasi altra causa, possano cadere sulla strada pubblica;<br \/>\n<\/strong><\/span><span class=\"fontstyle2\">&#8211; <\/span><\/span><span style=\"font-family: Book Antiqua\"><span class=\"fontstyle0\"><strong>Gestire crescite incontrollate delle piante che potrebbero interferire con linee aeree (cavi elettrici \u2013 telefonici \u2013ecc) o danneggiare le strutture e funzionalit\u00e0.<br \/>\n<\/strong><\/span><span class=\"fontstyle2\">&#8211; <\/span><\/span><span class=\"fontstyle0\"><strong><span style=\"font-family: Book Antiqua\">Pulire i terreni in modo da non essere ricettacolo di animali ed al fine di evitare immagine di degrado urbano.<br \/>\n<\/span><\/strong><\/span><span class=\"fontstyle0\"><span style=\"color: #4f6228;font-family: Book Antiqua;font-size: xx-large\"><strong>RAMMENTA<br \/>\n<\/strong><\/span><\/span><span class=\"fontstyle0\"><strong><span style=\"font-family: Book Antiqua\">Che i proprietari\/locatari\/utilizzatori sono personalmente responsabili, in sede CIVILE e PENALE, per eventuali danni causati dalla mancata manutenzione del verde privato su fondi confinanti con le strade pubbliche, ovvero da una omessa o carente manutenzione delle piante.<br \/>\n<\/span><\/strong><\/span><\/p>\n<table class=\"NormalTable\">\n<tbody>\n<tr>\n<td width=\"366\"><span class=\"fontstyle0\"><strong><span style=\"font-family: Book Antiqua\">Il Consigliere Delegato <\/span><\/strong><\/span><\/td>\n<td width=\"324\"><span class=\"fontstyle0\"><strong><span style=\"font-family: Book Antiqua\">Il Sindaco<\/span><\/strong><\/span><\/td>\n<\/tr>\n<tr>\n<td width=\"366\"><span class=\"fontstyle0\"><strong><span style=\"font-family: Book Antiqua\">Marco Paris <\/span><\/strong><\/span><\/td>\n<td width=\"324\"><span class=\"fontstyle0\"><strong><span style=\"font-family: Book Antiqua\">Alioska Baccarini<\/span><\/strong><\/span><\/td>\n<\/tr>\n<\/tbody>\n<\/table>\n<p>&nbsp;<\/p>\n<div id='wpba_attachment_list' class=''>\n<div class='ui list'><h3 style=\"display:none;\">\ud83d\udcce Allegati<\/h3><ul><li><a id=\"wpba_attachment_list_437\" class=\"y-skip-href item\" href=\"https:\/\/comunicacity.net\/fiuggi\/wp-content\/uploads\/sites\/154\/2019\/06\/Avviso-alla-Cittadinanza..pdf\" onclick=\"window.open('https:\/\/comunicacity.net\/fiuggi\/wp-content\/uploads\/sites\/154\/2019\/06\/Avviso-alla-Cittadinanza..pdf', '_system'); return false;\"><i class='icon attachment'><\/i>Avviso alla Cittadinanza.<\/a><\/li>\n<\/ul><\/div><\/div>\n","protected":false},"excerpt":{"rendered":"<p>AVVISO ALLA CITTADINANZA IL SINDACO Visto l\u2019art. 29 del D.Lgs. 30 aprile 1992 n\u00b0285 (Codice della Strada) il quale prevede che: &#8211; I proprietari di fondi confinanti con le strade [&hellip;]<\/p>\n","protected":false},"author":271,"featured_media":3,"comment_status":"closed","ping_status":"closed","sticky":false,"template":"","format":"standard","meta":{"footnotes":""},"categories":[3],"tags":[],"class_list":["post-436","post","type-post","status-publish","format-standard","has-post-thumbnail","hentry","category-ambiente"],"yoast_head":"<!-- This site is optimized with the Yoast SEO plugin v27.4 - https:\/\/yoast.com\/product\/yoast-seo-wordpress\/ -->\n<title>GESTIONE DEL VERDE - AREE PRIVATE - PULIZIA TERRENI - Fiuggi<\/title>\n<meta name=\"robots\" content=\"index, follow, max-snippet:-1, max-image-preview:large, max-video-preview:-1\" \/>\n<link rel=\"canonical\" href=\"https:\/\/comunicacity.net\/fiuggi\/2019\/06\/14\/gestione-del-verde-aree-private-pulizia-terreni\/\" \/>\n<meta property=\"og:locale\" content=\"it_IT\" \/>\n<meta property=\"og:type\" content=\"article\" \/>\n<meta property=\"og:title\" content=\"GESTIONE DEL VERDE - AREE PRIVATE - PULIZIA TERRENI - Fiuggi\" \/>\n<meta property=\"og:description\" content=\"AVVISO ALLA CITTADINANZA IL SINDACO Visto l\u2019art. 29 del D.Lgs. 30 aprile 1992 n\u00b0285 (Codice della Strada) il quale prevede che: &#8211; I proprietari di fondi confinanti con le strade [&hellip;]\" \/>\n<meta property=\"og:url\" content=\"https:\/\/comunicacity.net\/fiuggi\/2019\/06\/14\/gestione-del-verde-aree-private-pulizia-terreni\/\" \/>\n<meta property=\"og:site_name\" content=\"Fiuggi\" \/>\n<meta property=\"article:publisher\" content=\"http:\/\/facebook.com\/ComunicaCity\" \/>\n<meta property=\"article:published_time\" content=\"2019-06-14T07:00:27+00:00\" \/>\n<meta property=\"og:image\" content=\"https:\/\/comunicacity.net\/fiuggi\/wp-content\/uploads\/sites\/154\/2018\/01\/fiuggi.jpg\" \/>\n\t<meta property=\"og:image:width\" content=\"300\" \/>\n\t<meta property=\"og:image:height\" content=\"300\" \/>\n\t<meta property=\"og:image:type\" content=\"image\/jpeg\" \/>\n<meta name=\"author\" content=\"psimonelli\" \/>\n<meta name=\"twitter:card\" content=\"summary_large_image\" \/>\n<meta name=\"twitter:creator\" content=\"@comunicacity\" \/>\n<meta name=\"twitter:site\" content=\"@comunicacity\" \/>\n<meta name=\"twitter:label1\" content=\"Scritto da\" \/>\n\t<meta name=\"twitter:data1\" content=\"psimonelli\" \/>\n\t<meta name=\"twitter:label2\" content=\"Tempo di lettura stimato\" \/>\n\t<meta name=\"twitter:data2\" content=\"3 minuti\" \/>\n<script type=\"application\/ld+json\" class=\"yoast-schema-graph\">{\"@context\":\"https:\\\/\\\/schema.org\",\"@graph\":[{\"@type\":\"Article\",\"@id\":\"https:\\\/\\\/comunicacity.net\\\/fiuggi\\\/2019\\\/06\\\/14\\\/gestione-del-verde-aree-private-pulizia-terreni\\\/#article\",\"isPartOf\":{\"@id\":\"https:\\\/\\\/comunicacity.net\\\/fiuggi\\\/2019\\\/06\\\/14\\\/gestione-del-verde-aree-private-pulizia-terreni\\\/\"},\"author\":{\"name\":\"psimonelli\",\"@id\":\"https:\\\/\\\/comunicacity.net\\\/fiuggi\\\/#\\\/schema\\\/person\\\/97ad9a1a6b6830e2b8701d7ccdd559af\"},\"headline\":\"GESTIONE DEL VERDE &#8211; AREE PRIVATE &#8211; PULIZIA TERRENI\",\"datePublished\":\"2019-06-14T07:00:27+00:00\",\"mainEntityOfPage\":{\"@id\":\"https:\\\/\\\/comunicacity.net\\\/fiuggi\\\/2019\\\/06\\\/14\\\/gestione-del-verde-aree-private-pulizia-terreni\\\/\"},\"wordCount\":621,\"image\":{\"@id\":\"https:\\\/\\\/comunicacity.net\\\/fiuggi\\\/2019\\\/06\\\/14\\\/gestione-del-verde-aree-private-pulizia-terreni\\\/#primaryimage\"},\"thumbnailUrl\":\"https:\\\/\\\/comunicacity.net\\\/fiuggi\\\/wp-content\\\/uploads\\\/sites\\\/154\\\/2018\\\/01\\\/fiuggi.jpg\",\"articleSection\":[\"Ambiente\"],\"inLanguage\":\"it-IT\"},{\"@type\":\"WebPage\",\"@id\":\"https:\\\/\\\/comunicacity.net\\\/fiuggi\\\/2019\\\/06\\\/14\\\/gestione-del-verde-aree-private-pulizia-terreni\\\/\",\"url\":\"https:\\\/\\\/comunicacity.net\\\/fiuggi\\\/2019\\\/06\\\/14\\\/gestione-del-verde-aree-private-pulizia-terreni\\\/\",\"name\":\"GESTIONE DEL VERDE - AREE PRIVATE - PULIZIA TERRENI - Fiuggi\",\"isPartOf\":{\"@id\":\"https:\\\/\\\/comunicacity.net\\\/fiuggi\\\/#website\"},\"primaryImageOfPage\":{\"@id\":\"https:\\\/\\\/comunicacity.net\\\/fiuggi\\\/2019\\\/06\\\/14\\\/gestione-del-verde-aree-private-pulizia-terreni\\\/#primaryimage\"},\"image\":{\"@id\":\"https:\\\/\\\/comunicacity.net\\\/fiuggi\\\/2019\\\/06\\\/14\\\/gestione-del-verde-aree-private-pulizia-terreni\\\/#primaryimage\"},\"thumbnailUrl\":\"https:\\\/\\\/comunicacity.net\\\/fiuggi\\\/wp-content\\\/uploads\\\/sites\\\/154\\\/2018\\\/01\\\/fiuggi.jpg\",\"datePublished\":\"2019-06-14T07:00:27+00:00\",\"author\":{\"@id\":\"https:\\\/\\\/comunicacity.net\\\/fiuggi\\\/#\\\/schema\\\/person\\\/97ad9a1a6b6830e2b8701d7ccdd559af\"},\"breadcrumb\":{\"@id\":\"https:\\\/\\\/comunicacity.net\\\/fiuggi\\\/2019\\\/06\\\/14\\\/gestione-del-verde-aree-private-pulizia-terreni\\\/#breadcrumb\"},\"inLanguage\":\"it-IT\",\"potentialAction\":[{\"@type\":\"ReadAction\",\"target\":[\"https:\\\/\\\/comunicacity.net\\\/fiuggi\\\/2019\\\/06\\\/14\\\/gestione-del-verde-aree-private-pulizia-terreni\\\/\"]}]},{\"@type\":\"ImageObject\",\"inLanguage\":\"it-IT\",\"@id\":\"https:\\\/\\\/comunicacity.net\\\/fiuggi\\\/2019\\\/06\\\/14\\\/gestione-del-verde-aree-private-pulizia-terreni\\\/#primaryimage\",\"url\":\"https:\\\/\\\/comunicacity.net\\\/fiuggi\\\/wp-content\\\/uploads\\\/sites\\\/154\\\/2018\\\/01\\\/fiuggi.jpg\",\"contentUrl\":\"https:\\\/\\\/comunicacity.net\\\/fiuggi\\\/wp-content\\\/uploads\\\/sites\\\/154\\\/2018\\\/01\\\/fiuggi.jpg\",\"width\":300,\"height\":300},{\"@type\":\"BreadcrumbList\",\"@id\":\"https:\\\/\\\/comunicacity.net\\\/fiuggi\\\/2019\\\/06\\\/14\\\/gestione-del-verde-aree-private-pulizia-terreni\\\/#breadcrumb\",\"itemListElement\":[{\"@type\":\"ListItem\",\"position\":1,\"name\":\"Home\",\"item\":\"https:\\\/\\\/comunicacity.net\\\/fiuggi\\\/\"},{\"@type\":\"ListItem\",\"position\":2,\"name\":\"GESTIONE DEL VERDE &#8211; AREE PRIVATE &#8211; PULIZIA TERRENI\"}]},{\"@type\":\"WebSite\",\"@id\":\"https:\\\/\\\/comunicacity.net\\\/fiuggi\\\/#website\",\"url\":\"https:\\\/\\\/comunicacity.net\\\/fiuggi\\\/\",\"name\":\"Fiuggi\",\"description\":\"Ecco un altro sito ComunicaCity\",\"potentialAction\":[{\"@type\":\"SearchAction\",\"target\":{\"@type\":\"EntryPoint\",\"urlTemplate\":\"https:\\\/\\\/comunicacity.net\\\/fiuggi\\\/?s={search_term_string}\"},\"query-input\":{\"@type\":\"PropertyValueSpecification\",\"valueRequired\":true,\"valueName\":\"search_term_string\"}}],\"inLanguage\":\"it-IT\"},{\"@type\":\"Person\",\"@id\":\"https:\\\/\\\/comunicacity.net\\\/fiuggi\\\/#\\\/schema\\\/person\\\/97ad9a1a6b6830e2b8701d7ccdd559af\",\"name\":\"psimonelli\",\"image\":{\"@type\":\"ImageObject\",\"inLanguage\":\"it-IT\",\"@id\":\"https:\\\/\\\/secure.gravatar.com\\\/avatar\\\/51e66f27bf20a22eb0af78dd050c370078956c7ba0599da04a46932a10c6747b?s=96&d=mm&r=g\",\"url\":\"https:\\\/\\\/secure.gravatar.com\\\/avatar\\\/51e66f27bf20a22eb0af78dd050c370078956c7ba0599da04a46932a10c6747b?s=96&d=mm&r=g\",\"contentUrl\":\"https:\\\/\\\/secure.gravatar.com\\\/avatar\\\/51e66f27bf20a22eb0af78dd050c370078956c7ba0599da04a46932a10c6747b?s=96&d=mm&r=g\",\"caption\":\"psimonelli\"},\"url\":\"https:\\\/\\\/comunicacity.net\\\/fiuggi\\\/author\\\/psimonelli\\\/\"}]}<\/script>\n<!-- \/ Yoast SEO plugin. -->","yoast_head_json":{"title":"GESTIONE DEL VERDE - AREE PRIVATE - PULIZIA TERRENI - Fiuggi","robots":{"index":"index","follow":"follow","max-snippet":"max-snippet:-1","max-image-preview":"max-image-preview:large","max-video-preview":"max-video-preview:-1"},"canonical":"https:\/\/comunicacity.net\/fiuggi\/2019\/06\/14\/gestione-del-verde-aree-private-pulizia-terreni\/","og_locale":"it_IT","og_type":"article","og_title":"GESTIONE DEL VERDE - AREE PRIVATE - PULIZIA TERRENI - Fiuggi","og_description":"AVVISO ALLA CITTADINANZA IL SINDACO Visto l\u2019art. 29 del D.Lgs. 30 aprile 1992 n\u00b0285 (Codice della Strada) il quale prevede che: &#8211; I proprietari di fondi confinanti con le strade [&hellip;]","og_url":"https:\/\/comunicacity.net\/fiuggi\/2019\/06\/14\/gestione-del-verde-aree-private-pulizia-terreni\/","og_site_name":"Fiuggi","article_publisher":"http:\/\/facebook.com\/ComunicaCity","article_published_time":"2019-06-14T07:00:27+00:00","og_image":[{"width":300,"height":300,"url":"https:\/\/comunicacity.net\/fiuggi\/wp-content\/uploads\/sites\/154\/2018\/01\/fiuggi.jpg","type":"image\/jpeg"}],"author":"psimonelli","twitter_card":"summary_large_image","twitter_creator":"@comunicacity","twitter_site":"@comunicacity","twitter_misc":{"Scritto da":"psimonelli","Tempo di lettura stimato":"3 minuti"},"schema":{"@context":"https:\/\/schema.org","@graph":[{"@type":"Article","@id":"https:\/\/comunicacity.net\/fiuggi\/2019\/06\/14\/gestione-del-verde-aree-private-pulizia-terreni\/#article","isPartOf":{"@id":"https:\/\/comunicacity.net\/fiuggi\/2019\/06\/14\/gestione-del-verde-aree-private-pulizia-terreni\/"},"author":{"name":"psimonelli","@id":"https:\/\/comunicacity.net\/fiuggi\/#\/schema\/person\/97ad9a1a6b6830e2b8701d7ccdd559af"},"headline":"GESTIONE DEL VERDE &#8211; AREE PRIVATE &#8211; PULIZIA TERRENI","datePublished":"2019-06-14T07:00:27+00:00","mainEntityOfPage":{"@id":"https:\/\/comunicacity.net\/fiuggi\/2019\/06\/14\/gestione-del-verde-aree-private-pulizia-terreni\/"},"wordCount":621,"image":{"@id":"https:\/\/comunicacity.net\/fiuggi\/2019\/06\/14\/gestione-del-verde-aree-private-pulizia-terreni\/#primaryimage"},"thumbnailUrl":"https:\/\/comunicacity.net\/fiuggi\/wp-content\/uploads\/sites\/154\/2018\/01\/fiuggi.jpg","articleSection":["Ambiente"],"inLanguage":"it-IT"},{"@type":"WebPage","@id":"https:\/\/comunicacity.net\/fiuggi\/2019\/06\/14\/gestione-del-verde-aree-private-pulizia-terreni\/","url":"https:\/\/comunicacity.net\/fiuggi\/2019\/06\/14\/gestione-del-verde-aree-private-pulizia-terreni\/","name":"GESTIONE DEL VERDE - AREE PRIVATE - PULIZIA TERRENI - Fiuggi","isPartOf":{"@id":"https:\/\/comunicacity.net\/fiuggi\/#website"},"primaryImageOfPage":{"@id":"https:\/\/comunicacity.net\/fiuggi\/2019\/06\/14\/gestione-del-verde-aree-private-pulizia-terreni\/#primaryimage"},"image":{"@id":"https:\/\/comunicacity.net\/fiuggi\/2019\/06\/14\/gestione-del-verde-aree-private-pulizia-terreni\/#primaryimage"},"thumbnailUrl":"https:\/\/comunicacity.net\/fiuggi\/wp-content\/uploads\/sites\/154\/2018\/01\/fiuggi.jpg","datePublished":"2019-06-14T07:00:27+00:00","author":{"@id":"https:\/\/comunicacity.net\/fiuggi\/#\/schema\/person\/97ad9a1a6b6830e2b8701d7ccdd559af"},"breadcrumb":{"@id":"https:\/\/comunicacity.net\/fiuggi\/2019\/06\/14\/gestione-del-verde-aree-private-pulizia-terreni\/#breadcrumb"},"inLanguage":"it-IT","potentialAction":[{"@type":"ReadAction","target":["https:\/\/comunicacity.net\/fiuggi\/2019\/06\/14\/gestione-del-verde-aree-private-pulizia-terreni\/"]}]},{"@type":"ImageObject","inLanguage":"it-IT","@id":"https:\/\/comunicacity.net\/fiuggi\/2019\/06\/14\/gestione-del-verde-aree-private-pulizia-terreni\/#primaryimage","url":"https:\/\/comunicacity.net\/fiuggi\/wp-content\/uploads\/sites\/154\/2018\/01\/fiuggi.jpg","contentUrl":"https:\/\/comunicacity.net\/fiuggi\/wp-content\/uploads\/sites\/154\/2018\/01\/fiuggi.jpg","width":300,"height":300},{"@type":"BreadcrumbList","@id":"https:\/\/comunicacity.net\/fiuggi\/2019\/06\/14\/gestione-del-verde-aree-private-pulizia-terreni\/#breadcrumb","itemListElement":[{"@type":"ListItem","position":1,"name":"Home","item":"https:\/\/comunicacity.net\/fiuggi\/"},{"@type":"ListItem","position":2,"name":"GESTIONE DEL VERDE &#8211; AREE PRIVATE &#8211; PULIZIA TERRENI"}]},{"@type":"WebSite","@id":"https:\/\/comunicacity.net\/fiuggi\/#website","url":"https:\/\/comunicacity.net\/fiuggi\/","name":"Fiuggi","description":"Ecco un altro sito ComunicaCity","potentialAction":[{"@type":"SearchAction","target":{"@type":"EntryPoint","urlTemplate":"https:\/\/comunicacity.net\/fiuggi\/?s={search_term_string}"},"query-input":{"@type":"PropertyValueSpecification","valueRequired":true,"valueName":"search_term_string"}}],"inLanguage":"it-IT"},{"@type":"Person","@id":"https:\/\/comunicacity.net\/fiuggi\/#\/schema\/person\/97ad9a1a6b6830e2b8701d7ccdd559af","name":"psimonelli","image":{"@type":"ImageObject","inLanguage":"it-IT","@id":"https:\/\/secure.gravatar.com\/avatar\/51e66f27bf20a22eb0af78dd050c370078956c7ba0599da04a46932a10c6747b?s=96&d=mm&r=g","url":"https:\/\/secure.gravatar.com\/avatar\/51e66f27bf20a22eb0af78dd050c370078956c7ba0599da04a46932a10c6747b?s=96&d=mm&r=g","contentUrl":"https:\/\/secure.gravatar.com\/avatar\/51e66f27bf20a22eb0af78dd050c370078956c7ba0599da04a46932a10c6747b?s=96&d=mm&r=g","caption":"psimonelli"},"url":"https:\/\/comunicacity.net\/fiuggi\/author\/psimonelli\/"}]}},"meta_box":{"cc4_urg_colore":"","cc4_urg_data_inizio":"","cc4_urg_data_fine":"","cc4_cor_positivi_oggi":"","cc4_cor_negativizzati_oggi":"","cc4_cor_deceduti_oggi":"","cc4_cor_positivi_totali":"","cc4_cor_negativizzati_totali":"","cc4_cor_deceduti_totali":"","cc4_cor_attualmente_positivi":"","cc4_eve_data_inizio":"","cc4_eve_data_fine":"","cc4_eve_indirizzo":"","cc4_eve_posizione":{"latitude":"","longitude":"","zoom":""},"cc4_eve_telefono":"","cc4_eve_email":"","cc4_eve_web":"","cc4_eve_fb":"","sitopa_id":""},"_links":{"self":[{"href":"https:\/\/comunicacity.net\/fiuggi\/wp-json\/wp\/v2\/posts\/436","targetHints":{"allow":["GET"]}}],"collection":[{"href":"https:\/\/comunicacity.net\/fiuggi\/wp-json\/wp\/v2\/posts"}],"about":[{"href":"https:\/\/comunicacity.net\/fiuggi\/wp-json\/wp\/v2\/types\/post"}],"author":[{"embeddable":true,"href":"https:\/\/comunicacity.net\/fiuggi\/wp-json\/wp\/v2\/users\/271"}],"replies":[{"embeddable":true,"href":"https:\/\/comunicacity.net\/fiuggi\/wp-json\/wp\/v2\/comments?post=436"}],"version-history":[{"count":1,"href":"https:\/\/comunicacity.net\/fiuggi\/wp-json\/wp\/v2\/posts\/436\/revisions"}],"predecessor-version":[{"id":438,"href":"https:\/\/comunicacity.net\/fiuggi\/wp-json\/wp\/v2\/posts\/436\/revisions\/438"}],"wp:featuredmedia":[{"embeddable":true,"href":"https:\/\/comunicacity.net\/fiuggi\/wp-json\/wp\/v2\/media\/3"}],"wp:attachment":[{"href":"https:\/\/comunicacity.net\/fiuggi\/wp-json\/wp\/v2\/media?parent=436"}],"wp:term":[{"taxonomy":"category","embeddable":true,"href":"https:\/\/comunicacity.net\/fiuggi\/wp-json\/wp\/v2\/categories?post=436"},{"taxonomy":"post_tag","embeddable":true,"href":"https:\/\/comunicacity.net\/fiuggi\/wp-json\/wp\/v2\/tags?post=436"}],"curies":[{"name":"wp","href":"https:\/\/api.w.org\/{rel}","templated":true}]}}