{"id":270,"date":"2016-04-19T12:18:11","date_gmt":"2016-04-19T10:18:11","guid":{"rendered":"https:\/\/comunicacity.net\/galverla\/?p=270"},"modified":"2016-04-19T12:18:11","modified_gmt":"2016-04-19T10:18:11","slug":"partecipa-agli-incontri-operativi-per-la-redazione-del-piano-di-sviluppo-locale-2014-2020","status":"publish","type":"post","link":"https:\/\/comunicacity.net\/galverla\/2016\/04\/19\/partecipa-agli-incontri-operativi-per-la-redazione-del-piano-di-sviluppo-locale-2014-2020\/","title":{"rendered":"PARTECIPA AGLI INCONTRI OPERATIVI PER LA REDAZIONE DEL PIANO DI SVILUPPO LOCALE 2014-2020"},"content":{"rendered":"<p>Gentile Amico,<\/p>\n<p>Il Gal Versante Laziale del Parco Nazionale d\u2019Abruzzo, unico Gal\u00a0 nella Regione Lazio a svolgere con continuit\u00e0\u00a0 la propria\u00a0 attivit\u00e0\u00a0 nell\u2019ambito del Programma Leader a partire dagli anni novanta, ha programmato e sta attivando ai fini della\u00a0 \u00a0predisposizione\u00a0 del Piano di Sviluppo Locale 2014-2020 le seguenti iniziative:<\/p>\n<ol>\n<li><em>Forum<\/em> <em>territoriali<\/em> per la presentazione dei progetti buone pratiche realizzate nel 2007-2013, descrizione delle Priorit\u00e0 \u2013 Focus area e Misure del PSR 2014-2020, raccolta\u00a0 di idee progetto;<\/li>\n<li><em>Tavoli ed incontri di lavoro tematici <\/em>finalizzati alla raccolta di fabbisogni sui tematismi individuati e coerenti con la strategia Leader<\/li>\n<li><em>Sportello di approfondimento<\/em> (su appuntamento presso il GAL) per raccolta idee progetto<\/li>\n<li><em>Diffusione del calendario delle iniziative e opportunit\u00e0 di raccolta idee progetto attraverso news e sito del \u00a0Gal (<a href=\"http:\/\/www.galverla.eu\">www.galverla.eu<\/a>);<\/em><\/li>\n<\/ol>\n<p><em>\u00a0<\/em>I Forum\u00a0 hanno rappresentato nelle tre programmazioni concluse (94-99; 2000-2006 e 2007-2013) \u00a0lo strumento principale\u00a0 che il Gal ha utilizzato per a<em>scoltare le esigenze del territorio e costruire\u00a0 i progetti degli Enti Pubblici e dei Soggetti privati in relazione ai bisogni del territorio.<\/em> Tuttavia oggi il Gal intende realizzare un iter partecipativo\u00a0 pi\u00f9 ambizioso rispetto al passato; non si tratta pi\u00f9 solo d\u2019informare\u00a0 il territorio ma\u00a0 <em>di definire insieme con il territorio le politiche d\u2019intervento attraverso un dialogo costruttivo di tutti soggetti attivi<\/em>. Ci\u00f2 cambia radicalmente la fisionomia dei Forum che, da incontri\u00a0 allargati e di ascolto generale,\u00a0 diventano Tavoli \u2013 incontri di lavoro cio\u00e8\u00a0 luoghi\u00a0 di confronto mirato a specifici temi,\u00a0 fra tutti soggetti attivi\u00a0 sia che\u00a0\u00a0 svolgano un ruolo politico\u00a0 o un\u00a0 ruolo\u00a0 operativo nel settore oggetto di confronto.\u00a0 Da luoghi strutturalmente informativi\/formativi\u00a0 gli incontri diventano luoghi di governo del territorio\u00a0 in quanto\u00a0 <em>laboratori di\u00a0 soluzioni<\/em> a breve\/medio\/lungo termine ai problemi emergenti,\u00a0 attraverso confronti pluralistici e costruttivi,\u00a0 analisi\u00a0 strategiche,\u00a0 approfondimenti della fattibilit\u00e0 tecnica delle possibili soluzioni e, in particolar modo,\u00a0 di integrazione progettuale.<\/p>\n<p>Gli incontri di lavoro prevedono le seguenti tematiche:<\/p>\n<ol>\n<li><em>Terre di Comino: il turismo accogliente\u00a0 <\/em><\/li>\n<li><em>La costruzione del sistema museale nelle Terre di Comino<\/em><\/li>\n<li><em>La filiera dell\u2019olio e la valorizzazione dei terreni agricoli abbandonati<\/em><\/li>\n<li><em>Filiere corte negli antichi\u00a0 mercati <\/em><\/li>\n<li><em>Il sistema monumentale e spazi di fruizione culturale<\/em><\/li>\n<li><em>Valorizzazione della montagna: cooperative di comunit\u00e0, attivit\u00e0 forestali e \u00a0agricole, energia rinnovabile ed \u00a0inclusione sociale.<\/em><\/li>\n<li><em>\u00a0<\/em><em>Attivit\u00e0 sportive &#8211; ricreative per la qualit\u00e0 della vita. Giovani, occupazione, sviluppo turistico, benessere e socialit\u00e0<\/em><\/li>\n<li><em>Territori Smart: \u00a0nuova residenzialit\u00e0, sostenibilit\u00e0 ed energie rinnovabili <\/em><\/li>\n<\/ol>\n<p><em>\u00a0<\/em>Forum ed incontri di lavoro sono stati articolati come da calendario che segue:<\/p>\n<table width=\"556\">\n<tbody>\n<tr>\n<td width=\"143\"><strong>Alvito<\/strong><\/td>\n<td width=\"255\"><strong>TERRITORI SMART<\/strong><\/td>\n<td width=\"95\"><strong>26-feb-16<\/strong><\/td>\n<td width=\"64\"><strong>17,00<\/strong><\/td>\n<\/tr>\n<tr>\n<td width=\"143\"><strong>San Vittore del Lazio<\/strong><\/td>\n<td width=\"255\"><strong>FORUM<\/strong><\/td>\n<td width=\"95\"><strong>10-apr-16<\/strong><\/td>\n<td width=\"64\"><strong>17,00<\/strong><\/td>\n<\/tr>\n<tr>\n<td width=\"143\"><strong>Atina<\/strong><\/td>\n<td width=\"255\"><strong>TURISMO ACCOGLIENTE<\/strong><\/td>\n<td width=\"95\"><strong>11-apr-16<\/strong><\/td>\n<td width=\"64\"><strong>16,00<\/strong><\/td>\n<\/tr>\n<tr>\n<td width=\"143\"><strong>Casalattico<\/strong><\/td>\n<td width=\"255\"><strong>TURISMO ACCOGLIENTE<\/strong><\/td>\n<td width=\"95\"><strong>12-apr-16<\/strong><\/td>\n<td width=\"64\"><strong>18,00<\/strong><\/td>\n<\/tr>\n<tr>\n<td width=\"143\"><strong>Pontecorvo<\/strong><\/td>\n<td width=\"255\"><strong>FORUM<\/strong><\/td>\n<td width=\"95\"><strong>13-apr-16<\/strong><\/td>\n<td width=\"64\"><strong>18,30<\/strong><\/td>\n<\/tr>\n<tr>\n<td width=\"143\"><strong>Ripi<\/strong><\/td>\n<td width=\"255\"><strong>SISTEMA MUSEALE<\/strong><\/td>\n<td width=\"95\"><strong>14-apr-16<\/strong><\/td>\n<td width=\"64\"><strong>16,00<\/strong><\/td>\n<\/tr>\n<tr>\n<td width=\"143\"><strong>Sant&#8217;Elia Fiumerapido<\/strong><\/td>\n<td width=\"255\"><strong>FILIERA DELL&#8217;OLIO<\/strong><\/td>\n<td width=\"95\"><strong>15-apr-16<\/strong><\/td>\n<td width=\"64\"><strong>18,00<\/strong><\/td>\n<\/tr>\n<tr>\n<td width=\"143\"><strong>Campoli Appennino<\/strong><\/td>\n<td width=\"255\"><strong>TURISMO ACCOGLIENTE<\/strong><\/td>\n<td width=\"95\"><strong>19-apr-16<\/strong><\/td>\n<td width=\"64\"><strong>18,00<\/strong><\/td>\n<\/tr>\n<tr>\n<td width=\"143\"><strong>Arpino<\/strong><\/td>\n<td width=\"255\"><strong>AREA MERCATALE<\/strong><\/td>\n<td width=\"95\"><strong>20-apr-16<\/strong><\/td>\n<td width=\"64\"><strong>9,30<\/strong><\/td>\n<\/tr>\n<tr>\n<td width=\"143\"><strong>Villa Latina<\/strong><\/td>\n<td width=\"255\"><strong>SISTEMA MUSEALE<\/strong><\/td>\n<td width=\"95\"><strong>20-apr-16<\/strong><\/td>\n<td width=\"64\"><strong>17,00<\/strong><\/td>\n<\/tr>\n<tr>\n<td width=\"143\"><strong>Settefrati<\/strong><\/td>\n<td width=\"255\"><strong>TURISMO ACCOGLIENTE<\/strong><\/td>\n<td width=\"95\"><strong>22-apr-16<\/strong><\/td>\n<td width=\"64\"><strong>18,00<\/strong><\/td>\n<\/tr>\n<tr>\n<td width=\"143\"><strong>Veroli<\/strong><\/td>\n<td width=\"255\"><strong>SIST. MONUMENTALE E CULTURA<\/strong><\/td>\n<td width=\"95\"><strong>23-apr-16<\/strong><\/td>\n<td width=\"64\"><strong>17,00<\/strong><\/td>\n<\/tr>\n<tr>\n<td width=\"143\"><strong>Castelliri<\/strong><\/td>\n<td width=\"255\"><strong>FORUM<\/strong><\/td>\n<td width=\"95\"><strong>26-apr-16<\/strong><\/td>\n<td width=\"64\"><strong>18,00<\/strong><\/td>\n<\/tr>\n<tr>\n<td width=\"143\"><strong>Picinisco<\/strong><\/td>\n<td width=\"255\"><strong>VALORIZZAZIONE MONTAGNA<\/strong><\/td>\n<td width=\"95\"><strong>27-apr-16<\/strong><\/td>\n<td width=\"64\"><strong>10,00<\/strong><\/td>\n<\/tr>\n<tr>\n<td width=\"143\"><strong>Vallerotonda<\/strong><\/td>\n<td width=\"255\"><strong>VALORIZZAZIONE MONTAGNA<\/strong><\/td>\n<td width=\"95\"><strong>29-apr-16<\/strong><\/td>\n<td width=\"64\"><strong>18,00<\/strong><\/td>\n<\/tr>\n<tr>\n<td width=\"143\"><strong>Acquafondata<\/strong><\/td>\n<td width=\"255\"><strong>VALORIZZAZIONE MONTAGNA<\/strong><\/td>\n<td width=\"95\"><strong>30-apr-16<\/strong><\/td>\n<td width=\"64\"><strong>16,00<\/strong><\/td>\n<\/tr>\n<tr>\n<td width=\"143\"><strong>Terelle<\/strong><\/td>\n<td width=\"255\"><strong>VALORIZZAZIONE MONTAGNA<\/strong><\/td>\n<td width=\"95\"><strong>2-mag-16<\/strong><\/td>\n<td width=\"64\"><strong>17,00<\/strong><\/td>\n<\/tr>\n<tr>\n<td width=\"143\"><strong>Belmonte Castello<\/strong><\/td>\n<td width=\"255\"><strong>VALORIZZAZIONE MONTAGNA<\/strong><\/td>\n<td width=\"95\"><strong>3-mag-16<\/strong><\/td>\n<td width=\"64\"><strong>18,00<\/strong><\/td>\n<\/tr>\n<tr>\n<td width=\"143\"><strong>Boville Ernica<\/strong><\/td>\n<td width=\"255\"><strong>FILIERA DELL&#8217;OLIO<\/strong><\/td>\n<td width=\"95\"><strong>4-mag-16<\/strong><\/td>\n<td width=\"64\"><strong>17,00<\/strong><\/td>\n<\/tr>\n<tr>\n<td width=\"143\"><strong>Aquino<\/strong><\/td>\n<td width=\"255\"><strong>AREA MERCATALE<\/strong><\/td>\n<td width=\"95\"><strong>5-mag-16<\/strong><\/td>\n<td width=\"64\"><strong>16,00<\/strong><\/td>\n<\/tr>\n<tr>\n<td width=\"143\"><strong>San Donato Val di Comino<\/strong><\/td>\n<td width=\"255\"><strong>SPORT<\/strong><\/td>\n<td width=\"95\"><strong>6-mag-16<\/strong><\/td>\n<td width=\"64\"><strong>18,00<\/strong><\/td>\n<\/tr>\n<tr>\n<td width=\"143\"><strong>Gallinaro<\/strong><\/td>\n<td width=\"255\"><strong>TURISMO ACCOGLIENTE<\/strong><\/td>\n<td width=\"95\"><strong>7-mag-16<\/strong><\/td>\n<td width=\"64\"><strong>17,00<\/strong><\/td>\n<\/tr>\n<tr>\n<td width=\"143\"><strong>Strangolagalli<\/strong><\/td>\n<td width=\"255\"><strong>FILIERA DELL&#8217;OLIO<\/strong><\/td>\n<td width=\"95\"><strong>9-mag-16<\/strong><\/td>\n<td width=\"64\"><strong>17,00<\/strong><\/td>\n<\/tr>\n<tr>\n<td width=\"143\"><strong>San Biagio Saracinisco<\/strong><\/td>\n<td width=\"255\"><strong>SISTEMA MUSEALE<\/strong><\/td>\n<td width=\"95\"><strong>10-mag-16<\/strong><\/td>\n<td width=\"64\"><strong>17,00<\/strong><\/td>\n<\/tr>\n<tr>\n<td width=\"143\"><strong>Casalvieri<\/strong><\/td>\n<td width=\"255\"><strong>SPORT<\/strong><\/td>\n<td width=\"95\"><strong>12-mag-16<\/strong><\/td>\n<td width=\"64\"><strong>17,00<\/strong><\/td>\n<\/tr>\n<tr>\n<td width=\"143\"><strong>Vicalvi<\/strong><\/td>\n<td width=\"255\"><strong>SIST. MONUMENTALE E CULTURA<\/strong><\/td>\n<td width=\"95\"><strong>19-mag-16<\/strong><\/td>\n<td width=\"64\"><strong>17,00<\/strong><\/td>\n<\/tr>\n<tr>\n<td width=\"143\"><strong>Colle San Magno<\/strong><\/td>\n<td width=\"255\"><strong>SISTEMA MUSEALE<\/strong><\/td>\n<td width=\"95\"><strong><em>in via di definizione <\/em><\/strong><\/td>\n<td width=\"64\">&nbsp;<\/td>\n<\/tr>\n<tr>\n<td width=\"143\"><strong>Cervaro<\/strong><\/td>\n<td width=\"255\"><strong>FORUM<\/strong><\/td>\n<td width=\"95\"><strong><em>in via di definizione <\/em><\/strong><\/td>\n<td width=\"64\">&nbsp;<\/td>\n<\/tr>\n<tr>\n<td width=\"143\"><strong>Monte San Giovanni Campano<\/strong><\/td>\n<td width=\"255\"><strong>FILIERA DELL&#8217;OLIO<\/strong><\/td>\n<td width=\"95\"><strong><em>in via di definizione <\/em><\/strong><\/td>\n<td width=\"64\">&nbsp;<\/td>\n<\/tr>\n<tr>\n<td width=\"143\"><strong>Piedimonte San Germano<\/strong><\/td>\n<td width=\"255\"><strong>TERRITORI SMART &amp; FER<\/strong><\/td>\n<td width=\"95\"><strong><em>in via di definizione <\/em><\/strong><\/td>\n<td width=\"64\">&nbsp;<\/td>\n<\/tr>\n<tr>\n<td width=\"143\"><strong>Villa Santa Lucia<\/strong><\/td>\n<td width=\"255\"><strong>TERRITORI SMART &amp; FER<\/strong><\/td>\n<td width=\"95\"><strong><em>in via di definizione <\/em><\/strong><\/td>\n<td width=\"64\">&nbsp;<\/td>\n<\/tr>\n<\/tbody>\n<\/table>\n<p><em>\u00a0<\/em>Il risultato atteso dalla fase di ascolto e animazione \u00e8 la \u00a0costruzione di un Piano di Sviluppo Locale condiviso e l\u2019individuazione di progetti collettivi relativi ai temi selezionati. Tanto pi\u00f9\u00a0 elevato sar\u00e0 il grado di integrazione dei progetti presentati, tanto maggiore sar\u00e0 la probabilit\u00e0 di agevolarsi delle risorse finanziarie rese disponibili dall\u2019Unione Europea.\u00a0 Nei Tavoli di lavoro\u00a0 verr\u00e0 attivato un confronto mirato a specifici temi,\u00a0 un confronto pluralistico fra Enti pubblici e Soggetti privati, volto ad approfondire\u00a0 i punti di forza e di debolezza del territorio e a utilizzare appieno e in modo integrato le risorse disponibili.<\/p>\n<p>Il Presidente del Gal\u00a0 \u00a0 \u00a0 \u00a0 \u00a0 \u00a0 \u00a0 \u00a0 \u00a0 \u00a0 \u00a0 \u00a0 \u00a0 \u00a0 \u00a0 \u00a0 \u00a0 \u00a0 \u00a0 \u00a0 \u00a0 \u00a0 \u00a0 \u00a0 \u00a0 \u00a0 \u00a0 \u00a0 \u00a0 \u00a0 \u00a0 \u00a0 \u00a0 \u00a0 \u00a0 \u00a0 \u00a0 \u00a0 \u00a0 \u00a0 \u00a0 \u00a0 \u00a0 \u00a0 \u00a0 \u00a0 \u00a0 \u00a0 \u00a0 \u00a0 \u00a0 \u00a0 \u00a0 \u00a0 \u00a0 \u00a0 \u00a0Loreto Policella<\/p>\n","protected":false},"excerpt":{"rendered":"<p>Gentile Amico, Il Gal Versante Laziale del Parco Nazionale d\u2019Abruzzo, unico Gal\u00a0 nella Regione Lazio a svolgere con continuit\u00e0\u00a0 la propria\u00a0 attivit\u00e0\u00a0 nell\u2019ambito del Programma Leader a partire dagli anni [&hellip;]<\/p>\n","protected":false},"author":74,"featured_media":272,"comment_status":"closed","ping_status":"closed","sticky":false,"template":"","format":"standard","meta":{"footnotes":""},"categories":[16],"tags":[],"class_list":["post-270","post","type-post","status-publish","format-standard","has-post-thumbnail","hentry","category-notizie-e-informazioni"],"yoast_head":"<!-- This site is optimized with the Yoast SEO plugin v27.4 - https:\/\/yoast.com\/product\/yoast-seo-wordpress\/ -->\n<title>PARTECIPA AGLI INCONTRI OPERATIVI PER LA REDAZIONE DEL PIANO DI SVILUPPO LOCALE 2014-2020 - GALVERLA<\/title>\n<meta name=\"robots\" content=\"index, follow, max-snippet:-1, max-image-preview:large, max-video-preview:-1\" \/>\n<link rel=\"canonical\" href=\"https:\/\/comunicacity.net\/galverla\/2016\/04\/19\/partecipa-agli-incontri-operativi-per-la-redazione-del-piano-di-sviluppo-locale-2014-2020\/\" \/>\n<meta property=\"og:locale\" content=\"it_IT\" \/>\n<meta property=\"og:type\" content=\"article\" \/>\n<meta property=\"og:title\" content=\"PARTECIPA AGLI INCONTRI OPERATIVI PER LA REDAZIONE DEL PIANO DI SVILUPPO LOCALE 2014-2020 - GALVERLA\" \/>\n<meta property=\"og:description\" content=\"Gentile Amico, Il Gal Versante Laziale del Parco Nazionale d\u2019Abruzzo, unico Gal\u00a0 nella Regione Lazio a svolgere con continuit\u00e0\u00a0 la propria\u00a0 attivit\u00e0\u00a0 nell\u2019ambito del Programma Leader a partire dagli anni [&hellip;]\" \/>\n<meta property=\"og:url\" content=\"https:\/\/comunicacity.net\/galverla\/2016\/04\/19\/partecipa-agli-incontri-operativi-per-la-redazione-del-piano-di-sviluppo-locale-2014-2020\/\" \/>\n<meta property=\"og:site_name\" content=\"GALVERLA\" \/>\n<meta property=\"article:published_time\" content=\"2016-04-19T10:18:11+00:00\" \/>\n<meta property=\"og:image\" content=\"https:\/\/comunicacity.net\/galverla\/wp-content\/uploads\/sites\/19\/2016\/04\/galverla.jpg\" \/>\n\t<meta property=\"og:image:width\" content=\"600\" \/>\n\t<meta property=\"og:image:height\" content=\"331\" \/>\n\t<meta property=\"og:image:type\" content=\"image\/jpeg\" \/>\n<meta name=\"author\" content=\"galverla\" \/>\n<meta name=\"twitter:label1\" content=\"Scritto da\" \/>\n\t<meta name=\"twitter:data1\" content=\"galverla\" \/>\n\t<meta name=\"twitter:label2\" content=\"Tempo di lettura stimato\" \/>\n\t<meta name=\"twitter:data2\" content=\"3 minuti\" \/>\n<script type=\"application\/ld+json\" class=\"yoast-schema-graph\">{\"@context\":\"https:\\\/\\\/schema.org\",\"@graph\":[{\"@type\":\"Article\",\"@id\":\"https:\\\/\\\/comunicacity.net\\\/galverla\\\/2016\\\/04\\\/19\\\/partecipa-agli-incontri-operativi-per-la-redazione-del-piano-di-sviluppo-locale-2014-2020\\\/#article\",\"isPartOf\":{\"@id\":\"https:\\\/\\\/comunicacity.net\\\/galverla\\\/2016\\\/04\\\/19\\\/partecipa-agli-incontri-operativi-per-la-redazione-del-piano-di-sviluppo-locale-2014-2020\\\/\"},\"author\":{\"name\":\"galverla\",\"@id\":\"https:\\\/\\\/comunicacity.net\\\/galverla\\\/#\\\/schema\\\/person\\\/7d4e62a7171593b2b1dc6378fe56d612\"},\"headline\":\"PARTECIPA AGLI INCONTRI OPERATIVI PER LA REDAZIONE DEL PIANO DI SVILUPPO LOCALE 2014-2020\",\"datePublished\":\"2016-04-19T10:18:11+00:00\",\"mainEntityOfPage\":{\"@id\":\"https:\\\/\\\/comunicacity.net\\\/galverla\\\/2016\\\/04\\\/19\\\/partecipa-agli-incontri-operativi-per-la-redazione-del-piano-di-sviluppo-locale-2014-2020\\\/\"},\"wordCount\":693,\"image\":{\"@id\":\"https:\\\/\\\/comunicacity.net\\\/galverla\\\/2016\\\/04\\\/19\\\/partecipa-agli-incontri-operativi-per-la-redazione-del-piano-di-sviluppo-locale-2014-2020\\\/#primaryimage\"},\"thumbnailUrl\":\"https:\\\/\\\/comunicacity.net\\\/galverla\\\/wp-content\\\/uploads\\\/sites\\\/19\\\/2016\\\/04\\\/galverla.jpg\",\"articleSection\":[\"Notizie e Informazioni\"],\"inLanguage\":\"it-IT\"},{\"@type\":\"WebPage\",\"@id\":\"https:\\\/\\\/comunicacity.net\\\/galverla\\\/2016\\\/04\\\/19\\\/partecipa-agli-incontri-operativi-per-la-redazione-del-piano-di-sviluppo-locale-2014-2020\\\/\",\"url\":\"https:\\\/\\\/comunicacity.net\\\/galverla\\\/2016\\\/04\\\/19\\\/partecipa-agli-incontri-operativi-per-la-redazione-del-piano-di-sviluppo-locale-2014-2020\\\/\",\"name\":\"PARTECIPA AGLI INCONTRI OPERATIVI PER LA REDAZIONE DEL PIANO DI SVILUPPO LOCALE 2014-2020 - GALVERLA\",\"isPartOf\":{\"@id\":\"https:\\\/\\\/comunicacity.net\\\/galverla\\\/#website\"},\"primaryImageOfPage\":{\"@id\":\"https:\\\/\\\/comunicacity.net\\\/galverla\\\/2016\\\/04\\\/19\\\/partecipa-agli-incontri-operativi-per-la-redazione-del-piano-di-sviluppo-locale-2014-2020\\\/#primaryimage\"},\"image\":{\"@id\":\"https:\\\/\\\/comunicacity.net\\\/galverla\\\/2016\\\/04\\\/19\\\/partecipa-agli-incontri-operativi-per-la-redazione-del-piano-di-sviluppo-locale-2014-2020\\\/#primaryimage\"},\"thumbnailUrl\":\"https:\\\/\\\/comunicacity.net\\\/galverla\\\/wp-content\\\/uploads\\\/sites\\\/19\\\/2016\\\/04\\\/galverla.jpg\",\"datePublished\":\"2016-04-19T10:18:11+00:00\",\"author\":{\"@id\":\"https:\\\/\\\/comunicacity.net\\\/galverla\\\/#\\\/schema\\\/person\\\/7d4e62a7171593b2b1dc6378fe56d612\"},\"breadcrumb\":{\"@id\":\"https:\\\/\\\/comunicacity.net\\\/galverla\\\/2016\\\/04\\\/19\\\/partecipa-agli-incontri-operativi-per-la-redazione-del-piano-di-sviluppo-locale-2014-2020\\\/#breadcrumb\"},\"inLanguage\":\"it-IT\",\"potentialAction\":[{\"@type\":\"ReadAction\",\"target\":[\"https:\\\/\\\/comunicacity.net\\\/galverla\\\/2016\\\/04\\\/19\\\/partecipa-agli-incontri-operativi-per-la-redazione-del-piano-di-sviluppo-locale-2014-2020\\\/\"]}]},{\"@type\":\"ImageObject\",\"inLanguage\":\"it-IT\",\"@id\":\"https:\\\/\\\/comunicacity.net\\\/galverla\\\/2016\\\/04\\\/19\\\/partecipa-agli-incontri-operativi-per-la-redazione-del-piano-di-sviluppo-locale-2014-2020\\\/#primaryimage\",\"url\":\"https:\\\/\\\/comunicacity.net\\\/galverla\\\/wp-content\\\/uploads\\\/sites\\\/19\\\/2016\\\/04\\\/galverla.jpg\",\"contentUrl\":\"https:\\\/\\\/comunicacity.net\\\/galverla\\\/wp-content\\\/uploads\\\/sites\\\/19\\\/2016\\\/04\\\/galverla.jpg\",\"width\":600,\"height\":331},{\"@type\":\"BreadcrumbList\",\"@id\":\"https:\\\/\\\/comunicacity.net\\\/galverla\\\/2016\\\/04\\\/19\\\/partecipa-agli-incontri-operativi-per-la-redazione-del-piano-di-sviluppo-locale-2014-2020\\\/#breadcrumb\",\"itemListElement\":[{\"@type\":\"ListItem\",\"position\":1,\"name\":\"Home\",\"item\":\"https:\\\/\\\/comunicacity.net\\\/galverla\\\/\"},{\"@type\":\"ListItem\",\"position\":2,\"name\":\"PARTECIPA AGLI INCONTRI OPERATIVI PER LA REDAZIONE DEL PIANO DI SVILUPPO LOCALE 2014-2020\"}]},{\"@type\":\"WebSite\",\"@id\":\"https:\\\/\\\/comunicacity.net\\\/galverla\\\/#website\",\"url\":\"https:\\\/\\\/comunicacity.net\\\/galverla\\\/\",\"name\":\"GALVERLA\",\"description\":\"Il Tuo Comune che Comunica\",\"potentialAction\":[{\"@type\":\"SearchAction\",\"target\":{\"@type\":\"EntryPoint\",\"urlTemplate\":\"https:\\\/\\\/comunicacity.net\\\/galverla\\\/?s={search_term_string}\"},\"query-input\":{\"@type\":\"PropertyValueSpecification\",\"valueRequired\":true,\"valueName\":\"search_term_string\"}}],\"inLanguage\":\"it-IT\"},{\"@type\":\"Person\",\"@id\":\"https:\\\/\\\/comunicacity.net\\\/galverla\\\/#\\\/schema\\\/person\\\/7d4e62a7171593b2b1dc6378fe56d612\",\"name\":\"galverla\",\"image\":{\"@type\":\"ImageObject\",\"inLanguage\":\"it-IT\",\"@id\":\"https:\\\/\\\/secure.gravatar.com\\\/avatar\\\/b213e5e681c619cd602576319fb65294f6afbf4a8a0b8db3fd128d922f66f00c?s=96&d=mm&r=g\",\"url\":\"https:\\\/\\\/secure.gravatar.com\\\/avatar\\\/b213e5e681c619cd602576319fb65294f6afbf4a8a0b8db3fd128d922f66f00c?s=96&d=mm&r=g\",\"contentUrl\":\"https:\\\/\\\/secure.gravatar.com\\\/avatar\\\/b213e5e681c619cd602576319fb65294f6afbf4a8a0b8db3fd128d922f66f00c?s=96&d=mm&r=g\",\"caption\":\"galverla\"},\"url\":\"https:\\\/\\\/comunicacity.net\\\/galverla\\\/author\\\/galverla\\\/\"}]}<\/script>\n<!-- \/ Yoast SEO plugin. -->","yoast_head_json":{"title":"PARTECIPA AGLI INCONTRI OPERATIVI PER LA REDAZIONE DEL PIANO DI SVILUPPO LOCALE 2014-2020 - GALVERLA","robots":{"index":"index","follow":"follow","max-snippet":"max-snippet:-1","max-image-preview":"max-image-preview:large","max-video-preview":"max-video-preview:-1"},"canonical":"https:\/\/comunicacity.net\/galverla\/2016\/04\/19\/partecipa-agli-incontri-operativi-per-la-redazione-del-piano-di-sviluppo-locale-2014-2020\/","og_locale":"it_IT","og_type":"article","og_title":"PARTECIPA AGLI INCONTRI OPERATIVI PER LA REDAZIONE DEL PIANO DI SVILUPPO LOCALE 2014-2020 - GALVERLA","og_description":"Gentile Amico, Il Gal Versante Laziale del Parco Nazionale d\u2019Abruzzo, unico Gal\u00a0 nella Regione Lazio a svolgere con continuit\u00e0\u00a0 la propria\u00a0 attivit\u00e0\u00a0 nell\u2019ambito del Programma Leader a partire dagli anni [&hellip;]","og_url":"https:\/\/comunicacity.net\/galverla\/2016\/04\/19\/partecipa-agli-incontri-operativi-per-la-redazione-del-piano-di-sviluppo-locale-2014-2020\/","og_site_name":"GALVERLA","article_published_time":"2016-04-19T10:18:11+00:00","og_image":[{"width":600,"height":331,"url":"https:\/\/comunicacity.net\/galverla\/wp-content\/uploads\/sites\/19\/2016\/04\/galverla.jpg","type":"image\/jpeg"}],"author":"galverla","twitter_misc":{"Scritto da":"galverla","Tempo di lettura stimato":"3 minuti"},"schema":{"@context":"https:\/\/schema.org","@graph":[{"@type":"Article","@id":"https:\/\/comunicacity.net\/galverla\/2016\/04\/19\/partecipa-agli-incontri-operativi-per-la-redazione-del-piano-di-sviluppo-locale-2014-2020\/#article","isPartOf":{"@id":"https:\/\/comunicacity.net\/galverla\/2016\/04\/19\/partecipa-agli-incontri-operativi-per-la-redazione-del-piano-di-sviluppo-locale-2014-2020\/"},"author":{"name":"galverla","@id":"https:\/\/comunicacity.net\/galverla\/#\/schema\/person\/7d4e62a7171593b2b1dc6378fe56d612"},"headline":"PARTECIPA AGLI INCONTRI OPERATIVI PER LA REDAZIONE DEL PIANO DI SVILUPPO LOCALE 2014-2020","datePublished":"2016-04-19T10:18:11+00:00","mainEntityOfPage":{"@id":"https:\/\/comunicacity.net\/galverla\/2016\/04\/19\/partecipa-agli-incontri-operativi-per-la-redazione-del-piano-di-sviluppo-locale-2014-2020\/"},"wordCount":693,"image":{"@id":"https:\/\/comunicacity.net\/galverla\/2016\/04\/19\/partecipa-agli-incontri-operativi-per-la-redazione-del-piano-di-sviluppo-locale-2014-2020\/#primaryimage"},"thumbnailUrl":"https:\/\/comunicacity.net\/galverla\/wp-content\/uploads\/sites\/19\/2016\/04\/galverla.jpg","articleSection":["Notizie e Informazioni"],"inLanguage":"it-IT"},{"@type":"WebPage","@id":"https:\/\/comunicacity.net\/galverla\/2016\/04\/19\/partecipa-agli-incontri-operativi-per-la-redazione-del-piano-di-sviluppo-locale-2014-2020\/","url":"https:\/\/comunicacity.net\/galverla\/2016\/04\/19\/partecipa-agli-incontri-operativi-per-la-redazione-del-piano-di-sviluppo-locale-2014-2020\/","name":"PARTECIPA AGLI INCONTRI OPERATIVI PER LA REDAZIONE DEL PIANO DI SVILUPPO LOCALE 2014-2020 - GALVERLA","isPartOf":{"@id":"https:\/\/comunicacity.net\/galverla\/#website"},"primaryImageOfPage":{"@id":"https:\/\/comunicacity.net\/galverla\/2016\/04\/19\/partecipa-agli-incontri-operativi-per-la-redazione-del-piano-di-sviluppo-locale-2014-2020\/#primaryimage"},"image":{"@id":"https:\/\/comunicacity.net\/galverla\/2016\/04\/19\/partecipa-agli-incontri-operativi-per-la-redazione-del-piano-di-sviluppo-locale-2014-2020\/#primaryimage"},"thumbnailUrl":"https:\/\/comunicacity.net\/galverla\/wp-content\/uploads\/sites\/19\/2016\/04\/galverla.jpg","datePublished":"2016-04-19T10:18:11+00:00","author":{"@id":"https:\/\/comunicacity.net\/galverla\/#\/schema\/person\/7d4e62a7171593b2b1dc6378fe56d612"},"breadcrumb":{"@id":"https:\/\/comunicacity.net\/galverla\/2016\/04\/19\/partecipa-agli-incontri-operativi-per-la-redazione-del-piano-di-sviluppo-locale-2014-2020\/#breadcrumb"},"inLanguage":"it-IT","potentialAction":[{"@type":"ReadAction","target":["https:\/\/comunicacity.net\/galverla\/2016\/04\/19\/partecipa-agli-incontri-operativi-per-la-redazione-del-piano-di-sviluppo-locale-2014-2020\/"]}]},{"@type":"ImageObject","inLanguage":"it-IT","@id":"https:\/\/comunicacity.net\/galverla\/2016\/04\/19\/partecipa-agli-incontri-operativi-per-la-redazione-del-piano-di-sviluppo-locale-2014-2020\/#primaryimage","url":"https:\/\/comunicacity.net\/galverla\/wp-content\/uploads\/sites\/19\/2016\/04\/galverla.jpg","contentUrl":"https:\/\/comunicacity.net\/galverla\/wp-content\/uploads\/sites\/19\/2016\/04\/galverla.jpg","width":600,"height":331},{"@type":"BreadcrumbList","@id":"https:\/\/comunicacity.net\/galverla\/2016\/04\/19\/partecipa-agli-incontri-operativi-per-la-redazione-del-piano-di-sviluppo-locale-2014-2020\/#breadcrumb","itemListElement":[{"@type":"ListItem","position":1,"name":"Home","item":"https:\/\/comunicacity.net\/galverla\/"},{"@type":"ListItem","position":2,"name":"PARTECIPA AGLI INCONTRI OPERATIVI PER LA REDAZIONE DEL PIANO DI SVILUPPO LOCALE 2014-2020"}]},{"@type":"WebSite","@id":"https:\/\/comunicacity.net\/galverla\/#website","url":"https:\/\/comunicacity.net\/galverla\/","name":"GALVERLA","description":"Il Tuo Comune che Comunica","potentialAction":[{"@type":"SearchAction","target":{"@type":"EntryPoint","urlTemplate":"https:\/\/comunicacity.net\/galverla\/?s={search_term_string}"},"query-input":{"@type":"PropertyValueSpecification","valueRequired":true,"valueName":"search_term_string"}}],"inLanguage":"it-IT"},{"@type":"Person","@id":"https:\/\/comunicacity.net\/galverla\/#\/schema\/person\/7d4e62a7171593b2b1dc6378fe56d612","name":"galverla","image":{"@type":"ImageObject","inLanguage":"it-IT","@id":"https:\/\/secure.gravatar.com\/avatar\/b213e5e681c619cd602576319fb65294f6afbf4a8a0b8db3fd128d922f66f00c?s=96&d=mm&r=g","url":"https:\/\/secure.gravatar.com\/avatar\/b213e5e681c619cd602576319fb65294f6afbf4a8a0b8db3fd128d922f66f00c?s=96&d=mm&r=g","contentUrl":"https:\/\/secure.gravatar.com\/avatar\/b213e5e681c619cd602576319fb65294f6afbf4a8a0b8db3fd128d922f66f00c?s=96&d=mm&r=g","caption":"galverla"},"url":"https:\/\/comunicacity.net\/galverla\/author\/galverla\/"}]}},"meta_box":{"cc4_urg_colore":"","cc4_urg_data_inizio":"","cc4_urg_data_fine":"","cc4_cor_positivi_oggi":"","cc4_cor_negativizzati_oggi":"","cc4_cor_deceduti_oggi":"","cc4_cor_positivi_totali":"","cc4_cor_negativizzati_totali":"","cc4_cor_deceduti_totali":"","cc4_cor_attualmente_positivi":"","cc4_eve_data_inizio":"","cc4_eve_data_fine":"","cc4_eve_indirizzo":"","cc4_eve_posizione":{"latitude":"","longitude":"","zoom":""},"cc4_eve_telefono":"","cc4_eve_email":"","cc4_eve_web":"","cc4_eve_fb":"","sitopa_id":""},"_links":{"self":[{"href":"https:\/\/comunicacity.net\/galverla\/wp-json\/wp\/v2\/posts\/270","targetHints":{"allow":["GET"]}}],"collection":[{"href":"https:\/\/comunicacity.net\/galverla\/wp-json\/wp\/v2\/posts"}],"about":[{"href":"https:\/\/comunicacity.net\/galverla\/wp-json\/wp\/v2\/types\/post"}],"author":[{"embeddable":true,"href":"https:\/\/comunicacity.net\/galverla\/wp-json\/wp\/v2\/users\/74"}],"replies":[{"embeddable":true,"href":"https:\/\/comunicacity.net\/galverla\/wp-json\/wp\/v2\/comments?post=270"}],"version-history":[{"count":2,"href":"https:\/\/comunicacity.net\/galverla\/wp-json\/wp\/v2\/posts\/270\/revisions"}],"predecessor-version":[{"id":274,"href":"https:\/\/comunicacity.net\/galverla\/wp-json\/wp\/v2\/posts\/270\/revisions\/274"}],"wp:featuredmedia":[{"embeddable":true,"href":"https:\/\/comunicacity.net\/galverla\/wp-json\/wp\/v2\/media\/272"}],"wp:attachment":[{"href":"https:\/\/comunicacity.net\/galverla\/wp-json\/wp\/v2\/media?parent=270"}],"wp:term":[{"taxonomy":"category","embeddable":true,"href":"https:\/\/comunicacity.net\/galverla\/wp-json\/wp\/v2\/categories?post=270"},{"taxonomy":"post_tag","embeddable":true,"href":"https:\/\/comunicacity.net\/galverla\/wp-json\/wp\/v2\/tags?post=270"}],"curies":[{"name":"wp","href":"https:\/\/api.w.org\/{rel}","templated":true}]}}