{"id":2818,"date":"2021-07-01T11:05:02","date_gmt":"2021-07-01T09:05:02","guid":{"rendered":"https:\/\/comunicacity.net\/mandela\/?p=2818"},"modified":"2021-07-01T11:05:02","modified_gmt":"2021-07-01T09:05:02","slug":"comunicazione-ai-cittadini","status":"publish","type":"post","link":"https:\/\/comunicacity.net\/mandela\/2021\/07\/01\/comunicazione-ai-cittadini\/","title":{"rendered":"COMUNICAZIONE AI CITTADINI"},"content":{"rendered":"<p>Carissimi\/e cittadini e cittadine,<\/p>\n<p>Il mandato affidatomi cinque anni fa di governare la nostra comunit\u00e0 mi ha permesso un confronto diretto e costante con voi cittadini, con le associazioni locali, con gli Enti sovracomunali che mi ha consentito di superare di volta in volta le difficolt\u00e0 incontrate.<\/p>\n<p>Gli ultimi due anni sono stati particolarmente difficili, la pandemia che ha investito l&#8217;Italia ha pesato anche nel nostro contesto, limitando le interazioni umane: la chiusura del centro anziani e l&#8217;interruzione di tutte iniziative che creavano bellissimi momenti di incontro fra i cittadini\/e.<\/p>\n<p>L&#8217;Amministrazione da me guidata ha gestito e superato questo contesto con tutto l&#8217;impegno possibile, dando costante supporto a chiunque ne avesse bisogno e soprattutto cercando di essere accanto ai cittadini per risolvere le questioni \u201cnuove\u201d che il contesto pandemico ha comportato.<\/p>\n<p>In questi anni siamo riusciti a realizzare sia nuove opere che a recuperare un disavanzo cronico e abbiamo costruito un dialogo con tutte le parti. Ho iniziato sin dai primi giorni del mio mandato, con i miei Consiglieri e la Giunta, un dialogo costante con tutte le varie associazioni e persone che mostravano interesse a presentare iniziative o che semplicemente volevano scambiare delle idee. Questo \u00e8 ci\u00f2 in cui credo e questo \u00e8 ci\u00f2 che continuo a fare.<\/p>\n<p>Mi fa piacere informarvi che da alcuni mesi si \u00e8 aperto un confronto con le persone interessate ad un impegno diretto nella prossima tornata elettorale, nell\u2019intento collettivo di raggiungere alcuni obiettivi principali nell&#8217;interesse comune e per il bene della cittadinanza. Credo infatti sia maturo il tempo di cancellare i dissidi ed i dissapori che qualche volta sono stati protagonisti di una sorta di divisione della nostra comunit\u00e0, lasciando spazio alla collaborazione ed alla condivisione di un percorso limpido ed alla luce del sole.<\/p>\n<p>Sempre in tema delle prossime elezioni ci tengo a sottolineare una cosa a cui tengo molto: da quando ho iniziato il mio mandato ho pensato che per il bene del paese fosse importante unire e in nessun caso dividere, perch\u00e9 credo che una comunit\u00e0, se vuole crescere, debba essere unita e coesa. In ogni caso le idee diverse sono sempre fonte di opportunit\u00e0 e riflessione.<\/p>\n<p>Tutto questo \u00e8 stato possibile anche grazie alla disponibilit\u00e0 di tutti i cittadini\/e, dei dipendenti comunali, della Giunta comunale e dei Consiglieri comunali attivi a trovare delle soluzioni.<\/p>\n<p>E\u2019 stato possibile farlo perch\u00e9 ci siamo sempre sentiti parte di questa comunit\u00e0 che trova in Mandela, a partire dal suo centro storico fino alla zona di Colle Cappellino, l&#8217;identit\u00e0, la storia e la forza per guardare al futuro con ottimismo mantenendo la coesione necessaria.<\/p>\n<p>Un caro saluto a tutti<\/p>\n<p>Il Sindaco<\/p>\n","protected":false},"excerpt":{"rendered":"<p>Carissimi\/e cittadini e cittadine, Il mandato affidatomi cinque anni fa di governare la nostra comunit\u00e0 mi ha permesso un confronto diretto e costante con voi cittadini, con le associazioni locali, [&hellip;]<\/p>\n","protected":false},"author":175,"featured_media":2819,"comment_status":"closed","ping_status":"closed","sticky":false,"template":"","format":"standard","meta":{"footnotes":""},"categories":[15],"tags":[],"class_list":["post-2818","post","type-post","status-publish","format-standard","has-post-thumbnail","hentry","category-notizie-e-informazioni"],"yoast_head":"<!-- This site is optimized with the Yoast SEO plugin v27.4 - https:\/\/yoast.com\/product\/yoast-seo-wordpress\/ -->\n<title>COMUNICAZIONE AI CITTADINI - Mandela<\/title>\n<meta name=\"robots\" content=\"index, follow, max-snippet:-1, max-image-preview:large, max-video-preview:-1\" \/>\n<link rel=\"canonical\" href=\"https:\/\/comunicacity.net\/mandela\/2021\/07\/01\/comunicazione-ai-cittadini\/\" \/>\n<meta property=\"og:locale\" content=\"it_IT\" \/>\n<meta property=\"og:type\" content=\"article\" \/>\n<meta property=\"og:title\" content=\"COMUNICAZIONE AI CITTADINI - Mandela\" \/>\n<meta property=\"og:description\" content=\"Carissimi\/e cittadini e cittadine, Il mandato affidatomi cinque anni fa di governare la nostra comunit\u00e0 mi ha permesso un confronto diretto e costante con voi cittadini, con le associazioni locali, [&hellip;]\" \/>\n<meta property=\"og:url\" content=\"https:\/\/comunicacity.net\/mandela\/2021\/07\/01\/comunicazione-ai-cittadini\/\" \/>\n<meta property=\"og:site_name\" content=\"Mandela\" \/>\n<meta property=\"article:published_time\" content=\"2021-07-01T09:05:02+00:00\" \/>\n<meta property=\"og:image\" content=\"https:\/\/comunicacity.net\/mandela\/wp-content\/uploads\/sites\/7\/2021\/07\/cittadini.png\" \/>\n\t<meta property=\"og:image:width\" content=\"687\" \/>\n\t<meta property=\"og:image:height\" content=\"460\" \/>\n\t<meta property=\"og:image:type\" content=\"image\/png\" \/>\n<meta name=\"author\" content=\"comunemandela\" \/>\n<meta name=\"twitter:label1\" content=\"Scritto da\" \/>\n\t<meta name=\"twitter:data1\" content=\"comunemandela\" \/>\n\t<meta name=\"twitter:label2\" content=\"Tempo di lettura stimato\" \/>\n\t<meta name=\"twitter:data2\" content=\"2 minuti\" \/>\n<script type=\"application\/ld+json\" class=\"yoast-schema-graph\">{\"@context\":\"https:\\\/\\\/schema.org\",\"@graph\":[{\"@type\":\"Article\",\"@id\":\"https:\\\/\\\/comunicacity.net\\\/mandela\\\/2021\\\/07\\\/01\\\/comunicazione-ai-cittadini\\\/#article\",\"isPartOf\":{\"@id\":\"https:\\\/\\\/comunicacity.net\\\/mandela\\\/2021\\\/07\\\/01\\\/comunicazione-ai-cittadini\\\/\"},\"author\":{\"name\":\"comunemandela\",\"@id\":\"https:\\\/\\\/comunicacity.net\\\/mandela\\\/#\\\/schema\\\/person\\\/c6455d17307d7bf5f7b97ae82adafe61\"},\"headline\":\"COMUNICAZIONE AI CITTADINI\",\"datePublished\":\"2021-07-01T09:05:02+00:00\",\"mainEntityOfPage\":{\"@id\":\"https:\\\/\\\/comunicacity.net\\\/mandela\\\/2021\\\/07\\\/01\\\/comunicazione-ai-cittadini\\\/\"},\"wordCount\":440,\"image\":{\"@id\":\"https:\\\/\\\/comunicacity.net\\\/mandela\\\/2021\\\/07\\\/01\\\/comunicazione-ai-cittadini\\\/#primaryimage\"},\"thumbnailUrl\":\"https:\\\/\\\/comunicacity.net\\\/mandela\\\/wp-content\\\/uploads\\\/sites\\\/7\\\/2021\\\/07\\\/cittadini.png\",\"articleSection\":[\"Notizie e Informazioni\"],\"inLanguage\":\"it-IT\"},{\"@type\":\"WebPage\",\"@id\":\"https:\\\/\\\/comunicacity.net\\\/mandela\\\/2021\\\/07\\\/01\\\/comunicazione-ai-cittadini\\\/\",\"url\":\"https:\\\/\\\/comunicacity.net\\\/mandela\\\/2021\\\/07\\\/01\\\/comunicazione-ai-cittadini\\\/\",\"name\":\"COMUNICAZIONE AI CITTADINI - Mandela\",\"isPartOf\":{\"@id\":\"https:\\\/\\\/comunicacity.net\\\/mandela\\\/#website\"},\"primaryImageOfPage\":{\"@id\":\"https:\\\/\\\/comunicacity.net\\\/mandela\\\/2021\\\/07\\\/01\\\/comunicazione-ai-cittadini\\\/#primaryimage\"},\"image\":{\"@id\":\"https:\\\/\\\/comunicacity.net\\\/mandela\\\/2021\\\/07\\\/01\\\/comunicazione-ai-cittadini\\\/#primaryimage\"},\"thumbnailUrl\":\"https:\\\/\\\/comunicacity.net\\\/mandela\\\/wp-content\\\/uploads\\\/sites\\\/7\\\/2021\\\/07\\\/cittadini.png\",\"datePublished\":\"2021-07-01T09:05:02+00:00\",\"author\":{\"@id\":\"https:\\\/\\\/comunicacity.net\\\/mandela\\\/#\\\/schema\\\/person\\\/c6455d17307d7bf5f7b97ae82adafe61\"},\"breadcrumb\":{\"@id\":\"https:\\\/\\\/comunicacity.net\\\/mandela\\\/2021\\\/07\\\/01\\\/comunicazione-ai-cittadini\\\/#breadcrumb\"},\"inLanguage\":\"it-IT\",\"potentialAction\":[{\"@type\":\"ReadAction\",\"target\":[\"https:\\\/\\\/comunicacity.net\\\/mandela\\\/2021\\\/07\\\/01\\\/comunicazione-ai-cittadini\\\/\"]}]},{\"@type\":\"ImageObject\",\"inLanguage\":\"it-IT\",\"@id\":\"https:\\\/\\\/comunicacity.net\\\/mandela\\\/2021\\\/07\\\/01\\\/comunicazione-ai-cittadini\\\/#primaryimage\",\"url\":\"https:\\\/\\\/comunicacity.net\\\/mandela\\\/wp-content\\\/uploads\\\/sites\\\/7\\\/2021\\\/07\\\/cittadini.png\",\"contentUrl\":\"https:\\\/\\\/comunicacity.net\\\/mandela\\\/wp-content\\\/uploads\\\/sites\\\/7\\\/2021\\\/07\\\/cittadini.png\",\"width\":687,\"height\":460},{\"@type\":\"BreadcrumbList\",\"@id\":\"https:\\\/\\\/comunicacity.net\\\/mandela\\\/2021\\\/07\\\/01\\\/comunicazione-ai-cittadini\\\/#breadcrumb\",\"itemListElement\":[{\"@type\":\"ListItem\",\"position\":1,\"name\":\"Home\",\"item\":\"https:\\\/\\\/comunicacity.net\\\/mandela\\\/\"},{\"@type\":\"ListItem\",\"position\":2,\"name\":\"COMUNICAZIONE AI CITTADINI\"}]},{\"@type\":\"WebSite\",\"@id\":\"https:\\\/\\\/comunicacity.net\\\/mandela\\\/#website\",\"url\":\"https:\\\/\\\/comunicacity.net\\\/mandela\\\/\",\"name\":\"Mandela\",\"description\":\"Ecco un altro sito ComunicaCity Network\",\"potentialAction\":[{\"@type\":\"SearchAction\",\"target\":{\"@type\":\"EntryPoint\",\"urlTemplate\":\"https:\\\/\\\/comunicacity.net\\\/mandela\\\/?s={search_term_string}\"},\"query-input\":{\"@type\":\"PropertyValueSpecification\",\"valueRequired\":true,\"valueName\":\"search_term_string\"}}],\"inLanguage\":\"it-IT\"},{\"@type\":\"Person\",\"@id\":\"https:\\\/\\\/comunicacity.net\\\/mandela\\\/#\\\/schema\\\/person\\\/c6455d17307d7bf5f7b97ae82adafe61\",\"name\":\"comunemandela\",\"image\":{\"@type\":\"ImageObject\",\"inLanguage\":\"it-IT\",\"@id\":\"https:\\\/\\\/secure.gravatar.com\\\/avatar\\\/b660835417e75130e3e56763cff867a5eee406575ac2f5b9bdaf30825263a25e?s=96&d=mm&r=g\",\"url\":\"https:\\\/\\\/secure.gravatar.com\\\/avatar\\\/b660835417e75130e3e56763cff867a5eee406575ac2f5b9bdaf30825263a25e?s=96&d=mm&r=g\",\"contentUrl\":\"https:\\\/\\\/secure.gravatar.com\\\/avatar\\\/b660835417e75130e3e56763cff867a5eee406575ac2f5b9bdaf30825263a25e?s=96&d=mm&r=g\",\"caption\":\"comunemandela\"},\"url\":\"https:\\\/\\\/comunicacity.net\\\/mandela\\\/author\\\/comunemandela\\\/\"}]}<\/script>\n<!-- \/ Yoast SEO plugin. -->","yoast_head_json":{"title":"COMUNICAZIONE AI CITTADINI - Mandela","robots":{"index":"index","follow":"follow","max-snippet":"max-snippet:-1","max-image-preview":"max-image-preview:large","max-video-preview":"max-video-preview:-1"},"canonical":"https:\/\/comunicacity.net\/mandela\/2021\/07\/01\/comunicazione-ai-cittadini\/","og_locale":"it_IT","og_type":"article","og_title":"COMUNICAZIONE AI CITTADINI - Mandela","og_description":"Carissimi\/e cittadini e cittadine, Il mandato affidatomi cinque anni fa di governare la nostra comunit\u00e0 mi ha permesso un confronto diretto e costante con voi cittadini, con le associazioni locali, [&hellip;]","og_url":"https:\/\/comunicacity.net\/mandela\/2021\/07\/01\/comunicazione-ai-cittadini\/","og_site_name":"Mandela","article_published_time":"2021-07-01T09:05:02+00:00","og_image":[{"width":687,"height":460,"url":"https:\/\/comunicacity.net\/mandela\/wp-content\/uploads\/sites\/7\/2021\/07\/cittadini.png","type":"image\/png"}],"author":"comunemandela","twitter_misc":{"Scritto da":"comunemandela","Tempo di lettura stimato":"2 minuti"},"schema":{"@context":"https:\/\/schema.org","@graph":[{"@type":"Article","@id":"https:\/\/comunicacity.net\/mandela\/2021\/07\/01\/comunicazione-ai-cittadini\/#article","isPartOf":{"@id":"https:\/\/comunicacity.net\/mandela\/2021\/07\/01\/comunicazione-ai-cittadini\/"},"author":{"name":"comunemandela","@id":"https:\/\/comunicacity.net\/mandela\/#\/schema\/person\/c6455d17307d7bf5f7b97ae82adafe61"},"headline":"COMUNICAZIONE AI CITTADINI","datePublished":"2021-07-01T09:05:02+00:00","mainEntityOfPage":{"@id":"https:\/\/comunicacity.net\/mandela\/2021\/07\/01\/comunicazione-ai-cittadini\/"},"wordCount":440,"image":{"@id":"https:\/\/comunicacity.net\/mandela\/2021\/07\/01\/comunicazione-ai-cittadini\/#primaryimage"},"thumbnailUrl":"https:\/\/comunicacity.net\/mandela\/wp-content\/uploads\/sites\/7\/2021\/07\/cittadini.png","articleSection":["Notizie e Informazioni"],"inLanguage":"it-IT"},{"@type":"WebPage","@id":"https:\/\/comunicacity.net\/mandela\/2021\/07\/01\/comunicazione-ai-cittadini\/","url":"https:\/\/comunicacity.net\/mandela\/2021\/07\/01\/comunicazione-ai-cittadini\/","name":"COMUNICAZIONE AI CITTADINI - Mandela","isPartOf":{"@id":"https:\/\/comunicacity.net\/mandela\/#website"},"primaryImageOfPage":{"@id":"https:\/\/comunicacity.net\/mandela\/2021\/07\/01\/comunicazione-ai-cittadini\/#primaryimage"},"image":{"@id":"https:\/\/comunicacity.net\/mandela\/2021\/07\/01\/comunicazione-ai-cittadini\/#primaryimage"},"thumbnailUrl":"https:\/\/comunicacity.net\/mandela\/wp-content\/uploads\/sites\/7\/2021\/07\/cittadini.png","datePublished":"2021-07-01T09:05:02+00:00","author":{"@id":"https:\/\/comunicacity.net\/mandela\/#\/schema\/person\/c6455d17307d7bf5f7b97ae82adafe61"},"breadcrumb":{"@id":"https:\/\/comunicacity.net\/mandela\/2021\/07\/01\/comunicazione-ai-cittadini\/#breadcrumb"},"inLanguage":"it-IT","potentialAction":[{"@type":"ReadAction","target":["https:\/\/comunicacity.net\/mandela\/2021\/07\/01\/comunicazione-ai-cittadini\/"]}]},{"@type":"ImageObject","inLanguage":"it-IT","@id":"https:\/\/comunicacity.net\/mandela\/2021\/07\/01\/comunicazione-ai-cittadini\/#primaryimage","url":"https:\/\/comunicacity.net\/mandela\/wp-content\/uploads\/sites\/7\/2021\/07\/cittadini.png","contentUrl":"https:\/\/comunicacity.net\/mandela\/wp-content\/uploads\/sites\/7\/2021\/07\/cittadini.png","width":687,"height":460},{"@type":"BreadcrumbList","@id":"https:\/\/comunicacity.net\/mandela\/2021\/07\/01\/comunicazione-ai-cittadini\/#breadcrumb","itemListElement":[{"@type":"ListItem","position":1,"name":"Home","item":"https:\/\/comunicacity.net\/mandela\/"},{"@type":"ListItem","position":2,"name":"COMUNICAZIONE AI CITTADINI"}]},{"@type":"WebSite","@id":"https:\/\/comunicacity.net\/mandela\/#website","url":"https:\/\/comunicacity.net\/mandela\/","name":"Mandela","description":"Ecco un altro sito ComunicaCity Network","potentialAction":[{"@type":"SearchAction","target":{"@type":"EntryPoint","urlTemplate":"https:\/\/comunicacity.net\/mandela\/?s={search_term_string}"},"query-input":{"@type":"PropertyValueSpecification","valueRequired":true,"valueName":"search_term_string"}}],"inLanguage":"it-IT"},{"@type":"Person","@id":"https:\/\/comunicacity.net\/mandela\/#\/schema\/person\/c6455d17307d7bf5f7b97ae82adafe61","name":"comunemandela","image":{"@type":"ImageObject","inLanguage":"it-IT","@id":"https:\/\/secure.gravatar.com\/avatar\/b660835417e75130e3e56763cff867a5eee406575ac2f5b9bdaf30825263a25e?s=96&d=mm&r=g","url":"https:\/\/secure.gravatar.com\/avatar\/b660835417e75130e3e56763cff867a5eee406575ac2f5b9bdaf30825263a25e?s=96&d=mm&r=g","contentUrl":"https:\/\/secure.gravatar.com\/avatar\/b660835417e75130e3e56763cff867a5eee406575ac2f5b9bdaf30825263a25e?s=96&d=mm&r=g","caption":"comunemandela"},"url":"https:\/\/comunicacity.net\/mandela\/author\/comunemandela\/"}]}},"meta_box":{"cc4_urg_colore":"rosso","cc4_urg_data_inizio":"","cc4_urg_data_fine":"","cc4_cor_positivi_oggi":"","cc4_cor_negativizzati_oggi":"","cc4_cor_deceduti_oggi":"","cc4_cor_positivi_totali":"","cc4_cor_negativizzati_totali":"","cc4_cor_deceduti_totali":"","cc4_cor_attualmente_positivi":"","cc4_eve_data_inizio":"","cc4_eve_data_fine":"","cc4_eve_indirizzo":"","cc4_eve_posizione":{"latitude":"0","longitude":"0","zoom":"0"},"cc4_eve_telefono":"","cc4_eve_email":"","cc4_eve_web":"","cc4_eve_fb":"","sitopa_id":""},"_links":{"self":[{"href":"https:\/\/comunicacity.net\/mandela\/wp-json\/wp\/v2\/posts\/2818","targetHints":{"allow":["GET"]}}],"collection":[{"href":"https:\/\/comunicacity.net\/mandela\/wp-json\/wp\/v2\/posts"}],"about":[{"href":"https:\/\/comunicacity.net\/mandela\/wp-json\/wp\/v2\/types\/post"}],"author":[{"embeddable":true,"href":"https:\/\/comunicacity.net\/mandela\/wp-json\/wp\/v2\/users\/175"}],"replies":[{"embeddable":true,"href":"https:\/\/comunicacity.net\/mandela\/wp-json\/wp\/v2\/comments?post=2818"}],"version-history":[{"count":1,"href":"https:\/\/comunicacity.net\/mandela\/wp-json\/wp\/v2\/posts\/2818\/revisions"}],"predecessor-version":[{"id":2820,"href":"https:\/\/comunicacity.net\/mandela\/wp-json\/wp\/v2\/posts\/2818\/revisions\/2820"}],"wp:featuredmedia":[{"embeddable":true,"href":"https:\/\/comunicacity.net\/mandela\/wp-json\/wp\/v2\/media\/2819"}],"wp:attachment":[{"href":"https:\/\/comunicacity.net\/mandela\/wp-json\/wp\/v2\/media?parent=2818"}],"wp:term":[{"taxonomy":"category","embeddable":true,"href":"https:\/\/comunicacity.net\/mandela\/wp-json\/wp\/v2\/categories?post=2818"},{"taxonomy":"post_tag","embeddable":true,"href":"https:\/\/comunicacity.net\/mandela\/wp-json\/wp\/v2\/tags?post=2818"}],"curies":[{"name":"wp","href":"https:\/\/api.w.org\/{rel}","templated":true}]}}