{"id":3438,"date":"2022-07-07T15:56:50","date_gmt":"2022-07-07T13:56:50","guid":{"rendered":"https:\/\/comunicacity.net\/mandela\/?p=3438"},"modified":"2022-07-07T15:56:50","modified_gmt":"2022-07-07T13:56:50","slug":"cinque-bandi-su-formazione-cultura-e-istruzione","status":"publish","type":"post","link":"https:\/\/comunicacity.net\/mandela\/2022\/07\/07\/cinque-bandi-su-formazione-cultura-e-istruzione\/","title":{"rendered":"CINQUE BANDI SU FORMAZIONE, CULTURA E ISTRUZIONE"},"content":{"rendered":"<header>\n<h1 class=\"entry-title\">GIOVANI, DA REGIONE LAZIO 13 MLN PER CINQUE BANDI SU FORMAZIONE, CULTURA E ISTRUZIONE<\/h1>\n<\/header>\n<div class=\"entry-body\">\n<div class=\"veu_autoEyeCatchBox\"><img loading=\"lazy\" decoding=\"async\" class=\"attachment-large  wp-post-image\" src=\"https:\/\/www.eleonoramattia.it\/wp-content\/uploads\/2021\/02\/GIOVANI-1024x410.jpg\" alt=\"\" width=\"425\" height=\"170\" \/><\/div>\n<p>Online 5 nuovi bandi dedicati agli studenti e alle studentesse del Lazio e finanziati con i fondi POR FSE\u00a0Lazio 2014-2020 e PR Lazio FSEPlus 2021-2027,per un totale di 13 milioni di euro.<\/p>\n<div>\n<p>Con i nuovi bandi online sosteniamo i ragazzi e le ragazze nel loro percorso di studi e formazione, supportandone creativit\u00e0, talenti e dando loro opportunit\u00e0 per superare le fragilit\u00e0. Sono stati previsti 5 milioni di euro per i diplomati meritevoli a sostegno dell\u2019<strong>iscrizione nelle universit\u00e0 laziali<\/strong>, 2 milioni ciascuno per i bandi sul sostegno alla realizzazione di\u00a0<strong>iniziative sportive e culturali<\/strong>\u00a0per gli studenti e per l\u2019<strong>aggregazione letteraria e culturale.<\/strong>\u00a0E ancora supporto e potenziamento dei teatri comunali come spazi di socialit\u00e0 e, infine, sostegno all\u2019<strong>orientamento alla formazione e al lavoro<\/strong>.<\/p>\n<p>Nel dettaglio:<\/p>\n<p>\u2013\u00a0\u00a0\u201cSostegno all`iscrizione alle universit\u00e0 laziali per i diplomati meritevoli\u201d: erogazione di un bonus una tantum di 700 euro a favore di neodiplomati, che hanno conseguito il diploma di scuola secondaria di secondo grado di istruzione pubblica e paritaria con una votazione pari o superiore a 95\/100 che nel 2022 decidono di iscriversi al primo anno presso una delle universit\u00e0 ubicate sul territorio della Regione Lazio;<\/p>\n<p>\u2013 Bando per la realizzazione di iniziative sportive e culturali per gli studenti del sistema scolastico e del sistema LefP del Lazio. L`Avviso finanzia la realizzazione di progetti a carattere educativo\/formativo che si basano sull`organizzazione di eventi\/manifestazioni di natura sportiva (gare, tornei, ecc.), sociale e culturale (concerti, rappresentazioni teatrali, dibattiti, ecc.) da realizzarsi nell`ambito del territorio della regione Lazio;<\/p>\n<p>\u2013 Bando \u201cProgetto formazione e cultura: valore lettura e produzione letteraria\u201d al fine di favorire la nascita di momenti di aggregazione e socializzazione letteraria e culturale che accrescano il benessere personale e sociale;<\/p>\n<p>\u2013 Teatro diffuso \u201cGigi Proietti\u201c \u2013 Avviso sperimentale per l`attivazione di laboratori formativi e divulgativi presso i Teatri Comunali del Lazio;<\/p>\n<p>\u2013\u00a0Avviso pubblico \u201cOrientare\u201c. Realizzazione di eventi promozionali e divulgativi negli ambiti della Formazione e dell`Occupabilit\u00e0 per gli studenti delle Scuole secondarie superiori di primo e secondo grado, IeFp, ITS, Universit\u00e0 del Lazio.<\/p>\n<p>Tutte misure che si inseriscono in quadro virtuoso di politiche e opportunit\u00e0 rivolte ai giovani e le giovani del Lazio dove, con un lavoro costante e di prospettiva, investiamo sui talenti e sul futuro dei giovani con strumenti concreti. A breve una legge regionale quadro sulle politiche giovanili \u2013 che ho fortemente voluto proporre in Consiglio regionale \u2013 per sistematizzare le misure gi\u00e0 in campo e introdurre novit\u00e0: autonomia abitativa, mobilit\u00e0, industria creativa, sostegno e benessere psicologico, diritto allo studio per tutte e tutti. Mettiamo i sogni e i diritti dei giovani al centro dell\u2019agenda politica.<\/p>\n<p><strong><a href=\"https:\/\/www.eleonoramattia.it\/2022\/05\/19\/scuola-borse-di-studio-fino-a-500-euro-per-gli-studenti-del-lazio\/\">Borse di studio per studenti meritevoli<\/a><\/strong><\/p>\n<p><a href=\"https:\/\/www.eleonoramattia.it\/2022\/06\/27\/orientare-il-bando-per-percorsi-di-orientamento-al-lavoro-nelle-scuole-secondarie-di-i-e-ii-grado\/\"><strong>Bando \u201cOrientare\u201d, eventi promozionali e divulgativi negli ambiti della Formazione e dell`Occupabilit\u00e0<\/strong><\/a><\/p>\n<p><strong><a href=\"https:\/\/www.eleonoramattia.it\/2022\/02\/08\/giovani-avviso-per-iniziative-sportive-sociali-e-culturali-per-scuole-e-iefp-del-lazio-finanziato-dal-fondo-sociale-europeo-plus\/\">Bando sport e cultura nelle scuole<\/a><\/strong><\/p>\n<\/div>\n<\/div>\n","protected":false},"excerpt":{"rendered":"<p>GIOVANI, DA REGIONE LAZIO 13 MLN PER CINQUE BANDI SU FORMAZIONE, CULTURA E ISTRUZIONE Online 5 nuovi bandi dedicati agli studenti e alle studentesse del Lazio e finanziati con i [&hellip;]<\/p>\n","protected":false},"author":175,"featured_media":3439,"comment_status":"closed","ping_status":"closed","sticky":false,"template":"","format":"standard","meta":{"footnotes":""},"categories":[3],"tags":[],"class_list":["post-3438","post","type-post","status-publish","format-standard","has-post-thumbnail","hentry","category-scuola"],"yoast_head":"<!-- This site is optimized with the Yoast SEO plugin v27.4 - https:\/\/yoast.com\/product\/yoast-seo-wordpress\/ -->\n<title>CINQUE BANDI SU FORMAZIONE, CULTURA E ISTRUZIONE - Mandela<\/title>\n<meta name=\"robots\" content=\"index, follow, max-snippet:-1, max-image-preview:large, max-video-preview:-1\" \/>\n<link rel=\"canonical\" href=\"https:\/\/comunicacity.net\/mandela\/2022\/07\/07\/cinque-bandi-su-formazione-cultura-e-istruzione\/\" \/>\n<meta property=\"og:locale\" content=\"it_IT\" \/>\n<meta property=\"og:type\" content=\"article\" \/>\n<meta property=\"og:title\" content=\"CINQUE BANDI SU FORMAZIONE, CULTURA E ISTRUZIONE - Mandela\" \/>\n<meta property=\"og:description\" content=\"GIOVANI, DA REGIONE LAZIO 13 MLN PER CINQUE BANDI SU FORMAZIONE, CULTURA E ISTRUZIONE Online 5 nuovi bandi dedicati agli studenti e alle studentesse del Lazio e finanziati con i [&hellip;]\" \/>\n<meta property=\"og:url\" content=\"https:\/\/comunicacity.net\/mandela\/2022\/07\/07\/cinque-bandi-su-formazione-cultura-e-istruzione\/\" \/>\n<meta property=\"og:site_name\" content=\"Mandela\" \/>\n<meta property=\"article:published_time\" content=\"2022-07-07T13:56:50+00:00\" \/>\n<meta property=\"og:image\" content=\"https:\/\/comunicacity.net\/mandela\/wp-content\/uploads\/sites\/7\/2022\/07\/5-bandi.png\" \/>\n\t<meta property=\"og:image:width\" content=\"450\" \/>\n\t<meta property=\"og:image:height\" content=\"253\" \/>\n\t<meta property=\"og:image:type\" content=\"image\/png\" \/>\n<meta name=\"author\" content=\"comunemandela\" \/>\n<meta name=\"twitter:label1\" content=\"Scritto da\" \/>\n\t<meta name=\"twitter:data1\" content=\"comunemandela\" \/>\n\t<meta name=\"twitter:label2\" content=\"Tempo di lettura stimato\" \/>\n\t<meta name=\"twitter:data2\" content=\"2 minuti\" \/>\n<script type=\"application\/ld+json\" class=\"yoast-schema-graph\">{\"@context\":\"https:\\\/\\\/schema.org\",\"@graph\":[{\"@type\":\"Article\",\"@id\":\"https:\\\/\\\/comunicacity.net\\\/mandela\\\/2022\\\/07\\\/07\\\/cinque-bandi-su-formazione-cultura-e-istruzione\\\/#article\",\"isPartOf\":{\"@id\":\"https:\\\/\\\/comunicacity.net\\\/mandela\\\/2022\\\/07\\\/07\\\/cinque-bandi-su-formazione-cultura-e-istruzione\\\/\"},\"author\":{\"name\":\"comunemandela\",\"@id\":\"https:\\\/\\\/comunicacity.net\\\/mandela\\\/#\\\/schema\\\/person\\\/c6455d17307d7bf5f7b97ae82adafe61\"},\"headline\":\"CINQUE BANDI SU FORMAZIONE, CULTURA E ISTRUZIONE\",\"datePublished\":\"2022-07-07T13:56:50+00:00\",\"mainEntityOfPage\":{\"@id\":\"https:\\\/\\\/comunicacity.net\\\/mandela\\\/2022\\\/07\\\/07\\\/cinque-bandi-su-formazione-cultura-e-istruzione\\\/\"},\"wordCount\":477,\"image\":{\"@id\":\"https:\\\/\\\/comunicacity.net\\\/mandela\\\/2022\\\/07\\\/07\\\/cinque-bandi-su-formazione-cultura-e-istruzione\\\/#primaryimage\"},\"thumbnailUrl\":\"https:\\\/\\\/comunicacity.net\\\/mandela\\\/wp-content\\\/uploads\\\/sites\\\/7\\\/2022\\\/07\\\/5-bandi.png\",\"articleSection\":[\"Scuola\"],\"inLanguage\":\"it-IT\"},{\"@type\":\"WebPage\",\"@id\":\"https:\\\/\\\/comunicacity.net\\\/mandela\\\/2022\\\/07\\\/07\\\/cinque-bandi-su-formazione-cultura-e-istruzione\\\/\",\"url\":\"https:\\\/\\\/comunicacity.net\\\/mandela\\\/2022\\\/07\\\/07\\\/cinque-bandi-su-formazione-cultura-e-istruzione\\\/\",\"name\":\"CINQUE BANDI SU FORMAZIONE, CULTURA E ISTRUZIONE - Mandela\",\"isPartOf\":{\"@id\":\"https:\\\/\\\/comunicacity.net\\\/mandela\\\/#website\"},\"primaryImageOfPage\":{\"@id\":\"https:\\\/\\\/comunicacity.net\\\/mandela\\\/2022\\\/07\\\/07\\\/cinque-bandi-su-formazione-cultura-e-istruzione\\\/#primaryimage\"},\"image\":{\"@id\":\"https:\\\/\\\/comunicacity.net\\\/mandela\\\/2022\\\/07\\\/07\\\/cinque-bandi-su-formazione-cultura-e-istruzione\\\/#primaryimage\"},\"thumbnailUrl\":\"https:\\\/\\\/comunicacity.net\\\/mandela\\\/wp-content\\\/uploads\\\/sites\\\/7\\\/2022\\\/07\\\/5-bandi.png\",\"datePublished\":\"2022-07-07T13:56:50+00:00\",\"author\":{\"@id\":\"https:\\\/\\\/comunicacity.net\\\/mandela\\\/#\\\/schema\\\/person\\\/c6455d17307d7bf5f7b97ae82adafe61\"},\"breadcrumb\":{\"@id\":\"https:\\\/\\\/comunicacity.net\\\/mandela\\\/2022\\\/07\\\/07\\\/cinque-bandi-su-formazione-cultura-e-istruzione\\\/#breadcrumb\"},\"inLanguage\":\"it-IT\",\"potentialAction\":[{\"@type\":\"ReadAction\",\"target\":[\"https:\\\/\\\/comunicacity.net\\\/mandela\\\/2022\\\/07\\\/07\\\/cinque-bandi-su-formazione-cultura-e-istruzione\\\/\"]}]},{\"@type\":\"ImageObject\",\"inLanguage\":\"it-IT\",\"@id\":\"https:\\\/\\\/comunicacity.net\\\/mandela\\\/2022\\\/07\\\/07\\\/cinque-bandi-su-formazione-cultura-e-istruzione\\\/#primaryimage\",\"url\":\"https:\\\/\\\/comunicacity.net\\\/mandela\\\/wp-content\\\/uploads\\\/sites\\\/7\\\/2022\\\/07\\\/5-bandi.png\",\"contentUrl\":\"https:\\\/\\\/comunicacity.net\\\/mandela\\\/wp-content\\\/uploads\\\/sites\\\/7\\\/2022\\\/07\\\/5-bandi.png\",\"width\":450,\"height\":253},{\"@type\":\"BreadcrumbList\",\"@id\":\"https:\\\/\\\/comunicacity.net\\\/mandela\\\/2022\\\/07\\\/07\\\/cinque-bandi-su-formazione-cultura-e-istruzione\\\/#breadcrumb\",\"itemListElement\":[{\"@type\":\"ListItem\",\"position\":1,\"name\":\"Home\",\"item\":\"https:\\\/\\\/comunicacity.net\\\/mandela\\\/\"},{\"@type\":\"ListItem\",\"position\":2,\"name\":\"CINQUE BANDI SU FORMAZIONE, CULTURA E ISTRUZIONE\"}]},{\"@type\":\"WebSite\",\"@id\":\"https:\\\/\\\/comunicacity.net\\\/mandela\\\/#website\",\"url\":\"https:\\\/\\\/comunicacity.net\\\/mandela\\\/\",\"name\":\"Mandela\",\"description\":\"Ecco un altro sito ComunicaCity Network\",\"potentialAction\":[{\"@type\":\"SearchAction\",\"target\":{\"@type\":\"EntryPoint\",\"urlTemplate\":\"https:\\\/\\\/comunicacity.net\\\/mandela\\\/?s={search_term_string}\"},\"query-input\":{\"@type\":\"PropertyValueSpecification\",\"valueRequired\":true,\"valueName\":\"search_term_string\"}}],\"inLanguage\":\"it-IT\"},{\"@type\":\"Person\",\"@id\":\"https:\\\/\\\/comunicacity.net\\\/mandela\\\/#\\\/schema\\\/person\\\/c6455d17307d7bf5f7b97ae82adafe61\",\"name\":\"comunemandela\",\"image\":{\"@type\":\"ImageObject\",\"inLanguage\":\"it-IT\",\"@id\":\"https:\\\/\\\/secure.gravatar.com\\\/avatar\\\/b660835417e75130e3e56763cff867a5eee406575ac2f5b9bdaf30825263a25e?s=96&d=mm&r=g\",\"url\":\"https:\\\/\\\/secure.gravatar.com\\\/avatar\\\/b660835417e75130e3e56763cff867a5eee406575ac2f5b9bdaf30825263a25e?s=96&d=mm&r=g\",\"contentUrl\":\"https:\\\/\\\/secure.gravatar.com\\\/avatar\\\/b660835417e75130e3e56763cff867a5eee406575ac2f5b9bdaf30825263a25e?s=96&d=mm&r=g\",\"caption\":\"comunemandela\"},\"url\":\"https:\\\/\\\/comunicacity.net\\\/mandela\\\/author\\\/comunemandela\\\/\"}]}<\/script>\n<!-- \/ Yoast SEO plugin. -->","yoast_head_json":{"title":"CINQUE BANDI SU FORMAZIONE, CULTURA E ISTRUZIONE - Mandela","robots":{"index":"index","follow":"follow","max-snippet":"max-snippet:-1","max-image-preview":"max-image-preview:large","max-video-preview":"max-video-preview:-1"},"canonical":"https:\/\/comunicacity.net\/mandela\/2022\/07\/07\/cinque-bandi-su-formazione-cultura-e-istruzione\/","og_locale":"it_IT","og_type":"article","og_title":"CINQUE BANDI SU FORMAZIONE, CULTURA E ISTRUZIONE - Mandela","og_description":"GIOVANI, DA REGIONE LAZIO 13 MLN PER CINQUE BANDI SU FORMAZIONE, CULTURA E ISTRUZIONE Online 5 nuovi bandi dedicati agli studenti e alle studentesse del Lazio e finanziati con i [&hellip;]","og_url":"https:\/\/comunicacity.net\/mandela\/2022\/07\/07\/cinque-bandi-su-formazione-cultura-e-istruzione\/","og_site_name":"Mandela","article_published_time":"2022-07-07T13:56:50+00:00","og_image":[{"width":450,"height":253,"url":"https:\/\/comunicacity.net\/mandela\/wp-content\/uploads\/sites\/7\/2022\/07\/5-bandi.png","type":"image\/png"}],"author":"comunemandela","twitter_misc":{"Scritto da":"comunemandela","Tempo di lettura stimato":"2 minuti"},"schema":{"@context":"https:\/\/schema.org","@graph":[{"@type":"Article","@id":"https:\/\/comunicacity.net\/mandela\/2022\/07\/07\/cinque-bandi-su-formazione-cultura-e-istruzione\/#article","isPartOf":{"@id":"https:\/\/comunicacity.net\/mandela\/2022\/07\/07\/cinque-bandi-su-formazione-cultura-e-istruzione\/"},"author":{"name":"comunemandela","@id":"https:\/\/comunicacity.net\/mandela\/#\/schema\/person\/c6455d17307d7bf5f7b97ae82adafe61"},"headline":"CINQUE BANDI SU FORMAZIONE, CULTURA E ISTRUZIONE","datePublished":"2022-07-07T13:56:50+00:00","mainEntityOfPage":{"@id":"https:\/\/comunicacity.net\/mandela\/2022\/07\/07\/cinque-bandi-su-formazione-cultura-e-istruzione\/"},"wordCount":477,"image":{"@id":"https:\/\/comunicacity.net\/mandela\/2022\/07\/07\/cinque-bandi-su-formazione-cultura-e-istruzione\/#primaryimage"},"thumbnailUrl":"https:\/\/comunicacity.net\/mandela\/wp-content\/uploads\/sites\/7\/2022\/07\/5-bandi.png","articleSection":["Scuola"],"inLanguage":"it-IT"},{"@type":"WebPage","@id":"https:\/\/comunicacity.net\/mandela\/2022\/07\/07\/cinque-bandi-su-formazione-cultura-e-istruzione\/","url":"https:\/\/comunicacity.net\/mandela\/2022\/07\/07\/cinque-bandi-su-formazione-cultura-e-istruzione\/","name":"CINQUE BANDI SU FORMAZIONE, CULTURA E ISTRUZIONE - Mandela","isPartOf":{"@id":"https:\/\/comunicacity.net\/mandela\/#website"},"primaryImageOfPage":{"@id":"https:\/\/comunicacity.net\/mandela\/2022\/07\/07\/cinque-bandi-su-formazione-cultura-e-istruzione\/#primaryimage"},"image":{"@id":"https:\/\/comunicacity.net\/mandela\/2022\/07\/07\/cinque-bandi-su-formazione-cultura-e-istruzione\/#primaryimage"},"thumbnailUrl":"https:\/\/comunicacity.net\/mandela\/wp-content\/uploads\/sites\/7\/2022\/07\/5-bandi.png","datePublished":"2022-07-07T13:56:50+00:00","author":{"@id":"https:\/\/comunicacity.net\/mandela\/#\/schema\/person\/c6455d17307d7bf5f7b97ae82adafe61"},"breadcrumb":{"@id":"https:\/\/comunicacity.net\/mandela\/2022\/07\/07\/cinque-bandi-su-formazione-cultura-e-istruzione\/#breadcrumb"},"inLanguage":"it-IT","potentialAction":[{"@type":"ReadAction","target":["https:\/\/comunicacity.net\/mandela\/2022\/07\/07\/cinque-bandi-su-formazione-cultura-e-istruzione\/"]}]},{"@type":"ImageObject","inLanguage":"it-IT","@id":"https:\/\/comunicacity.net\/mandela\/2022\/07\/07\/cinque-bandi-su-formazione-cultura-e-istruzione\/#primaryimage","url":"https:\/\/comunicacity.net\/mandela\/wp-content\/uploads\/sites\/7\/2022\/07\/5-bandi.png","contentUrl":"https:\/\/comunicacity.net\/mandela\/wp-content\/uploads\/sites\/7\/2022\/07\/5-bandi.png","width":450,"height":253},{"@type":"BreadcrumbList","@id":"https:\/\/comunicacity.net\/mandela\/2022\/07\/07\/cinque-bandi-su-formazione-cultura-e-istruzione\/#breadcrumb","itemListElement":[{"@type":"ListItem","position":1,"name":"Home","item":"https:\/\/comunicacity.net\/mandela\/"},{"@type":"ListItem","position":2,"name":"CINQUE BANDI SU FORMAZIONE, CULTURA E ISTRUZIONE"}]},{"@type":"WebSite","@id":"https:\/\/comunicacity.net\/mandela\/#website","url":"https:\/\/comunicacity.net\/mandela\/","name":"Mandela","description":"Ecco un altro sito ComunicaCity Network","potentialAction":[{"@type":"SearchAction","target":{"@type":"EntryPoint","urlTemplate":"https:\/\/comunicacity.net\/mandela\/?s={search_term_string}"},"query-input":{"@type":"PropertyValueSpecification","valueRequired":true,"valueName":"search_term_string"}}],"inLanguage":"it-IT"},{"@type":"Person","@id":"https:\/\/comunicacity.net\/mandela\/#\/schema\/person\/c6455d17307d7bf5f7b97ae82adafe61","name":"comunemandela","image":{"@type":"ImageObject","inLanguage":"it-IT","@id":"https:\/\/secure.gravatar.com\/avatar\/b660835417e75130e3e56763cff867a5eee406575ac2f5b9bdaf30825263a25e?s=96&d=mm&r=g","url":"https:\/\/secure.gravatar.com\/avatar\/b660835417e75130e3e56763cff867a5eee406575ac2f5b9bdaf30825263a25e?s=96&d=mm&r=g","contentUrl":"https:\/\/secure.gravatar.com\/avatar\/b660835417e75130e3e56763cff867a5eee406575ac2f5b9bdaf30825263a25e?s=96&d=mm&r=g","caption":"comunemandela"},"url":"https:\/\/comunicacity.net\/mandela\/author\/comunemandela\/"}]}},"meta_box":{"cc4_urg_colore":"rosso","cc4_urg_data_inizio":"","cc4_urg_data_fine":"","cc4_cor_positivi_oggi":"","cc4_cor_negativizzati_oggi":"","cc4_cor_deceduti_oggi":"","cc4_cor_positivi_totali":"","cc4_cor_negativizzati_totali":"","cc4_cor_deceduti_totali":"","cc4_cor_attualmente_positivi":"","cc4_eve_data_inizio":"","cc4_eve_data_fine":"","cc4_eve_indirizzo":"","cc4_eve_posizione":{"latitude":"0","longitude":"0","zoom":"0"},"cc4_eve_telefono":"","cc4_eve_email":"","cc4_eve_web":"","cc4_eve_fb":"","sitopa_id":""},"_links":{"self":[{"href":"https:\/\/comunicacity.net\/mandela\/wp-json\/wp\/v2\/posts\/3438","targetHints":{"allow":["GET"]}}],"collection":[{"href":"https:\/\/comunicacity.net\/mandela\/wp-json\/wp\/v2\/posts"}],"about":[{"href":"https:\/\/comunicacity.net\/mandela\/wp-json\/wp\/v2\/types\/post"}],"author":[{"embeddable":true,"href":"https:\/\/comunicacity.net\/mandela\/wp-json\/wp\/v2\/users\/175"}],"replies":[{"embeddable":true,"href":"https:\/\/comunicacity.net\/mandela\/wp-json\/wp\/v2\/comments?post=3438"}],"version-history":[{"count":1,"href":"https:\/\/comunicacity.net\/mandela\/wp-json\/wp\/v2\/posts\/3438\/revisions"}],"predecessor-version":[{"id":3440,"href":"https:\/\/comunicacity.net\/mandela\/wp-json\/wp\/v2\/posts\/3438\/revisions\/3440"}],"wp:featuredmedia":[{"embeddable":true,"href":"https:\/\/comunicacity.net\/mandela\/wp-json\/wp\/v2\/media\/3439"}],"wp:attachment":[{"href":"https:\/\/comunicacity.net\/mandela\/wp-json\/wp\/v2\/media?parent=3438"}],"wp:term":[{"taxonomy":"category","embeddable":true,"href":"https:\/\/comunicacity.net\/mandela\/wp-json\/wp\/v2\/categories?post=3438"},{"taxonomy":"post_tag","embeddable":true,"href":"https:\/\/comunicacity.net\/mandela\/wp-json\/wp\/v2\/tags?post=3438"}],"curies":[{"name":"wp","href":"https:\/\/api.w.org\/{rel}","templated":true}]}}