{"id":4960,"date":"2026-03-03T09:21:01","date_gmt":"2026-03-03T08:21:01","guid":{"rendered":"https:\/\/comunicacity.net\/mandela\/?p=4960"},"modified":"2026-03-03T09:21:01","modified_gmt":"2026-03-03T08:21:01","slug":"inaugurazione-murale-dedicato-alla-legalita","status":"publish","type":"post","link":"https:\/\/comunicacity.net\/mandela\/2026\/03\/03\/inaugurazione-murale-dedicato-alla-legalita\/","title":{"rendered":"INAUGURAZIONE MURALE DEDICATO ALLA LEGALITA&#8217;"},"content":{"rendered":"<div>\n<div id=\"SAM9n1YyTmkQT98SPvBQN-content-0\">\n<p>Comunicazione alle Cittadinanza<\/p>\n<p><strong>Sabato 7 marzo, alle ore 11.00<\/strong>, si terr\u00e0 l\u2019inaugurazione del murale dedicato al valore della legalit\u00e0, realizzato dal Comune di Mandela grazie all\u2019impegno di un nostro concittadino originario di Mandela e con il supporto della locale Stazione dei Carabinieri.<\/p>\n<p><strong>L\u2019opera, collocata sulla facciata della palestra comunale,<\/strong> vuole ricordare a tutti noi l\u2019importanza del rispetto delle regole, della responsabilit\u00e0 civile e del ruolo fondamentale delle Istituzioni nella tutela della comunit\u00e0. \u00c8 un messaggio rivolto a ogni cittadino, ma in modo particolare ai bambini e ai ragazzi, che rappresentano il futuro del nostro paese.<\/p>\n<p>La loro presenza sar\u00e0 un segno prezioso: partecipare a un\u2019iniziativa dedicata alla legalit\u00e0 significa vivere un\u2019esperienza formativa che rafforza il senso civico e la consapevolezza del valore della convivenza democratica.<\/p>\n<p>Invito quindi tutta la comunit\u00e0, le famiglie, le insegnanti e gli studenti a partecipare e condividere insieme questo momento significativo per Mandela.<\/p>\n<h5><strong>Il Sindaco<\/strong> &#8211; <strong>Claudio Pettinelli<\/strong><\/h5>\n<\/div>\n<\/div>\n<div><\/div>\n\n\t\t\t\n\t\t\t\n\t\t\t\n\t\t\t\n\t\t\t\t\t\t\n\t\t\t\n\n\t\t\t\n\n","protected":false},"excerpt":{"rendered":"<p>Comunicazione alle Cittadinanza Sabato 7 marzo, alle ore 11.00, si terr\u00e0 l\u2019inaugurazione del murale dedicato al valore della legalit\u00e0, realizzato dal Comune di Mandela grazie all\u2019impegno di un nostro concittadino [&hellip;]<\/p>\n","protected":false},"author":175,"featured_media":4961,"comment_status":"closed","ping_status":"closed","sticky":false,"template":"","format":"standard","meta":{"footnotes":""},"categories":[8],"tags":[],"class_list":["post-4960","post","type-post","status-publish","format-standard","has-post-thumbnail","hentry","category-eventi"],"yoast_head":"<!-- This site is optimized with the Yoast SEO plugin v27.4 - https:\/\/yoast.com\/product\/yoast-seo-wordpress\/ -->\n<title>INAUGURAZIONE MURALE DEDICATO ALLA LEGALITA&#039; - Mandela<\/title>\n<meta name=\"robots\" content=\"index, follow, max-snippet:-1, max-image-preview:large, max-video-preview:-1\" \/>\n<link rel=\"canonical\" href=\"https:\/\/comunicacity.net\/mandela\/2026\/03\/03\/inaugurazione-murale-dedicato-alla-legalita\/\" \/>\n<meta property=\"og:locale\" content=\"it_IT\" \/>\n<meta property=\"og:type\" content=\"article\" \/>\n<meta property=\"og:title\" content=\"INAUGURAZIONE MURALE DEDICATO ALLA LEGALITA&#039; - Mandela\" \/>\n<meta property=\"og:description\" content=\"Comunicazione alle Cittadinanza Sabato 7 marzo, alle ore 11.00, si terr\u00e0 l\u2019inaugurazione del murale dedicato al valore della legalit\u00e0, realizzato dal Comune di Mandela grazie all\u2019impegno di un nostro concittadino [&hellip;]\" \/>\n<meta property=\"og:url\" content=\"https:\/\/comunicacity.net\/mandela\/2026\/03\/03\/inaugurazione-murale-dedicato-alla-legalita\/\" \/>\n<meta property=\"og:site_name\" content=\"Mandela\" \/>\n<meta property=\"article:published_time\" content=\"2026-03-03T08:21:01+00:00\" \/>\n<meta property=\"og:image\" content=\"https:\/\/comunicacity.net\/mandela\/wp-content\/uploads\/sites\/7\/2026\/03\/murale-cmcty.png\" \/>\n\t<meta property=\"og:image:width\" content=\"595\" \/>\n\t<meta property=\"og:image:height\" content=\"546\" \/>\n\t<meta property=\"og:image:type\" content=\"image\/png\" \/>\n<meta name=\"author\" content=\"comunemandela\" \/>\n<meta name=\"twitter:label1\" content=\"Scritto da\" \/>\n\t<meta name=\"twitter:data1\" content=\"comunemandela\" \/>\n\t<meta name=\"twitter:label2\" content=\"Tempo di lettura stimato\" \/>\n\t<meta name=\"twitter:data2\" content=\"1 minuto\" \/>\n<script type=\"application\/ld+json\" class=\"yoast-schema-graph\">{\"@context\":\"https:\\\/\\\/schema.org\",\"@graph\":[{\"@type\":\"Article\",\"@id\":\"https:\\\/\\\/comunicacity.net\\\/mandela\\\/2026\\\/03\\\/03\\\/inaugurazione-murale-dedicato-alla-legalita\\\/#article\",\"isPartOf\":{\"@id\":\"https:\\\/\\\/comunicacity.net\\\/mandela\\\/2026\\\/03\\\/03\\\/inaugurazione-murale-dedicato-alla-legalita\\\/\"},\"author\":{\"name\":\"comunemandela\",\"@id\":\"https:\\\/\\\/comunicacity.net\\\/mandela\\\/#\\\/schema\\\/person\\\/c6455d17307d7bf5f7b97ae82adafe61\"},\"headline\":\"INAUGURAZIONE MURALE DEDICATO ALLA LEGALITA&#8217;\",\"datePublished\":\"2026-03-03T08:21:01+00:00\",\"mainEntityOfPage\":{\"@id\":\"https:\\\/\\\/comunicacity.net\\\/mandela\\\/2026\\\/03\\\/03\\\/inaugurazione-murale-dedicato-alla-legalita\\\/\"},\"wordCount\":160,\"image\":{\"@id\":\"https:\\\/\\\/comunicacity.net\\\/mandela\\\/2026\\\/03\\\/03\\\/inaugurazione-murale-dedicato-alla-legalita\\\/#primaryimage\"},\"thumbnailUrl\":\"https:\\\/\\\/comunicacity.net\\\/mandela\\\/wp-content\\\/uploads\\\/sites\\\/7\\\/2026\\\/03\\\/murale-cmcty.png\",\"articleSection\":[\"Eventi\"],\"inLanguage\":\"it-IT\"},{\"@type\":\"WebPage\",\"@id\":\"https:\\\/\\\/comunicacity.net\\\/mandela\\\/2026\\\/03\\\/03\\\/inaugurazione-murale-dedicato-alla-legalita\\\/\",\"url\":\"https:\\\/\\\/comunicacity.net\\\/mandela\\\/2026\\\/03\\\/03\\\/inaugurazione-murale-dedicato-alla-legalita\\\/\",\"name\":\"INAUGURAZIONE MURALE DEDICATO ALLA LEGALITA' - Mandela\",\"isPartOf\":{\"@id\":\"https:\\\/\\\/comunicacity.net\\\/mandela\\\/#website\"},\"primaryImageOfPage\":{\"@id\":\"https:\\\/\\\/comunicacity.net\\\/mandela\\\/2026\\\/03\\\/03\\\/inaugurazione-murale-dedicato-alla-legalita\\\/#primaryimage\"},\"image\":{\"@id\":\"https:\\\/\\\/comunicacity.net\\\/mandela\\\/2026\\\/03\\\/03\\\/inaugurazione-murale-dedicato-alla-legalita\\\/#primaryimage\"},\"thumbnailUrl\":\"https:\\\/\\\/comunicacity.net\\\/mandela\\\/wp-content\\\/uploads\\\/sites\\\/7\\\/2026\\\/03\\\/murale-cmcty.png\",\"datePublished\":\"2026-03-03T08:21:01+00:00\",\"author\":{\"@id\":\"https:\\\/\\\/comunicacity.net\\\/mandela\\\/#\\\/schema\\\/person\\\/c6455d17307d7bf5f7b97ae82adafe61\"},\"breadcrumb\":{\"@id\":\"https:\\\/\\\/comunicacity.net\\\/mandela\\\/2026\\\/03\\\/03\\\/inaugurazione-murale-dedicato-alla-legalita\\\/#breadcrumb\"},\"inLanguage\":\"it-IT\",\"potentialAction\":[{\"@type\":\"ReadAction\",\"target\":[\"https:\\\/\\\/comunicacity.net\\\/mandela\\\/2026\\\/03\\\/03\\\/inaugurazione-murale-dedicato-alla-legalita\\\/\"]}]},{\"@type\":\"ImageObject\",\"inLanguage\":\"it-IT\",\"@id\":\"https:\\\/\\\/comunicacity.net\\\/mandela\\\/2026\\\/03\\\/03\\\/inaugurazione-murale-dedicato-alla-legalita\\\/#primaryimage\",\"url\":\"https:\\\/\\\/comunicacity.net\\\/mandela\\\/wp-content\\\/uploads\\\/sites\\\/7\\\/2026\\\/03\\\/murale-cmcty.png\",\"contentUrl\":\"https:\\\/\\\/comunicacity.net\\\/mandela\\\/wp-content\\\/uploads\\\/sites\\\/7\\\/2026\\\/03\\\/murale-cmcty.png\",\"width\":595,\"height\":546},{\"@type\":\"BreadcrumbList\",\"@id\":\"https:\\\/\\\/comunicacity.net\\\/mandela\\\/2026\\\/03\\\/03\\\/inaugurazione-murale-dedicato-alla-legalita\\\/#breadcrumb\",\"itemListElement\":[{\"@type\":\"ListItem\",\"position\":1,\"name\":\"Home\",\"item\":\"https:\\\/\\\/comunicacity.net\\\/mandela\\\/\"},{\"@type\":\"ListItem\",\"position\":2,\"name\":\"INAUGURAZIONE MURALE DEDICATO ALLA LEGALITA&#8217;\"}]},{\"@type\":\"WebSite\",\"@id\":\"https:\\\/\\\/comunicacity.net\\\/mandela\\\/#website\",\"url\":\"https:\\\/\\\/comunicacity.net\\\/mandela\\\/\",\"name\":\"Mandela\",\"description\":\"Ecco un altro sito ComunicaCity Network\",\"potentialAction\":[{\"@type\":\"SearchAction\",\"target\":{\"@type\":\"EntryPoint\",\"urlTemplate\":\"https:\\\/\\\/comunicacity.net\\\/mandela\\\/?s={search_term_string}\"},\"query-input\":{\"@type\":\"PropertyValueSpecification\",\"valueRequired\":true,\"valueName\":\"search_term_string\"}}],\"inLanguage\":\"it-IT\"},{\"@type\":\"Person\",\"@id\":\"https:\\\/\\\/comunicacity.net\\\/mandela\\\/#\\\/schema\\\/person\\\/c6455d17307d7bf5f7b97ae82adafe61\",\"name\":\"comunemandela\",\"image\":{\"@type\":\"ImageObject\",\"inLanguage\":\"it-IT\",\"@id\":\"https:\\\/\\\/secure.gravatar.com\\\/avatar\\\/b660835417e75130e3e56763cff867a5eee406575ac2f5b9bdaf30825263a25e?s=96&d=mm&r=g\",\"url\":\"https:\\\/\\\/secure.gravatar.com\\\/avatar\\\/b660835417e75130e3e56763cff867a5eee406575ac2f5b9bdaf30825263a25e?s=96&d=mm&r=g\",\"contentUrl\":\"https:\\\/\\\/secure.gravatar.com\\\/avatar\\\/b660835417e75130e3e56763cff867a5eee406575ac2f5b9bdaf30825263a25e?s=96&d=mm&r=g\",\"caption\":\"comunemandela\"},\"url\":\"https:\\\/\\\/comunicacity.net\\\/mandela\\\/author\\\/comunemandela\\\/\"}]}<\/script>\n<!-- \/ Yoast SEO plugin. -->","yoast_head_json":{"title":"INAUGURAZIONE MURALE DEDICATO ALLA LEGALITA' - Mandela","robots":{"index":"index","follow":"follow","max-snippet":"max-snippet:-1","max-image-preview":"max-image-preview:large","max-video-preview":"max-video-preview:-1"},"canonical":"https:\/\/comunicacity.net\/mandela\/2026\/03\/03\/inaugurazione-murale-dedicato-alla-legalita\/","og_locale":"it_IT","og_type":"article","og_title":"INAUGURAZIONE MURALE DEDICATO ALLA LEGALITA' - Mandela","og_description":"Comunicazione alle Cittadinanza Sabato 7 marzo, alle ore 11.00, si terr\u00e0 l\u2019inaugurazione del murale dedicato al valore della legalit\u00e0, realizzato dal Comune di Mandela grazie all\u2019impegno di un nostro concittadino [&hellip;]","og_url":"https:\/\/comunicacity.net\/mandela\/2026\/03\/03\/inaugurazione-murale-dedicato-alla-legalita\/","og_site_name":"Mandela","article_published_time":"2026-03-03T08:21:01+00:00","og_image":[{"width":595,"height":546,"url":"https:\/\/comunicacity.net\/mandela\/wp-content\/uploads\/sites\/7\/2026\/03\/murale-cmcty.png","type":"image\/png"}],"author":"comunemandela","twitter_misc":{"Scritto da":"comunemandela","Tempo di lettura stimato":"1 minuto"},"schema":{"@context":"https:\/\/schema.org","@graph":[{"@type":"Article","@id":"https:\/\/comunicacity.net\/mandela\/2026\/03\/03\/inaugurazione-murale-dedicato-alla-legalita\/#article","isPartOf":{"@id":"https:\/\/comunicacity.net\/mandela\/2026\/03\/03\/inaugurazione-murale-dedicato-alla-legalita\/"},"author":{"name":"comunemandela","@id":"https:\/\/comunicacity.net\/mandela\/#\/schema\/person\/c6455d17307d7bf5f7b97ae82adafe61"},"headline":"INAUGURAZIONE MURALE DEDICATO ALLA LEGALITA&#8217;","datePublished":"2026-03-03T08:21:01+00:00","mainEntityOfPage":{"@id":"https:\/\/comunicacity.net\/mandela\/2026\/03\/03\/inaugurazione-murale-dedicato-alla-legalita\/"},"wordCount":160,"image":{"@id":"https:\/\/comunicacity.net\/mandela\/2026\/03\/03\/inaugurazione-murale-dedicato-alla-legalita\/#primaryimage"},"thumbnailUrl":"https:\/\/comunicacity.net\/mandela\/wp-content\/uploads\/sites\/7\/2026\/03\/murale-cmcty.png","articleSection":["Eventi"],"inLanguage":"it-IT"},{"@type":"WebPage","@id":"https:\/\/comunicacity.net\/mandela\/2026\/03\/03\/inaugurazione-murale-dedicato-alla-legalita\/","url":"https:\/\/comunicacity.net\/mandela\/2026\/03\/03\/inaugurazione-murale-dedicato-alla-legalita\/","name":"INAUGURAZIONE MURALE DEDICATO ALLA LEGALITA' - Mandela","isPartOf":{"@id":"https:\/\/comunicacity.net\/mandela\/#website"},"primaryImageOfPage":{"@id":"https:\/\/comunicacity.net\/mandela\/2026\/03\/03\/inaugurazione-murale-dedicato-alla-legalita\/#primaryimage"},"image":{"@id":"https:\/\/comunicacity.net\/mandela\/2026\/03\/03\/inaugurazione-murale-dedicato-alla-legalita\/#primaryimage"},"thumbnailUrl":"https:\/\/comunicacity.net\/mandela\/wp-content\/uploads\/sites\/7\/2026\/03\/murale-cmcty.png","datePublished":"2026-03-03T08:21:01+00:00","author":{"@id":"https:\/\/comunicacity.net\/mandela\/#\/schema\/person\/c6455d17307d7bf5f7b97ae82adafe61"},"breadcrumb":{"@id":"https:\/\/comunicacity.net\/mandela\/2026\/03\/03\/inaugurazione-murale-dedicato-alla-legalita\/#breadcrumb"},"inLanguage":"it-IT","potentialAction":[{"@type":"ReadAction","target":["https:\/\/comunicacity.net\/mandela\/2026\/03\/03\/inaugurazione-murale-dedicato-alla-legalita\/"]}]},{"@type":"ImageObject","inLanguage":"it-IT","@id":"https:\/\/comunicacity.net\/mandela\/2026\/03\/03\/inaugurazione-murale-dedicato-alla-legalita\/#primaryimage","url":"https:\/\/comunicacity.net\/mandela\/wp-content\/uploads\/sites\/7\/2026\/03\/murale-cmcty.png","contentUrl":"https:\/\/comunicacity.net\/mandela\/wp-content\/uploads\/sites\/7\/2026\/03\/murale-cmcty.png","width":595,"height":546},{"@type":"BreadcrumbList","@id":"https:\/\/comunicacity.net\/mandela\/2026\/03\/03\/inaugurazione-murale-dedicato-alla-legalita\/#breadcrumb","itemListElement":[{"@type":"ListItem","position":1,"name":"Home","item":"https:\/\/comunicacity.net\/mandela\/"},{"@type":"ListItem","position":2,"name":"INAUGURAZIONE MURALE DEDICATO ALLA LEGALITA&#8217;"}]},{"@type":"WebSite","@id":"https:\/\/comunicacity.net\/mandela\/#website","url":"https:\/\/comunicacity.net\/mandela\/","name":"Mandela","description":"Ecco un altro sito ComunicaCity Network","potentialAction":[{"@type":"SearchAction","target":{"@type":"EntryPoint","urlTemplate":"https:\/\/comunicacity.net\/mandela\/?s={search_term_string}"},"query-input":{"@type":"PropertyValueSpecification","valueRequired":true,"valueName":"search_term_string"}}],"inLanguage":"it-IT"},{"@type":"Person","@id":"https:\/\/comunicacity.net\/mandela\/#\/schema\/person\/c6455d17307d7bf5f7b97ae82adafe61","name":"comunemandela","image":{"@type":"ImageObject","inLanguage":"it-IT","@id":"https:\/\/secure.gravatar.com\/avatar\/b660835417e75130e3e56763cff867a5eee406575ac2f5b9bdaf30825263a25e?s=96&d=mm&r=g","url":"https:\/\/secure.gravatar.com\/avatar\/b660835417e75130e3e56763cff867a5eee406575ac2f5b9bdaf30825263a25e?s=96&d=mm&r=g","contentUrl":"https:\/\/secure.gravatar.com\/avatar\/b660835417e75130e3e56763cff867a5eee406575ac2f5b9bdaf30825263a25e?s=96&d=mm&r=g","caption":"comunemandela"},"url":"https:\/\/comunicacity.net\/mandela\/author\/comunemandela\/"}]}},"meta_box":{"cc4_urg_colore":"rosso","cc4_urg_data_inizio":"","cc4_urg_data_fine":"","cc4_cor_positivi_oggi":"","cc4_cor_negativizzati_oggi":"","cc4_cor_deceduti_oggi":"","cc4_cor_positivi_totali":"","cc4_cor_negativizzati_totali":"","cc4_cor_deceduti_totali":"","cc4_cor_attualmente_positivi":"","cc4_eve_data_inizio":"","cc4_eve_data_fine":"","cc4_eve_indirizzo":"","cc4_eve_posizione":{"latitude":"0","longitude":"0","zoom":"0"},"cc4_eve_telefono":"","cc4_eve_email":"","cc4_eve_web":"","cc4_eve_fb":"","sitopa_id":""},"_links":{"self":[{"href":"https:\/\/comunicacity.net\/mandela\/wp-json\/wp\/v2\/posts\/4960","targetHints":{"allow":["GET"]}}],"collection":[{"href":"https:\/\/comunicacity.net\/mandela\/wp-json\/wp\/v2\/posts"}],"about":[{"href":"https:\/\/comunicacity.net\/mandela\/wp-json\/wp\/v2\/types\/post"}],"author":[{"embeddable":true,"href":"https:\/\/comunicacity.net\/mandela\/wp-json\/wp\/v2\/users\/175"}],"replies":[{"embeddable":true,"href":"https:\/\/comunicacity.net\/mandela\/wp-json\/wp\/v2\/comments?post=4960"}],"version-history":[{"count":1,"href":"https:\/\/comunicacity.net\/mandela\/wp-json\/wp\/v2\/posts\/4960\/revisions"}],"predecessor-version":[{"id":4962,"href":"https:\/\/comunicacity.net\/mandela\/wp-json\/wp\/v2\/posts\/4960\/revisions\/4962"}],"wp:featuredmedia":[{"embeddable":true,"href":"https:\/\/comunicacity.net\/mandela\/wp-json\/wp\/v2\/media\/4961"}],"wp:attachment":[{"href":"https:\/\/comunicacity.net\/mandela\/wp-json\/wp\/v2\/media?parent=4960"}],"wp:term":[{"taxonomy":"category","embeddable":true,"href":"https:\/\/comunicacity.net\/mandela\/wp-json\/wp\/v2\/categories?post=4960"},{"taxonomy":"post_tag","embeddable":true,"href":"https:\/\/comunicacity.net\/mandela\/wp-json\/wp\/v2\/tags?post=4960"}],"curies":[{"name":"wp","href":"https:\/\/api.w.org\/{rel}","templated":true}]}}