{"id":1947,"date":"2021-01-06T12:11:33","date_gmt":"2021-01-06T11:11:33","guid":{"rendered":"https:\/\/comunicacity.net\/marcellina\/?p=1947"},"modified":"2021-01-06T12:11:33","modified_gmt":"2021-01-06T11:11:33","slug":"una-befana-diversa-per-tornare-a-sognare-nel-2021","status":"publish","type":"post","link":"https:\/\/comunicacity.net\/marcellina\/2021\/01\/06\/una-befana-diversa-per-tornare-a-sognare-nel-2021\/","title":{"rendered":"UNA BEFANA DIVERSA\u2026 PER TORNARE A SOGNARE NEL 2021"},"content":{"rendered":"<p>In questo periodo particolare che non ci ha permesso di condividere in forma aggregata le tradizionali manifestazioni, tra cui \u201cla festivit\u00e0 della Befana\u201d, l\u2019<strong>Amministrazione comunale<\/strong> e la <strong>Pro Loco<\/strong> hanno deciso di omaggiare tutti gli alunni dell\u2019Istituto Comprensivo di Marcellina con un calendario del 2021, con l\u2019auspicio che il nuovo anno sia per tutti un anno di rinascita e di uscita dall\u2019emergenza legata alla pandemia, che da quasi un anno ha modificato totalmente le nostre vite.<br \/>\nAuguriamo in particolare a tutti i nostri giovani che il 2021 possa segnare la ripresa di una vita normale, perch\u00e9 loro pi\u00f9 degli altri hanno sofferto la mancanza di relazioni interpersonali e di momenti di socializzazione indispensabili per la loro crescita e formazione.<br \/>\nAbbiamo scelto di aprire il calendario con l\u2019immagine della Biblioteca comunale &#8211; che presto verr\u00e0 ristrutturata e rinnovata per tornare ad essere vissuta dai nostri bambini e ragazzi &#8211; e abbiamo voluto condividere le immagini di alcuni dei progetti realizzati insieme agli alunni dell\u2019Istituto Comprensivo, con la speranza di poter tornare finalmente a fruire tutti insieme di arte e cultura.<\/p>\n<p><strong>L\u2019Assessore alla Cultura, Pubblica Istruzione e Attivit\u00e0 Produttive<\/strong><br \/>\n<em>Alessandra Danieli<\/em><\/p>\n<p><strong>Il SINDACO<\/strong><br \/>\n<em>Alessandro Lundini<\/em><\/p>\n<p><strong>Il Presidente della Pro Loco<\/strong><br \/>\n<em>Scolastica Fazzini<\/em><\/p>\n<p>Ringraziamo il Dirigente Scolastico dell\u2019Istituto Comprensivo di Marcellina, la Professoressa Angela Bianchi, che ci ha voluto regalare questo bellissimo pensiero:<\/p>\n<p>Le storie vere della vita hanno inizio dai sogni e dalla volont\u00e0 di tradurli in realt\u00e0.<br \/>\nLa lettura ci d\u00e0 compagnia in questo interminabile viaggio.<br \/>\nCi aiuta a scrutare vicino e lontano, ci fa capire il dono grande dell\u2019intelligenza umana, che \u00e8 la bussola di libert\u00e0 per le vie del mondo e della storia.<br \/>\nLa biblioteca, come la scuola, \u00e8 il luogo del nostro incontro con la curiosit\u00e0;<br \/>\n\u00e8 fonte di alimento spirituale per una comunit\u00e0 che vuole crescere in cultura, lavoro, giustizia, solidariet\u00e0, concordia e benessere sociale.<br \/>\nLa lodevole iniziativa di dotare la citt\u00e0 di una biblioteca rinnovata, all\u2019inizio del 2021, allarga orizzonti di speranza e di luce sul futuro di Marcellina.<br \/>\n\u00c8 questo l\u2019augurio mio personale e dell\u2019intero Istituto Comprensivo.<\/p>\n<p><em>Professoressa Angela Bianchi<\/em><br \/>\n<strong>Dirigente Scolastico<\/strong><\/p>\n","protected":false},"excerpt":{"rendered":"<p>In questo periodo particolare che non ci ha permesso di condividere in forma aggregata le tradizionali manifestazioni, tra cui \u201cla festivit\u00e0 della Befana\u201d, l\u2019Amministrazione comunale e la Pro Loco hanno [&hellip;]<\/p>\n","protected":false},"author":283,"featured_media":1948,"comment_status":"closed","ping_status":"closed","sticky":false,"template":"","format":"standard","meta":{"footnotes":""},"categories":[9],"tags":[],"class_list":["post-1947","post","type-post","status-publish","format-standard","has-post-thumbnail","hentry","category-cultura"],"yoast_head":"<!-- This site is optimized with the Yoast SEO plugin v27.4 - https:\/\/yoast.com\/product\/yoast-seo-wordpress\/ -->\n<title>UNA BEFANA DIVERSA\u2026 PER TORNARE A SOGNARE NEL 2021 - Marcellina<\/title>\n<meta name=\"robots\" content=\"index, follow, max-snippet:-1, max-image-preview:large, max-video-preview:-1\" \/>\n<link rel=\"canonical\" href=\"https:\/\/comunicacity.net\/marcellina\/2021\/01\/06\/una-befana-diversa-per-tornare-a-sognare-nel-2021\/\" \/>\n<meta property=\"og:locale\" content=\"it_IT\" \/>\n<meta property=\"og:type\" content=\"article\" \/>\n<meta property=\"og:title\" content=\"UNA BEFANA DIVERSA\u2026 PER TORNARE A SOGNARE NEL 2021 - Marcellina\" \/>\n<meta property=\"og:description\" content=\"In questo periodo particolare che non ci ha permesso di condividere in forma aggregata le tradizionali manifestazioni, tra cui \u201cla festivit\u00e0 della Befana\u201d, l\u2019Amministrazione comunale e la Pro Loco hanno [&hellip;]\" \/>\n<meta property=\"og:url\" content=\"https:\/\/comunicacity.net\/marcellina\/2021\/01\/06\/una-befana-diversa-per-tornare-a-sognare-nel-2021\/\" \/>\n<meta property=\"og:site_name\" content=\"Marcellina\" \/>\n<meta property=\"article:publisher\" content=\"http:\/\/facebook.com\/ComunicaCity\" \/>\n<meta property=\"article:published_time\" content=\"2021-01-06T11:11:33+00:00\" \/>\n<meta property=\"og:image\" content=\"https:\/\/comunicacity.net\/marcellina\/wp-content\/uploads\/sites\/162\/2021\/01\/WhatsApp-Image-2021-01-05-at-15.57.28.jpeg\" \/>\n\t<meta property=\"og:image:width\" content=\"777\" \/>\n\t<meta property=\"og:image:height\" content=\"661\" \/>\n\t<meta property=\"og:image:type\" content=\"image\/jpeg\" \/>\n<meta name=\"author\" content=\"pcerquatti\" \/>\n<meta name=\"twitter:card\" content=\"summary_large_image\" \/>\n<meta name=\"twitter:creator\" content=\"@comunicacity\" \/>\n<meta name=\"twitter:site\" content=\"@comunicacity\" \/>\n<meta name=\"twitter:label1\" content=\"Scritto da\" \/>\n\t<meta name=\"twitter:data1\" content=\"pcerquatti\" \/>\n\t<meta name=\"twitter:label2\" content=\"Tempo di lettura stimato\" \/>\n\t<meta name=\"twitter:data2\" content=\"2 minuti\" \/>\n<script type=\"application\/ld+json\" class=\"yoast-schema-graph\">{\"@context\":\"https:\\\/\\\/schema.org\",\"@graph\":[{\"@type\":\"Article\",\"@id\":\"https:\\\/\\\/comunicacity.net\\\/marcellina\\\/2021\\\/01\\\/06\\\/una-befana-diversa-per-tornare-a-sognare-nel-2021\\\/#article\",\"isPartOf\":{\"@id\":\"https:\\\/\\\/comunicacity.net\\\/marcellina\\\/2021\\\/01\\\/06\\\/una-befana-diversa-per-tornare-a-sognare-nel-2021\\\/\"},\"author\":{\"name\":\"pcerquatti\",\"@id\":\"https:\\\/\\\/comunicacity.net\\\/marcellina\\\/#\\\/schema\\\/person\\\/46a8c6fea6b87cf6560c1b2aef9df1a4\"},\"headline\":\"UNA BEFANA DIVERSA\u2026 PER TORNARE A SOGNARE NEL 2021\",\"datePublished\":\"2021-01-06T11:11:33+00:00\",\"mainEntityOfPage\":{\"@id\":\"https:\\\/\\\/comunicacity.net\\\/marcellina\\\/2021\\\/01\\\/06\\\/una-befana-diversa-per-tornare-a-sognare-nel-2021\\\/\"},\"wordCount\":360,\"image\":{\"@id\":\"https:\\\/\\\/comunicacity.net\\\/marcellina\\\/2021\\\/01\\\/06\\\/una-befana-diversa-per-tornare-a-sognare-nel-2021\\\/#primaryimage\"},\"thumbnailUrl\":\"https:\\\/\\\/comunicacity.net\\\/marcellina\\\/wp-content\\\/uploads\\\/sites\\\/162\\\/2021\\\/01\\\/WhatsApp-Image-2021-01-05-at-15.57.28.jpeg\",\"articleSection\":[\"Cultura\"],\"inLanguage\":\"it-IT\"},{\"@type\":\"WebPage\",\"@id\":\"https:\\\/\\\/comunicacity.net\\\/marcellina\\\/2021\\\/01\\\/06\\\/una-befana-diversa-per-tornare-a-sognare-nel-2021\\\/\",\"url\":\"https:\\\/\\\/comunicacity.net\\\/marcellina\\\/2021\\\/01\\\/06\\\/una-befana-diversa-per-tornare-a-sognare-nel-2021\\\/\",\"name\":\"UNA BEFANA DIVERSA\u2026 PER TORNARE A SOGNARE NEL 2021 - Marcellina\",\"isPartOf\":{\"@id\":\"https:\\\/\\\/comunicacity.net\\\/marcellina\\\/#website\"},\"primaryImageOfPage\":{\"@id\":\"https:\\\/\\\/comunicacity.net\\\/marcellina\\\/2021\\\/01\\\/06\\\/una-befana-diversa-per-tornare-a-sognare-nel-2021\\\/#primaryimage\"},\"image\":{\"@id\":\"https:\\\/\\\/comunicacity.net\\\/marcellina\\\/2021\\\/01\\\/06\\\/una-befana-diversa-per-tornare-a-sognare-nel-2021\\\/#primaryimage\"},\"thumbnailUrl\":\"https:\\\/\\\/comunicacity.net\\\/marcellina\\\/wp-content\\\/uploads\\\/sites\\\/162\\\/2021\\\/01\\\/WhatsApp-Image-2021-01-05-at-15.57.28.jpeg\",\"datePublished\":\"2021-01-06T11:11:33+00:00\",\"author\":{\"@id\":\"https:\\\/\\\/comunicacity.net\\\/marcellina\\\/#\\\/schema\\\/person\\\/46a8c6fea6b87cf6560c1b2aef9df1a4\"},\"breadcrumb\":{\"@id\":\"https:\\\/\\\/comunicacity.net\\\/marcellina\\\/2021\\\/01\\\/06\\\/una-befana-diversa-per-tornare-a-sognare-nel-2021\\\/#breadcrumb\"},\"inLanguage\":\"it-IT\",\"potentialAction\":[{\"@type\":\"ReadAction\",\"target\":[\"https:\\\/\\\/comunicacity.net\\\/marcellina\\\/2021\\\/01\\\/06\\\/una-befana-diversa-per-tornare-a-sognare-nel-2021\\\/\"]}]},{\"@type\":\"ImageObject\",\"inLanguage\":\"it-IT\",\"@id\":\"https:\\\/\\\/comunicacity.net\\\/marcellina\\\/2021\\\/01\\\/06\\\/una-befana-diversa-per-tornare-a-sognare-nel-2021\\\/#primaryimage\",\"url\":\"https:\\\/\\\/comunicacity.net\\\/marcellina\\\/wp-content\\\/uploads\\\/sites\\\/162\\\/2021\\\/01\\\/WhatsApp-Image-2021-01-05-at-15.57.28.jpeg\",\"contentUrl\":\"https:\\\/\\\/comunicacity.net\\\/marcellina\\\/wp-content\\\/uploads\\\/sites\\\/162\\\/2021\\\/01\\\/WhatsApp-Image-2021-01-05-at-15.57.28.jpeg\",\"width\":777,\"height\":661},{\"@type\":\"BreadcrumbList\",\"@id\":\"https:\\\/\\\/comunicacity.net\\\/marcellina\\\/2021\\\/01\\\/06\\\/una-befana-diversa-per-tornare-a-sognare-nel-2021\\\/#breadcrumb\",\"itemListElement\":[{\"@type\":\"ListItem\",\"position\":1,\"name\":\"Home\",\"item\":\"https:\\\/\\\/comunicacity.net\\\/marcellina\\\/\"},{\"@type\":\"ListItem\",\"position\":2,\"name\":\"UNA BEFANA DIVERSA\u2026 PER TORNARE A SOGNARE NEL 2021\"}]},{\"@type\":\"WebSite\",\"@id\":\"https:\\\/\\\/comunicacity.net\\\/marcellina\\\/#website\",\"url\":\"https:\\\/\\\/comunicacity.net\\\/marcellina\\\/\",\"name\":\"Marcellina\",\"description\":\"ComunicaCity\",\"potentialAction\":[{\"@type\":\"SearchAction\",\"target\":{\"@type\":\"EntryPoint\",\"urlTemplate\":\"https:\\\/\\\/comunicacity.net\\\/marcellina\\\/?s={search_term_string}\"},\"query-input\":{\"@type\":\"PropertyValueSpecification\",\"valueRequired\":true,\"valueName\":\"search_term_string\"}}],\"inLanguage\":\"it-IT\"},{\"@type\":\"Person\",\"@id\":\"https:\\\/\\\/comunicacity.net\\\/marcellina\\\/#\\\/schema\\\/person\\\/46a8c6fea6b87cf6560c1b2aef9df1a4\",\"name\":\"pcerquatti\",\"image\":{\"@type\":\"ImageObject\",\"inLanguage\":\"it-IT\",\"@id\":\"https:\\\/\\\/secure.gravatar.com\\\/avatar\\\/f48169bd0c03c6f8285cd7be676047b02fa7704daf268da30a513e9a1f50845c?s=96&d=mm&r=g\",\"url\":\"https:\\\/\\\/secure.gravatar.com\\\/avatar\\\/f48169bd0c03c6f8285cd7be676047b02fa7704daf268da30a513e9a1f50845c?s=96&d=mm&r=g\",\"contentUrl\":\"https:\\\/\\\/secure.gravatar.com\\\/avatar\\\/f48169bd0c03c6f8285cd7be676047b02fa7704daf268da30a513e9a1f50845c?s=96&d=mm&r=g\",\"caption\":\"pcerquatti\"},\"url\":\"https:\\\/\\\/comunicacity.net\\\/marcellina\\\/author\\\/pcerquatti\\\/\"}]}<\/script>\n<!-- \/ Yoast SEO plugin. -->","yoast_head_json":{"title":"UNA BEFANA DIVERSA\u2026 PER TORNARE A SOGNARE NEL 2021 - Marcellina","robots":{"index":"index","follow":"follow","max-snippet":"max-snippet:-1","max-image-preview":"max-image-preview:large","max-video-preview":"max-video-preview:-1"},"canonical":"https:\/\/comunicacity.net\/marcellina\/2021\/01\/06\/una-befana-diversa-per-tornare-a-sognare-nel-2021\/","og_locale":"it_IT","og_type":"article","og_title":"UNA BEFANA DIVERSA\u2026 PER TORNARE A SOGNARE NEL 2021 - Marcellina","og_description":"In questo periodo particolare che non ci ha permesso di condividere in forma aggregata le tradizionali manifestazioni, tra cui \u201cla festivit\u00e0 della Befana\u201d, l\u2019Amministrazione comunale e la Pro Loco hanno [&hellip;]","og_url":"https:\/\/comunicacity.net\/marcellina\/2021\/01\/06\/una-befana-diversa-per-tornare-a-sognare-nel-2021\/","og_site_name":"Marcellina","article_publisher":"http:\/\/facebook.com\/ComunicaCity","article_published_time":"2021-01-06T11:11:33+00:00","og_image":[{"width":777,"height":661,"url":"https:\/\/comunicacity.net\/marcellina\/wp-content\/uploads\/sites\/162\/2021\/01\/WhatsApp-Image-2021-01-05-at-15.57.28.jpeg","type":"image\/jpeg"}],"author":"pcerquatti","twitter_card":"summary_large_image","twitter_creator":"@comunicacity","twitter_site":"@comunicacity","twitter_misc":{"Scritto da":"pcerquatti","Tempo di lettura stimato":"2 minuti"},"schema":{"@context":"https:\/\/schema.org","@graph":[{"@type":"Article","@id":"https:\/\/comunicacity.net\/marcellina\/2021\/01\/06\/una-befana-diversa-per-tornare-a-sognare-nel-2021\/#article","isPartOf":{"@id":"https:\/\/comunicacity.net\/marcellina\/2021\/01\/06\/una-befana-diversa-per-tornare-a-sognare-nel-2021\/"},"author":{"name":"pcerquatti","@id":"https:\/\/comunicacity.net\/marcellina\/#\/schema\/person\/46a8c6fea6b87cf6560c1b2aef9df1a4"},"headline":"UNA BEFANA DIVERSA\u2026 PER TORNARE A SOGNARE NEL 2021","datePublished":"2021-01-06T11:11:33+00:00","mainEntityOfPage":{"@id":"https:\/\/comunicacity.net\/marcellina\/2021\/01\/06\/una-befana-diversa-per-tornare-a-sognare-nel-2021\/"},"wordCount":360,"image":{"@id":"https:\/\/comunicacity.net\/marcellina\/2021\/01\/06\/una-befana-diversa-per-tornare-a-sognare-nel-2021\/#primaryimage"},"thumbnailUrl":"https:\/\/comunicacity.net\/marcellina\/wp-content\/uploads\/sites\/162\/2021\/01\/WhatsApp-Image-2021-01-05-at-15.57.28.jpeg","articleSection":["Cultura"],"inLanguage":"it-IT"},{"@type":"WebPage","@id":"https:\/\/comunicacity.net\/marcellina\/2021\/01\/06\/una-befana-diversa-per-tornare-a-sognare-nel-2021\/","url":"https:\/\/comunicacity.net\/marcellina\/2021\/01\/06\/una-befana-diversa-per-tornare-a-sognare-nel-2021\/","name":"UNA BEFANA DIVERSA\u2026 PER TORNARE A SOGNARE NEL 2021 - Marcellina","isPartOf":{"@id":"https:\/\/comunicacity.net\/marcellina\/#website"},"primaryImageOfPage":{"@id":"https:\/\/comunicacity.net\/marcellina\/2021\/01\/06\/una-befana-diversa-per-tornare-a-sognare-nel-2021\/#primaryimage"},"image":{"@id":"https:\/\/comunicacity.net\/marcellina\/2021\/01\/06\/una-befana-diversa-per-tornare-a-sognare-nel-2021\/#primaryimage"},"thumbnailUrl":"https:\/\/comunicacity.net\/marcellina\/wp-content\/uploads\/sites\/162\/2021\/01\/WhatsApp-Image-2021-01-05-at-15.57.28.jpeg","datePublished":"2021-01-06T11:11:33+00:00","author":{"@id":"https:\/\/comunicacity.net\/marcellina\/#\/schema\/person\/46a8c6fea6b87cf6560c1b2aef9df1a4"},"breadcrumb":{"@id":"https:\/\/comunicacity.net\/marcellina\/2021\/01\/06\/una-befana-diversa-per-tornare-a-sognare-nel-2021\/#breadcrumb"},"inLanguage":"it-IT","potentialAction":[{"@type":"ReadAction","target":["https:\/\/comunicacity.net\/marcellina\/2021\/01\/06\/una-befana-diversa-per-tornare-a-sognare-nel-2021\/"]}]},{"@type":"ImageObject","inLanguage":"it-IT","@id":"https:\/\/comunicacity.net\/marcellina\/2021\/01\/06\/una-befana-diversa-per-tornare-a-sognare-nel-2021\/#primaryimage","url":"https:\/\/comunicacity.net\/marcellina\/wp-content\/uploads\/sites\/162\/2021\/01\/WhatsApp-Image-2021-01-05-at-15.57.28.jpeg","contentUrl":"https:\/\/comunicacity.net\/marcellina\/wp-content\/uploads\/sites\/162\/2021\/01\/WhatsApp-Image-2021-01-05-at-15.57.28.jpeg","width":777,"height":661},{"@type":"BreadcrumbList","@id":"https:\/\/comunicacity.net\/marcellina\/2021\/01\/06\/una-befana-diversa-per-tornare-a-sognare-nel-2021\/#breadcrumb","itemListElement":[{"@type":"ListItem","position":1,"name":"Home","item":"https:\/\/comunicacity.net\/marcellina\/"},{"@type":"ListItem","position":2,"name":"UNA BEFANA DIVERSA\u2026 PER TORNARE A SOGNARE NEL 2021"}]},{"@type":"WebSite","@id":"https:\/\/comunicacity.net\/marcellina\/#website","url":"https:\/\/comunicacity.net\/marcellina\/","name":"Marcellina","description":"ComunicaCity","potentialAction":[{"@type":"SearchAction","target":{"@type":"EntryPoint","urlTemplate":"https:\/\/comunicacity.net\/marcellina\/?s={search_term_string}"},"query-input":{"@type":"PropertyValueSpecification","valueRequired":true,"valueName":"search_term_string"}}],"inLanguage":"it-IT"},{"@type":"Person","@id":"https:\/\/comunicacity.net\/marcellina\/#\/schema\/person\/46a8c6fea6b87cf6560c1b2aef9df1a4","name":"pcerquatti","image":{"@type":"ImageObject","inLanguage":"it-IT","@id":"https:\/\/secure.gravatar.com\/avatar\/f48169bd0c03c6f8285cd7be676047b02fa7704daf268da30a513e9a1f50845c?s=96&d=mm&r=g","url":"https:\/\/secure.gravatar.com\/avatar\/f48169bd0c03c6f8285cd7be676047b02fa7704daf268da30a513e9a1f50845c?s=96&d=mm&r=g","contentUrl":"https:\/\/secure.gravatar.com\/avatar\/f48169bd0c03c6f8285cd7be676047b02fa7704daf268da30a513e9a1f50845c?s=96&d=mm&r=g","caption":"pcerquatti"},"url":"https:\/\/comunicacity.net\/marcellina\/author\/pcerquatti\/"}]}},"meta_box":{"cc4_urg_colore":"","cc4_urg_data_inizio":"","cc4_urg_data_fine":"","cc4_cor_positivi_oggi":"","cc4_cor_negativizzati_oggi":"","cc4_cor_deceduti_oggi":"","cc4_cor_positivi_totali":"","cc4_cor_negativizzati_totali":"","cc4_cor_deceduti_totali":"","cc4_cor_attualmente_positivi":"","cc4_eve_data_inizio":"","cc4_eve_data_fine":"","cc4_eve_indirizzo":"","cc4_eve_posizione":{"latitude":"","longitude":"","zoom":""},"cc4_eve_telefono":"","cc4_eve_email":"","cc4_eve_web":"","cc4_eve_fb":"","sitopa_id":""},"_links":{"self":[{"href":"https:\/\/comunicacity.net\/marcellina\/wp-json\/wp\/v2\/posts\/1947","targetHints":{"allow":["GET"]}}],"collection":[{"href":"https:\/\/comunicacity.net\/marcellina\/wp-json\/wp\/v2\/posts"}],"about":[{"href":"https:\/\/comunicacity.net\/marcellina\/wp-json\/wp\/v2\/types\/post"}],"author":[{"embeddable":true,"href":"https:\/\/comunicacity.net\/marcellina\/wp-json\/wp\/v2\/users\/283"}],"replies":[{"embeddable":true,"href":"https:\/\/comunicacity.net\/marcellina\/wp-json\/wp\/v2\/comments?post=1947"}],"version-history":[{"count":1,"href":"https:\/\/comunicacity.net\/marcellina\/wp-json\/wp\/v2\/posts\/1947\/revisions"}],"predecessor-version":[{"id":1949,"href":"https:\/\/comunicacity.net\/marcellina\/wp-json\/wp\/v2\/posts\/1947\/revisions\/1949"}],"wp:featuredmedia":[{"embeddable":true,"href":"https:\/\/comunicacity.net\/marcellina\/wp-json\/wp\/v2\/media\/1948"}],"wp:attachment":[{"href":"https:\/\/comunicacity.net\/marcellina\/wp-json\/wp\/v2\/media?parent=1947"}],"wp:term":[{"taxonomy":"category","embeddable":true,"href":"https:\/\/comunicacity.net\/marcellina\/wp-json\/wp\/v2\/categories?post=1947"},{"taxonomy":"post_tag","embeddable":true,"href":"https:\/\/comunicacity.net\/marcellina\/wp-json\/wp\/v2\/tags?post=1947"}],"curies":[{"name":"wp","href":"https:\/\/api.w.org\/{rel}","templated":true}]}}