{"id":6334,"date":"2025-01-24T12:07:05","date_gmt":"2025-01-24T11:07:05","guid":{"rendered":"https:\/\/comunicacity.net\/pomaretto\/?p=6334"},"modified":"2025-01-24T12:07:05","modified_gmt":"2025-01-24T11:07:05","slug":"installazione-punto-di-raccolta-acqua-piovana","status":"publish","type":"post","link":"https:\/\/comunicacity.net\/pomaretto\/2025\/01\/24\/installazione-punto-di-raccolta-acqua-piovana\/","title":{"rendered":"INSTALLAZIONE PUNTO DI RACCOLTA ACQUA PIOVANA"},"content":{"rendered":"<p>Cari concittadini,<br \/>\nnelle linee guida del programma elettorale della lista \u201cInsieme per il futuro\u201d al punto \u201cAssetto del Territorio, agricoltura e salvaguardia dell\u2019ambiente\u201d e pi\u00f9 precisamente al paragrafo \u201cSostenibilit\u00e0 e ambiente\u201d figurava l\u2019intenzione di recuperare l\u2019acqua piovana in vista del \u201ccambiamento climatico e della maggiore siccit\u00e0\u201d.<br \/>\nPensiamo si possa e si debba partire ed incoraggiare questa iniziativa anche con un aiuto economico.<br \/>\nIl lavoro da fare \u00e8 molto semplice, la spesa modesta, ma questo consentir\u00e0 il non utilizzo dell\u2019acqua potabile per bagnare fiori, orti e giardini per chi non usufruisce dell\u2019acqua del \u201cbial\u201d e per chi, invece, ne \u00e8 socio fruitore di avere la disponibilit\u00e0 d\u2019acqua nei periodi in cui non \u00e8 ancora aperta ma c\u2019\u00e8 gi\u00e0 necessit\u00e0 di innaffiare.<br \/>\nNel concreto, chi fosse interessato, dovr\u00e0 individuare un posto il pi\u00f9 possibile vicino ad una discesa delle grondaie ove posizionare un cisterna (consigliata quella da 1000 l.). Bisogna poi effettuare un piccolo foro nel tubo di discesa ed infine mediante un kit che si trova in commercio collegare il tutto.<br \/>\nLa peculiarit\u00e0 di questo kit \u00e8 che funziona anche da troppo pieno. Consigliamo che l\u2019individuazione del posto ove piazzare la cisterna tenga conto del fattore estetico ambientale, in pratica metterla in un posto poco visibile e se questo non \u00e8 possibile camuffarla in qualche maniera.<\/p>\n<p>Il Comune interverr\u00e0 per coprire parte della spesa.<\/p>\n<p>Per adesioni e informazioni rivolgersi al numero 347.8518405.<\/p>\n<div id='wpba_attachment_list' class=''>\n<div class='ui list'><h3 style=\"display:none;\">\ud83d\udcce Allegati<\/h3><ul><li><a id=\"wpba_attachment_list_6336\" class=\"y-skip-href item\" href=\"https:\/\/comunicacity.net\/pomaretto\/wp-content\/uploads\/sites\/59\/2025\/01\/Installazione-punto-raccolta-acqua-piovana.pdf\" onclick=\"window.open('https:\/\/comunicacity.net\/pomaretto\/wp-content\/uploads\/sites\/59\/2025\/01\/Installazione-punto-raccolta-acqua-piovana.pdf', '_system'); return false;\"><i class='icon attachment'><\/i>Installazione punto raccolta acqua piovana<\/a><\/li>\n<\/ul><\/div><\/div>\n","protected":false},"excerpt":{"rendered":"<p>Cari concittadini, nelle linee guida del programma elettorale della lista \u201cInsieme per il futuro\u201d al punto \u201cAssetto del Territorio, agricoltura e salvaguardia dell\u2019ambiente\u201d e pi\u00f9 precisamente al paragrafo \u201cSostenibilit\u00e0 e [&hellip;]<\/p>\n","protected":false},"author":118,"featured_media":6335,"comment_status":"closed","ping_status":"closed","sticky":false,"template":"","format":"standard","meta":{"footnotes":""},"categories":[3],"tags":[],"class_list":["post-6334","post","type-post","status-publish","format-standard","has-post-thumbnail","hentry","category-ambiente"],"yoast_head":"<!-- This site is optimized with the Yoast SEO plugin v27.4 - https:\/\/yoast.com\/product\/yoast-seo-wordpress\/ -->\n<title>INSTALLAZIONE PUNTO DI RACCOLTA ACQUA PIOVANA - Pomaretto<\/title>\n<meta name=\"robots\" content=\"index, follow, max-snippet:-1, max-image-preview:large, max-video-preview:-1\" \/>\n<link rel=\"canonical\" href=\"https:\/\/comunicacity.net\/pomaretto\/2025\/01\/24\/installazione-punto-di-raccolta-acqua-piovana\/\" \/>\n<meta property=\"og:locale\" content=\"it_IT\" \/>\n<meta property=\"og:type\" content=\"article\" \/>\n<meta property=\"og:title\" content=\"INSTALLAZIONE PUNTO DI RACCOLTA ACQUA PIOVANA - Pomaretto\" \/>\n<meta property=\"og:description\" content=\"Cari concittadini, nelle linee guida del programma elettorale della lista \u201cInsieme per il futuro\u201d al punto \u201cAssetto del Territorio, agricoltura e salvaguardia dell\u2019ambiente\u201d e pi\u00f9 precisamente al paragrafo \u201cSostenibilit\u00e0 e [&hellip;]\" \/>\n<meta property=\"og:url\" content=\"https:\/\/comunicacity.net\/pomaretto\/2025\/01\/24\/installazione-punto-di-raccolta-acqua-piovana\/\" \/>\n<meta property=\"og:site_name\" content=\"Pomaretto\" \/>\n<meta property=\"article:publisher\" content=\"http:\/\/facebook.com\/ComunicaCity\" \/>\n<meta property=\"article:published_time\" content=\"2025-01-24T11:07:05+00:00\" \/>\n<meta property=\"og:image\" content=\"https:\/\/comunicacity.net\/pomaretto\/wp-content\/uploads\/sites\/59\/2025\/01\/Installazione-punto-raccolta-acqua-piovana-1.jpg\" \/>\n\t<meta property=\"og:image:width\" content=\"1500\" \/>\n\t<meta property=\"og:image:height\" content=\"2122\" \/>\n\t<meta property=\"og:image:type\" content=\"image\/jpeg\" \/>\n<meta name=\"author\" content=\"Ornella\" \/>\n<meta name=\"twitter:card\" content=\"summary_large_image\" \/>\n<meta name=\"twitter:creator\" content=\"@comunicacity\" \/>\n<meta name=\"twitter:site\" content=\"@comunicacity\" \/>\n<meta name=\"twitter:label1\" content=\"Scritto da\" \/>\n\t<meta name=\"twitter:data1\" content=\"Ornella\" \/>\n\t<meta name=\"twitter:label2\" content=\"Tempo di lettura stimato\" \/>\n\t<meta name=\"twitter:data2\" content=\"1 minuto\" \/>\n<script type=\"application\/ld+json\" class=\"yoast-schema-graph\">{\"@context\":\"https:\\\/\\\/schema.org\",\"@graph\":[{\"@type\":\"Article\",\"@id\":\"https:\\\/\\\/comunicacity.net\\\/pomaretto\\\/2025\\\/01\\\/24\\\/installazione-punto-di-raccolta-acqua-piovana\\\/#article\",\"isPartOf\":{\"@id\":\"https:\\\/\\\/comunicacity.net\\\/pomaretto\\\/2025\\\/01\\\/24\\\/installazione-punto-di-raccolta-acqua-piovana\\\/\"},\"author\":{\"name\":\"Ornella\",\"@id\":\"https:\\\/\\\/comunicacity.net\\\/pomaretto\\\/#\\\/schema\\\/person\\\/9c1262c4b52bc41d9ef8aa554e351220\"},\"headline\":\"INSTALLAZIONE PUNTO DI RACCOLTA ACQUA PIOVANA\",\"datePublished\":\"2025-01-24T11:07:05+00:00\",\"mainEntityOfPage\":{\"@id\":\"https:\\\/\\\/comunicacity.net\\\/pomaretto\\\/2025\\\/01\\\/24\\\/installazione-punto-di-raccolta-acqua-piovana\\\/\"},\"wordCount\":237,\"image\":{\"@id\":\"https:\\\/\\\/comunicacity.net\\\/pomaretto\\\/2025\\\/01\\\/24\\\/installazione-punto-di-raccolta-acqua-piovana\\\/#primaryimage\"},\"thumbnailUrl\":\"https:\\\/\\\/comunicacity.net\\\/pomaretto\\\/wp-content\\\/uploads\\\/sites\\\/59\\\/2025\\\/01\\\/Installazione-punto-raccolta-acqua-piovana-1.jpg\",\"articleSection\":[\"Ambiente\"],\"inLanguage\":\"it-IT\"},{\"@type\":\"WebPage\",\"@id\":\"https:\\\/\\\/comunicacity.net\\\/pomaretto\\\/2025\\\/01\\\/24\\\/installazione-punto-di-raccolta-acqua-piovana\\\/\",\"url\":\"https:\\\/\\\/comunicacity.net\\\/pomaretto\\\/2025\\\/01\\\/24\\\/installazione-punto-di-raccolta-acqua-piovana\\\/\",\"name\":\"INSTALLAZIONE PUNTO DI RACCOLTA ACQUA PIOVANA - Pomaretto\",\"isPartOf\":{\"@id\":\"https:\\\/\\\/comunicacity.net\\\/pomaretto\\\/#website\"},\"primaryImageOfPage\":{\"@id\":\"https:\\\/\\\/comunicacity.net\\\/pomaretto\\\/2025\\\/01\\\/24\\\/installazione-punto-di-raccolta-acqua-piovana\\\/#primaryimage\"},\"image\":{\"@id\":\"https:\\\/\\\/comunicacity.net\\\/pomaretto\\\/2025\\\/01\\\/24\\\/installazione-punto-di-raccolta-acqua-piovana\\\/#primaryimage\"},\"thumbnailUrl\":\"https:\\\/\\\/comunicacity.net\\\/pomaretto\\\/wp-content\\\/uploads\\\/sites\\\/59\\\/2025\\\/01\\\/Installazione-punto-raccolta-acqua-piovana-1.jpg\",\"datePublished\":\"2025-01-24T11:07:05+00:00\",\"author\":{\"@id\":\"https:\\\/\\\/comunicacity.net\\\/pomaretto\\\/#\\\/schema\\\/person\\\/9c1262c4b52bc41d9ef8aa554e351220\"},\"breadcrumb\":{\"@id\":\"https:\\\/\\\/comunicacity.net\\\/pomaretto\\\/2025\\\/01\\\/24\\\/installazione-punto-di-raccolta-acqua-piovana\\\/#breadcrumb\"},\"inLanguage\":\"it-IT\",\"potentialAction\":[{\"@type\":\"ReadAction\",\"target\":[\"https:\\\/\\\/comunicacity.net\\\/pomaretto\\\/2025\\\/01\\\/24\\\/installazione-punto-di-raccolta-acqua-piovana\\\/\"]}]},{\"@type\":\"ImageObject\",\"inLanguage\":\"it-IT\",\"@id\":\"https:\\\/\\\/comunicacity.net\\\/pomaretto\\\/2025\\\/01\\\/24\\\/installazione-punto-di-raccolta-acqua-piovana\\\/#primaryimage\",\"url\":\"https:\\\/\\\/comunicacity.net\\\/pomaretto\\\/wp-content\\\/uploads\\\/sites\\\/59\\\/2025\\\/01\\\/Installazione-punto-raccolta-acqua-piovana-1.jpg\",\"contentUrl\":\"https:\\\/\\\/comunicacity.net\\\/pomaretto\\\/wp-content\\\/uploads\\\/sites\\\/59\\\/2025\\\/01\\\/Installazione-punto-raccolta-acqua-piovana-1.jpg\",\"width\":1500,\"height\":2122},{\"@type\":\"BreadcrumbList\",\"@id\":\"https:\\\/\\\/comunicacity.net\\\/pomaretto\\\/2025\\\/01\\\/24\\\/installazione-punto-di-raccolta-acqua-piovana\\\/#breadcrumb\",\"itemListElement\":[{\"@type\":\"ListItem\",\"position\":1,\"name\":\"Home\",\"item\":\"https:\\\/\\\/comunicacity.net\\\/pomaretto\\\/\"},{\"@type\":\"ListItem\",\"position\":2,\"name\":\"INSTALLAZIONE PUNTO DI RACCOLTA ACQUA PIOVANA\"}]},{\"@type\":\"WebSite\",\"@id\":\"https:\\\/\\\/comunicacity.net\\\/pomaretto\\\/#website\",\"url\":\"https:\\\/\\\/comunicacity.net\\\/pomaretto\\\/\",\"name\":\"Pomaretto\",\"description\":\"Ecco un altro sito ComunicaCity\",\"potentialAction\":[{\"@type\":\"SearchAction\",\"target\":{\"@type\":\"EntryPoint\",\"urlTemplate\":\"https:\\\/\\\/comunicacity.net\\\/pomaretto\\\/?s={search_term_string}\"},\"query-input\":{\"@type\":\"PropertyValueSpecification\",\"valueRequired\":true,\"valueName\":\"search_term_string\"}}],\"inLanguage\":\"it-IT\"},{\"@type\":\"Person\",\"@id\":\"https:\\\/\\\/comunicacity.net\\\/pomaretto\\\/#\\\/schema\\\/person\\\/9c1262c4b52bc41d9ef8aa554e351220\",\"name\":\"Ornella\",\"image\":{\"@type\":\"ImageObject\",\"inLanguage\":\"it-IT\",\"@id\":\"https:\\\/\\\/secure.gravatar.com\\\/avatar\\\/b72bf7fbd66fb1e7572966ed38e32bdfd3aecb7e56e1f4c40793056f3979e8f5?s=96&d=mm&r=g\",\"url\":\"https:\\\/\\\/secure.gravatar.com\\\/avatar\\\/b72bf7fbd66fb1e7572966ed38e32bdfd3aecb7e56e1f4c40793056f3979e8f5?s=96&d=mm&r=g\",\"contentUrl\":\"https:\\\/\\\/secure.gravatar.com\\\/avatar\\\/b72bf7fbd66fb1e7572966ed38e32bdfd3aecb7e56e1f4c40793056f3979e8f5?s=96&d=mm&r=g\",\"caption\":\"Ornella\"},\"url\":\"https:\\\/\\\/comunicacity.net\\\/pomaretto\\\/author\\\/ornellapomaretto\\\/\"}]}<\/script>\n<!-- \/ Yoast SEO plugin. -->","yoast_head_json":{"title":"INSTALLAZIONE PUNTO DI RACCOLTA ACQUA PIOVANA - Pomaretto","robots":{"index":"index","follow":"follow","max-snippet":"max-snippet:-1","max-image-preview":"max-image-preview:large","max-video-preview":"max-video-preview:-1"},"canonical":"https:\/\/comunicacity.net\/pomaretto\/2025\/01\/24\/installazione-punto-di-raccolta-acqua-piovana\/","og_locale":"it_IT","og_type":"article","og_title":"INSTALLAZIONE PUNTO DI RACCOLTA ACQUA PIOVANA - Pomaretto","og_description":"Cari concittadini, nelle linee guida del programma elettorale della lista \u201cInsieme per il futuro\u201d al punto \u201cAssetto del Territorio, agricoltura e salvaguardia dell\u2019ambiente\u201d e pi\u00f9 precisamente al paragrafo \u201cSostenibilit\u00e0 e [&hellip;]","og_url":"https:\/\/comunicacity.net\/pomaretto\/2025\/01\/24\/installazione-punto-di-raccolta-acqua-piovana\/","og_site_name":"Pomaretto","article_publisher":"http:\/\/facebook.com\/ComunicaCity","article_published_time":"2025-01-24T11:07:05+00:00","og_image":[{"width":1500,"height":2122,"url":"https:\/\/comunicacity.net\/pomaretto\/wp-content\/uploads\/sites\/59\/2025\/01\/Installazione-punto-raccolta-acqua-piovana-1.jpg","type":"image\/jpeg"}],"author":"Ornella","twitter_card":"summary_large_image","twitter_creator":"@comunicacity","twitter_site":"@comunicacity","twitter_misc":{"Scritto da":"Ornella","Tempo di lettura stimato":"1 minuto"},"schema":{"@context":"https:\/\/schema.org","@graph":[{"@type":"Article","@id":"https:\/\/comunicacity.net\/pomaretto\/2025\/01\/24\/installazione-punto-di-raccolta-acqua-piovana\/#article","isPartOf":{"@id":"https:\/\/comunicacity.net\/pomaretto\/2025\/01\/24\/installazione-punto-di-raccolta-acqua-piovana\/"},"author":{"name":"Ornella","@id":"https:\/\/comunicacity.net\/pomaretto\/#\/schema\/person\/9c1262c4b52bc41d9ef8aa554e351220"},"headline":"INSTALLAZIONE PUNTO DI RACCOLTA ACQUA PIOVANA","datePublished":"2025-01-24T11:07:05+00:00","mainEntityOfPage":{"@id":"https:\/\/comunicacity.net\/pomaretto\/2025\/01\/24\/installazione-punto-di-raccolta-acqua-piovana\/"},"wordCount":237,"image":{"@id":"https:\/\/comunicacity.net\/pomaretto\/2025\/01\/24\/installazione-punto-di-raccolta-acqua-piovana\/#primaryimage"},"thumbnailUrl":"https:\/\/comunicacity.net\/pomaretto\/wp-content\/uploads\/sites\/59\/2025\/01\/Installazione-punto-raccolta-acqua-piovana-1.jpg","articleSection":["Ambiente"],"inLanguage":"it-IT"},{"@type":"WebPage","@id":"https:\/\/comunicacity.net\/pomaretto\/2025\/01\/24\/installazione-punto-di-raccolta-acqua-piovana\/","url":"https:\/\/comunicacity.net\/pomaretto\/2025\/01\/24\/installazione-punto-di-raccolta-acqua-piovana\/","name":"INSTALLAZIONE PUNTO DI RACCOLTA ACQUA PIOVANA - Pomaretto","isPartOf":{"@id":"https:\/\/comunicacity.net\/pomaretto\/#website"},"primaryImageOfPage":{"@id":"https:\/\/comunicacity.net\/pomaretto\/2025\/01\/24\/installazione-punto-di-raccolta-acqua-piovana\/#primaryimage"},"image":{"@id":"https:\/\/comunicacity.net\/pomaretto\/2025\/01\/24\/installazione-punto-di-raccolta-acqua-piovana\/#primaryimage"},"thumbnailUrl":"https:\/\/comunicacity.net\/pomaretto\/wp-content\/uploads\/sites\/59\/2025\/01\/Installazione-punto-raccolta-acqua-piovana-1.jpg","datePublished":"2025-01-24T11:07:05+00:00","author":{"@id":"https:\/\/comunicacity.net\/pomaretto\/#\/schema\/person\/9c1262c4b52bc41d9ef8aa554e351220"},"breadcrumb":{"@id":"https:\/\/comunicacity.net\/pomaretto\/2025\/01\/24\/installazione-punto-di-raccolta-acqua-piovana\/#breadcrumb"},"inLanguage":"it-IT","potentialAction":[{"@type":"ReadAction","target":["https:\/\/comunicacity.net\/pomaretto\/2025\/01\/24\/installazione-punto-di-raccolta-acqua-piovana\/"]}]},{"@type":"ImageObject","inLanguage":"it-IT","@id":"https:\/\/comunicacity.net\/pomaretto\/2025\/01\/24\/installazione-punto-di-raccolta-acqua-piovana\/#primaryimage","url":"https:\/\/comunicacity.net\/pomaretto\/wp-content\/uploads\/sites\/59\/2025\/01\/Installazione-punto-raccolta-acqua-piovana-1.jpg","contentUrl":"https:\/\/comunicacity.net\/pomaretto\/wp-content\/uploads\/sites\/59\/2025\/01\/Installazione-punto-raccolta-acqua-piovana-1.jpg","width":1500,"height":2122},{"@type":"BreadcrumbList","@id":"https:\/\/comunicacity.net\/pomaretto\/2025\/01\/24\/installazione-punto-di-raccolta-acqua-piovana\/#breadcrumb","itemListElement":[{"@type":"ListItem","position":1,"name":"Home","item":"https:\/\/comunicacity.net\/pomaretto\/"},{"@type":"ListItem","position":2,"name":"INSTALLAZIONE PUNTO DI RACCOLTA ACQUA PIOVANA"}]},{"@type":"WebSite","@id":"https:\/\/comunicacity.net\/pomaretto\/#website","url":"https:\/\/comunicacity.net\/pomaretto\/","name":"Pomaretto","description":"Ecco un altro sito ComunicaCity","potentialAction":[{"@type":"SearchAction","target":{"@type":"EntryPoint","urlTemplate":"https:\/\/comunicacity.net\/pomaretto\/?s={search_term_string}"},"query-input":{"@type":"PropertyValueSpecification","valueRequired":true,"valueName":"search_term_string"}}],"inLanguage":"it-IT"},{"@type":"Person","@id":"https:\/\/comunicacity.net\/pomaretto\/#\/schema\/person\/9c1262c4b52bc41d9ef8aa554e351220","name":"Ornella","image":{"@type":"ImageObject","inLanguage":"it-IT","@id":"https:\/\/secure.gravatar.com\/avatar\/b72bf7fbd66fb1e7572966ed38e32bdfd3aecb7e56e1f4c40793056f3979e8f5?s=96&d=mm&r=g","url":"https:\/\/secure.gravatar.com\/avatar\/b72bf7fbd66fb1e7572966ed38e32bdfd3aecb7e56e1f4c40793056f3979e8f5?s=96&d=mm&r=g","contentUrl":"https:\/\/secure.gravatar.com\/avatar\/b72bf7fbd66fb1e7572966ed38e32bdfd3aecb7e56e1f4c40793056f3979e8f5?s=96&d=mm&r=g","caption":"Ornella"},"url":"https:\/\/comunicacity.net\/pomaretto\/author\/ornellapomaretto\/"}]}},"meta_box":{"cc4_urg_colore":"rosso","cc4_urg_data_inizio":"","cc4_urg_data_fine":"","cc4_cor_positivi_oggi":"","cc4_cor_negativizzati_oggi":"","cc4_cor_deceduti_oggi":"","cc4_cor_positivi_totali":"","cc4_cor_negativizzati_totali":"","cc4_cor_deceduti_totali":"","cc4_cor_attualmente_positivi":"","cc4_eve_data_inizio":"","cc4_eve_data_fine":"","cc4_eve_indirizzo":"","cc4_eve_posizione":{"latitude":"53.346881","longitude":"-6.25886","zoom":"0"},"cc4_eve_telefono":"","cc4_eve_email":"","cc4_eve_web":"","cc4_eve_fb":"","sitopa_id":""},"_links":{"self":[{"href":"https:\/\/comunicacity.net\/pomaretto\/wp-json\/wp\/v2\/posts\/6334","targetHints":{"allow":["GET"]}}],"collection":[{"href":"https:\/\/comunicacity.net\/pomaretto\/wp-json\/wp\/v2\/posts"}],"about":[{"href":"https:\/\/comunicacity.net\/pomaretto\/wp-json\/wp\/v2\/types\/post"}],"author":[{"embeddable":true,"href":"https:\/\/comunicacity.net\/pomaretto\/wp-json\/wp\/v2\/users\/118"}],"replies":[{"embeddable":true,"href":"https:\/\/comunicacity.net\/pomaretto\/wp-json\/wp\/v2\/comments?post=6334"}],"version-history":[{"count":1,"href":"https:\/\/comunicacity.net\/pomaretto\/wp-json\/wp\/v2\/posts\/6334\/revisions"}],"predecessor-version":[{"id":6337,"href":"https:\/\/comunicacity.net\/pomaretto\/wp-json\/wp\/v2\/posts\/6334\/revisions\/6337"}],"wp:featuredmedia":[{"embeddable":true,"href":"https:\/\/comunicacity.net\/pomaretto\/wp-json\/wp\/v2\/media\/6335"}],"wp:attachment":[{"href":"https:\/\/comunicacity.net\/pomaretto\/wp-json\/wp\/v2\/media?parent=6334"}],"wp:term":[{"taxonomy":"category","embeddable":true,"href":"https:\/\/comunicacity.net\/pomaretto\/wp-json\/wp\/v2\/categories?post=6334"},{"taxonomy":"post_tag","embeddable":true,"href":"https:\/\/comunicacity.net\/pomaretto\/wp-json\/wp\/v2\/tags?post=6334"}],"curies":[{"name":"wp","href":"https:\/\/api.w.org\/{rel}","templated":true}]}}