{"id":6940,"date":"2025-10-21T18:47:15","date_gmt":"2025-10-21T16:47:15","guid":{"rendered":"https:\/\/comunicacity.net\/pomaretto\/?p=6940"},"modified":"2026-02-06T11:19:51","modified_gmt":"2026-02-06T10:19:51","slug":"avviso-scadenza-carte-didentita-cartacee","status":"publish","type":"post","link":"https:\/\/comunicacity.net\/pomaretto\/2025\/10\/21\/avviso-scadenza-carte-didentita-cartacee\/","title":{"rendered":"Avviso scadenza carte d&#8217;identit\u00e0 cartacee"},"content":{"rendered":"<p>Dal 3 agosto 2026 le carte d\u2019identit\u00e0 cartacee NON SARANNO PI\u00d9 VALIDE.<\/p>\n<p>Si comunica che con decorrenza <strong>03 AGOSTO 2026<\/strong>, in conformit\u00e0 con quanto disposto dall\u2019art. 5 del Regolamento UE 2019\/11, le carte di identit\u00e0 <strong><u>CARTACEE<\/u> CESSERANNO LA LORO VALIDITA\u2019,<\/strong> <strong>di conseguenza, la carta d\u2019identit\u00e0 cartacea non sar\u00e0 pi\u00f9 un documento valido per il viaggio e nemmeno come documento di riconoscimento da quella data, perch\u00e9 non sar\u00e0 pi\u00f9 accettata<\/strong>.<\/p>\n<p>Per agevolare il rinnovo del documento, con il passaggio alla carta d\u2019identit\u00e0 elettronica (CIE), anzi tempo ed evitare il formarsi di lunghe attese, il Comune di Pomaretto invita tutti i cittadini ancora in possesso della <strong><u>carta d\u2019identit\u00e0 cartacea<\/u><\/strong>, a mettersi in contatto con l\u2019ufficio dei Servizi Demografici per fissare un <strong><u>appuntamento<\/u><\/strong> per il rinnovo.<\/p>\n<p>Si ricorda che le carte d\u2019identit\u00e0 cartacee, proprio perch\u00e9 non pi\u00f9 conformi all\u2019attuale normativa, possono essere rinnovate in qualsiasi momento, indipendentemente dalla loro scadenza e <strong><em>senza costi aggiuntivi<\/em><\/strong> rispetto al normale rinnovo alla scadenza.<\/p>\n<p>Per fissare un appuntamento e\/o avere maggiori delucidazioni si pu\u00f2:<\/p>\n<ul>\n<li>inviare una mail a: <a href=\"mailto:servizidemografici.pomaretto@ruparpiemonte.it\">pomaretto@ruparpiemonte.it<\/a> (in questo caso si prega di indicare un numero di telefono per poter essere ricontattati), oppure:<\/li>\n<li>telefonare al numero 0121\/81241 (interno 1 &#8211; 1) o al 3343418546 dal luned\u00ec al venerd\u00ec,<\/li>\n<li>o inviare un messaggio tramite WhatsApp sempre al n. 3343418546.<\/li>\n<\/ul>\n<p>Il responsabile del procedimento \u00e8 il dott. Daniele Baron.<\/p>\n<div id='wpba_attachment_list' class=''>\n<div class='ui list'><h3 style=\"display:none;\">\ud83d\udcce Allegati<\/h3><ul><li><a id=\"wpba_attachment_list_6942\" class=\"y-skip-href item\" href=\"https:\/\/comunicacity.net\/pomaretto\/wp-content\/uploads\/sites\/59\/2025\/10\/Avviso-cessazione-validita-carte-didentita-cartacee-PER-SITO.pdf\" onclick=\"window.open('https:\/\/comunicacity.net\/pomaretto\/wp-content\/uploads\/sites\/59\/2025\/10\/Avviso-cessazione-validita-carte-didentita-cartacee-PER-SITO.pdf', '_system'); return false;\"><i class='icon attachment'><\/i>Avviso cessazione validit\u00e0 carte d'identit\u00e0 cartacee PER SITO<\/a><\/li>\n<\/ul><\/div><\/div>\n","protected":false},"excerpt":{"rendered":"<p>Dal 3 agosto 2026 le carte d\u2019identit\u00e0 cartacee NON SARANNO PI\u00d9 VALIDE. Si comunica che con decorrenza 03 AGOSTO 2026, in conformit\u00e0 con quanto disposto dall\u2019art. 5 del Regolamento UE [&hellip;]<\/p>\n","protected":false},"author":118,"featured_media":7181,"comment_status":"closed","ping_status":"closed","sticky":false,"template":"","format":"standard","meta":{"footnotes":""},"categories":[16],"tags":[],"class_list":["post-6940","post","type-post","status-publish","format-standard","has-post-thumbnail","hentry","category-notizie-e-informazioni"],"yoast_head":"<!-- This site is optimized with the Yoast SEO plugin v27.4 - https:\/\/yoast.com\/product\/yoast-seo-wordpress\/ -->\n<title>Avviso scadenza carte d&#039;identit\u00e0 cartacee - Pomaretto<\/title>\n<meta name=\"robots\" content=\"index, follow, max-snippet:-1, max-image-preview:large, max-video-preview:-1\" \/>\n<link rel=\"canonical\" href=\"https:\/\/comunicacity.net\/pomaretto\/2025\/10\/21\/avviso-scadenza-carte-didentita-cartacee\/\" \/>\n<meta property=\"og:locale\" content=\"it_IT\" \/>\n<meta property=\"og:type\" content=\"article\" \/>\n<meta property=\"og:title\" content=\"Avviso scadenza carte d&#039;identit\u00e0 cartacee - Pomaretto\" \/>\n<meta property=\"og:description\" content=\"Dal 3 agosto 2026 le carte d\u2019identit\u00e0 cartacee NON SARANNO PI\u00d9 VALIDE. Si comunica che con decorrenza 03 AGOSTO 2026, in conformit\u00e0 con quanto disposto dall\u2019art. 5 del Regolamento UE [&hellip;]\" \/>\n<meta property=\"og:url\" content=\"https:\/\/comunicacity.net\/pomaretto\/2025\/10\/21\/avviso-scadenza-carte-didentita-cartacee\/\" \/>\n<meta property=\"og:site_name\" content=\"Pomaretto\" \/>\n<meta property=\"article:publisher\" content=\"http:\/\/facebook.com\/ComunicaCity\" \/>\n<meta property=\"article:published_time\" content=\"2025-10-21T16:47:15+00:00\" \/>\n<meta property=\"article:modified_time\" content=\"2026-02-06T10:19:51+00:00\" \/>\n<meta property=\"og:image\" content=\"https:\/\/comunicacity.net\/pomaretto\/wp-content\/uploads\/sites\/59\/2025\/10\/SCADENZA-CARTA-IDENTITA-CARTACEA.jpg\" \/>\n\t<meta property=\"og:image:width\" content=\"1500\" \/>\n\t<meta property=\"og:image:height\" content=\"2122\" \/>\n\t<meta property=\"og:image:type\" content=\"image\/jpeg\" \/>\n<meta name=\"author\" content=\"Ornella\" \/>\n<meta name=\"twitter:card\" content=\"summary_large_image\" \/>\n<meta name=\"twitter:creator\" content=\"@comunicacity\" \/>\n<meta name=\"twitter:site\" content=\"@comunicacity\" \/>\n<meta name=\"twitter:label1\" content=\"Scritto da\" \/>\n\t<meta name=\"twitter:data1\" content=\"Ornella\" \/>\n\t<meta name=\"twitter:label2\" content=\"Tempo di lettura stimato\" \/>\n\t<meta name=\"twitter:data2\" content=\"1 minuto\" \/>\n<script type=\"application\/ld+json\" class=\"yoast-schema-graph\">{\"@context\":\"https:\\\/\\\/schema.org\",\"@graph\":[{\"@type\":\"Article\",\"@id\":\"https:\\\/\\\/comunicacity.net\\\/pomaretto\\\/2025\\\/10\\\/21\\\/avviso-scadenza-carte-didentita-cartacee\\\/#article\",\"isPartOf\":{\"@id\":\"https:\\\/\\\/comunicacity.net\\\/pomaretto\\\/2025\\\/10\\\/21\\\/avviso-scadenza-carte-didentita-cartacee\\\/\"},\"author\":{\"name\":\"Ornella\",\"@id\":\"https:\\\/\\\/comunicacity.net\\\/pomaretto\\\/#\\\/schema\\\/person\\\/9c1262c4b52bc41d9ef8aa554e351220\"},\"headline\":\"Avviso scadenza carte d&#8217;identit\u00e0 cartacee\",\"datePublished\":\"2025-10-21T16:47:15+00:00\",\"dateModified\":\"2026-02-06T10:19:51+00:00\",\"mainEntityOfPage\":{\"@id\":\"https:\\\/\\\/comunicacity.net\\\/pomaretto\\\/2025\\\/10\\\/21\\\/avviso-scadenza-carte-didentita-cartacee\\\/\"},\"wordCount\":226,\"image\":{\"@id\":\"https:\\\/\\\/comunicacity.net\\\/pomaretto\\\/2025\\\/10\\\/21\\\/avviso-scadenza-carte-didentita-cartacee\\\/#primaryimage\"},\"thumbnailUrl\":\"https:\\\/\\\/comunicacity.net\\\/pomaretto\\\/wp-content\\\/uploads\\\/sites\\\/59\\\/2025\\\/10\\\/SCADENZA-CARTA-IDENTITA-CARTACEA.jpg\",\"articleSection\":[\"Notizie e Informazioni\"],\"inLanguage\":\"it-IT\"},{\"@type\":\"WebPage\",\"@id\":\"https:\\\/\\\/comunicacity.net\\\/pomaretto\\\/2025\\\/10\\\/21\\\/avviso-scadenza-carte-didentita-cartacee\\\/\",\"url\":\"https:\\\/\\\/comunicacity.net\\\/pomaretto\\\/2025\\\/10\\\/21\\\/avviso-scadenza-carte-didentita-cartacee\\\/\",\"name\":\"Avviso scadenza carte d'identit\u00e0 cartacee - Pomaretto\",\"isPartOf\":{\"@id\":\"https:\\\/\\\/comunicacity.net\\\/pomaretto\\\/#website\"},\"primaryImageOfPage\":{\"@id\":\"https:\\\/\\\/comunicacity.net\\\/pomaretto\\\/2025\\\/10\\\/21\\\/avviso-scadenza-carte-didentita-cartacee\\\/#primaryimage\"},\"image\":{\"@id\":\"https:\\\/\\\/comunicacity.net\\\/pomaretto\\\/2025\\\/10\\\/21\\\/avviso-scadenza-carte-didentita-cartacee\\\/#primaryimage\"},\"thumbnailUrl\":\"https:\\\/\\\/comunicacity.net\\\/pomaretto\\\/wp-content\\\/uploads\\\/sites\\\/59\\\/2025\\\/10\\\/SCADENZA-CARTA-IDENTITA-CARTACEA.jpg\",\"datePublished\":\"2025-10-21T16:47:15+00:00\",\"dateModified\":\"2026-02-06T10:19:51+00:00\",\"author\":{\"@id\":\"https:\\\/\\\/comunicacity.net\\\/pomaretto\\\/#\\\/schema\\\/person\\\/9c1262c4b52bc41d9ef8aa554e351220\"},\"breadcrumb\":{\"@id\":\"https:\\\/\\\/comunicacity.net\\\/pomaretto\\\/2025\\\/10\\\/21\\\/avviso-scadenza-carte-didentita-cartacee\\\/#breadcrumb\"},\"inLanguage\":\"it-IT\",\"potentialAction\":[{\"@type\":\"ReadAction\",\"target\":[\"https:\\\/\\\/comunicacity.net\\\/pomaretto\\\/2025\\\/10\\\/21\\\/avviso-scadenza-carte-didentita-cartacee\\\/\"]}]},{\"@type\":\"ImageObject\",\"inLanguage\":\"it-IT\",\"@id\":\"https:\\\/\\\/comunicacity.net\\\/pomaretto\\\/2025\\\/10\\\/21\\\/avviso-scadenza-carte-didentita-cartacee\\\/#primaryimage\",\"url\":\"https:\\\/\\\/comunicacity.net\\\/pomaretto\\\/wp-content\\\/uploads\\\/sites\\\/59\\\/2025\\\/10\\\/SCADENZA-CARTA-IDENTITA-CARTACEA.jpg\",\"contentUrl\":\"https:\\\/\\\/comunicacity.net\\\/pomaretto\\\/wp-content\\\/uploads\\\/sites\\\/59\\\/2025\\\/10\\\/SCADENZA-CARTA-IDENTITA-CARTACEA.jpg\",\"width\":1500,\"height\":2122},{\"@type\":\"BreadcrumbList\",\"@id\":\"https:\\\/\\\/comunicacity.net\\\/pomaretto\\\/2025\\\/10\\\/21\\\/avviso-scadenza-carte-didentita-cartacee\\\/#breadcrumb\",\"itemListElement\":[{\"@type\":\"ListItem\",\"position\":1,\"name\":\"Home\",\"item\":\"https:\\\/\\\/comunicacity.net\\\/pomaretto\\\/\"},{\"@type\":\"ListItem\",\"position\":2,\"name\":\"Avviso scadenza carte d&#8217;identit\u00e0 cartacee\"}]},{\"@type\":\"WebSite\",\"@id\":\"https:\\\/\\\/comunicacity.net\\\/pomaretto\\\/#website\",\"url\":\"https:\\\/\\\/comunicacity.net\\\/pomaretto\\\/\",\"name\":\"Pomaretto\",\"description\":\"Ecco un altro sito ComunicaCity\",\"potentialAction\":[{\"@type\":\"SearchAction\",\"target\":{\"@type\":\"EntryPoint\",\"urlTemplate\":\"https:\\\/\\\/comunicacity.net\\\/pomaretto\\\/?s={search_term_string}\"},\"query-input\":{\"@type\":\"PropertyValueSpecification\",\"valueRequired\":true,\"valueName\":\"search_term_string\"}}],\"inLanguage\":\"it-IT\"},{\"@type\":\"Person\",\"@id\":\"https:\\\/\\\/comunicacity.net\\\/pomaretto\\\/#\\\/schema\\\/person\\\/9c1262c4b52bc41d9ef8aa554e351220\",\"name\":\"Ornella\",\"image\":{\"@type\":\"ImageObject\",\"inLanguage\":\"it-IT\",\"@id\":\"https:\\\/\\\/secure.gravatar.com\\\/avatar\\\/b72bf7fbd66fb1e7572966ed38e32bdfd3aecb7e56e1f4c40793056f3979e8f5?s=96&d=mm&r=g\",\"url\":\"https:\\\/\\\/secure.gravatar.com\\\/avatar\\\/b72bf7fbd66fb1e7572966ed38e32bdfd3aecb7e56e1f4c40793056f3979e8f5?s=96&d=mm&r=g\",\"contentUrl\":\"https:\\\/\\\/secure.gravatar.com\\\/avatar\\\/b72bf7fbd66fb1e7572966ed38e32bdfd3aecb7e56e1f4c40793056f3979e8f5?s=96&d=mm&r=g\",\"caption\":\"Ornella\"},\"url\":\"https:\\\/\\\/comunicacity.net\\\/pomaretto\\\/author\\\/ornellapomaretto\\\/\"}]}<\/script>\n<!-- \/ Yoast SEO plugin. -->","yoast_head_json":{"title":"Avviso scadenza carte d'identit\u00e0 cartacee - Pomaretto","robots":{"index":"index","follow":"follow","max-snippet":"max-snippet:-1","max-image-preview":"max-image-preview:large","max-video-preview":"max-video-preview:-1"},"canonical":"https:\/\/comunicacity.net\/pomaretto\/2025\/10\/21\/avviso-scadenza-carte-didentita-cartacee\/","og_locale":"it_IT","og_type":"article","og_title":"Avviso scadenza carte d'identit\u00e0 cartacee - Pomaretto","og_description":"Dal 3 agosto 2026 le carte d\u2019identit\u00e0 cartacee NON SARANNO PI\u00d9 VALIDE. Si comunica che con decorrenza 03 AGOSTO 2026, in conformit\u00e0 con quanto disposto dall\u2019art. 5 del Regolamento UE [&hellip;]","og_url":"https:\/\/comunicacity.net\/pomaretto\/2025\/10\/21\/avviso-scadenza-carte-didentita-cartacee\/","og_site_name":"Pomaretto","article_publisher":"http:\/\/facebook.com\/ComunicaCity","article_published_time":"2025-10-21T16:47:15+00:00","article_modified_time":"2026-02-06T10:19:51+00:00","og_image":[{"width":1500,"height":2122,"url":"https:\/\/comunicacity.net\/pomaretto\/wp-content\/uploads\/sites\/59\/2025\/10\/SCADENZA-CARTA-IDENTITA-CARTACEA.jpg","type":"image\/jpeg"}],"author":"Ornella","twitter_card":"summary_large_image","twitter_creator":"@comunicacity","twitter_site":"@comunicacity","twitter_misc":{"Scritto da":"Ornella","Tempo di lettura stimato":"1 minuto"},"schema":{"@context":"https:\/\/schema.org","@graph":[{"@type":"Article","@id":"https:\/\/comunicacity.net\/pomaretto\/2025\/10\/21\/avviso-scadenza-carte-didentita-cartacee\/#article","isPartOf":{"@id":"https:\/\/comunicacity.net\/pomaretto\/2025\/10\/21\/avviso-scadenza-carte-didentita-cartacee\/"},"author":{"name":"Ornella","@id":"https:\/\/comunicacity.net\/pomaretto\/#\/schema\/person\/9c1262c4b52bc41d9ef8aa554e351220"},"headline":"Avviso scadenza carte d&#8217;identit\u00e0 cartacee","datePublished":"2025-10-21T16:47:15+00:00","dateModified":"2026-02-06T10:19:51+00:00","mainEntityOfPage":{"@id":"https:\/\/comunicacity.net\/pomaretto\/2025\/10\/21\/avviso-scadenza-carte-didentita-cartacee\/"},"wordCount":226,"image":{"@id":"https:\/\/comunicacity.net\/pomaretto\/2025\/10\/21\/avviso-scadenza-carte-didentita-cartacee\/#primaryimage"},"thumbnailUrl":"https:\/\/comunicacity.net\/pomaretto\/wp-content\/uploads\/sites\/59\/2025\/10\/SCADENZA-CARTA-IDENTITA-CARTACEA.jpg","articleSection":["Notizie e Informazioni"],"inLanguage":"it-IT"},{"@type":"WebPage","@id":"https:\/\/comunicacity.net\/pomaretto\/2025\/10\/21\/avviso-scadenza-carte-didentita-cartacee\/","url":"https:\/\/comunicacity.net\/pomaretto\/2025\/10\/21\/avviso-scadenza-carte-didentita-cartacee\/","name":"Avviso scadenza carte d'identit\u00e0 cartacee - Pomaretto","isPartOf":{"@id":"https:\/\/comunicacity.net\/pomaretto\/#website"},"primaryImageOfPage":{"@id":"https:\/\/comunicacity.net\/pomaretto\/2025\/10\/21\/avviso-scadenza-carte-didentita-cartacee\/#primaryimage"},"image":{"@id":"https:\/\/comunicacity.net\/pomaretto\/2025\/10\/21\/avviso-scadenza-carte-didentita-cartacee\/#primaryimage"},"thumbnailUrl":"https:\/\/comunicacity.net\/pomaretto\/wp-content\/uploads\/sites\/59\/2025\/10\/SCADENZA-CARTA-IDENTITA-CARTACEA.jpg","datePublished":"2025-10-21T16:47:15+00:00","dateModified":"2026-02-06T10:19:51+00:00","author":{"@id":"https:\/\/comunicacity.net\/pomaretto\/#\/schema\/person\/9c1262c4b52bc41d9ef8aa554e351220"},"breadcrumb":{"@id":"https:\/\/comunicacity.net\/pomaretto\/2025\/10\/21\/avviso-scadenza-carte-didentita-cartacee\/#breadcrumb"},"inLanguage":"it-IT","potentialAction":[{"@type":"ReadAction","target":["https:\/\/comunicacity.net\/pomaretto\/2025\/10\/21\/avviso-scadenza-carte-didentita-cartacee\/"]}]},{"@type":"ImageObject","inLanguage":"it-IT","@id":"https:\/\/comunicacity.net\/pomaretto\/2025\/10\/21\/avviso-scadenza-carte-didentita-cartacee\/#primaryimage","url":"https:\/\/comunicacity.net\/pomaretto\/wp-content\/uploads\/sites\/59\/2025\/10\/SCADENZA-CARTA-IDENTITA-CARTACEA.jpg","contentUrl":"https:\/\/comunicacity.net\/pomaretto\/wp-content\/uploads\/sites\/59\/2025\/10\/SCADENZA-CARTA-IDENTITA-CARTACEA.jpg","width":1500,"height":2122},{"@type":"BreadcrumbList","@id":"https:\/\/comunicacity.net\/pomaretto\/2025\/10\/21\/avviso-scadenza-carte-didentita-cartacee\/#breadcrumb","itemListElement":[{"@type":"ListItem","position":1,"name":"Home","item":"https:\/\/comunicacity.net\/pomaretto\/"},{"@type":"ListItem","position":2,"name":"Avviso scadenza carte d&#8217;identit\u00e0 cartacee"}]},{"@type":"WebSite","@id":"https:\/\/comunicacity.net\/pomaretto\/#website","url":"https:\/\/comunicacity.net\/pomaretto\/","name":"Pomaretto","description":"Ecco un altro sito ComunicaCity","potentialAction":[{"@type":"SearchAction","target":{"@type":"EntryPoint","urlTemplate":"https:\/\/comunicacity.net\/pomaretto\/?s={search_term_string}"},"query-input":{"@type":"PropertyValueSpecification","valueRequired":true,"valueName":"search_term_string"}}],"inLanguage":"it-IT"},{"@type":"Person","@id":"https:\/\/comunicacity.net\/pomaretto\/#\/schema\/person\/9c1262c4b52bc41d9ef8aa554e351220","name":"Ornella","image":{"@type":"ImageObject","inLanguage":"it-IT","@id":"https:\/\/secure.gravatar.com\/avatar\/b72bf7fbd66fb1e7572966ed38e32bdfd3aecb7e56e1f4c40793056f3979e8f5?s=96&d=mm&r=g","url":"https:\/\/secure.gravatar.com\/avatar\/b72bf7fbd66fb1e7572966ed38e32bdfd3aecb7e56e1f4c40793056f3979e8f5?s=96&d=mm&r=g","contentUrl":"https:\/\/secure.gravatar.com\/avatar\/b72bf7fbd66fb1e7572966ed38e32bdfd3aecb7e56e1f4c40793056f3979e8f5?s=96&d=mm&r=g","caption":"Ornella"},"url":"https:\/\/comunicacity.net\/pomaretto\/author\/ornellapomaretto\/"}]}},"meta_box":{"cc4_urg_colore":"rosso","cc4_urg_data_inizio":"","cc4_urg_data_fine":"","cc4_cor_positivi_oggi":"","cc4_cor_negativizzati_oggi":"","cc4_cor_deceduti_oggi":"","cc4_cor_positivi_totali":"","cc4_cor_negativizzati_totali":"","cc4_cor_deceduti_totali":"","cc4_cor_attualmente_positivi":"","cc4_eve_data_inizio":"","cc4_eve_data_fine":"","cc4_eve_indirizzo":"","cc4_eve_posizione":{"latitude":"53.346881","longitude":"-6.25886","zoom":"0"},"cc4_eve_telefono":"","cc4_eve_email":"","cc4_eve_web":"","cc4_eve_fb":"","sitopa_id":""},"_links":{"self":[{"href":"https:\/\/comunicacity.net\/pomaretto\/wp-json\/wp\/v2\/posts\/6940","targetHints":{"allow":["GET"]}}],"collection":[{"href":"https:\/\/comunicacity.net\/pomaretto\/wp-json\/wp\/v2\/posts"}],"about":[{"href":"https:\/\/comunicacity.net\/pomaretto\/wp-json\/wp\/v2\/types\/post"}],"author":[{"embeddable":true,"href":"https:\/\/comunicacity.net\/pomaretto\/wp-json\/wp\/v2\/users\/118"}],"replies":[{"embeddable":true,"href":"https:\/\/comunicacity.net\/pomaretto\/wp-json\/wp\/v2\/comments?post=6940"}],"version-history":[{"count":1,"href":"https:\/\/comunicacity.net\/pomaretto\/wp-json\/wp\/v2\/posts\/6940\/revisions"}],"predecessor-version":[{"id":6943,"href":"https:\/\/comunicacity.net\/pomaretto\/wp-json\/wp\/v2\/posts\/6940\/revisions\/6943"}],"wp:featuredmedia":[{"embeddable":true,"href":"https:\/\/comunicacity.net\/pomaretto\/wp-json\/wp\/v2\/media\/7181"}],"wp:attachment":[{"href":"https:\/\/comunicacity.net\/pomaretto\/wp-json\/wp\/v2\/media?parent=6940"}],"wp:term":[{"taxonomy":"category","embeddable":true,"href":"https:\/\/comunicacity.net\/pomaretto\/wp-json\/wp\/v2\/categories?post=6940"},{"taxonomy":"post_tag","embeddable":true,"href":"https:\/\/comunicacity.net\/pomaretto\/wp-json\/wp\/v2\/tags?post=6940"}],"curies":[{"name":"wp","href":"https:\/\/api.w.org\/{rel}","templated":true}]}}