{"id":7072,"date":"2025-12-19T12:45:41","date_gmt":"2025-12-19T11:45:41","guid":{"rendered":"https:\/\/comunicacity.net\/pomaretto\/?p=7072"},"modified":"2025-12-19T12:45:41","modified_gmt":"2025-12-19T11:45:41","slug":"consegna-onorificenza-dellordine-al-merito-della-repubblica-italiana-insignito-cavaliere-giuliano-pascal","status":"publish","type":"post","link":"https:\/\/comunicacity.net\/pomaretto\/2025\/12\/19\/consegna-onorificenza-dellordine-al-merito-della-repubblica-italiana-insignito-cavaliere-giuliano-pascal\/","title":{"rendered":"Consegna Onorificenza dell\u2019Ordine al Merito della Repubblica Italiana &#8211; Insignito cavaliere Giuliano PASCAL"},"content":{"rendered":"<p>Marted\u00ec 16 dicembre si \u00e8 svolta nell\u2019Aula Magna della Scuola Ufficiali dell\u2019Esercito, la cerimonia di consegna delle Onorificenze dell\u2019Ordine al Merito della Repubblica Italiana, promossa dalla Prefettura di Torino.<br \/>\nIl Prefetto Donato Cafagna insieme al Comandante per la Formazione, Specializzazione e Dottrina dell\u2019Esercito Generale di Corpo d\u2019Armata, Antonello Vespaziani, all\u2019Assessore Legalit\u00e0 e Sicurezza del Comune di Torino, Marco Porcedda e agli Assessori regionali alle Politiche Sociali e dell\u2019integrazione socio-sanitaria, Maurizio Marrone, e al Bilancio, finanze e programmazione economica e finanziaria, Andrea Tronzano, ha consegnato le onorificenze a trenta cittadini insigniti dei pi\u00f9 alti titoli onorifici dal Presidente della Repubblica, per l\u2019impegno profuso nei diversi ambiti della vita civile, professionale, istituzionale e sociale, tra i trenta cittadini premiati c\u2019era anche un nostro concittadino il Sig. Giuliano PASCAL. Per Giuliano, iscritto nella protezione civile dal 1993 nella squadra delle \u201cValli Chisone e Germanasca\u201d e attualmente Presidente, il volontariato non \u00e8 solo un semplice frangente di vita, ma viene vissuto come una missione. Con straordinaria professionalit\u00e0 e senso di responsabilit\u00e0 orienta i sui volontari nelle varie attivit\u00e0 assegnate, svolgendo lui stesso qualsiasi mansione pur di poter essere d\u2019aiuto e per incoraggiare la sua squadra. Nel suo operare c\u2019\u00e8 entusiasmo, forza di volont\u00e0. Passione. Responsabilit\u00e0. Umanit\u00e0. Precisione. Pazienza. L\u2019obiettivo di portare sempre solidariet\u00e0 a chi \u00e8 in difficolt\u00e0. Ma c\u2019\u00e8 anche il carisma di riuscire a coinvolgere i volontari facendoli sentire parte di un gruppo che collabora esaltando il prestigio della protezione civile italiana a livello nazionale e internazionale. Giuliano ha preso parte a interventi su emergenze sia in Italia (Emergenze: Terremoto L\u2019Aquila 2009 &#8211; Terremoto Emilia Romagna 2012 &#8211; neve Centro Italia 2016\/17 &#8211; Terremoto Norcia Umbria &#8211; Alluvione Tempesta VAIA Veneto Belluno 2018 &#8211; Alluvione Emilia Romania 2019 &#8211; Idrogeologica Emilia Romagna 2019 &#8211; Ucraina trasporto profughi di guerra Regione 2022 &#8211; Alluvione Emilia 2024 &#8211; Alluvione Toscana 2023 &#8211; Alluvione Toscana 2025. &#8211; Esercitazioni: HCP Portogruaro 2018 &#8211; Veneto HCP 2025 &#8211; Logistica &#8211; autista e montaggio tende Esequie Papa Roma 2005 &#8211; Partecipato avviamento segreteria Terremoto in Abruzzo 2009 &#8211; Volontariato logistico Terremoto in Abruzzo 2009 &#8211; Autista missione Incendi in Puglia 2010 &#8211; Partecipato come Team-leader missione Incendi in Puglia 2011) sia all\u2019estero (Esercitazioni: in Francia PICRIT con Regione Piemonte 2013 &#8211; in Estonia TAST 2014 &#8211; TAST Belgio 2015 &#8211; HCP Germania 2015 &#8211; TAST Francia 2018 &#8211; HCP Cecoslovacchia 2018 &#8211; HCP Montenegro 2019 &#8211; EMT2 Portogallo 2025 &#8211; Emergenza Terremoto TURCHIA 2022) e questo dedicare ogni personale risorsa all\u2019assolvimento dei compiti assegnati rappresenta una immensa dedizione, fatta di sacrifici e rinunce ma anche di inesauribili soddisfazioni. La sua caparbiet\u00e0 e la sua umilt\u00e0 sono state riconosciute e premiate.<br \/>\n\u201cE\u2019 stato un grande piacere ed onore condividere questa emozione con Giuliano\u2026Quando negli occhi di un uomo riesci a cogliere altruismo, passione ed entusiasmo significa che la motivazione da cui si \u00e8 mossi va oltre al senso del dovere\u201d ha commentato il Sindaco Danilo Breusa presente alla cerimonia.<br \/>\nA nome mio personale, di tutta l\u2019Amministrazione comunale, della comunit\u00e0 pomarina i nostri pi\u00f9 sinceri rallegramenti e congratulazioni per l\u2019importante riconoscimento.<\/p>\n<p>Il Sindaco &#8211; Danilo Breusa<\/p>\n<div id='wpba_attachment_list' class=''>\n<div class='ui list'><h3 style=\"display:none;\">\ud83d\udcce Allegati<\/h3><ul><li><a id=\"wpba_attachment_list_7074\" class=\"y-skip-href item\" href=\"https:\/\/comunicacity.net\/pomaretto\/wp-content\/uploads\/sites\/59\/2025\/12\/Consegna-Onorificenza-cavaliere-Pascal-G.pdf\" onclick=\"window.open('https:\/\/comunicacity.net\/pomaretto\/wp-content\/uploads\/sites\/59\/2025\/12\/Consegna-Onorificenza-cavaliere-Pascal-G.pdf', '_system'); return false;\"><i class='icon attachment'><\/i>Consegna Onorificenza cavaliere Pascal G<\/a><\/li>\n<\/ul><\/div><\/div>\n","protected":false},"excerpt":{"rendered":"<p>Marted\u00ec 16 dicembre si \u00e8 svolta nell\u2019Aula Magna della Scuola Ufficiali dell\u2019Esercito, la cerimonia di consegna delle Onorificenze dell\u2019Ordine al Merito della Repubblica Italiana, promossa dalla Prefettura di Torino. Il [&hellip;]<\/p>\n","protected":false},"author":118,"featured_media":7073,"comment_status":"closed","ping_status":"closed","sticky":false,"template":"","format":"standard","meta":{"footnotes":""},"categories":[16],"tags":[],"class_list":["post-7072","post","type-post","status-publish","format-standard","has-post-thumbnail","hentry","category-notizie-e-informazioni"],"yoast_head":"<!-- This site is optimized with the Yoast SEO plugin v27.4 - https:\/\/yoast.com\/product\/yoast-seo-wordpress\/ -->\n<title>Consegna Onorificenza dell\u2019Ordine al Merito della Repubblica Italiana - Insignito cavaliere Giuliano PASCAL - Pomaretto<\/title>\n<meta name=\"robots\" content=\"index, follow, max-snippet:-1, max-image-preview:large, max-video-preview:-1\" \/>\n<link rel=\"canonical\" href=\"https:\/\/comunicacity.net\/pomaretto\/2025\/12\/19\/consegna-onorificenza-dellordine-al-merito-della-repubblica-italiana-insignito-cavaliere-giuliano-pascal\/\" \/>\n<meta property=\"og:locale\" content=\"it_IT\" \/>\n<meta property=\"og:type\" content=\"article\" \/>\n<meta property=\"og:title\" content=\"Consegna Onorificenza dell\u2019Ordine al Merito della Repubblica Italiana - Insignito cavaliere Giuliano PASCAL - Pomaretto\" \/>\n<meta property=\"og:description\" content=\"Marted\u00ec 16 dicembre si \u00e8 svolta nell\u2019Aula Magna della Scuola Ufficiali dell\u2019Esercito, la cerimonia di consegna delle Onorificenze dell\u2019Ordine al Merito della Repubblica Italiana, promossa dalla Prefettura di Torino. Il [&hellip;]\" \/>\n<meta property=\"og:url\" content=\"https:\/\/comunicacity.net\/pomaretto\/2025\/12\/19\/consegna-onorificenza-dellordine-al-merito-della-repubblica-italiana-insignito-cavaliere-giuliano-pascal\/\" \/>\n<meta property=\"og:site_name\" content=\"Pomaretto\" \/>\n<meta property=\"article:publisher\" content=\"http:\/\/facebook.com\/ComunicaCity\" \/>\n<meta property=\"article:published_time\" content=\"2025-12-19T11:45:41+00:00\" \/>\n<meta property=\"og:image\" content=\"https:\/\/comunicacity.net\/pomaretto\/wp-content\/uploads\/sites\/59\/2025\/12\/Consegna-Onorificenza-cavaliere-Pascal-G.jpg\" \/>\n\t<meta property=\"og:image:width\" content=\"1500\" \/>\n\t<meta property=\"og:image:height\" content=\"2122\" \/>\n\t<meta property=\"og:image:type\" content=\"image\/jpeg\" \/>\n<meta name=\"author\" content=\"Ornella\" \/>\n<meta name=\"twitter:card\" content=\"summary_large_image\" \/>\n<meta name=\"twitter:creator\" content=\"@comunicacity\" \/>\n<meta name=\"twitter:site\" content=\"@comunicacity\" \/>\n<meta name=\"twitter:label1\" content=\"Scritto da\" \/>\n\t<meta name=\"twitter:data1\" content=\"Ornella\" \/>\n\t<meta name=\"twitter:label2\" content=\"Tempo di lettura stimato\" \/>\n\t<meta name=\"twitter:data2\" content=\"3 minuti\" \/>\n<script type=\"application\/ld+json\" class=\"yoast-schema-graph\">{\"@context\":\"https:\\\/\\\/schema.org\",\"@graph\":[{\"@type\":\"Article\",\"@id\":\"https:\\\/\\\/comunicacity.net\\\/pomaretto\\\/2025\\\/12\\\/19\\\/consegna-onorificenza-dellordine-al-merito-della-repubblica-italiana-insignito-cavaliere-giuliano-pascal\\\/#article\",\"isPartOf\":{\"@id\":\"https:\\\/\\\/comunicacity.net\\\/pomaretto\\\/2025\\\/12\\\/19\\\/consegna-onorificenza-dellordine-al-merito-della-repubblica-italiana-insignito-cavaliere-giuliano-pascal\\\/\"},\"author\":{\"name\":\"Ornella\",\"@id\":\"https:\\\/\\\/comunicacity.net\\\/pomaretto\\\/#\\\/schema\\\/person\\\/9c1262c4b52bc41d9ef8aa554e351220\"},\"headline\":\"Consegna Onorificenza dell\u2019Ordine al Merito della Repubblica Italiana &#8211; Insignito cavaliere Giuliano PASCAL\",\"datePublished\":\"2025-12-19T11:45:41+00:00\",\"mainEntityOfPage\":{\"@id\":\"https:\\\/\\\/comunicacity.net\\\/pomaretto\\\/2025\\\/12\\\/19\\\/consegna-onorificenza-dellordine-al-merito-della-repubblica-italiana-insignito-cavaliere-giuliano-pascal\\\/\"},\"wordCount\":515,\"image\":{\"@id\":\"https:\\\/\\\/comunicacity.net\\\/pomaretto\\\/2025\\\/12\\\/19\\\/consegna-onorificenza-dellordine-al-merito-della-repubblica-italiana-insignito-cavaliere-giuliano-pascal\\\/#primaryimage\"},\"thumbnailUrl\":\"https:\\\/\\\/comunicacity.net\\\/pomaretto\\\/wp-content\\\/uploads\\\/sites\\\/59\\\/2025\\\/12\\\/Consegna-Onorificenza-cavaliere-Pascal-G.jpg\",\"articleSection\":[\"Notizie e Informazioni\"],\"inLanguage\":\"it-IT\"},{\"@type\":\"WebPage\",\"@id\":\"https:\\\/\\\/comunicacity.net\\\/pomaretto\\\/2025\\\/12\\\/19\\\/consegna-onorificenza-dellordine-al-merito-della-repubblica-italiana-insignito-cavaliere-giuliano-pascal\\\/\",\"url\":\"https:\\\/\\\/comunicacity.net\\\/pomaretto\\\/2025\\\/12\\\/19\\\/consegna-onorificenza-dellordine-al-merito-della-repubblica-italiana-insignito-cavaliere-giuliano-pascal\\\/\",\"name\":\"Consegna Onorificenza dell\u2019Ordine al Merito della Repubblica Italiana - Insignito cavaliere Giuliano PASCAL - Pomaretto\",\"isPartOf\":{\"@id\":\"https:\\\/\\\/comunicacity.net\\\/pomaretto\\\/#website\"},\"primaryImageOfPage\":{\"@id\":\"https:\\\/\\\/comunicacity.net\\\/pomaretto\\\/2025\\\/12\\\/19\\\/consegna-onorificenza-dellordine-al-merito-della-repubblica-italiana-insignito-cavaliere-giuliano-pascal\\\/#primaryimage\"},\"image\":{\"@id\":\"https:\\\/\\\/comunicacity.net\\\/pomaretto\\\/2025\\\/12\\\/19\\\/consegna-onorificenza-dellordine-al-merito-della-repubblica-italiana-insignito-cavaliere-giuliano-pascal\\\/#primaryimage\"},\"thumbnailUrl\":\"https:\\\/\\\/comunicacity.net\\\/pomaretto\\\/wp-content\\\/uploads\\\/sites\\\/59\\\/2025\\\/12\\\/Consegna-Onorificenza-cavaliere-Pascal-G.jpg\",\"datePublished\":\"2025-12-19T11:45:41+00:00\",\"author\":{\"@id\":\"https:\\\/\\\/comunicacity.net\\\/pomaretto\\\/#\\\/schema\\\/person\\\/9c1262c4b52bc41d9ef8aa554e351220\"},\"breadcrumb\":{\"@id\":\"https:\\\/\\\/comunicacity.net\\\/pomaretto\\\/2025\\\/12\\\/19\\\/consegna-onorificenza-dellordine-al-merito-della-repubblica-italiana-insignito-cavaliere-giuliano-pascal\\\/#breadcrumb\"},\"inLanguage\":\"it-IT\",\"potentialAction\":[{\"@type\":\"ReadAction\",\"target\":[\"https:\\\/\\\/comunicacity.net\\\/pomaretto\\\/2025\\\/12\\\/19\\\/consegna-onorificenza-dellordine-al-merito-della-repubblica-italiana-insignito-cavaliere-giuliano-pascal\\\/\"]}]},{\"@type\":\"ImageObject\",\"inLanguage\":\"it-IT\",\"@id\":\"https:\\\/\\\/comunicacity.net\\\/pomaretto\\\/2025\\\/12\\\/19\\\/consegna-onorificenza-dellordine-al-merito-della-repubblica-italiana-insignito-cavaliere-giuliano-pascal\\\/#primaryimage\",\"url\":\"https:\\\/\\\/comunicacity.net\\\/pomaretto\\\/wp-content\\\/uploads\\\/sites\\\/59\\\/2025\\\/12\\\/Consegna-Onorificenza-cavaliere-Pascal-G.jpg\",\"contentUrl\":\"https:\\\/\\\/comunicacity.net\\\/pomaretto\\\/wp-content\\\/uploads\\\/sites\\\/59\\\/2025\\\/12\\\/Consegna-Onorificenza-cavaliere-Pascal-G.jpg\",\"width\":1500,\"height\":2122},{\"@type\":\"BreadcrumbList\",\"@id\":\"https:\\\/\\\/comunicacity.net\\\/pomaretto\\\/2025\\\/12\\\/19\\\/consegna-onorificenza-dellordine-al-merito-della-repubblica-italiana-insignito-cavaliere-giuliano-pascal\\\/#breadcrumb\",\"itemListElement\":[{\"@type\":\"ListItem\",\"position\":1,\"name\":\"Home\",\"item\":\"https:\\\/\\\/comunicacity.net\\\/pomaretto\\\/\"},{\"@type\":\"ListItem\",\"position\":2,\"name\":\"Consegna Onorificenza dell\u2019Ordine al Merito della Repubblica Italiana &#8211; Insignito cavaliere Giuliano PASCAL\"}]},{\"@type\":\"WebSite\",\"@id\":\"https:\\\/\\\/comunicacity.net\\\/pomaretto\\\/#website\",\"url\":\"https:\\\/\\\/comunicacity.net\\\/pomaretto\\\/\",\"name\":\"Pomaretto\",\"description\":\"Ecco un altro sito ComunicaCity\",\"potentialAction\":[{\"@type\":\"SearchAction\",\"target\":{\"@type\":\"EntryPoint\",\"urlTemplate\":\"https:\\\/\\\/comunicacity.net\\\/pomaretto\\\/?s={search_term_string}\"},\"query-input\":{\"@type\":\"PropertyValueSpecification\",\"valueRequired\":true,\"valueName\":\"search_term_string\"}}],\"inLanguage\":\"it-IT\"},{\"@type\":\"Person\",\"@id\":\"https:\\\/\\\/comunicacity.net\\\/pomaretto\\\/#\\\/schema\\\/person\\\/9c1262c4b52bc41d9ef8aa554e351220\",\"name\":\"Ornella\",\"image\":{\"@type\":\"ImageObject\",\"inLanguage\":\"it-IT\",\"@id\":\"https:\\\/\\\/secure.gravatar.com\\\/avatar\\\/b72bf7fbd66fb1e7572966ed38e32bdfd3aecb7e56e1f4c40793056f3979e8f5?s=96&d=mm&r=g\",\"url\":\"https:\\\/\\\/secure.gravatar.com\\\/avatar\\\/b72bf7fbd66fb1e7572966ed38e32bdfd3aecb7e56e1f4c40793056f3979e8f5?s=96&d=mm&r=g\",\"contentUrl\":\"https:\\\/\\\/secure.gravatar.com\\\/avatar\\\/b72bf7fbd66fb1e7572966ed38e32bdfd3aecb7e56e1f4c40793056f3979e8f5?s=96&d=mm&r=g\",\"caption\":\"Ornella\"},\"url\":\"https:\\\/\\\/comunicacity.net\\\/pomaretto\\\/author\\\/ornellapomaretto\\\/\"}]}<\/script>\n<!-- \/ Yoast SEO plugin. -->","yoast_head_json":{"title":"Consegna Onorificenza dell\u2019Ordine al Merito della Repubblica Italiana - Insignito cavaliere Giuliano PASCAL - Pomaretto","robots":{"index":"index","follow":"follow","max-snippet":"max-snippet:-1","max-image-preview":"max-image-preview:large","max-video-preview":"max-video-preview:-1"},"canonical":"https:\/\/comunicacity.net\/pomaretto\/2025\/12\/19\/consegna-onorificenza-dellordine-al-merito-della-repubblica-italiana-insignito-cavaliere-giuliano-pascal\/","og_locale":"it_IT","og_type":"article","og_title":"Consegna Onorificenza dell\u2019Ordine al Merito della Repubblica Italiana - Insignito cavaliere Giuliano PASCAL - Pomaretto","og_description":"Marted\u00ec 16 dicembre si \u00e8 svolta nell\u2019Aula Magna della Scuola Ufficiali dell\u2019Esercito, la cerimonia di consegna delle Onorificenze dell\u2019Ordine al Merito della Repubblica Italiana, promossa dalla Prefettura di Torino. Il [&hellip;]","og_url":"https:\/\/comunicacity.net\/pomaretto\/2025\/12\/19\/consegna-onorificenza-dellordine-al-merito-della-repubblica-italiana-insignito-cavaliere-giuliano-pascal\/","og_site_name":"Pomaretto","article_publisher":"http:\/\/facebook.com\/ComunicaCity","article_published_time":"2025-12-19T11:45:41+00:00","og_image":[{"width":1500,"height":2122,"url":"https:\/\/comunicacity.net\/pomaretto\/wp-content\/uploads\/sites\/59\/2025\/12\/Consegna-Onorificenza-cavaliere-Pascal-G.jpg","type":"image\/jpeg"}],"author":"Ornella","twitter_card":"summary_large_image","twitter_creator":"@comunicacity","twitter_site":"@comunicacity","twitter_misc":{"Scritto da":"Ornella","Tempo di lettura stimato":"3 minuti"},"schema":{"@context":"https:\/\/schema.org","@graph":[{"@type":"Article","@id":"https:\/\/comunicacity.net\/pomaretto\/2025\/12\/19\/consegna-onorificenza-dellordine-al-merito-della-repubblica-italiana-insignito-cavaliere-giuliano-pascal\/#article","isPartOf":{"@id":"https:\/\/comunicacity.net\/pomaretto\/2025\/12\/19\/consegna-onorificenza-dellordine-al-merito-della-repubblica-italiana-insignito-cavaliere-giuliano-pascal\/"},"author":{"name":"Ornella","@id":"https:\/\/comunicacity.net\/pomaretto\/#\/schema\/person\/9c1262c4b52bc41d9ef8aa554e351220"},"headline":"Consegna Onorificenza dell\u2019Ordine al Merito della Repubblica Italiana &#8211; Insignito cavaliere Giuliano PASCAL","datePublished":"2025-12-19T11:45:41+00:00","mainEntityOfPage":{"@id":"https:\/\/comunicacity.net\/pomaretto\/2025\/12\/19\/consegna-onorificenza-dellordine-al-merito-della-repubblica-italiana-insignito-cavaliere-giuliano-pascal\/"},"wordCount":515,"image":{"@id":"https:\/\/comunicacity.net\/pomaretto\/2025\/12\/19\/consegna-onorificenza-dellordine-al-merito-della-repubblica-italiana-insignito-cavaliere-giuliano-pascal\/#primaryimage"},"thumbnailUrl":"https:\/\/comunicacity.net\/pomaretto\/wp-content\/uploads\/sites\/59\/2025\/12\/Consegna-Onorificenza-cavaliere-Pascal-G.jpg","articleSection":["Notizie e Informazioni"],"inLanguage":"it-IT"},{"@type":"WebPage","@id":"https:\/\/comunicacity.net\/pomaretto\/2025\/12\/19\/consegna-onorificenza-dellordine-al-merito-della-repubblica-italiana-insignito-cavaliere-giuliano-pascal\/","url":"https:\/\/comunicacity.net\/pomaretto\/2025\/12\/19\/consegna-onorificenza-dellordine-al-merito-della-repubblica-italiana-insignito-cavaliere-giuliano-pascal\/","name":"Consegna Onorificenza dell\u2019Ordine al Merito della Repubblica Italiana - Insignito cavaliere Giuliano PASCAL - Pomaretto","isPartOf":{"@id":"https:\/\/comunicacity.net\/pomaretto\/#website"},"primaryImageOfPage":{"@id":"https:\/\/comunicacity.net\/pomaretto\/2025\/12\/19\/consegna-onorificenza-dellordine-al-merito-della-repubblica-italiana-insignito-cavaliere-giuliano-pascal\/#primaryimage"},"image":{"@id":"https:\/\/comunicacity.net\/pomaretto\/2025\/12\/19\/consegna-onorificenza-dellordine-al-merito-della-repubblica-italiana-insignito-cavaliere-giuliano-pascal\/#primaryimage"},"thumbnailUrl":"https:\/\/comunicacity.net\/pomaretto\/wp-content\/uploads\/sites\/59\/2025\/12\/Consegna-Onorificenza-cavaliere-Pascal-G.jpg","datePublished":"2025-12-19T11:45:41+00:00","author":{"@id":"https:\/\/comunicacity.net\/pomaretto\/#\/schema\/person\/9c1262c4b52bc41d9ef8aa554e351220"},"breadcrumb":{"@id":"https:\/\/comunicacity.net\/pomaretto\/2025\/12\/19\/consegna-onorificenza-dellordine-al-merito-della-repubblica-italiana-insignito-cavaliere-giuliano-pascal\/#breadcrumb"},"inLanguage":"it-IT","potentialAction":[{"@type":"ReadAction","target":["https:\/\/comunicacity.net\/pomaretto\/2025\/12\/19\/consegna-onorificenza-dellordine-al-merito-della-repubblica-italiana-insignito-cavaliere-giuliano-pascal\/"]}]},{"@type":"ImageObject","inLanguage":"it-IT","@id":"https:\/\/comunicacity.net\/pomaretto\/2025\/12\/19\/consegna-onorificenza-dellordine-al-merito-della-repubblica-italiana-insignito-cavaliere-giuliano-pascal\/#primaryimage","url":"https:\/\/comunicacity.net\/pomaretto\/wp-content\/uploads\/sites\/59\/2025\/12\/Consegna-Onorificenza-cavaliere-Pascal-G.jpg","contentUrl":"https:\/\/comunicacity.net\/pomaretto\/wp-content\/uploads\/sites\/59\/2025\/12\/Consegna-Onorificenza-cavaliere-Pascal-G.jpg","width":1500,"height":2122},{"@type":"BreadcrumbList","@id":"https:\/\/comunicacity.net\/pomaretto\/2025\/12\/19\/consegna-onorificenza-dellordine-al-merito-della-repubblica-italiana-insignito-cavaliere-giuliano-pascal\/#breadcrumb","itemListElement":[{"@type":"ListItem","position":1,"name":"Home","item":"https:\/\/comunicacity.net\/pomaretto\/"},{"@type":"ListItem","position":2,"name":"Consegna Onorificenza dell\u2019Ordine al Merito della Repubblica Italiana &#8211; Insignito cavaliere Giuliano PASCAL"}]},{"@type":"WebSite","@id":"https:\/\/comunicacity.net\/pomaretto\/#website","url":"https:\/\/comunicacity.net\/pomaretto\/","name":"Pomaretto","description":"Ecco un altro sito ComunicaCity","potentialAction":[{"@type":"SearchAction","target":{"@type":"EntryPoint","urlTemplate":"https:\/\/comunicacity.net\/pomaretto\/?s={search_term_string}"},"query-input":{"@type":"PropertyValueSpecification","valueRequired":true,"valueName":"search_term_string"}}],"inLanguage":"it-IT"},{"@type":"Person","@id":"https:\/\/comunicacity.net\/pomaretto\/#\/schema\/person\/9c1262c4b52bc41d9ef8aa554e351220","name":"Ornella","image":{"@type":"ImageObject","inLanguage":"it-IT","@id":"https:\/\/secure.gravatar.com\/avatar\/b72bf7fbd66fb1e7572966ed38e32bdfd3aecb7e56e1f4c40793056f3979e8f5?s=96&d=mm&r=g","url":"https:\/\/secure.gravatar.com\/avatar\/b72bf7fbd66fb1e7572966ed38e32bdfd3aecb7e56e1f4c40793056f3979e8f5?s=96&d=mm&r=g","contentUrl":"https:\/\/secure.gravatar.com\/avatar\/b72bf7fbd66fb1e7572966ed38e32bdfd3aecb7e56e1f4c40793056f3979e8f5?s=96&d=mm&r=g","caption":"Ornella"},"url":"https:\/\/comunicacity.net\/pomaretto\/author\/ornellapomaretto\/"}]}},"meta_box":{"cc4_urg_colore":"rosso","cc4_urg_data_inizio":"","cc4_urg_data_fine":"","cc4_cor_positivi_oggi":"","cc4_cor_negativizzati_oggi":"","cc4_cor_deceduti_oggi":"","cc4_cor_positivi_totali":"","cc4_cor_negativizzati_totali":"","cc4_cor_deceduti_totali":"","cc4_cor_attualmente_positivi":"","cc4_eve_data_inizio":"","cc4_eve_data_fine":"","cc4_eve_indirizzo":"","cc4_eve_posizione":{"latitude":"53.346881","longitude":"-6.25886","zoom":"0"},"cc4_eve_telefono":"","cc4_eve_email":"","cc4_eve_web":"","cc4_eve_fb":"","sitopa_id":""},"_links":{"self":[{"href":"https:\/\/comunicacity.net\/pomaretto\/wp-json\/wp\/v2\/posts\/7072","targetHints":{"allow":["GET"]}}],"collection":[{"href":"https:\/\/comunicacity.net\/pomaretto\/wp-json\/wp\/v2\/posts"}],"about":[{"href":"https:\/\/comunicacity.net\/pomaretto\/wp-json\/wp\/v2\/types\/post"}],"author":[{"embeddable":true,"href":"https:\/\/comunicacity.net\/pomaretto\/wp-json\/wp\/v2\/users\/118"}],"replies":[{"embeddable":true,"href":"https:\/\/comunicacity.net\/pomaretto\/wp-json\/wp\/v2\/comments?post=7072"}],"version-history":[{"count":1,"href":"https:\/\/comunicacity.net\/pomaretto\/wp-json\/wp\/v2\/posts\/7072\/revisions"}],"predecessor-version":[{"id":7075,"href":"https:\/\/comunicacity.net\/pomaretto\/wp-json\/wp\/v2\/posts\/7072\/revisions\/7075"}],"wp:featuredmedia":[{"embeddable":true,"href":"https:\/\/comunicacity.net\/pomaretto\/wp-json\/wp\/v2\/media\/7073"}],"wp:attachment":[{"href":"https:\/\/comunicacity.net\/pomaretto\/wp-json\/wp\/v2\/media?parent=7072"}],"wp:term":[{"taxonomy":"category","embeddable":true,"href":"https:\/\/comunicacity.net\/pomaretto\/wp-json\/wp\/v2\/categories?post=7072"},{"taxonomy":"post_tag","embeddable":true,"href":"https:\/\/comunicacity.net\/pomaretto\/wp-json\/wp\/v2\/tags?post=7072"}],"curies":[{"name":"wp","href":"https:\/\/api.w.org\/{rel}","templated":true}]}}