{"id":7107,"date":"2026-01-19T14:35:23","date_gmt":"2026-01-19T13:35:23","guid":{"rendered":"https:\/\/comunicacity.net\/pomaretto\/?p=7107"},"modified":"2026-01-19T14:35:23","modified_gmt":"2026-01-19T13:35:23","slug":"corsi-di-francese-e-di-occitano-2026","status":"publish","type":"post","link":"https:\/\/comunicacity.net\/pomaretto\/2026\/01\/19\/corsi-di-francese-e-di-occitano-2026\/","title":{"rendered":"Corsi di francese e di occitano 2026"},"content":{"rendered":"<p>Prendono l\u2019avvio, nella prima settimana di febbraio, due corsi di formazione previsti nell\u2019ambito dei progetti finanziati mediante la Legge 482\/99 per la tutela delle minoranze linguistiche storiche:<\/p>\n<p>Luned\u00ec 2 febbraio, alle 20.45, inizia il corso di francese di livello intermedio (il livello di conoscenza iniziale della lingua degli iscritti dovr\u00e0 essere coerente con il livello del corso). Il corso prevede 14 lezioni di un\u2019ora e mezza ciascuna, in presenza, presso la Scuola Latina il luned\u00ec sera, dalle 20.45 alle 22.15, e terminer\u00e0 luned\u00ec 11 maggio.<\/p>\n<p>Mercoled\u00ec 4 febbraio, alle 20.45, inizia il corso di occitano \u201cChantoummo notro storio, n\u00f2tr\u00e2 r\u00e9i e notro vitto\u201d &#8211; Riproposta di canti dei cahiers des chansons &#8211; Storie del territorio viste con gli occhi dei nostri cantautori. Il corso prevede 8 lezioni di due ore ciascuna, in presenza, presso la Scuola Latina il mercoled\u00ec sera, dalle 20.45 alle 22.45, e terminer\u00e0 mercoled\u00ec 25 marzo.<\/p>\n<p>Ad entrambi i corsi si pu\u00f2 aderire scrivendo a scuolalatina@scuolalatina.it entro mercoled\u00ec 28 gennaio; le adesioni saranno accettate fino ad esaurimento dei posti disponibili. L\u2019iscrizione \u00e8 gratuita.<\/p>\n","protected":false},"excerpt":{"rendered":"<p>Prendono l\u2019avvio, nella prima settimana di febbraio, due corsi di formazione previsti nell\u2019ambito dei progetti finanziati mediante la Legge 482\/99 per la tutela delle minoranze linguistiche storiche: Luned\u00ec 2 febbraio, [&hellip;]<\/p>\n","protected":false},"author":118,"featured_media":7108,"comment_status":"closed","ping_status":"closed","sticky":false,"template":"","format":"standard","meta":{"footnotes":""},"categories":[8],"tags":[],"class_list":["post-7107","post","type-post","status-publish","format-standard","has-post-thumbnail","hentry","category-cultura"],"yoast_head":"<!-- This site is optimized with the Yoast SEO plugin v27.4 - https:\/\/yoast.com\/product\/yoast-seo-wordpress\/ -->\n<title>Corsi di francese e di occitano 2026 - Pomaretto<\/title>\n<meta name=\"robots\" content=\"index, follow, max-snippet:-1, max-image-preview:large, max-video-preview:-1\" \/>\n<link rel=\"canonical\" href=\"https:\/\/comunicacity.net\/pomaretto\/2026\/01\/19\/corsi-di-francese-e-di-occitano-2026\/\" \/>\n<meta property=\"og:locale\" content=\"it_IT\" \/>\n<meta property=\"og:type\" content=\"article\" \/>\n<meta property=\"og:title\" content=\"Corsi di francese e di occitano 2026 - Pomaretto\" \/>\n<meta property=\"og:description\" content=\"Prendono l\u2019avvio, nella prima settimana di febbraio, due corsi di formazione previsti nell\u2019ambito dei progetti finanziati mediante la Legge 482\/99 per la tutela delle minoranze linguistiche storiche: Luned\u00ec 2 febbraio, [&hellip;]\" \/>\n<meta property=\"og:url\" content=\"https:\/\/comunicacity.net\/pomaretto\/2026\/01\/19\/corsi-di-francese-e-di-occitano-2026\/\" \/>\n<meta property=\"og:site_name\" content=\"Pomaretto\" \/>\n<meta property=\"article:publisher\" content=\"http:\/\/facebook.com\/ComunicaCity\" \/>\n<meta property=\"article:published_time\" content=\"2026-01-19T13:35:23+00:00\" \/>\n<meta property=\"og:image\" content=\"https:\/\/comunicacity.net\/pomaretto\/wp-content\/uploads\/sites\/59\/2026\/01\/CORSO.jpg\" \/>\n\t<meta property=\"og:image:width\" content=\"277\" \/>\n\t<meta property=\"og:image:height\" content=\"391\" \/>\n\t<meta property=\"og:image:type\" content=\"image\/jpeg\" \/>\n<meta name=\"author\" content=\"Ornella\" \/>\n<meta name=\"twitter:card\" content=\"summary_large_image\" \/>\n<meta name=\"twitter:creator\" content=\"@comunicacity\" \/>\n<meta name=\"twitter:site\" content=\"@comunicacity\" \/>\n<meta name=\"twitter:label1\" content=\"Scritto da\" \/>\n\t<meta name=\"twitter:data1\" content=\"Ornella\" \/>\n\t<meta name=\"twitter:label2\" content=\"Tempo di lettura stimato\" \/>\n\t<meta name=\"twitter:data2\" content=\"1 minuto\" \/>\n<script type=\"application\/ld+json\" class=\"yoast-schema-graph\">{\"@context\":\"https:\\\/\\\/schema.org\",\"@graph\":[{\"@type\":\"Article\",\"@id\":\"https:\\\/\\\/comunicacity.net\\\/pomaretto\\\/2026\\\/01\\\/19\\\/corsi-di-francese-e-di-occitano-2026\\\/#article\",\"isPartOf\":{\"@id\":\"https:\\\/\\\/comunicacity.net\\\/pomaretto\\\/2026\\\/01\\\/19\\\/corsi-di-francese-e-di-occitano-2026\\\/\"},\"author\":{\"name\":\"Ornella\",\"@id\":\"https:\\\/\\\/comunicacity.net\\\/pomaretto\\\/#\\\/schema\\\/person\\\/9c1262c4b52bc41d9ef8aa554e351220\"},\"headline\":\"Corsi di francese e di occitano 2026\",\"datePublished\":\"2026-01-19T13:35:23+00:00\",\"mainEntityOfPage\":{\"@id\":\"https:\\\/\\\/comunicacity.net\\\/pomaretto\\\/2026\\\/01\\\/19\\\/corsi-di-francese-e-di-occitano-2026\\\/\"},\"wordCount\":175,\"image\":{\"@id\":\"https:\\\/\\\/comunicacity.net\\\/pomaretto\\\/2026\\\/01\\\/19\\\/corsi-di-francese-e-di-occitano-2026\\\/#primaryimage\"},\"thumbnailUrl\":\"https:\\\/\\\/comunicacity.net\\\/pomaretto\\\/wp-content\\\/uploads\\\/sites\\\/59\\\/2026\\\/01\\\/CORSO.jpg\",\"articleSection\":[\"Cultura\"],\"inLanguage\":\"it-IT\"},{\"@type\":\"WebPage\",\"@id\":\"https:\\\/\\\/comunicacity.net\\\/pomaretto\\\/2026\\\/01\\\/19\\\/corsi-di-francese-e-di-occitano-2026\\\/\",\"url\":\"https:\\\/\\\/comunicacity.net\\\/pomaretto\\\/2026\\\/01\\\/19\\\/corsi-di-francese-e-di-occitano-2026\\\/\",\"name\":\"Corsi di francese e di occitano 2026 - Pomaretto\",\"isPartOf\":{\"@id\":\"https:\\\/\\\/comunicacity.net\\\/pomaretto\\\/#website\"},\"primaryImageOfPage\":{\"@id\":\"https:\\\/\\\/comunicacity.net\\\/pomaretto\\\/2026\\\/01\\\/19\\\/corsi-di-francese-e-di-occitano-2026\\\/#primaryimage\"},\"image\":{\"@id\":\"https:\\\/\\\/comunicacity.net\\\/pomaretto\\\/2026\\\/01\\\/19\\\/corsi-di-francese-e-di-occitano-2026\\\/#primaryimage\"},\"thumbnailUrl\":\"https:\\\/\\\/comunicacity.net\\\/pomaretto\\\/wp-content\\\/uploads\\\/sites\\\/59\\\/2026\\\/01\\\/CORSO.jpg\",\"datePublished\":\"2026-01-19T13:35:23+00:00\",\"author\":{\"@id\":\"https:\\\/\\\/comunicacity.net\\\/pomaretto\\\/#\\\/schema\\\/person\\\/9c1262c4b52bc41d9ef8aa554e351220\"},\"breadcrumb\":{\"@id\":\"https:\\\/\\\/comunicacity.net\\\/pomaretto\\\/2026\\\/01\\\/19\\\/corsi-di-francese-e-di-occitano-2026\\\/#breadcrumb\"},\"inLanguage\":\"it-IT\",\"potentialAction\":[{\"@type\":\"ReadAction\",\"target\":[\"https:\\\/\\\/comunicacity.net\\\/pomaretto\\\/2026\\\/01\\\/19\\\/corsi-di-francese-e-di-occitano-2026\\\/\"]}]},{\"@type\":\"ImageObject\",\"inLanguage\":\"it-IT\",\"@id\":\"https:\\\/\\\/comunicacity.net\\\/pomaretto\\\/2026\\\/01\\\/19\\\/corsi-di-francese-e-di-occitano-2026\\\/#primaryimage\",\"url\":\"https:\\\/\\\/comunicacity.net\\\/pomaretto\\\/wp-content\\\/uploads\\\/sites\\\/59\\\/2026\\\/01\\\/CORSO.jpg\",\"contentUrl\":\"https:\\\/\\\/comunicacity.net\\\/pomaretto\\\/wp-content\\\/uploads\\\/sites\\\/59\\\/2026\\\/01\\\/CORSO.jpg\",\"width\":277,\"height\":391},{\"@type\":\"BreadcrumbList\",\"@id\":\"https:\\\/\\\/comunicacity.net\\\/pomaretto\\\/2026\\\/01\\\/19\\\/corsi-di-francese-e-di-occitano-2026\\\/#breadcrumb\",\"itemListElement\":[{\"@type\":\"ListItem\",\"position\":1,\"name\":\"Home\",\"item\":\"https:\\\/\\\/comunicacity.net\\\/pomaretto\\\/\"},{\"@type\":\"ListItem\",\"position\":2,\"name\":\"Corsi di francese e di occitano 2026\"}]},{\"@type\":\"WebSite\",\"@id\":\"https:\\\/\\\/comunicacity.net\\\/pomaretto\\\/#website\",\"url\":\"https:\\\/\\\/comunicacity.net\\\/pomaretto\\\/\",\"name\":\"Pomaretto\",\"description\":\"Ecco un altro sito ComunicaCity\",\"potentialAction\":[{\"@type\":\"SearchAction\",\"target\":{\"@type\":\"EntryPoint\",\"urlTemplate\":\"https:\\\/\\\/comunicacity.net\\\/pomaretto\\\/?s={search_term_string}\"},\"query-input\":{\"@type\":\"PropertyValueSpecification\",\"valueRequired\":true,\"valueName\":\"search_term_string\"}}],\"inLanguage\":\"it-IT\"},{\"@type\":\"Person\",\"@id\":\"https:\\\/\\\/comunicacity.net\\\/pomaretto\\\/#\\\/schema\\\/person\\\/9c1262c4b52bc41d9ef8aa554e351220\",\"name\":\"Ornella\",\"image\":{\"@type\":\"ImageObject\",\"inLanguage\":\"it-IT\",\"@id\":\"https:\\\/\\\/secure.gravatar.com\\\/avatar\\\/b72bf7fbd66fb1e7572966ed38e32bdfd3aecb7e56e1f4c40793056f3979e8f5?s=96&d=mm&r=g\",\"url\":\"https:\\\/\\\/secure.gravatar.com\\\/avatar\\\/b72bf7fbd66fb1e7572966ed38e32bdfd3aecb7e56e1f4c40793056f3979e8f5?s=96&d=mm&r=g\",\"contentUrl\":\"https:\\\/\\\/secure.gravatar.com\\\/avatar\\\/b72bf7fbd66fb1e7572966ed38e32bdfd3aecb7e56e1f4c40793056f3979e8f5?s=96&d=mm&r=g\",\"caption\":\"Ornella\"},\"url\":\"https:\\\/\\\/comunicacity.net\\\/pomaretto\\\/author\\\/ornellapomaretto\\\/\"}]}<\/script>\n<!-- \/ Yoast SEO plugin. -->","yoast_head_json":{"title":"Corsi di francese e di occitano 2026 - Pomaretto","robots":{"index":"index","follow":"follow","max-snippet":"max-snippet:-1","max-image-preview":"max-image-preview:large","max-video-preview":"max-video-preview:-1"},"canonical":"https:\/\/comunicacity.net\/pomaretto\/2026\/01\/19\/corsi-di-francese-e-di-occitano-2026\/","og_locale":"it_IT","og_type":"article","og_title":"Corsi di francese e di occitano 2026 - Pomaretto","og_description":"Prendono l\u2019avvio, nella prima settimana di febbraio, due corsi di formazione previsti nell\u2019ambito dei progetti finanziati mediante la Legge 482\/99 per la tutela delle minoranze linguistiche storiche: Luned\u00ec 2 febbraio, [&hellip;]","og_url":"https:\/\/comunicacity.net\/pomaretto\/2026\/01\/19\/corsi-di-francese-e-di-occitano-2026\/","og_site_name":"Pomaretto","article_publisher":"http:\/\/facebook.com\/ComunicaCity","article_published_time":"2026-01-19T13:35:23+00:00","og_image":[{"width":277,"height":391,"url":"https:\/\/comunicacity.net\/pomaretto\/wp-content\/uploads\/sites\/59\/2026\/01\/CORSO.jpg","type":"image\/jpeg"}],"author":"Ornella","twitter_card":"summary_large_image","twitter_creator":"@comunicacity","twitter_site":"@comunicacity","twitter_misc":{"Scritto da":"Ornella","Tempo di lettura stimato":"1 minuto"},"schema":{"@context":"https:\/\/schema.org","@graph":[{"@type":"Article","@id":"https:\/\/comunicacity.net\/pomaretto\/2026\/01\/19\/corsi-di-francese-e-di-occitano-2026\/#article","isPartOf":{"@id":"https:\/\/comunicacity.net\/pomaretto\/2026\/01\/19\/corsi-di-francese-e-di-occitano-2026\/"},"author":{"name":"Ornella","@id":"https:\/\/comunicacity.net\/pomaretto\/#\/schema\/person\/9c1262c4b52bc41d9ef8aa554e351220"},"headline":"Corsi di francese e di occitano 2026","datePublished":"2026-01-19T13:35:23+00:00","mainEntityOfPage":{"@id":"https:\/\/comunicacity.net\/pomaretto\/2026\/01\/19\/corsi-di-francese-e-di-occitano-2026\/"},"wordCount":175,"image":{"@id":"https:\/\/comunicacity.net\/pomaretto\/2026\/01\/19\/corsi-di-francese-e-di-occitano-2026\/#primaryimage"},"thumbnailUrl":"https:\/\/comunicacity.net\/pomaretto\/wp-content\/uploads\/sites\/59\/2026\/01\/CORSO.jpg","articleSection":["Cultura"],"inLanguage":"it-IT"},{"@type":"WebPage","@id":"https:\/\/comunicacity.net\/pomaretto\/2026\/01\/19\/corsi-di-francese-e-di-occitano-2026\/","url":"https:\/\/comunicacity.net\/pomaretto\/2026\/01\/19\/corsi-di-francese-e-di-occitano-2026\/","name":"Corsi di francese e di occitano 2026 - Pomaretto","isPartOf":{"@id":"https:\/\/comunicacity.net\/pomaretto\/#website"},"primaryImageOfPage":{"@id":"https:\/\/comunicacity.net\/pomaretto\/2026\/01\/19\/corsi-di-francese-e-di-occitano-2026\/#primaryimage"},"image":{"@id":"https:\/\/comunicacity.net\/pomaretto\/2026\/01\/19\/corsi-di-francese-e-di-occitano-2026\/#primaryimage"},"thumbnailUrl":"https:\/\/comunicacity.net\/pomaretto\/wp-content\/uploads\/sites\/59\/2026\/01\/CORSO.jpg","datePublished":"2026-01-19T13:35:23+00:00","author":{"@id":"https:\/\/comunicacity.net\/pomaretto\/#\/schema\/person\/9c1262c4b52bc41d9ef8aa554e351220"},"breadcrumb":{"@id":"https:\/\/comunicacity.net\/pomaretto\/2026\/01\/19\/corsi-di-francese-e-di-occitano-2026\/#breadcrumb"},"inLanguage":"it-IT","potentialAction":[{"@type":"ReadAction","target":["https:\/\/comunicacity.net\/pomaretto\/2026\/01\/19\/corsi-di-francese-e-di-occitano-2026\/"]}]},{"@type":"ImageObject","inLanguage":"it-IT","@id":"https:\/\/comunicacity.net\/pomaretto\/2026\/01\/19\/corsi-di-francese-e-di-occitano-2026\/#primaryimage","url":"https:\/\/comunicacity.net\/pomaretto\/wp-content\/uploads\/sites\/59\/2026\/01\/CORSO.jpg","contentUrl":"https:\/\/comunicacity.net\/pomaretto\/wp-content\/uploads\/sites\/59\/2026\/01\/CORSO.jpg","width":277,"height":391},{"@type":"BreadcrumbList","@id":"https:\/\/comunicacity.net\/pomaretto\/2026\/01\/19\/corsi-di-francese-e-di-occitano-2026\/#breadcrumb","itemListElement":[{"@type":"ListItem","position":1,"name":"Home","item":"https:\/\/comunicacity.net\/pomaretto\/"},{"@type":"ListItem","position":2,"name":"Corsi di francese e di occitano 2026"}]},{"@type":"WebSite","@id":"https:\/\/comunicacity.net\/pomaretto\/#website","url":"https:\/\/comunicacity.net\/pomaretto\/","name":"Pomaretto","description":"Ecco un altro sito ComunicaCity","potentialAction":[{"@type":"SearchAction","target":{"@type":"EntryPoint","urlTemplate":"https:\/\/comunicacity.net\/pomaretto\/?s={search_term_string}"},"query-input":{"@type":"PropertyValueSpecification","valueRequired":true,"valueName":"search_term_string"}}],"inLanguage":"it-IT"},{"@type":"Person","@id":"https:\/\/comunicacity.net\/pomaretto\/#\/schema\/person\/9c1262c4b52bc41d9ef8aa554e351220","name":"Ornella","image":{"@type":"ImageObject","inLanguage":"it-IT","@id":"https:\/\/secure.gravatar.com\/avatar\/b72bf7fbd66fb1e7572966ed38e32bdfd3aecb7e56e1f4c40793056f3979e8f5?s=96&d=mm&r=g","url":"https:\/\/secure.gravatar.com\/avatar\/b72bf7fbd66fb1e7572966ed38e32bdfd3aecb7e56e1f4c40793056f3979e8f5?s=96&d=mm&r=g","contentUrl":"https:\/\/secure.gravatar.com\/avatar\/b72bf7fbd66fb1e7572966ed38e32bdfd3aecb7e56e1f4c40793056f3979e8f5?s=96&d=mm&r=g","caption":"Ornella"},"url":"https:\/\/comunicacity.net\/pomaretto\/author\/ornellapomaretto\/"}]}},"meta_box":{"cc4_urg_colore":"rosso","cc4_urg_data_inizio":"","cc4_urg_data_fine":"","cc4_cor_positivi_oggi":"","cc4_cor_negativizzati_oggi":"","cc4_cor_deceduti_oggi":"","cc4_cor_positivi_totali":"","cc4_cor_negativizzati_totali":"","cc4_cor_deceduti_totali":"","cc4_cor_attualmente_positivi":"","cc4_eve_data_inizio":"","cc4_eve_data_fine":"","cc4_eve_indirizzo":"","cc4_eve_posizione":{"latitude":"53.346881","longitude":"-6.25886","zoom":"0"},"cc4_eve_telefono":"","cc4_eve_email":"","cc4_eve_web":"","cc4_eve_fb":"","sitopa_id":""},"_links":{"self":[{"href":"https:\/\/comunicacity.net\/pomaretto\/wp-json\/wp\/v2\/posts\/7107","targetHints":{"allow":["GET"]}}],"collection":[{"href":"https:\/\/comunicacity.net\/pomaretto\/wp-json\/wp\/v2\/posts"}],"about":[{"href":"https:\/\/comunicacity.net\/pomaretto\/wp-json\/wp\/v2\/types\/post"}],"author":[{"embeddable":true,"href":"https:\/\/comunicacity.net\/pomaretto\/wp-json\/wp\/v2\/users\/118"}],"replies":[{"embeddable":true,"href":"https:\/\/comunicacity.net\/pomaretto\/wp-json\/wp\/v2\/comments?post=7107"}],"version-history":[{"count":1,"href":"https:\/\/comunicacity.net\/pomaretto\/wp-json\/wp\/v2\/posts\/7107\/revisions"}],"predecessor-version":[{"id":7111,"href":"https:\/\/comunicacity.net\/pomaretto\/wp-json\/wp\/v2\/posts\/7107\/revisions\/7111"}],"wp:featuredmedia":[{"embeddable":true,"href":"https:\/\/comunicacity.net\/pomaretto\/wp-json\/wp\/v2\/media\/7108"}],"wp:attachment":[{"href":"https:\/\/comunicacity.net\/pomaretto\/wp-json\/wp\/v2\/media?parent=7107"}],"wp:term":[{"taxonomy":"category","embeddable":true,"href":"https:\/\/comunicacity.net\/pomaretto\/wp-json\/wp\/v2\/categories?post=7107"},{"taxonomy":"post_tag","embeddable":true,"href":"https:\/\/comunicacity.net\/pomaretto\/wp-json\/wp\/v2\/tags?post=7107"}],"curies":[{"name":"wp","href":"https:\/\/api.w.org\/{rel}","templated":true}]}}