{"id":4734,"date":"2026-09-03T09:37:20","date_gmt":"2026-09-03T07:37:20","guid":{"rendered":"https:\/\/comunicacity.net\/pontinia\/?p=4734"},"modified":"2026-09-03T09:41:48","modified_gmt":"2026-09-03T07:41:48","slug":"roma-torna-un-canestro-per-te-il-programma-del-torneo-a-squadre-under-17-in-ricordo-di-francesco-mansutti","status":"publish","type":"post","link":"https:\/\/comunicacity.net\/pontinia\/2026\/09\/03\/roma-torna-un-canestro-per-te-il-programma-del-torneo-a-squadre-under-17-in-ricordo-di-francesco-mansutti\/","title":{"rendered":"Roma, torna \u201cUn canestro per te\u201d: il programma del torneo a squadre Under 17 in ricordo di Francesco Mansutti"},"content":{"rendered":"<div>\n<p><strong>La quarta edizione \u00e8 in programma sabato 5 e domenica 6 settembre 2026<\/strong><\/p>\n<\/div>\n<div>\n<p>Roma ospita la quarta edizione di <span style=\"color: #ff0000\">\u201cUn canestro per te\u201d<\/span>, torneo di basket Under 17 nato per ricordare Francesco Mansutti e i valori di impegno, responsabilit\u00e0 e condivisione a cui era legato. Le gare si svolgeranno al Pala Petriana, in via di Santa Maria Mediatrice 24, con sei squadre partecipanti: Anzio Basket Club, San Paolo Ostiense, SMG Latina, Stella Azzurra Roma, Virtus Basket Pontinia e Virtus GVM Roma 1960.<\/p>\n<\/div>\n<div>\n<div>\n<p style=\"text-align: left\"><em><strong>-Sabato 5 settembre, dalle 9:30 alle 21:30; domenica 6 settembre, dalle 9:30 alle 14:00<\/strong><\/em><\/p>\n<\/div>\n<div style=\"text-align: left\">\n<p><em><strong>-Pala Petriana, via di Santa Maria Mediatrice 24, Roma<\/strong><\/em><\/p>\n<hr \/>\n<\/div>\n<div style=\"text-align: left\"><span style=\"color: #ff0000\">l torneo e il suo significato\u00a0<\/span><\/div>\n<\/div>\n<div>\n<p>Il torneo porta avanti il ricordo di <span style=\"color: #ff0000\">Francesco<\/span> attraverso lo sport a cui era profondamente legato. Dopo Pontinia nel 2023, Roma nel 2024 e Latina nel 2025, la manifestazione torna a Roma nel 2026.<\/p>\n<hr \/>\n<\/div>\n<div>\n<p><span style=\"color: #ff0000\">Sara Basile<\/span>, Presidente dell\u2019Associazione Francesco Mansutti Ets, ricorda che per Francesco il basket era \u201cvitale\u201d: non solo una passione, ma un modo di vivere e stare insieme. Sottolinea i valori di senso del dovere, responsabilit\u00e0 e presenza verso i compagni, auspicando che possano essere d\u2019esempio per i giovani, e ringrazia squadre e societ\u00e0 per la partecipazione alla quarta edizione.<\/p>\n<hr \/>\n<\/div>\n<div>\n<p><span style=\"color: #ff0000\">Franco Mansutti<\/span>, padre di Francesco, racconta l\u2019emozione di tornare al Pala Petriana, luogo degli allenamenti, delle partite e dei compagni del figlio. Ricorda la seriet\u00e0 con cui Francesco affrontava il basket e la sua continua voglia di migliorarsi, ringraziando Maurizio Zoffoli e Claudio Carducci per il sostegno all\u2019organizzazione e per il lavoro svolto nel settore giovanile della Virtus GVM Roma 1960.<\/p>\n<hr \/>\n<\/div>\n<div>\n<p><strong>Organizzazione e patrocini<\/strong><\/p>\n<\/div>\n<div>\n<p>La quarta edizione \u00e8 organizzata dall\u2019Associazione Francesco Mansutti Ets in collaborazione con Virtus GVM Roma 1960, con il patrocinio di CONI &#8211; Comitato Regionale Lazio, Sport e Salute e FIP Lazio.<\/p>\n<\/div>\n<div>\n<hr \/>\n<p>Calendario \ud83d\uddd3\ufe0f<\/p>\n<\/div>\n<div>\n<p>Il programma prevede sei incontri nei due gironi nella giornata di sabato e le finali nella mattina di domenica.<\/p>\n<\/div>\n<div>\n<div>\n<p>Domenica 6 settembre 2026<\/p>\n<\/div>\n<div>\n<p>09:30 &#8211; Finale 3\u00b0-4\u00b0 posto tra le seconde classificate<\/p>\n<\/div>\n<div>\n<p>Domenica 6 settembre 2026<\/p>\n<\/div>\n<div>\n<p>11:30 &#8211; Finale 1\u00b0-2\u00b0 posto tra le prime classificate<\/p>\n<\/div>\n<div>\n<hr \/>\n<\/div>\n<p><strong>Premiazioni<\/strong><\/p>\n<\/div>\n<p>Al termine del torneo saranno consegnate targhe commemorative alle sei squadre partecipanti. Verr\u00e0 inoltre assegnata una Targa Fair Play al giocatore che si sar\u00e0 distinto per correttezza e lealt\u00e0.<\/p>\n<hr \/>\n<p><strong>Associazione Francesco Mansutti Ets<\/strong><\/p>\n<p>Fondata nel 2025, l\u2019Associazione Francesco Mansutti Ets trasforma la memoria in azione concreta attraverso iniziative a sostegno della comunit\u00e0 e del territorio, promuovendo cultura, formazione e impegno civico. Nel ricordo di Francesco, si ispira ai valori di responsabilit\u00e0, solidariet\u00e0 e impegno civile, sostenendo percorsi di crescita per le nuove generazioni.<\/p>\n<div>\n<p>Tra le sue attivit\u00e0 figurano premi di laurea triennale e magistrale presso Luiss Guido Carli, tornei sportivi giovanili, convegni itineranti sulla legalit\u00e0 nelle scuole e progetti culturali e formativi dedicati agli studenti.<\/p>\n<\/div>\n<div>\n<hr \/>\n<h1><img loading=\"lazy\" decoding=\"async\" class=\"size-large wp-image-4724 aligncenter\" src=\"https:\/\/comunicacity.net\/pontinia\/wp-content\/uploads\/sites\/158\/2026\/03\/783d0d7b-6af0-4099-8f9a-ee253051dd0f-870x1024.jpg\" alt=\"\" width=\"640\" height=\"753\" srcset=\"https:\/\/comunicacity.net\/pontinia\/wp-content\/uploads\/sites\/158\/2026\/03\/783d0d7b-6af0-4099-8f9a-ee253051dd0f-870x1024.jpg 870w, https:\/\/comunicacity.net\/pontinia\/wp-content\/uploads\/sites\/158\/2026\/03\/783d0d7b-6af0-4099-8f9a-ee253051dd0f-255x300.jpg 255w, https:\/\/comunicacity.net\/pontinia\/wp-content\/uploads\/sites\/158\/2026\/03\/783d0d7b-6af0-4099-8f9a-ee253051dd0f-768x904.jpg 768w, https:\/\/comunicacity.net\/pontinia\/wp-content\/uploads\/sites\/158\/2026\/03\/783d0d7b-6af0-4099-8f9a-ee253051dd0f.jpg 1067w\" sizes=\"auto, (max-width: 640px) 100vw, 640px\" \/> <img loading=\"lazy\" decoding=\"async\" class=\"size-large wp-image-4723 aligncenter\" src=\"https:\/\/comunicacity.net\/pontinia\/wp-content\/uploads\/sites\/158\/2026\/03\/4829c841-d653-41e1-9013-ac2c444a3809-1024x743.jpg\" alt=\"\" width=\"640\" height=\"464\" srcset=\"https:\/\/comunicacity.net\/pontinia\/wp-content\/uploads\/sites\/158\/2026\/03\/4829c841-d653-41e1-9013-ac2c444a3809-1024x743.jpg 1024w, https:\/\/comunicacity.net\/pontinia\/wp-content\/uploads\/sites\/158\/2026\/03\/4829c841-d653-41e1-9013-ac2c444a3809-300x218.jpg 300w, https:\/\/comunicacity.net\/pontinia\/wp-content\/uploads\/sites\/158\/2026\/03\/4829c841-d653-41e1-9013-ac2c444a3809-768x558.jpg 768w, https:\/\/comunicacity.net\/pontinia\/wp-content\/uploads\/sites\/158\/2026\/03\/4829c841-d653-41e1-9013-ac2c444a3809.jpg 1080w\" sizes=\"auto, (max-width: 640px) 100vw, 640px\" \/> <img loading=\"lazy\" decoding=\"async\" class=\"size-large wp-image-4722 aligncenter\" src=\"https:\/\/comunicacity.net\/pontinia\/wp-content\/uploads\/sites\/158\/2026\/03\/66f889fd-fb1c-40c9-ab02-6e3c6fb86b76-1024x667.jpg\" alt=\"\" width=\"640\" height=\"417\" srcset=\"https:\/\/comunicacity.net\/pontinia\/wp-content\/uploads\/sites\/158\/2026\/03\/66f889fd-fb1c-40c9-ab02-6e3c6fb86b76-1024x667.jpg 1024w, https:\/\/comunicacity.net\/pontinia\/wp-content\/uploads\/sites\/158\/2026\/03\/66f889fd-fb1c-40c9-ab02-6e3c6fb86b76-300x195.jpg 300w, https:\/\/comunicacity.net\/pontinia\/wp-content\/uploads\/sites\/158\/2026\/03\/66f889fd-fb1c-40c9-ab02-6e3c6fb86b76-768x500.jpg 768w, https:\/\/comunicacity.net\/pontinia\/wp-content\/uploads\/sites\/158\/2026\/03\/66f889fd-fb1c-40c9-ab02-6e3c6fb86b76.jpg 1080w\" sizes=\"auto, (max-width: 640px) 100vw, 640px\" \/> <img loading=\"lazy\" decoding=\"async\" class=\"size-large wp-image-4721 aligncenter\" src=\"https:\/\/comunicacity.net\/pontinia\/wp-content\/uploads\/sites\/158\/2026\/03\/11b90ec5-ebc1-4700-a15b-8b2892c43004-726x1024.jpg\" alt=\"\" width=\"640\" height=\"903\" srcset=\"https:\/\/comunicacity.net\/pontinia\/wp-content\/uploads\/sites\/158\/2026\/03\/11b90ec5-ebc1-4700-a15b-8b2892c43004-726x1024.jpg 726w, https:\/\/comunicacity.net\/pontinia\/wp-content\/uploads\/sites\/158\/2026\/03\/11b90ec5-ebc1-4700-a15b-8b2892c43004-213x300.jpg 213w, https:\/\/comunicacity.net\/pontinia\/wp-content\/uploads\/sites\/158\/2026\/03\/11b90ec5-ebc1-4700-a15b-8b2892c43004-768x1084.jpg 768w, https:\/\/comunicacity.net\/pontinia\/wp-content\/uploads\/sites\/158\/2026\/03\/11b90ec5-ebc1-4700-a15b-8b2892c43004.jpg 1080w\" sizes=\"auto, (max-width: 640px) 100vw, 640px\" \/> <img loading=\"lazy\" decoding=\"async\" class=\"size-large wp-image-4720 aligncenter\" src=\"https:\/\/comunicacity.net\/pontinia\/wp-content\/uploads\/sites\/158\/2026\/03\/3a094bbc-f12b-47d2-8637-afc06721127e-1024x668.jpg\" alt=\"\" width=\"640\" height=\"418\" srcset=\"https:\/\/comunicacity.net\/pontinia\/wp-content\/uploads\/sites\/158\/2026\/03\/3a094bbc-f12b-47d2-8637-afc06721127e-1024x668.jpg 1024w, https:\/\/comunicacity.net\/pontinia\/wp-content\/uploads\/sites\/158\/2026\/03\/3a094bbc-f12b-47d2-8637-afc06721127e-300x196.jpg 300w, https:\/\/comunicacity.net\/pontinia\/wp-content\/uploads\/sites\/158\/2026\/03\/3a094bbc-f12b-47d2-8637-afc06721127e-768x501.jpg 768w, https:\/\/comunicacity.net\/pontinia\/wp-content\/uploads\/sites\/158\/2026\/03\/3a094bbc-f12b-47d2-8637-afc06721127e.jpg 1080w\" sizes=\"auto, (max-width: 640px) 100vw, 640px\" \/> <img loading=\"lazy\" decoding=\"async\" class=\"size-large wp-image-4719 aligncenter\" src=\"https:\/\/comunicacity.net\/pontinia\/wp-content\/uploads\/sites\/158\/2026\/03\/Progetto-senza-titolo-819x1024.jpg\" alt=\"\" width=\"640\" height=\"800\" srcset=\"https:\/\/comunicacity.net\/pontinia\/wp-content\/uploads\/sites\/158\/2026\/03\/Progetto-senza-titolo-819x1024.jpg 819w, https:\/\/comunicacity.net\/pontinia\/wp-content\/uploads\/sites\/158\/2026\/03\/Progetto-senza-titolo-240x300.jpg 240w, https:\/\/comunicacity.net\/pontinia\/wp-content\/uploads\/sites\/158\/2026\/03\/Progetto-senza-titolo-768x960.jpg 768w, https:\/\/comunicacity.net\/pontinia\/wp-content\/uploads\/sites\/158\/2026\/03\/Progetto-senza-titolo-1229x1536.jpg 1229w, https:\/\/comunicacity.net\/pontinia\/wp-content\/uploads\/sites\/158\/2026\/03\/Progetto-senza-titolo-1638x2048.jpg 1638w, https:\/\/comunicacity.net\/pontinia\/wp-content\/uploads\/sites\/158\/2026\/03\/Progetto-senza-titolo-scaled.jpg 2048w\" sizes=\"auto, (max-width: 640px) 100vw, 640px\" \/> <img loading=\"lazy\" decoding=\"async\" class=\"size-large wp-image-4718 aligncenter\" src=\"https:\/\/comunicacity.net\/pontinia\/wp-content\/uploads\/sites\/158\/2026\/03\/650806883_1554761623321107_4910215767615937118_n-1024x1014.jpg\" alt=\"\" width=\"640\" height=\"634\" srcset=\"https:\/\/comunicacity.net\/pontinia\/wp-content\/uploads\/sites\/158\/2026\/03\/650806883_1554761623321107_4910215767615937118_n-1024x1014.jpg 1024w, https:\/\/comunicacity.net\/pontinia\/wp-content\/uploads\/sites\/158\/2026\/03\/650806883_1554761623321107_4910215767615937118_n-300x297.jpg 300w, https:\/\/comunicacity.net\/pontinia\/wp-content\/uploads\/sites\/158\/2026\/03\/650806883_1554761623321107_4910215767615937118_n-150x150.jpg 150w, https:\/\/comunicacity.net\/pontinia\/wp-content\/uploads\/sites\/158\/2026\/03\/650806883_1554761623321107_4910215767615937118_n-768x760.jpg 768w, https:\/\/comunicacity.net\/pontinia\/wp-content\/uploads\/sites\/158\/2026\/03\/650806883_1554761623321107_4910215767615937118_n.jpg 1080w\" sizes=\"auto, (max-width: 640px) 100vw, 640px\" \/><\/h1>\n<\/div>\n","protected":false},"excerpt":{"rendered":"<p>La quarta edizione \u00e8 in programma sabato 5 e domenica 6 settembre 2026 Roma ospita la quarta edizione di \u201cUn canestro per te\u201d, torneo di basket Under 17 nato per [&hellip;]<\/p>\n","protected":false},"author":285,"featured_media":4735,"comment_status":"closed","ping_status":"closed","sticky":false,"template":"","format":"standard","meta":{"footnotes":"","_members_access_role":[],"_members_access_error":""},"categories":[24],"tags":[],"class_list":["post-4734","post","type-post","status-publish","format-standard","has-post-thumbnail","hentry","category-sport"],"yoast_head":"<!-- This site is optimized with the Yoast SEO plugin v28.2 - https:\/\/yoast.com\/product\/yoast-seo-wordpress\/ -->\n<title>Roma, torna \u201cUn canestro per te\u201d: il programma del torneo a squadre Under 17 in ricordo di Francesco Mansutti - Pontinia<\/title>\n<meta name=\"robots\" content=\"index, follow, max-snippet:-1, max-image-preview:large, max-video-preview:-1\" \/>\n<link rel=\"canonical\" href=\"https:\/\/comunicacity.net\/pontinia\/2026\/09\/03\/roma-torna-un-canestro-per-te-il-programma-del-torneo-a-squadre-under-17-in-ricordo-di-francesco-mansutti\/\" \/>\n<meta property=\"og:locale\" content=\"it_IT\" \/>\n<meta property=\"og:type\" content=\"article\" \/>\n<meta property=\"og:title\" content=\"Roma, torna \u201cUn canestro per te\u201d: il programma del torneo a squadre Under 17 in ricordo di Francesco Mansutti - Pontinia\" \/>\n<meta property=\"og:description\" content=\"La quarta edizione \u00e8 in programma sabato 5 e domenica 6 settembre 2026 Roma ospita la quarta edizione di \u201cUn canestro per te\u201d, torneo di basket Under 17 nato per [&hellip;]\" \/>\n<meta property=\"og:url\" content=\"https:\/\/comunicacity.net\/pontinia\/2026\/09\/03\/roma-torna-un-canestro-per-te-il-programma-del-torneo-a-squadre-under-17-in-ricordo-di-francesco-mansutti\/\" \/>\n<meta property=\"og:site_name\" content=\"Pontinia\" \/>\n<meta property=\"article:publisher\" content=\"http:\/\/facebook.com\/ComunicaCity\" \/>\n<meta property=\"article:published_time\" content=\"2026-09-03T07:37:20+00:00\" \/>\n<meta property=\"article:modified_time\" content=\"2026-09-03T07:41:48+00:00\" \/>\n<meta property=\"og:image\" content=\"https:\/\/comunicacity.net\/pontinia\/wp-content\/uploads\/sites\/158\/2026\/09\/789680633_1068054502385088_2972615642307542028_n.jpg\" \/>\n\t<meta property=\"og:image:width\" content=\"1508\" \/>\n\t<meta property=\"og:image:height\" content=\"2011\" \/>\n\t<meta property=\"og:image:type\" content=\"image\/jpeg\" \/>\n<meta name=\"author\" content=\"ecatone\" \/>\n<meta name=\"twitter:card\" content=\"summary_large_image\" \/>\n<meta name=\"twitter:creator\" content=\"@comunicacity\" \/>\n<meta name=\"twitter:site\" content=\"@comunicacity\" \/>\n<meta name=\"twitter:label1\" content=\"Scritto da\" \/>\n\t<meta name=\"twitter:data1\" content=\"ecatone\" \/>\n\t<meta name=\"twitter:label2\" content=\"Tempo di lettura stimato\" \/>\n\t<meta name=\"twitter:data2\" content=\"2 minuti\" \/>\n<script type=\"application\/ld+json\" class=\"yoast-schema-graph\">{\"@context\":\"https:\\\/\\\/schema.org\",\"@graph\":[{\"@type\":\"Article\",\"@id\":\"https:\\\/\\\/comunicacity.net\\\/pontinia\\\/2026\\\/09\\\/03\\\/roma-torna-un-canestro-per-te-il-programma-del-torneo-a-squadre-under-17-in-ricordo-di-francesco-mansutti\\\/#article\",\"isPartOf\":{\"@id\":\"https:\\\/\\\/comunicacity.net\\\/pontinia\\\/2026\\\/09\\\/03\\\/roma-torna-un-canestro-per-te-il-programma-del-torneo-a-squadre-under-17-in-ricordo-di-francesco-mansutti\\\/\"},\"author\":{\"name\":\"ecatone\",\"@id\":\"https:\\\/\\\/comunicacity.net\\\/pontinia\\\/#\\\/schema\\\/person\\\/8bb345c6fdb12c64e72ba21b4ca1bfe0\"},\"headline\":\"Roma, torna \u201cUn canestro per te\u201d: il programma del torneo a squadre Under 17 in ricordo di Francesco Mansutti\",\"datePublished\":\"2026-09-03T07:37:20+00:00\",\"dateModified\":\"2026-09-03T07:41:48+00:00\",\"mainEntityOfPage\":{\"@id\":\"https:\\\/\\\/comunicacity.net\\\/pontinia\\\/2026\\\/09\\\/03\\\/roma-torna-un-canestro-per-te-il-programma-del-torneo-a-squadre-under-17-in-ricordo-di-francesco-mansutti\\\/\"},\"wordCount\":457,\"image\":{\"@id\":\"https:\\\/\\\/comunicacity.net\\\/pontinia\\\/2026\\\/09\\\/03\\\/roma-torna-un-canestro-per-te-il-programma-del-torneo-a-squadre-under-17-in-ricordo-di-francesco-mansutti\\\/#primaryimage\"},\"thumbnailUrl\":\"https:\\\/\\\/comunicacity.net\\\/pontinia\\\/wp-content\\\/uploads\\\/sites\\\/158\\\/2026\\\/09\\\/789680633_1068054502385088_2972615642307542028_n.jpg\",\"articleSection\":[\"Sport\"],\"inLanguage\":\"it-IT\"},{\"@type\":\"WebPage\",\"@id\":\"https:\\\/\\\/comunicacity.net\\\/pontinia\\\/2026\\\/09\\\/03\\\/roma-torna-un-canestro-per-te-il-programma-del-torneo-a-squadre-under-17-in-ricordo-di-francesco-mansutti\\\/\",\"url\":\"https:\\\/\\\/comunicacity.net\\\/pontinia\\\/2026\\\/09\\\/03\\\/roma-torna-un-canestro-per-te-il-programma-del-torneo-a-squadre-under-17-in-ricordo-di-francesco-mansutti\\\/\",\"name\":\"Roma, torna \u201cUn canestro per te\u201d: il programma del torneo a squadre Under 17 in ricordo di Francesco Mansutti - Pontinia\",\"isPartOf\":{\"@id\":\"https:\\\/\\\/comunicacity.net\\\/pontinia\\\/#website\"},\"primaryImageOfPage\":{\"@id\":\"https:\\\/\\\/comunicacity.net\\\/pontinia\\\/2026\\\/09\\\/03\\\/roma-torna-un-canestro-per-te-il-programma-del-torneo-a-squadre-under-17-in-ricordo-di-francesco-mansutti\\\/#primaryimage\"},\"image\":{\"@id\":\"https:\\\/\\\/comunicacity.net\\\/pontinia\\\/2026\\\/09\\\/03\\\/roma-torna-un-canestro-per-te-il-programma-del-torneo-a-squadre-under-17-in-ricordo-di-francesco-mansutti\\\/#primaryimage\"},\"thumbnailUrl\":\"https:\\\/\\\/comunicacity.net\\\/pontinia\\\/wp-content\\\/uploads\\\/sites\\\/158\\\/2026\\\/09\\\/789680633_1068054502385088_2972615642307542028_n.jpg\",\"datePublished\":\"2026-09-03T07:37:20+00:00\",\"dateModified\":\"2026-09-03T07:41:48+00:00\",\"author\":{\"@id\":\"https:\\\/\\\/comunicacity.net\\\/pontinia\\\/#\\\/schema\\\/person\\\/8bb345c6fdb12c64e72ba21b4ca1bfe0\"},\"breadcrumb\":{\"@id\":\"https:\\\/\\\/comunicacity.net\\\/pontinia\\\/2026\\\/09\\\/03\\\/roma-torna-un-canestro-per-te-il-programma-del-torneo-a-squadre-under-17-in-ricordo-di-francesco-mansutti\\\/#breadcrumb\"},\"inLanguage\":\"it-IT\",\"potentialAction\":[{\"@type\":\"ReadAction\",\"target\":[\"https:\\\/\\\/comunicacity.net\\\/pontinia\\\/2026\\\/09\\\/03\\\/roma-torna-un-canestro-per-te-il-programma-del-torneo-a-squadre-under-17-in-ricordo-di-francesco-mansutti\\\/\"]}]},{\"@type\":\"ImageObject\",\"inLanguage\":\"it-IT\",\"@id\":\"https:\\\/\\\/comunicacity.net\\\/pontinia\\\/2026\\\/09\\\/03\\\/roma-torna-un-canestro-per-te-il-programma-del-torneo-a-squadre-under-17-in-ricordo-di-francesco-mansutti\\\/#primaryimage\",\"url\":\"https:\\\/\\\/comunicacity.net\\\/pontinia\\\/wp-content\\\/uploads\\\/sites\\\/158\\\/2026\\\/09\\\/789680633_1068054502385088_2972615642307542028_n.jpg\",\"contentUrl\":\"https:\\\/\\\/comunicacity.net\\\/pontinia\\\/wp-content\\\/uploads\\\/sites\\\/158\\\/2026\\\/09\\\/789680633_1068054502385088_2972615642307542028_n.jpg\",\"width\":1508,\"height\":2011},{\"@type\":\"BreadcrumbList\",\"@id\":\"https:\\\/\\\/comunicacity.net\\\/pontinia\\\/2026\\\/09\\\/03\\\/roma-torna-un-canestro-per-te-il-programma-del-torneo-a-squadre-under-17-in-ricordo-di-francesco-mansutti\\\/#breadcrumb\",\"itemListElement\":[{\"@type\":\"ListItem\",\"position\":1,\"name\":\"Home\",\"item\":\"https:\\\/\\\/comunicacity.net\\\/pontinia\\\/\"},{\"@type\":\"ListItem\",\"position\":2,\"name\":\"Roma, torna \u201cUn canestro per te\u201d: il programma del torneo a squadre Under 17 in ricordo di Francesco Mansutti\"}]},{\"@type\":\"WebSite\",\"@id\":\"https:\\\/\\\/comunicacity.net\\\/pontinia\\\/#website\",\"url\":\"https:\\\/\\\/comunicacity.net\\\/pontinia\\\/\",\"name\":\"Pontinia\",\"description\":\"ComunicaCity\",\"potentialAction\":[{\"@type\":\"SearchAction\",\"target\":{\"@type\":\"EntryPoint\",\"urlTemplate\":\"https:\\\/\\\/comunicacity.net\\\/pontinia\\\/?s={search_term_string}\"},\"query-input\":{\"@type\":\"PropertyValueSpecification\",\"valueRequired\":true,\"valueName\":\"search_term_string\"}}],\"inLanguage\":\"it-IT\"},{\"@type\":\"Person\",\"@id\":\"https:\\\/\\\/comunicacity.net\\\/pontinia\\\/#\\\/schema\\\/person\\\/8bb345c6fdb12c64e72ba21b4ca1bfe0\",\"name\":\"ecatone\",\"image\":{\"@type\":\"ImageObject\",\"inLanguage\":\"it-IT\",\"@id\":\"https:\\\/\\\/secure.gravatar.com\\\/avatar\\\/404710f7e355752c728e407cc73aee397ad168746406a0c885d6d1d63b5632da?s=96&d=mm&r=g\",\"url\":\"https:\\\/\\\/secure.gravatar.com\\\/avatar\\\/404710f7e355752c728e407cc73aee397ad168746406a0c885d6d1d63b5632da?s=96&d=mm&r=g\",\"contentUrl\":\"https:\\\/\\\/secure.gravatar.com\\\/avatar\\\/404710f7e355752c728e407cc73aee397ad168746406a0c885d6d1d63b5632da?s=96&d=mm&r=g\",\"caption\":\"ecatone\"},\"url\":\"https:\\\/\\\/comunicacity.net\\\/pontinia\\\/author\\\/ecatone\\\/\"}]}<\/script>\n<!-- \/ Yoast SEO plugin. -->","yoast_head_json":{"title":"Roma, torna \u201cUn canestro per te\u201d: il programma del torneo a squadre Under 17 in ricordo di Francesco Mansutti - Pontinia","robots":{"index":"index","follow":"follow","max-snippet":"max-snippet:-1","max-image-preview":"max-image-preview:large","max-video-preview":"max-video-preview:-1"},"canonical":"https:\/\/comunicacity.net\/pontinia\/2026\/09\/03\/roma-torna-un-canestro-per-te-il-programma-del-torneo-a-squadre-under-17-in-ricordo-di-francesco-mansutti\/","og_locale":"it_IT","og_type":"article","og_title":"Roma, torna \u201cUn canestro per te\u201d: il programma del torneo a squadre Under 17 in ricordo di Francesco Mansutti - Pontinia","og_description":"La quarta edizione \u00e8 in programma sabato 5 e domenica 6 settembre 2026 Roma ospita la quarta edizione di \u201cUn canestro per te\u201d, torneo di basket Under 17 nato per [&hellip;]","og_url":"https:\/\/comunicacity.net\/pontinia\/2026\/09\/03\/roma-torna-un-canestro-per-te-il-programma-del-torneo-a-squadre-under-17-in-ricordo-di-francesco-mansutti\/","og_site_name":"Pontinia","article_publisher":"http:\/\/facebook.com\/ComunicaCity","article_published_time":"2026-09-03T07:37:20+00:00","article_modified_time":"2026-09-03T07:41:48+00:00","og_image":[{"width":1508,"height":2011,"url":"https:\/\/comunicacity.net\/pontinia\/wp-content\/uploads\/sites\/158\/2026\/09\/789680633_1068054502385088_2972615642307542028_n.jpg","type":"image\/jpeg"}],"author":"ecatone","twitter_card":"summary_large_image","twitter_creator":"@comunicacity","twitter_site":"@comunicacity","twitter_misc":{"Scritto da":"ecatone","Tempo di lettura stimato":"2 minuti"},"schema":{"@context":"https:\/\/schema.org","@graph":[{"@type":"Article","@id":"https:\/\/comunicacity.net\/pontinia\/2026\/09\/03\/roma-torna-un-canestro-per-te-il-programma-del-torneo-a-squadre-under-17-in-ricordo-di-francesco-mansutti\/#article","isPartOf":{"@id":"https:\/\/comunicacity.net\/pontinia\/2026\/09\/03\/roma-torna-un-canestro-per-te-il-programma-del-torneo-a-squadre-under-17-in-ricordo-di-francesco-mansutti\/"},"author":{"name":"ecatone","@id":"https:\/\/comunicacity.net\/pontinia\/#\/schema\/person\/8bb345c6fdb12c64e72ba21b4ca1bfe0"},"headline":"Roma, torna \u201cUn canestro per te\u201d: il programma del torneo a squadre Under 17 in ricordo di Francesco Mansutti","datePublished":"2026-09-03T07:37:20+00:00","dateModified":"2026-09-03T07:41:48+00:00","mainEntityOfPage":{"@id":"https:\/\/comunicacity.net\/pontinia\/2026\/09\/03\/roma-torna-un-canestro-per-te-il-programma-del-torneo-a-squadre-under-17-in-ricordo-di-francesco-mansutti\/"},"wordCount":457,"image":{"@id":"https:\/\/comunicacity.net\/pontinia\/2026\/09\/03\/roma-torna-un-canestro-per-te-il-programma-del-torneo-a-squadre-under-17-in-ricordo-di-francesco-mansutti\/#primaryimage"},"thumbnailUrl":"https:\/\/comunicacity.net\/pontinia\/wp-content\/uploads\/sites\/158\/2026\/09\/789680633_1068054502385088_2972615642307542028_n.jpg","articleSection":["Sport"],"inLanguage":"it-IT"},{"@type":"WebPage","@id":"https:\/\/comunicacity.net\/pontinia\/2026\/09\/03\/roma-torna-un-canestro-per-te-il-programma-del-torneo-a-squadre-under-17-in-ricordo-di-francesco-mansutti\/","url":"https:\/\/comunicacity.net\/pontinia\/2026\/09\/03\/roma-torna-un-canestro-per-te-il-programma-del-torneo-a-squadre-under-17-in-ricordo-di-francesco-mansutti\/","name":"Roma, torna \u201cUn canestro per te\u201d: il programma del torneo a squadre Under 17 in ricordo di Francesco Mansutti - Pontinia","isPartOf":{"@id":"https:\/\/comunicacity.net\/pontinia\/#website"},"primaryImageOfPage":{"@id":"https:\/\/comunicacity.net\/pontinia\/2026\/09\/03\/roma-torna-un-canestro-per-te-il-programma-del-torneo-a-squadre-under-17-in-ricordo-di-francesco-mansutti\/#primaryimage"},"image":{"@id":"https:\/\/comunicacity.net\/pontinia\/2026\/09\/03\/roma-torna-un-canestro-per-te-il-programma-del-torneo-a-squadre-under-17-in-ricordo-di-francesco-mansutti\/#primaryimage"},"thumbnailUrl":"https:\/\/comunicacity.net\/pontinia\/wp-content\/uploads\/sites\/158\/2026\/09\/789680633_1068054502385088_2972615642307542028_n.jpg","datePublished":"2026-09-03T07:37:20+00:00","dateModified":"2026-09-03T07:41:48+00:00","author":{"@id":"https:\/\/comunicacity.net\/pontinia\/#\/schema\/person\/8bb345c6fdb12c64e72ba21b4ca1bfe0"},"breadcrumb":{"@id":"https:\/\/comunicacity.net\/pontinia\/2026\/09\/03\/roma-torna-un-canestro-per-te-il-programma-del-torneo-a-squadre-under-17-in-ricordo-di-francesco-mansutti\/#breadcrumb"},"inLanguage":"it-IT","potentialAction":[{"@type":"ReadAction","target":["https:\/\/comunicacity.net\/pontinia\/2026\/09\/03\/roma-torna-un-canestro-per-te-il-programma-del-torneo-a-squadre-under-17-in-ricordo-di-francesco-mansutti\/"]}]},{"@type":"ImageObject","inLanguage":"it-IT","@id":"https:\/\/comunicacity.net\/pontinia\/2026\/09\/03\/roma-torna-un-canestro-per-te-il-programma-del-torneo-a-squadre-under-17-in-ricordo-di-francesco-mansutti\/#primaryimage","url":"https:\/\/comunicacity.net\/pontinia\/wp-content\/uploads\/sites\/158\/2026\/09\/789680633_1068054502385088_2972615642307542028_n.jpg","contentUrl":"https:\/\/comunicacity.net\/pontinia\/wp-content\/uploads\/sites\/158\/2026\/09\/789680633_1068054502385088_2972615642307542028_n.jpg","width":1508,"height":2011},{"@type":"BreadcrumbList","@id":"https:\/\/comunicacity.net\/pontinia\/2026\/09\/03\/roma-torna-un-canestro-per-te-il-programma-del-torneo-a-squadre-under-17-in-ricordo-di-francesco-mansutti\/#breadcrumb","itemListElement":[{"@type":"ListItem","position":1,"name":"Home","item":"https:\/\/comunicacity.net\/pontinia\/"},{"@type":"ListItem","position":2,"name":"Roma, torna \u201cUn canestro per te\u201d: il programma del torneo a squadre Under 17 in ricordo di Francesco Mansutti"}]},{"@type":"WebSite","@id":"https:\/\/comunicacity.net\/pontinia\/#website","url":"https:\/\/comunicacity.net\/pontinia\/","name":"Pontinia","description":"ComunicaCity","potentialAction":[{"@type":"SearchAction","target":{"@type":"EntryPoint","urlTemplate":"https:\/\/comunicacity.net\/pontinia\/?s={search_term_string}"},"query-input":{"@type":"PropertyValueSpecification","valueRequired":true,"valueName":"search_term_string"}}],"inLanguage":"it-IT"},{"@type":"Person","@id":"https:\/\/comunicacity.net\/pontinia\/#\/schema\/person\/8bb345c6fdb12c64e72ba21b4ca1bfe0","name":"ecatone","image":{"@type":"ImageObject","inLanguage":"it-IT","@id":"https:\/\/secure.gravatar.com\/avatar\/404710f7e355752c728e407cc73aee397ad168746406a0c885d6d1d63b5632da?s=96&d=mm&r=g","url":"https:\/\/secure.gravatar.com\/avatar\/404710f7e355752c728e407cc73aee397ad168746406a0c885d6d1d63b5632da?s=96&d=mm&r=g","contentUrl":"https:\/\/secure.gravatar.com\/avatar\/404710f7e355752c728e407cc73aee397ad168746406a0c885d6d1d63b5632da?s=96&d=mm&r=g","caption":"ecatone"},"url":"https:\/\/comunicacity.net\/pontinia\/author\/ecatone\/"}]}},"meta_box":{"cc4_urg_colore":"rosso","cc4_urg_data_inizio":"","cc4_urg_data_fine":"","cc4_cor_positivi_oggi":"","cc4_cor_negativizzati_oggi":"","cc4_cor_deceduti_oggi":"","cc4_cor_positivi_totali":"","cc4_cor_negativizzati_totali":"","cc4_cor_deceduti_totali":"","cc4_cor_attualmente_positivi":"","cc4_eve_data_inizio":"","cc4_eve_data_fine":"","cc4_eve_indirizzo":"","cc4_eve_posizione":{"latitude":"0","longitude":"0","zoom":"0"},"cc4_eve_telefono":"","cc4_eve_email":"","cc4_eve_web":"","cc4_eve_fb":"","sitopa_id":""},"_links":{"self":[{"href":"https:\/\/comunicacity.net\/pontinia\/wp-json\/wp\/v2\/posts\/4734","targetHints":{"allow":["GET"]}}],"collection":[{"href":"https:\/\/comunicacity.net\/pontinia\/wp-json\/wp\/v2\/posts"}],"about":[{"href":"https:\/\/comunicacity.net\/pontinia\/wp-json\/wp\/v2\/types\/post"}],"author":[{"embeddable":true,"href":"https:\/\/comunicacity.net\/pontinia\/wp-json\/wp\/v2\/users\/285"}],"replies":[{"embeddable":true,"href":"https:\/\/comunicacity.net\/pontinia\/wp-json\/wp\/v2\/comments?post=4734"}],"version-history":[{"count":4,"href":"https:\/\/comunicacity.net\/pontinia\/wp-json\/wp\/v2\/posts\/4734\/revisions"}],"predecessor-version":[{"id":4740,"href":"https:\/\/comunicacity.net\/pontinia\/wp-json\/wp\/v2\/posts\/4734\/revisions\/4740"}],"wp:featuredmedia":[{"embeddable":true,"href":"https:\/\/comunicacity.net\/pontinia\/wp-json\/wp\/v2\/media\/4735"}],"wp:attachment":[{"href":"https:\/\/comunicacity.net\/pontinia\/wp-json\/wp\/v2\/media?parent=4734"}],"wp:term":[{"taxonomy":"category","embeddable":true,"href":"https:\/\/comunicacity.net\/pontinia\/wp-json\/wp\/v2\/categories?post=4734"},{"taxonomy":"post_tag","embeddable":true,"href":"https:\/\/comunicacity.net\/pontinia\/wp-json\/wp\/v2\/tags?post=4734"}],"curies":[{"name":"wp","href":"https:\/\/api.w.org\/{rel}","templated":true}]}}