{"id":1577,"date":"2015-12-15T13:40:01","date_gmt":"2015-12-15T12:40:01","guid":{"rendered":"https:\/\/comunicacity.net\/portale-dei-carabinieri\/?p=1577"},"modified":"2015-12-15T13:40:01","modified_gmt":"2015-12-15T12:40:01","slug":"avellino-av-operazione-capodanno-sicuro-sequestrati-fuochi-pirotecnici-per-migliaia-di-euro","status":"publish","type":"post","link":"https:\/\/comunicacity.net\/portale-dei-carabinieri\/2015\/12\/15\/avellino-av-operazione-capodanno-sicuro-sequestrati-fuochi-pirotecnici-per-migliaia-di-euro\/","title":{"rendered":"Avellino (AV) &#8211; Operazione &#8220;Capodanno Sicuro&#8221;. Sequestrati fuochi pirotecnici per migliaia di euro"},"content":{"rendered":"<p>Nell\u2019ambito dei controlli nel settore della produzione e vendita di fuochi pirotecnici, i militari della Compagnia di Ariano Irpino hanno individuato un\u2019attivit\u00e0 commerciale dell\u2019arianese ove rinvenivano ben 200 kg. di materiale pirotecnico destinato alla vendita in occasione delle imminenti festivit\u00e0. I fuochi pirotecnici, per un valore di circa 15mila euro, rientranti nella categoria su cui vi \u00e8 assoluto divieto di vendita, sono stati sottoposti a sequestro.\u00a0Per il 58enne titolare dell\u2019attivit\u00e0 commerciale \u00e8 dunque scattata la denuncia in stato di libert\u00e0 alla Procura della Repubblica di Benevento.<\/p>\n","protected":false},"excerpt":{"rendered":"<p>Nell\u2019ambito dei controlli nel settore della produzione e vendita di fuochi pirotecnici, i militari della Compagnia di Ariano Irpino hanno individuato un\u2019attivit\u00e0 commerciale dell\u2019arianese ove rinvenivano ben 200 kg. di [&hellip;]<\/p>\n","protected":false},"author":1,"featured_media":3,"comment_status":"closed","ping_status":"closed","sticky":false,"template":"","format":"standard","meta":{"footnotes":""},"categories":[10],"tags":[],"class_list":["post-1577","post","type-post","status-publish","format-standard","has-post-thumbnail","hentry","category-forze-dell-ordine"],"yoast_head":"<!-- This site is optimized with the Yoast SEO plugin v27.4 - https:\/\/yoast.com\/product\/yoast-seo-wordpress\/ -->\n<title>Avellino (AV) - Operazione &quot;Capodanno Sicuro&quot;. Sequestrati fuochi pirotecnici per migliaia di euro - Portale dei Carabinieri<\/title>\n<meta name=\"robots\" content=\"index, follow, max-snippet:-1, max-image-preview:large, max-video-preview:-1\" \/>\n<link rel=\"canonical\" href=\"https:\/\/comunicacity.net\/portale-dei-carabinieri\/2015\/12\/15\/avellino-av-operazione-capodanno-sicuro-sequestrati-fuochi-pirotecnici-per-migliaia-di-euro\/\" \/>\n<meta property=\"og:locale\" content=\"it_IT\" \/>\n<meta property=\"og:type\" content=\"article\" \/>\n<meta property=\"og:title\" content=\"Avellino (AV) - Operazione &quot;Capodanno Sicuro&quot;. Sequestrati fuochi pirotecnici per migliaia di euro - Portale dei Carabinieri\" \/>\n<meta property=\"og:description\" content=\"Nell\u2019ambito dei controlli nel settore della produzione e vendita di fuochi pirotecnici, i militari della Compagnia di Ariano Irpino hanno individuato un\u2019attivit\u00e0 commerciale dell\u2019arianese ove rinvenivano ben 200 kg. di [&hellip;]\" \/>\n<meta property=\"og:url\" content=\"https:\/\/comunicacity.net\/portale-dei-carabinieri\/2015\/12\/15\/avellino-av-operazione-capodanno-sicuro-sequestrati-fuochi-pirotecnici-per-migliaia-di-euro\/\" \/>\n<meta property=\"og:site_name\" content=\"Portale dei Carabinieri\" \/>\n<meta property=\"article:publisher\" content=\"http:\/\/facebook.com\/ComunicaCity\" \/>\n<meta property=\"article:published_time\" content=\"2015-12-15T12:40:01+00:00\" \/>\n<meta property=\"og:image\" content=\"https:\/\/comunicacity.net\/portale-dei-carabinieri\/wp-content\/uploads\/sites\/30\/2015\/09\/carabinieri.jpg\" \/>\n\t<meta property=\"og:image:width\" content=\"300\" \/>\n\t<meta property=\"og:image:height\" content=\"300\" \/>\n\t<meta property=\"og:image:type\" content=\"image\/jpeg\" \/>\n<meta name=\"author\" content=\"comunicadmin\" \/>\n<meta name=\"twitter:card\" content=\"summary_large_image\" \/>\n<meta name=\"twitter:creator\" content=\"@comunicacity\" \/>\n<meta name=\"twitter:site\" content=\"@comunicacity\" \/>\n<meta name=\"twitter:label1\" content=\"Scritto da\" \/>\n\t<meta name=\"twitter:data1\" content=\"comunicadmin\" \/>\n<script type=\"application\/ld+json\" class=\"yoast-schema-graph\">{\"@context\":\"https:\\\/\\\/schema.org\",\"@graph\":[{\"@type\":\"Article\",\"@id\":\"https:\\\/\\\/comunicacity.net\\\/portale-dei-carabinieri\\\/2015\\\/12\\\/15\\\/avellino-av-operazione-capodanno-sicuro-sequestrati-fuochi-pirotecnici-per-migliaia-di-euro\\\/#article\",\"isPartOf\":{\"@id\":\"https:\\\/\\\/comunicacity.net\\\/portale-dei-carabinieri\\\/2015\\\/12\\\/15\\\/avellino-av-operazione-capodanno-sicuro-sequestrati-fuochi-pirotecnici-per-migliaia-di-euro\\\/\"},\"author\":{\"name\":\"comunicadmin\",\"@id\":\"https:\\\/\\\/comunicacity.net\\\/portale-dei-carabinieri\\\/#\\\/schema\\\/person\\\/afdbb374f214a0c80148caaf3018dd53\"},\"headline\":\"Avellino (AV) &#8211; Operazione &#8220;Capodanno Sicuro&#8221;. Sequestrati fuochi pirotecnici per migliaia di euro\",\"datePublished\":\"2015-12-15T12:40:01+00:00\",\"mainEntityOfPage\":{\"@id\":\"https:\\\/\\\/comunicacity.net\\\/portale-dei-carabinieri\\\/2015\\\/12\\\/15\\\/avellino-av-operazione-capodanno-sicuro-sequestrati-fuochi-pirotecnici-per-migliaia-di-euro\\\/\"},\"wordCount\":101,\"image\":{\"@id\":\"https:\\\/\\\/comunicacity.net\\\/portale-dei-carabinieri\\\/2015\\\/12\\\/15\\\/avellino-av-operazione-capodanno-sicuro-sequestrati-fuochi-pirotecnici-per-migliaia-di-euro\\\/#primaryimage\"},\"thumbnailUrl\":\"https:\\\/\\\/comunicacity.net\\\/portale-dei-carabinieri\\\/wp-content\\\/uploads\\\/sites\\\/30\\\/2015\\\/09\\\/carabinieri.jpg\",\"articleSection\":[\"Forze dell'Ordine\"],\"inLanguage\":\"it-IT\"},{\"@type\":\"WebPage\",\"@id\":\"https:\\\/\\\/comunicacity.net\\\/portale-dei-carabinieri\\\/2015\\\/12\\\/15\\\/avellino-av-operazione-capodanno-sicuro-sequestrati-fuochi-pirotecnici-per-migliaia-di-euro\\\/\",\"url\":\"https:\\\/\\\/comunicacity.net\\\/portale-dei-carabinieri\\\/2015\\\/12\\\/15\\\/avellino-av-operazione-capodanno-sicuro-sequestrati-fuochi-pirotecnici-per-migliaia-di-euro\\\/\",\"name\":\"Avellino (AV) - Operazione \\\"Capodanno Sicuro\\\". Sequestrati fuochi pirotecnici per migliaia di euro - Portale dei Carabinieri\",\"isPartOf\":{\"@id\":\"https:\\\/\\\/comunicacity.net\\\/portale-dei-carabinieri\\\/#website\"},\"primaryImageOfPage\":{\"@id\":\"https:\\\/\\\/comunicacity.net\\\/portale-dei-carabinieri\\\/2015\\\/12\\\/15\\\/avellino-av-operazione-capodanno-sicuro-sequestrati-fuochi-pirotecnici-per-migliaia-di-euro\\\/#primaryimage\"},\"image\":{\"@id\":\"https:\\\/\\\/comunicacity.net\\\/portale-dei-carabinieri\\\/2015\\\/12\\\/15\\\/avellino-av-operazione-capodanno-sicuro-sequestrati-fuochi-pirotecnici-per-migliaia-di-euro\\\/#primaryimage\"},\"thumbnailUrl\":\"https:\\\/\\\/comunicacity.net\\\/portale-dei-carabinieri\\\/wp-content\\\/uploads\\\/sites\\\/30\\\/2015\\\/09\\\/carabinieri.jpg\",\"datePublished\":\"2015-12-15T12:40:01+00:00\",\"author\":{\"@id\":\"https:\\\/\\\/comunicacity.net\\\/portale-dei-carabinieri\\\/#\\\/schema\\\/person\\\/afdbb374f214a0c80148caaf3018dd53\"},\"breadcrumb\":{\"@id\":\"https:\\\/\\\/comunicacity.net\\\/portale-dei-carabinieri\\\/2015\\\/12\\\/15\\\/avellino-av-operazione-capodanno-sicuro-sequestrati-fuochi-pirotecnici-per-migliaia-di-euro\\\/#breadcrumb\"},\"inLanguage\":\"it-IT\",\"potentialAction\":[{\"@type\":\"ReadAction\",\"target\":[\"https:\\\/\\\/comunicacity.net\\\/portale-dei-carabinieri\\\/2015\\\/12\\\/15\\\/avellino-av-operazione-capodanno-sicuro-sequestrati-fuochi-pirotecnici-per-migliaia-di-euro\\\/\"]}]},{\"@type\":\"ImageObject\",\"inLanguage\":\"it-IT\",\"@id\":\"https:\\\/\\\/comunicacity.net\\\/portale-dei-carabinieri\\\/2015\\\/12\\\/15\\\/avellino-av-operazione-capodanno-sicuro-sequestrati-fuochi-pirotecnici-per-migliaia-di-euro\\\/#primaryimage\",\"url\":\"https:\\\/\\\/comunicacity.net\\\/portale-dei-carabinieri\\\/wp-content\\\/uploads\\\/sites\\\/30\\\/2015\\\/09\\\/carabinieri.jpg\",\"contentUrl\":\"https:\\\/\\\/comunicacity.net\\\/portale-dei-carabinieri\\\/wp-content\\\/uploads\\\/sites\\\/30\\\/2015\\\/09\\\/carabinieri.jpg\",\"width\":300,\"height\":300},{\"@type\":\"BreadcrumbList\",\"@id\":\"https:\\\/\\\/comunicacity.net\\\/portale-dei-carabinieri\\\/2015\\\/12\\\/15\\\/avellino-av-operazione-capodanno-sicuro-sequestrati-fuochi-pirotecnici-per-migliaia-di-euro\\\/#breadcrumb\",\"itemListElement\":[{\"@type\":\"ListItem\",\"position\":1,\"name\":\"Home\",\"item\":\"https:\\\/\\\/comunicacity.net\\\/portale-dei-carabinieri\\\/\"},{\"@type\":\"ListItem\",\"position\":2,\"name\":\"Avellino (AV) &#8211; Operazione &#8220;Capodanno Sicuro&#8221;. Sequestrati fuochi pirotecnici per migliaia di euro\"}]},{\"@type\":\"WebSite\",\"@id\":\"https:\\\/\\\/comunicacity.net\\\/portale-dei-carabinieri\\\/#website\",\"url\":\"https:\\\/\\\/comunicacity.net\\\/portale-dei-carabinieri\\\/\",\"name\":\"Portale dei Carabinieri\",\"description\":\"Ecco un altro sito ComunicaCity\",\"potentialAction\":[{\"@type\":\"SearchAction\",\"target\":{\"@type\":\"EntryPoint\",\"urlTemplate\":\"https:\\\/\\\/comunicacity.net\\\/portale-dei-carabinieri\\\/?s={search_term_string}\"},\"query-input\":{\"@type\":\"PropertyValueSpecification\",\"valueRequired\":true,\"valueName\":\"search_term_string\"}}],\"inLanguage\":\"it-IT\"},{\"@type\":\"Person\",\"@id\":\"https:\\\/\\\/comunicacity.net\\\/portale-dei-carabinieri\\\/#\\\/schema\\\/person\\\/afdbb374f214a0c80148caaf3018dd53\",\"name\":\"comunicadmin\",\"image\":{\"@type\":\"ImageObject\",\"inLanguage\":\"it-IT\",\"@id\":\"https:\\\/\\\/secure.gravatar.com\\\/avatar\\\/238a7f01be6e5f09c36aedef94fb10ae47d52a6a71608e5985bef2a1560a0d9b?s=96&d=mm&r=g\",\"url\":\"https:\\\/\\\/secure.gravatar.com\\\/avatar\\\/238a7f01be6e5f09c36aedef94fb10ae47d52a6a71608e5985bef2a1560a0d9b?s=96&d=mm&r=g\",\"contentUrl\":\"https:\\\/\\\/secure.gravatar.com\\\/avatar\\\/238a7f01be6e5f09c36aedef94fb10ae47d52a6a71608e5985bef2a1560a0d9b?s=96&d=mm&r=g\",\"caption\":\"comunicadmin\"},\"sameAs\":[\"http:\\\/\\\/www.comunicacity.it\"],\"url\":\"https:\\\/\\\/comunicacity.net\\\/portale-dei-carabinieri\\\/author\\\/comunicadmin\\\/\"}]}<\/script>\n<!-- \/ Yoast SEO plugin. -->","yoast_head_json":{"title":"Avellino (AV) - Operazione \"Capodanno Sicuro\". Sequestrati fuochi pirotecnici per migliaia di euro - Portale dei Carabinieri","robots":{"index":"index","follow":"follow","max-snippet":"max-snippet:-1","max-image-preview":"max-image-preview:large","max-video-preview":"max-video-preview:-1"},"canonical":"https:\/\/comunicacity.net\/portale-dei-carabinieri\/2015\/12\/15\/avellino-av-operazione-capodanno-sicuro-sequestrati-fuochi-pirotecnici-per-migliaia-di-euro\/","og_locale":"it_IT","og_type":"article","og_title":"Avellino (AV) - Operazione \"Capodanno Sicuro\". Sequestrati fuochi pirotecnici per migliaia di euro - Portale dei Carabinieri","og_description":"Nell\u2019ambito dei controlli nel settore della produzione e vendita di fuochi pirotecnici, i militari della Compagnia di Ariano Irpino hanno individuato un\u2019attivit\u00e0 commerciale dell\u2019arianese ove rinvenivano ben 200 kg. di [&hellip;]","og_url":"https:\/\/comunicacity.net\/portale-dei-carabinieri\/2015\/12\/15\/avellino-av-operazione-capodanno-sicuro-sequestrati-fuochi-pirotecnici-per-migliaia-di-euro\/","og_site_name":"Portale dei Carabinieri","article_publisher":"http:\/\/facebook.com\/ComunicaCity","article_published_time":"2015-12-15T12:40:01+00:00","og_image":[{"width":300,"height":300,"url":"https:\/\/comunicacity.net\/portale-dei-carabinieri\/wp-content\/uploads\/sites\/30\/2015\/09\/carabinieri.jpg","type":"image\/jpeg"}],"author":"comunicadmin","twitter_card":"summary_large_image","twitter_creator":"@comunicacity","twitter_site":"@comunicacity","twitter_misc":{"Scritto da":"comunicadmin"},"schema":{"@context":"https:\/\/schema.org","@graph":[{"@type":"Article","@id":"https:\/\/comunicacity.net\/portale-dei-carabinieri\/2015\/12\/15\/avellino-av-operazione-capodanno-sicuro-sequestrati-fuochi-pirotecnici-per-migliaia-di-euro\/#article","isPartOf":{"@id":"https:\/\/comunicacity.net\/portale-dei-carabinieri\/2015\/12\/15\/avellino-av-operazione-capodanno-sicuro-sequestrati-fuochi-pirotecnici-per-migliaia-di-euro\/"},"author":{"name":"comunicadmin","@id":"https:\/\/comunicacity.net\/portale-dei-carabinieri\/#\/schema\/person\/afdbb374f214a0c80148caaf3018dd53"},"headline":"Avellino (AV) &#8211; Operazione &#8220;Capodanno Sicuro&#8221;. Sequestrati fuochi pirotecnici per migliaia di euro","datePublished":"2015-12-15T12:40:01+00:00","mainEntityOfPage":{"@id":"https:\/\/comunicacity.net\/portale-dei-carabinieri\/2015\/12\/15\/avellino-av-operazione-capodanno-sicuro-sequestrati-fuochi-pirotecnici-per-migliaia-di-euro\/"},"wordCount":101,"image":{"@id":"https:\/\/comunicacity.net\/portale-dei-carabinieri\/2015\/12\/15\/avellino-av-operazione-capodanno-sicuro-sequestrati-fuochi-pirotecnici-per-migliaia-di-euro\/#primaryimage"},"thumbnailUrl":"https:\/\/comunicacity.net\/portale-dei-carabinieri\/wp-content\/uploads\/sites\/30\/2015\/09\/carabinieri.jpg","articleSection":["Forze dell'Ordine"],"inLanguage":"it-IT"},{"@type":"WebPage","@id":"https:\/\/comunicacity.net\/portale-dei-carabinieri\/2015\/12\/15\/avellino-av-operazione-capodanno-sicuro-sequestrati-fuochi-pirotecnici-per-migliaia-di-euro\/","url":"https:\/\/comunicacity.net\/portale-dei-carabinieri\/2015\/12\/15\/avellino-av-operazione-capodanno-sicuro-sequestrati-fuochi-pirotecnici-per-migliaia-di-euro\/","name":"Avellino (AV) - Operazione \"Capodanno Sicuro\". Sequestrati fuochi pirotecnici per migliaia di euro - Portale dei Carabinieri","isPartOf":{"@id":"https:\/\/comunicacity.net\/portale-dei-carabinieri\/#website"},"primaryImageOfPage":{"@id":"https:\/\/comunicacity.net\/portale-dei-carabinieri\/2015\/12\/15\/avellino-av-operazione-capodanno-sicuro-sequestrati-fuochi-pirotecnici-per-migliaia-di-euro\/#primaryimage"},"image":{"@id":"https:\/\/comunicacity.net\/portale-dei-carabinieri\/2015\/12\/15\/avellino-av-operazione-capodanno-sicuro-sequestrati-fuochi-pirotecnici-per-migliaia-di-euro\/#primaryimage"},"thumbnailUrl":"https:\/\/comunicacity.net\/portale-dei-carabinieri\/wp-content\/uploads\/sites\/30\/2015\/09\/carabinieri.jpg","datePublished":"2015-12-15T12:40:01+00:00","author":{"@id":"https:\/\/comunicacity.net\/portale-dei-carabinieri\/#\/schema\/person\/afdbb374f214a0c80148caaf3018dd53"},"breadcrumb":{"@id":"https:\/\/comunicacity.net\/portale-dei-carabinieri\/2015\/12\/15\/avellino-av-operazione-capodanno-sicuro-sequestrati-fuochi-pirotecnici-per-migliaia-di-euro\/#breadcrumb"},"inLanguage":"it-IT","potentialAction":[{"@type":"ReadAction","target":["https:\/\/comunicacity.net\/portale-dei-carabinieri\/2015\/12\/15\/avellino-av-operazione-capodanno-sicuro-sequestrati-fuochi-pirotecnici-per-migliaia-di-euro\/"]}]},{"@type":"ImageObject","inLanguage":"it-IT","@id":"https:\/\/comunicacity.net\/portale-dei-carabinieri\/2015\/12\/15\/avellino-av-operazione-capodanno-sicuro-sequestrati-fuochi-pirotecnici-per-migliaia-di-euro\/#primaryimage","url":"https:\/\/comunicacity.net\/portale-dei-carabinieri\/wp-content\/uploads\/sites\/30\/2015\/09\/carabinieri.jpg","contentUrl":"https:\/\/comunicacity.net\/portale-dei-carabinieri\/wp-content\/uploads\/sites\/30\/2015\/09\/carabinieri.jpg","width":300,"height":300},{"@type":"BreadcrumbList","@id":"https:\/\/comunicacity.net\/portale-dei-carabinieri\/2015\/12\/15\/avellino-av-operazione-capodanno-sicuro-sequestrati-fuochi-pirotecnici-per-migliaia-di-euro\/#breadcrumb","itemListElement":[{"@type":"ListItem","position":1,"name":"Home","item":"https:\/\/comunicacity.net\/portale-dei-carabinieri\/"},{"@type":"ListItem","position":2,"name":"Avellino (AV) &#8211; Operazione &#8220;Capodanno Sicuro&#8221;. Sequestrati fuochi pirotecnici per migliaia di euro"}]},{"@type":"WebSite","@id":"https:\/\/comunicacity.net\/portale-dei-carabinieri\/#website","url":"https:\/\/comunicacity.net\/portale-dei-carabinieri\/","name":"Portale dei Carabinieri","description":"Ecco un altro sito ComunicaCity","potentialAction":[{"@type":"SearchAction","target":{"@type":"EntryPoint","urlTemplate":"https:\/\/comunicacity.net\/portale-dei-carabinieri\/?s={search_term_string}"},"query-input":{"@type":"PropertyValueSpecification","valueRequired":true,"valueName":"search_term_string"}}],"inLanguage":"it-IT"},{"@type":"Person","@id":"https:\/\/comunicacity.net\/portale-dei-carabinieri\/#\/schema\/person\/afdbb374f214a0c80148caaf3018dd53","name":"comunicadmin","image":{"@type":"ImageObject","inLanguage":"it-IT","@id":"https:\/\/secure.gravatar.com\/avatar\/238a7f01be6e5f09c36aedef94fb10ae47d52a6a71608e5985bef2a1560a0d9b?s=96&d=mm&r=g","url":"https:\/\/secure.gravatar.com\/avatar\/238a7f01be6e5f09c36aedef94fb10ae47d52a6a71608e5985bef2a1560a0d9b?s=96&d=mm&r=g","contentUrl":"https:\/\/secure.gravatar.com\/avatar\/238a7f01be6e5f09c36aedef94fb10ae47d52a6a71608e5985bef2a1560a0d9b?s=96&d=mm&r=g","caption":"comunicadmin"},"sameAs":["http:\/\/www.comunicacity.it"],"url":"https:\/\/comunicacity.net\/portale-dei-carabinieri\/author\/comunicadmin\/"}]}},"meta_box":{"cc4_urg_colore":"","cc4_urg_data_inizio":"","cc4_urg_data_fine":"","cc4_cor_positivi_oggi":"","cc4_cor_negativizzati_oggi":"","cc4_cor_deceduti_oggi":"","cc4_cor_positivi_totali":"","cc4_cor_negativizzati_totali":"","cc4_cor_deceduti_totali":"","cc4_cor_attualmente_positivi":"","cc4_eve_data_inizio":"","cc4_eve_data_fine":"","cc4_eve_indirizzo":"","cc4_eve_posizione":{"latitude":"","longitude":"","zoom":""},"cc4_eve_telefono":"","cc4_eve_email":"","cc4_eve_web":"","cc4_eve_fb":"","sitopa_id":""},"_links":{"self":[{"href":"https:\/\/comunicacity.net\/portale-dei-carabinieri\/wp-json\/wp\/v2\/posts\/1577","targetHints":{"allow":["GET"]}}],"collection":[{"href":"https:\/\/comunicacity.net\/portale-dei-carabinieri\/wp-json\/wp\/v2\/posts"}],"about":[{"href":"https:\/\/comunicacity.net\/portale-dei-carabinieri\/wp-json\/wp\/v2\/types\/post"}],"author":[{"embeddable":true,"href":"https:\/\/comunicacity.net\/portale-dei-carabinieri\/wp-json\/wp\/v2\/users\/1"}],"replies":[{"embeddable":true,"href":"https:\/\/comunicacity.net\/portale-dei-carabinieri\/wp-json\/wp\/v2\/comments?post=1577"}],"version-history":[{"count":1,"href":"https:\/\/comunicacity.net\/portale-dei-carabinieri\/wp-json\/wp\/v2\/posts\/1577\/revisions"}],"predecessor-version":[{"id":1578,"href":"https:\/\/comunicacity.net\/portale-dei-carabinieri\/wp-json\/wp\/v2\/posts\/1577\/revisions\/1578"}],"wp:featuredmedia":[{"embeddable":true,"href":"https:\/\/comunicacity.net\/portale-dei-carabinieri\/wp-json\/wp\/v2\/media\/3"}],"wp:attachment":[{"href":"https:\/\/comunicacity.net\/portale-dei-carabinieri\/wp-json\/wp\/v2\/media?parent=1577"}],"wp:term":[{"taxonomy":"category","embeddable":true,"href":"https:\/\/comunicacity.net\/portale-dei-carabinieri\/wp-json\/wp\/v2\/categories?post=1577"},{"taxonomy":"post_tag","embeddable":true,"href":"https:\/\/comunicacity.net\/portale-dei-carabinieri\/wp-json\/wp\/v2\/tags?post=1577"}],"curies":[{"name":"wp","href":"https:\/\/api.w.org\/{rel}","templated":true}]}}