{"id":6039,"date":"2017-03-30T10:50:00","date_gmt":"2017-03-30T08:50:00","guid":{"rendered":"https:\/\/comunicacity.net\/portale-dei-carabinieri\/?p=6039"},"modified":"2017-03-30T10:50:00","modified_gmt":"2017-03-30T08:50:00","slug":"molfetta-ba-arrestato-due-volte-in-poche-ore","status":"publish","type":"post","link":"https:\/\/comunicacity.net\/portale-dei-carabinieri\/2017\/03\/30\/molfetta-ba-arrestato-due-volte-in-poche-ore\/","title":{"rendered":"Molfetta (BA) &#8211; Arrestato due volte in poche ore"},"content":{"rendered":"<p>Nascondeva nella propria abitazione quasi trecento grammi di marijuana e per questo \u00e8 finito in manette. \u00c8 la scoperta fatta l\u2019altra sera a Molfetta, dove i Carabinieri della locale Compagnia hanno arrestato un 35enne del luogo, incensurato, con l\u2019accusa di detenzione ai fini di spaccio di sostanze stupefacenti. L\u2019uomo, finito nel mirino dei Carabinieri, \u00e8 stato notato pi\u00f9 volte assumere atteggiamenti sospetti, per ultimo, l\u2019altra sera; al momento pi\u00f9 opportuno, i Carabinieri hanno deciso di vederci chiaro, eseguendo una perquisizione presso la sua abitazione.<br \/>\nDurante le operazioni di ricerca, all\u2019interno del frigorifero e in una scatola da scarpe, nascosta in un armadio, sono state rinvenute centinaia di dosi di marijuana, pronte ad essere immesse nel mercato locale della droga, oltre ad un bilancino elettronico di precisione. Scattato quindi inevitabilmente l\u2019arresto, l\u2019uomo \u00e8 stato poi collocato presso il proprio domicilio, agli arresti domiciliari, come disposto dalla locale Procura della Repubblica, in attesa di giudizio. L\u2019operazione dei militari non aveva, per\u00f2, avuto termine. La mattina seguente, gli stessi Carabinieri, appreso che l\u2019uomo era in possesso di una autovettura, sfuggita ai controlli, hanno ritenuto bene di non tralasciare i dovuti accertamenti e da una perquisizione sul veicolo, ben occultata nel cruscotto, \u00e8 saltata fuori una pistola cromata, senza matricola, completa di caricatore e proiettili, ovviamente detenuta illegalmente. Al 35enne \u00e8 stata quindi contestata anche la detenzione illegale di arma da sparo e anche di questo il giovane, dovr\u00e0 rispondere alla competente A.G. con rito direttissimo. Per la seconda volta, in poche ore, \u00e8 cos\u00ec finito nuovamente dietro le sbarre.<\/p>\n","protected":false},"excerpt":{"rendered":"<p>Nascondeva nella propria abitazione quasi trecento grammi di marijuana e per questo \u00e8 finito in manette. \u00c8 la scoperta fatta l\u2019altra sera a Molfetta, dove i Carabinieri della locale Compagnia [&hellip;]<\/p>\n","protected":false},"author":1,"featured_media":3,"comment_status":"closed","ping_status":"closed","sticky":false,"template":"","format":"standard","meta":{"footnotes":""},"categories":[10],"tags":[],"class_list":["post-6039","post","type-post","status-publish","format-standard","has-post-thumbnail","hentry","category-forze-dell-ordine"],"yoast_head":"<!-- This site is optimized with the Yoast SEO plugin v27.4 - https:\/\/yoast.com\/product\/yoast-seo-wordpress\/ -->\n<title>Molfetta (BA) - Arrestato due volte in poche ore - Portale dei Carabinieri<\/title>\n<meta name=\"robots\" content=\"index, follow, max-snippet:-1, max-image-preview:large, max-video-preview:-1\" \/>\n<link rel=\"canonical\" href=\"https:\/\/comunicacity.net\/portale-dei-carabinieri\/2017\/03\/30\/molfetta-ba-arrestato-due-volte-in-poche-ore\/\" \/>\n<meta property=\"og:locale\" content=\"it_IT\" \/>\n<meta property=\"og:type\" content=\"article\" \/>\n<meta property=\"og:title\" content=\"Molfetta (BA) - Arrestato due volte in poche ore - Portale dei Carabinieri\" \/>\n<meta property=\"og:description\" content=\"Nascondeva nella propria abitazione quasi trecento grammi di marijuana e per questo \u00e8 finito in manette. \u00c8 la scoperta fatta l\u2019altra sera a Molfetta, dove i Carabinieri della locale Compagnia [&hellip;]\" \/>\n<meta property=\"og:url\" content=\"https:\/\/comunicacity.net\/portale-dei-carabinieri\/2017\/03\/30\/molfetta-ba-arrestato-due-volte-in-poche-ore\/\" \/>\n<meta property=\"og:site_name\" content=\"Portale dei Carabinieri\" \/>\n<meta property=\"article:publisher\" content=\"http:\/\/facebook.com\/ComunicaCity\" \/>\n<meta property=\"article:published_time\" content=\"2017-03-30T08:50:00+00:00\" \/>\n<meta property=\"og:image\" content=\"https:\/\/comunicacity.net\/portale-dei-carabinieri\/wp-content\/uploads\/sites\/30\/2015\/09\/carabinieri.jpg\" \/>\n\t<meta property=\"og:image:width\" content=\"300\" \/>\n\t<meta property=\"og:image:height\" content=\"300\" \/>\n\t<meta property=\"og:image:type\" content=\"image\/jpeg\" \/>\n<meta name=\"author\" content=\"comunicadmin\" \/>\n<meta name=\"twitter:card\" content=\"summary_large_image\" \/>\n<meta name=\"twitter:creator\" content=\"@comunicacity\" \/>\n<meta name=\"twitter:site\" content=\"@comunicacity\" \/>\n<meta name=\"twitter:label1\" content=\"Scritto da\" \/>\n\t<meta name=\"twitter:data1\" content=\"comunicadmin\" \/>\n\t<meta name=\"twitter:label2\" content=\"Tempo di lettura stimato\" \/>\n\t<meta name=\"twitter:data2\" content=\"1 minuto\" \/>\n<script type=\"application\/ld+json\" class=\"yoast-schema-graph\">{\"@context\":\"https:\\\/\\\/schema.org\",\"@graph\":[{\"@type\":\"Article\",\"@id\":\"https:\\\/\\\/comunicacity.net\\\/portale-dei-carabinieri\\\/2017\\\/03\\\/30\\\/molfetta-ba-arrestato-due-volte-in-poche-ore\\\/#article\",\"isPartOf\":{\"@id\":\"https:\\\/\\\/comunicacity.net\\\/portale-dei-carabinieri\\\/2017\\\/03\\\/30\\\/molfetta-ba-arrestato-due-volte-in-poche-ore\\\/\"},\"author\":{\"name\":\"comunicadmin\",\"@id\":\"https:\\\/\\\/comunicacity.net\\\/portale-dei-carabinieri\\\/#\\\/schema\\\/person\\\/afdbb374f214a0c80148caaf3018dd53\"},\"headline\":\"Molfetta (BA) &#8211; Arrestato due volte in poche ore\",\"datePublished\":\"2017-03-30T08:50:00+00:00\",\"mainEntityOfPage\":{\"@id\":\"https:\\\/\\\/comunicacity.net\\\/portale-dei-carabinieri\\\/2017\\\/03\\\/30\\\/molfetta-ba-arrestato-due-volte-in-poche-ore\\\/\"},\"wordCount\":268,\"image\":{\"@id\":\"https:\\\/\\\/comunicacity.net\\\/portale-dei-carabinieri\\\/2017\\\/03\\\/30\\\/molfetta-ba-arrestato-due-volte-in-poche-ore\\\/#primaryimage\"},\"thumbnailUrl\":\"https:\\\/\\\/comunicacity.net\\\/portale-dei-carabinieri\\\/wp-content\\\/uploads\\\/sites\\\/30\\\/2015\\\/09\\\/carabinieri.jpg\",\"articleSection\":[\"Forze dell'Ordine\"],\"inLanguage\":\"it-IT\"},{\"@type\":\"WebPage\",\"@id\":\"https:\\\/\\\/comunicacity.net\\\/portale-dei-carabinieri\\\/2017\\\/03\\\/30\\\/molfetta-ba-arrestato-due-volte-in-poche-ore\\\/\",\"url\":\"https:\\\/\\\/comunicacity.net\\\/portale-dei-carabinieri\\\/2017\\\/03\\\/30\\\/molfetta-ba-arrestato-due-volte-in-poche-ore\\\/\",\"name\":\"Molfetta (BA) - Arrestato due volte in poche ore - Portale dei Carabinieri\",\"isPartOf\":{\"@id\":\"https:\\\/\\\/comunicacity.net\\\/portale-dei-carabinieri\\\/#website\"},\"primaryImageOfPage\":{\"@id\":\"https:\\\/\\\/comunicacity.net\\\/portale-dei-carabinieri\\\/2017\\\/03\\\/30\\\/molfetta-ba-arrestato-due-volte-in-poche-ore\\\/#primaryimage\"},\"image\":{\"@id\":\"https:\\\/\\\/comunicacity.net\\\/portale-dei-carabinieri\\\/2017\\\/03\\\/30\\\/molfetta-ba-arrestato-due-volte-in-poche-ore\\\/#primaryimage\"},\"thumbnailUrl\":\"https:\\\/\\\/comunicacity.net\\\/portale-dei-carabinieri\\\/wp-content\\\/uploads\\\/sites\\\/30\\\/2015\\\/09\\\/carabinieri.jpg\",\"datePublished\":\"2017-03-30T08:50:00+00:00\",\"author\":{\"@id\":\"https:\\\/\\\/comunicacity.net\\\/portale-dei-carabinieri\\\/#\\\/schema\\\/person\\\/afdbb374f214a0c80148caaf3018dd53\"},\"breadcrumb\":{\"@id\":\"https:\\\/\\\/comunicacity.net\\\/portale-dei-carabinieri\\\/2017\\\/03\\\/30\\\/molfetta-ba-arrestato-due-volte-in-poche-ore\\\/#breadcrumb\"},\"inLanguage\":\"it-IT\",\"potentialAction\":[{\"@type\":\"ReadAction\",\"target\":[\"https:\\\/\\\/comunicacity.net\\\/portale-dei-carabinieri\\\/2017\\\/03\\\/30\\\/molfetta-ba-arrestato-due-volte-in-poche-ore\\\/\"]}]},{\"@type\":\"ImageObject\",\"inLanguage\":\"it-IT\",\"@id\":\"https:\\\/\\\/comunicacity.net\\\/portale-dei-carabinieri\\\/2017\\\/03\\\/30\\\/molfetta-ba-arrestato-due-volte-in-poche-ore\\\/#primaryimage\",\"url\":\"https:\\\/\\\/comunicacity.net\\\/portale-dei-carabinieri\\\/wp-content\\\/uploads\\\/sites\\\/30\\\/2015\\\/09\\\/carabinieri.jpg\",\"contentUrl\":\"https:\\\/\\\/comunicacity.net\\\/portale-dei-carabinieri\\\/wp-content\\\/uploads\\\/sites\\\/30\\\/2015\\\/09\\\/carabinieri.jpg\",\"width\":300,\"height\":300},{\"@type\":\"BreadcrumbList\",\"@id\":\"https:\\\/\\\/comunicacity.net\\\/portale-dei-carabinieri\\\/2017\\\/03\\\/30\\\/molfetta-ba-arrestato-due-volte-in-poche-ore\\\/#breadcrumb\",\"itemListElement\":[{\"@type\":\"ListItem\",\"position\":1,\"name\":\"Home\",\"item\":\"https:\\\/\\\/comunicacity.net\\\/portale-dei-carabinieri\\\/\"},{\"@type\":\"ListItem\",\"position\":2,\"name\":\"Molfetta (BA) &#8211; Arrestato due volte in poche ore\"}]},{\"@type\":\"WebSite\",\"@id\":\"https:\\\/\\\/comunicacity.net\\\/portale-dei-carabinieri\\\/#website\",\"url\":\"https:\\\/\\\/comunicacity.net\\\/portale-dei-carabinieri\\\/\",\"name\":\"Portale dei Carabinieri\",\"description\":\"Ecco un altro sito ComunicaCity\",\"potentialAction\":[{\"@type\":\"SearchAction\",\"target\":{\"@type\":\"EntryPoint\",\"urlTemplate\":\"https:\\\/\\\/comunicacity.net\\\/portale-dei-carabinieri\\\/?s={search_term_string}\"},\"query-input\":{\"@type\":\"PropertyValueSpecification\",\"valueRequired\":true,\"valueName\":\"search_term_string\"}}],\"inLanguage\":\"it-IT\"},{\"@type\":\"Person\",\"@id\":\"https:\\\/\\\/comunicacity.net\\\/portale-dei-carabinieri\\\/#\\\/schema\\\/person\\\/afdbb374f214a0c80148caaf3018dd53\",\"name\":\"comunicadmin\",\"image\":{\"@type\":\"ImageObject\",\"inLanguage\":\"it-IT\",\"@id\":\"https:\\\/\\\/secure.gravatar.com\\\/avatar\\\/238a7f01be6e5f09c36aedef94fb10ae47d52a6a71608e5985bef2a1560a0d9b?s=96&d=mm&r=g\",\"url\":\"https:\\\/\\\/secure.gravatar.com\\\/avatar\\\/238a7f01be6e5f09c36aedef94fb10ae47d52a6a71608e5985bef2a1560a0d9b?s=96&d=mm&r=g\",\"contentUrl\":\"https:\\\/\\\/secure.gravatar.com\\\/avatar\\\/238a7f01be6e5f09c36aedef94fb10ae47d52a6a71608e5985bef2a1560a0d9b?s=96&d=mm&r=g\",\"caption\":\"comunicadmin\"},\"sameAs\":[\"http:\\\/\\\/www.comunicacity.it\"],\"url\":\"https:\\\/\\\/comunicacity.net\\\/portale-dei-carabinieri\\\/author\\\/comunicadmin\\\/\"}]}<\/script>\n<!-- \/ Yoast SEO plugin. -->","yoast_head_json":{"title":"Molfetta (BA) - Arrestato due volte in poche ore - Portale dei Carabinieri","robots":{"index":"index","follow":"follow","max-snippet":"max-snippet:-1","max-image-preview":"max-image-preview:large","max-video-preview":"max-video-preview:-1"},"canonical":"https:\/\/comunicacity.net\/portale-dei-carabinieri\/2017\/03\/30\/molfetta-ba-arrestato-due-volte-in-poche-ore\/","og_locale":"it_IT","og_type":"article","og_title":"Molfetta (BA) - Arrestato due volte in poche ore - Portale dei Carabinieri","og_description":"Nascondeva nella propria abitazione quasi trecento grammi di marijuana e per questo \u00e8 finito in manette. \u00c8 la scoperta fatta l\u2019altra sera a Molfetta, dove i Carabinieri della locale Compagnia [&hellip;]","og_url":"https:\/\/comunicacity.net\/portale-dei-carabinieri\/2017\/03\/30\/molfetta-ba-arrestato-due-volte-in-poche-ore\/","og_site_name":"Portale dei Carabinieri","article_publisher":"http:\/\/facebook.com\/ComunicaCity","article_published_time":"2017-03-30T08:50:00+00:00","og_image":[{"width":300,"height":300,"url":"https:\/\/comunicacity.net\/portale-dei-carabinieri\/wp-content\/uploads\/sites\/30\/2015\/09\/carabinieri.jpg","type":"image\/jpeg"}],"author":"comunicadmin","twitter_card":"summary_large_image","twitter_creator":"@comunicacity","twitter_site":"@comunicacity","twitter_misc":{"Scritto da":"comunicadmin","Tempo di lettura stimato":"1 minuto"},"schema":{"@context":"https:\/\/schema.org","@graph":[{"@type":"Article","@id":"https:\/\/comunicacity.net\/portale-dei-carabinieri\/2017\/03\/30\/molfetta-ba-arrestato-due-volte-in-poche-ore\/#article","isPartOf":{"@id":"https:\/\/comunicacity.net\/portale-dei-carabinieri\/2017\/03\/30\/molfetta-ba-arrestato-due-volte-in-poche-ore\/"},"author":{"name":"comunicadmin","@id":"https:\/\/comunicacity.net\/portale-dei-carabinieri\/#\/schema\/person\/afdbb374f214a0c80148caaf3018dd53"},"headline":"Molfetta (BA) &#8211; Arrestato due volte in poche ore","datePublished":"2017-03-30T08:50:00+00:00","mainEntityOfPage":{"@id":"https:\/\/comunicacity.net\/portale-dei-carabinieri\/2017\/03\/30\/molfetta-ba-arrestato-due-volte-in-poche-ore\/"},"wordCount":268,"image":{"@id":"https:\/\/comunicacity.net\/portale-dei-carabinieri\/2017\/03\/30\/molfetta-ba-arrestato-due-volte-in-poche-ore\/#primaryimage"},"thumbnailUrl":"https:\/\/comunicacity.net\/portale-dei-carabinieri\/wp-content\/uploads\/sites\/30\/2015\/09\/carabinieri.jpg","articleSection":["Forze dell'Ordine"],"inLanguage":"it-IT"},{"@type":"WebPage","@id":"https:\/\/comunicacity.net\/portale-dei-carabinieri\/2017\/03\/30\/molfetta-ba-arrestato-due-volte-in-poche-ore\/","url":"https:\/\/comunicacity.net\/portale-dei-carabinieri\/2017\/03\/30\/molfetta-ba-arrestato-due-volte-in-poche-ore\/","name":"Molfetta (BA) - Arrestato due volte in poche ore - Portale dei Carabinieri","isPartOf":{"@id":"https:\/\/comunicacity.net\/portale-dei-carabinieri\/#website"},"primaryImageOfPage":{"@id":"https:\/\/comunicacity.net\/portale-dei-carabinieri\/2017\/03\/30\/molfetta-ba-arrestato-due-volte-in-poche-ore\/#primaryimage"},"image":{"@id":"https:\/\/comunicacity.net\/portale-dei-carabinieri\/2017\/03\/30\/molfetta-ba-arrestato-due-volte-in-poche-ore\/#primaryimage"},"thumbnailUrl":"https:\/\/comunicacity.net\/portale-dei-carabinieri\/wp-content\/uploads\/sites\/30\/2015\/09\/carabinieri.jpg","datePublished":"2017-03-30T08:50:00+00:00","author":{"@id":"https:\/\/comunicacity.net\/portale-dei-carabinieri\/#\/schema\/person\/afdbb374f214a0c80148caaf3018dd53"},"breadcrumb":{"@id":"https:\/\/comunicacity.net\/portale-dei-carabinieri\/2017\/03\/30\/molfetta-ba-arrestato-due-volte-in-poche-ore\/#breadcrumb"},"inLanguage":"it-IT","potentialAction":[{"@type":"ReadAction","target":["https:\/\/comunicacity.net\/portale-dei-carabinieri\/2017\/03\/30\/molfetta-ba-arrestato-due-volte-in-poche-ore\/"]}]},{"@type":"ImageObject","inLanguage":"it-IT","@id":"https:\/\/comunicacity.net\/portale-dei-carabinieri\/2017\/03\/30\/molfetta-ba-arrestato-due-volte-in-poche-ore\/#primaryimage","url":"https:\/\/comunicacity.net\/portale-dei-carabinieri\/wp-content\/uploads\/sites\/30\/2015\/09\/carabinieri.jpg","contentUrl":"https:\/\/comunicacity.net\/portale-dei-carabinieri\/wp-content\/uploads\/sites\/30\/2015\/09\/carabinieri.jpg","width":300,"height":300},{"@type":"BreadcrumbList","@id":"https:\/\/comunicacity.net\/portale-dei-carabinieri\/2017\/03\/30\/molfetta-ba-arrestato-due-volte-in-poche-ore\/#breadcrumb","itemListElement":[{"@type":"ListItem","position":1,"name":"Home","item":"https:\/\/comunicacity.net\/portale-dei-carabinieri\/"},{"@type":"ListItem","position":2,"name":"Molfetta (BA) &#8211; Arrestato due volte in poche ore"}]},{"@type":"WebSite","@id":"https:\/\/comunicacity.net\/portale-dei-carabinieri\/#website","url":"https:\/\/comunicacity.net\/portale-dei-carabinieri\/","name":"Portale dei Carabinieri","description":"Ecco un altro sito ComunicaCity","potentialAction":[{"@type":"SearchAction","target":{"@type":"EntryPoint","urlTemplate":"https:\/\/comunicacity.net\/portale-dei-carabinieri\/?s={search_term_string}"},"query-input":{"@type":"PropertyValueSpecification","valueRequired":true,"valueName":"search_term_string"}}],"inLanguage":"it-IT"},{"@type":"Person","@id":"https:\/\/comunicacity.net\/portale-dei-carabinieri\/#\/schema\/person\/afdbb374f214a0c80148caaf3018dd53","name":"comunicadmin","image":{"@type":"ImageObject","inLanguage":"it-IT","@id":"https:\/\/secure.gravatar.com\/avatar\/238a7f01be6e5f09c36aedef94fb10ae47d52a6a71608e5985bef2a1560a0d9b?s=96&d=mm&r=g","url":"https:\/\/secure.gravatar.com\/avatar\/238a7f01be6e5f09c36aedef94fb10ae47d52a6a71608e5985bef2a1560a0d9b?s=96&d=mm&r=g","contentUrl":"https:\/\/secure.gravatar.com\/avatar\/238a7f01be6e5f09c36aedef94fb10ae47d52a6a71608e5985bef2a1560a0d9b?s=96&d=mm&r=g","caption":"comunicadmin"},"sameAs":["http:\/\/www.comunicacity.it"],"url":"https:\/\/comunicacity.net\/portale-dei-carabinieri\/author\/comunicadmin\/"}]}},"meta_box":{"cc4_urg_colore":"","cc4_urg_data_inizio":"","cc4_urg_data_fine":"","cc4_cor_positivi_oggi":"","cc4_cor_negativizzati_oggi":"","cc4_cor_deceduti_oggi":"","cc4_cor_positivi_totali":"","cc4_cor_negativizzati_totali":"","cc4_cor_deceduti_totali":"","cc4_cor_attualmente_positivi":"","cc4_eve_data_inizio":"","cc4_eve_data_fine":"","cc4_eve_indirizzo":"","cc4_eve_posizione":{"latitude":"","longitude":"","zoom":""},"cc4_eve_telefono":"","cc4_eve_email":"","cc4_eve_web":"","cc4_eve_fb":"","sitopa_id":""},"_links":{"self":[{"href":"https:\/\/comunicacity.net\/portale-dei-carabinieri\/wp-json\/wp\/v2\/posts\/6039","targetHints":{"allow":["GET"]}}],"collection":[{"href":"https:\/\/comunicacity.net\/portale-dei-carabinieri\/wp-json\/wp\/v2\/posts"}],"about":[{"href":"https:\/\/comunicacity.net\/portale-dei-carabinieri\/wp-json\/wp\/v2\/types\/post"}],"author":[{"embeddable":true,"href":"https:\/\/comunicacity.net\/portale-dei-carabinieri\/wp-json\/wp\/v2\/users\/1"}],"replies":[{"embeddable":true,"href":"https:\/\/comunicacity.net\/portale-dei-carabinieri\/wp-json\/wp\/v2\/comments?post=6039"}],"version-history":[{"count":1,"href":"https:\/\/comunicacity.net\/portale-dei-carabinieri\/wp-json\/wp\/v2\/posts\/6039\/revisions"}],"predecessor-version":[{"id":6040,"href":"https:\/\/comunicacity.net\/portale-dei-carabinieri\/wp-json\/wp\/v2\/posts\/6039\/revisions\/6040"}],"wp:featuredmedia":[{"embeddable":true,"href":"https:\/\/comunicacity.net\/portale-dei-carabinieri\/wp-json\/wp\/v2\/media\/3"}],"wp:attachment":[{"href":"https:\/\/comunicacity.net\/portale-dei-carabinieri\/wp-json\/wp\/v2\/media?parent=6039"}],"wp:term":[{"taxonomy":"category","embeddable":true,"href":"https:\/\/comunicacity.net\/portale-dei-carabinieri\/wp-json\/wp\/v2\/categories?post=6039"},{"taxonomy":"post_tag","embeddable":true,"href":"https:\/\/comunicacity.net\/portale-dei-carabinieri\/wp-json\/wp\/v2\/tags?post=6039"}],"curies":[{"name":"wp","href":"https:\/\/api.w.org\/{rel}","templated":true}]}}