{"id":6153,"date":"2017-04-08T11:20:00","date_gmt":"2017-04-08T09:20:00","guid":{"rendered":"https:\/\/comunicacity.net\/portale-dei-carabinieri\/?p=6153"},"modified":"2017-04-08T11:20:00","modified_gmt":"2017-04-08T09:20:00","slug":"gallicano-nel-lazio-rm-autori-di-rapina-ad-ufficio-postale-agli-arresti","status":"publish","type":"post","link":"https:\/\/comunicacity.net\/portale-dei-carabinieri\/2017\/04\/08\/gallicano-nel-lazio-rm-autori-di-rapina-ad-ufficio-postale-agli-arresti\/","title":{"rendered":"Gallicano nel Lazio (RM) &#8211; Autori di rapina ad Ufficio Postale agli arresti."},"content":{"rendered":"<p>GALLICANO NEL LAZIO (RM) &#8211; CARABINIERI ARRESTANO 2 AUTORI DELLA RAPINA ALL\u2019UFFICIO POSTALE. I Carabinieri del Nucleo Operativo della Compagnia Carabinieri di Palestrina, in collaborazione con i Carabinieri della Stazione di Gallicano nel Lazio, a seguito di articolata attivit\u00e0 investigativa, hanno dato esecuzione a due misure cautelari in carcere nei confronti di due uomini italiani, emesse dal Tribunale di Tivoli su richiesta della locale Procura della Repubblica, per i reati di rapina aggravata e sequestro di persona in concorso.<br \/>\nIn particolare, la mattina del 6 agosto 2016, presso l\u2019ufficio postale di Gallicano nel Lazio, due uomini italiani, con accento siciliano, travisati con cappellino a visiera ed armati di pistola, dopo aver aspettato l\u2019arrivo del direttore per la disattivazione dell\u2019allarme, sotto la minaccia di pistole, sono entrati nei locali delle poste legando con fascette di plastica mani e piedi degli impiegati, si sono fatti poi aprire cassaforte e bancomat asportando circa 50.000 euro in contanti, per fuggire subito dopo a bordo di una Renault. L\u2019indagine dei Carabinieri del Nucleo Operativo della Compagnia di Palestrina e del locale comando Stazione, coordinati dalla Procura della Repubblica di Tivoli, hanno permesso di risalire per\u00f2 in breve tempo agli autori del grave reato attraverso minuziosi accertamenti, analisi di celle e tabulati telefonici, escussione di persone informate sui fatti nonch\u00e9 delicata attivit\u00e0 informativa nel territorio. In particolare, a seguito di un accurato sopralluogo sul posto dopo la rapina, sono state acquisite le immagini dell\u2019impianto di videosorveglianza, provvedendo a diramarle a tutti i comandi d\u2019Italia per l\u2019identificazione degli autori. Grazie ad un approfondita ricerca sulle banche dati, uno degli autori, il cui volto era stato ben ripreso per alcuni istanti dalle telecamere, \u00e8 stato riconosciuto, e grazie al confronto antropometrico eseguito dal RIS di Roma, si \u00e8 arrivati alla certezza circa la sua identit\u00e0. Il secondo rapinatore \u00e8 invece stato identificato attraverso un\u2019attivit\u00e0 pi\u00f9 complessa posta in essere dai militari del nucleo operativo i quali, nell\u2019esecuzione di alcune perquisizioni nella giurisdizione di competenza ed incrociando i dati emersi dall\u2019analisi dei tabulati e celle telefoniche, sono riusciti ad individuare una ragazza di un comune vicino Gallicano nel Lazio che quel giorno aveva avuto a che fare con i due rapinatori subito dopo la commissione del grave fatto. Ricostruendo i fatti, i due rapinatori, per trovare rifugio e sfuggire alle immediate ricerche delle forze dell\u2019ordine, quella mattina, dopo la rapina, avevano cercato rifugio presso l\u2019abitazione di un\u2019amica di un cugino dei due. La stessa per\u00f2, che li ha ricordati \u201cagitati\u201d quella mattina ed a bordo di una Renault, li aveva congedati subito senza comprendere cosa avessero commesso poco prima. Attualmente i due rapinatori si trovano nel carcere di Siracusa dove erano detenuti per altra causa. Le indagini continuano per accertare altri eventuali correi e reati commessi con lo stesso modus operandi.<\/p>\n","protected":false},"excerpt":{"rendered":"<p>GALLICANO NEL LAZIO (RM) &#8211; CARABINIERI ARRESTANO 2 AUTORI DELLA RAPINA ALL\u2019UFFICIO POSTALE. I Carabinieri del Nucleo Operativo della Compagnia Carabinieri di Palestrina, in collaborazione con i Carabinieri della Stazione [&hellip;]<\/p>\n","protected":false},"author":1,"featured_media":3,"comment_status":"closed","ping_status":"closed","sticky":false,"template":"","format":"standard","meta":{"footnotes":""},"categories":[10],"tags":[],"class_list":["post-6153","post","type-post","status-publish","format-standard","has-post-thumbnail","hentry","category-forze-dell-ordine"],"yoast_head":"<!-- This site is optimized with the Yoast SEO plugin v27.4 - https:\/\/yoast.com\/product\/yoast-seo-wordpress\/ -->\n<title>Gallicano nel Lazio (RM) - Autori di rapina ad Ufficio Postale agli arresti. - Portale dei Carabinieri<\/title>\n<meta name=\"robots\" content=\"index, follow, max-snippet:-1, max-image-preview:large, max-video-preview:-1\" \/>\n<link rel=\"canonical\" href=\"https:\/\/comunicacity.net\/portale-dei-carabinieri\/2017\/04\/08\/gallicano-nel-lazio-rm-autori-di-rapina-ad-ufficio-postale-agli-arresti\/\" \/>\n<meta property=\"og:locale\" content=\"it_IT\" \/>\n<meta property=\"og:type\" content=\"article\" \/>\n<meta property=\"og:title\" content=\"Gallicano nel Lazio (RM) - Autori di rapina ad Ufficio Postale agli arresti. - Portale dei Carabinieri\" \/>\n<meta property=\"og:description\" content=\"GALLICANO NEL LAZIO (RM) &#8211; CARABINIERI ARRESTANO 2 AUTORI DELLA RAPINA ALL\u2019UFFICIO POSTALE. I Carabinieri del Nucleo Operativo della Compagnia Carabinieri di Palestrina, in collaborazione con i Carabinieri della Stazione [&hellip;]\" \/>\n<meta property=\"og:url\" content=\"https:\/\/comunicacity.net\/portale-dei-carabinieri\/2017\/04\/08\/gallicano-nel-lazio-rm-autori-di-rapina-ad-ufficio-postale-agli-arresti\/\" \/>\n<meta property=\"og:site_name\" content=\"Portale dei Carabinieri\" \/>\n<meta property=\"article:publisher\" content=\"http:\/\/facebook.com\/ComunicaCity\" \/>\n<meta property=\"article:published_time\" content=\"2017-04-08T09:20:00+00:00\" \/>\n<meta property=\"og:image\" content=\"https:\/\/comunicacity.net\/portale-dei-carabinieri\/wp-content\/uploads\/sites\/30\/2015\/09\/carabinieri.jpg\" \/>\n\t<meta property=\"og:image:width\" content=\"300\" \/>\n\t<meta property=\"og:image:height\" content=\"300\" \/>\n\t<meta property=\"og:image:type\" content=\"image\/jpeg\" \/>\n<meta name=\"author\" content=\"comunicadmin\" \/>\n<meta name=\"twitter:card\" content=\"summary_large_image\" \/>\n<meta name=\"twitter:creator\" content=\"@comunicacity\" \/>\n<meta name=\"twitter:site\" content=\"@comunicacity\" \/>\n<meta name=\"twitter:label1\" content=\"Scritto da\" \/>\n\t<meta name=\"twitter:data1\" content=\"comunicadmin\" \/>\n\t<meta name=\"twitter:label2\" content=\"Tempo di lettura stimato\" \/>\n\t<meta name=\"twitter:data2\" content=\"2 minuti\" \/>\n<script type=\"application\/ld+json\" class=\"yoast-schema-graph\">{\"@context\":\"https:\\\/\\\/schema.org\",\"@graph\":[{\"@type\":\"Article\",\"@id\":\"https:\\\/\\\/comunicacity.net\\\/portale-dei-carabinieri\\\/2017\\\/04\\\/08\\\/gallicano-nel-lazio-rm-autori-di-rapina-ad-ufficio-postale-agli-arresti\\\/#article\",\"isPartOf\":{\"@id\":\"https:\\\/\\\/comunicacity.net\\\/portale-dei-carabinieri\\\/2017\\\/04\\\/08\\\/gallicano-nel-lazio-rm-autori-di-rapina-ad-ufficio-postale-agli-arresti\\\/\"},\"author\":{\"name\":\"comunicadmin\",\"@id\":\"https:\\\/\\\/comunicacity.net\\\/portale-dei-carabinieri\\\/#\\\/schema\\\/person\\\/afdbb374f214a0c80148caaf3018dd53\"},\"headline\":\"Gallicano nel Lazio (RM) &#8211; Autori di rapina ad Ufficio Postale agli arresti.\",\"datePublished\":\"2017-04-08T09:20:00+00:00\",\"mainEntityOfPage\":{\"@id\":\"https:\\\/\\\/comunicacity.net\\\/portale-dei-carabinieri\\\/2017\\\/04\\\/08\\\/gallicano-nel-lazio-rm-autori-di-rapina-ad-ufficio-postale-agli-arresti\\\/\"},\"wordCount\":482,\"image\":{\"@id\":\"https:\\\/\\\/comunicacity.net\\\/portale-dei-carabinieri\\\/2017\\\/04\\\/08\\\/gallicano-nel-lazio-rm-autori-di-rapina-ad-ufficio-postale-agli-arresti\\\/#primaryimage\"},\"thumbnailUrl\":\"https:\\\/\\\/comunicacity.net\\\/portale-dei-carabinieri\\\/wp-content\\\/uploads\\\/sites\\\/30\\\/2015\\\/09\\\/carabinieri.jpg\",\"articleSection\":[\"Forze dell'Ordine\"],\"inLanguage\":\"it-IT\"},{\"@type\":\"WebPage\",\"@id\":\"https:\\\/\\\/comunicacity.net\\\/portale-dei-carabinieri\\\/2017\\\/04\\\/08\\\/gallicano-nel-lazio-rm-autori-di-rapina-ad-ufficio-postale-agli-arresti\\\/\",\"url\":\"https:\\\/\\\/comunicacity.net\\\/portale-dei-carabinieri\\\/2017\\\/04\\\/08\\\/gallicano-nel-lazio-rm-autori-di-rapina-ad-ufficio-postale-agli-arresti\\\/\",\"name\":\"Gallicano nel Lazio (RM) - Autori di rapina ad Ufficio Postale agli arresti. - Portale dei Carabinieri\",\"isPartOf\":{\"@id\":\"https:\\\/\\\/comunicacity.net\\\/portale-dei-carabinieri\\\/#website\"},\"primaryImageOfPage\":{\"@id\":\"https:\\\/\\\/comunicacity.net\\\/portale-dei-carabinieri\\\/2017\\\/04\\\/08\\\/gallicano-nel-lazio-rm-autori-di-rapina-ad-ufficio-postale-agli-arresti\\\/#primaryimage\"},\"image\":{\"@id\":\"https:\\\/\\\/comunicacity.net\\\/portale-dei-carabinieri\\\/2017\\\/04\\\/08\\\/gallicano-nel-lazio-rm-autori-di-rapina-ad-ufficio-postale-agli-arresti\\\/#primaryimage\"},\"thumbnailUrl\":\"https:\\\/\\\/comunicacity.net\\\/portale-dei-carabinieri\\\/wp-content\\\/uploads\\\/sites\\\/30\\\/2015\\\/09\\\/carabinieri.jpg\",\"datePublished\":\"2017-04-08T09:20:00+00:00\",\"author\":{\"@id\":\"https:\\\/\\\/comunicacity.net\\\/portale-dei-carabinieri\\\/#\\\/schema\\\/person\\\/afdbb374f214a0c80148caaf3018dd53\"},\"breadcrumb\":{\"@id\":\"https:\\\/\\\/comunicacity.net\\\/portale-dei-carabinieri\\\/2017\\\/04\\\/08\\\/gallicano-nel-lazio-rm-autori-di-rapina-ad-ufficio-postale-agli-arresti\\\/#breadcrumb\"},\"inLanguage\":\"it-IT\",\"potentialAction\":[{\"@type\":\"ReadAction\",\"target\":[\"https:\\\/\\\/comunicacity.net\\\/portale-dei-carabinieri\\\/2017\\\/04\\\/08\\\/gallicano-nel-lazio-rm-autori-di-rapina-ad-ufficio-postale-agli-arresti\\\/\"]}]},{\"@type\":\"ImageObject\",\"inLanguage\":\"it-IT\",\"@id\":\"https:\\\/\\\/comunicacity.net\\\/portale-dei-carabinieri\\\/2017\\\/04\\\/08\\\/gallicano-nel-lazio-rm-autori-di-rapina-ad-ufficio-postale-agli-arresti\\\/#primaryimage\",\"url\":\"https:\\\/\\\/comunicacity.net\\\/portale-dei-carabinieri\\\/wp-content\\\/uploads\\\/sites\\\/30\\\/2015\\\/09\\\/carabinieri.jpg\",\"contentUrl\":\"https:\\\/\\\/comunicacity.net\\\/portale-dei-carabinieri\\\/wp-content\\\/uploads\\\/sites\\\/30\\\/2015\\\/09\\\/carabinieri.jpg\",\"width\":300,\"height\":300},{\"@type\":\"BreadcrumbList\",\"@id\":\"https:\\\/\\\/comunicacity.net\\\/portale-dei-carabinieri\\\/2017\\\/04\\\/08\\\/gallicano-nel-lazio-rm-autori-di-rapina-ad-ufficio-postale-agli-arresti\\\/#breadcrumb\",\"itemListElement\":[{\"@type\":\"ListItem\",\"position\":1,\"name\":\"Home\",\"item\":\"https:\\\/\\\/comunicacity.net\\\/portale-dei-carabinieri\\\/\"},{\"@type\":\"ListItem\",\"position\":2,\"name\":\"Gallicano nel Lazio (RM) &#8211; Autori di rapina ad Ufficio Postale agli arresti.\"}]},{\"@type\":\"WebSite\",\"@id\":\"https:\\\/\\\/comunicacity.net\\\/portale-dei-carabinieri\\\/#website\",\"url\":\"https:\\\/\\\/comunicacity.net\\\/portale-dei-carabinieri\\\/\",\"name\":\"Portale dei Carabinieri\",\"description\":\"Ecco un altro sito ComunicaCity\",\"potentialAction\":[{\"@type\":\"SearchAction\",\"target\":{\"@type\":\"EntryPoint\",\"urlTemplate\":\"https:\\\/\\\/comunicacity.net\\\/portale-dei-carabinieri\\\/?s={search_term_string}\"},\"query-input\":{\"@type\":\"PropertyValueSpecification\",\"valueRequired\":true,\"valueName\":\"search_term_string\"}}],\"inLanguage\":\"it-IT\"},{\"@type\":\"Person\",\"@id\":\"https:\\\/\\\/comunicacity.net\\\/portale-dei-carabinieri\\\/#\\\/schema\\\/person\\\/afdbb374f214a0c80148caaf3018dd53\",\"name\":\"comunicadmin\",\"image\":{\"@type\":\"ImageObject\",\"inLanguage\":\"it-IT\",\"@id\":\"https:\\\/\\\/secure.gravatar.com\\\/avatar\\\/238a7f01be6e5f09c36aedef94fb10ae47d52a6a71608e5985bef2a1560a0d9b?s=96&d=mm&r=g\",\"url\":\"https:\\\/\\\/secure.gravatar.com\\\/avatar\\\/238a7f01be6e5f09c36aedef94fb10ae47d52a6a71608e5985bef2a1560a0d9b?s=96&d=mm&r=g\",\"contentUrl\":\"https:\\\/\\\/secure.gravatar.com\\\/avatar\\\/238a7f01be6e5f09c36aedef94fb10ae47d52a6a71608e5985bef2a1560a0d9b?s=96&d=mm&r=g\",\"caption\":\"comunicadmin\"},\"sameAs\":[\"http:\\\/\\\/www.comunicacity.it\"],\"url\":\"https:\\\/\\\/comunicacity.net\\\/portale-dei-carabinieri\\\/author\\\/comunicadmin\\\/\"}]}<\/script>\n<!-- \/ Yoast SEO plugin. -->","yoast_head_json":{"title":"Gallicano nel Lazio (RM) - Autori di rapina ad Ufficio Postale agli arresti. - Portale dei Carabinieri","robots":{"index":"index","follow":"follow","max-snippet":"max-snippet:-1","max-image-preview":"max-image-preview:large","max-video-preview":"max-video-preview:-1"},"canonical":"https:\/\/comunicacity.net\/portale-dei-carabinieri\/2017\/04\/08\/gallicano-nel-lazio-rm-autori-di-rapina-ad-ufficio-postale-agli-arresti\/","og_locale":"it_IT","og_type":"article","og_title":"Gallicano nel Lazio (RM) - Autori di rapina ad Ufficio Postale agli arresti. - Portale dei Carabinieri","og_description":"GALLICANO NEL LAZIO (RM) &#8211; CARABINIERI ARRESTANO 2 AUTORI DELLA RAPINA ALL\u2019UFFICIO POSTALE. I Carabinieri del Nucleo Operativo della Compagnia Carabinieri di Palestrina, in collaborazione con i Carabinieri della Stazione [&hellip;]","og_url":"https:\/\/comunicacity.net\/portale-dei-carabinieri\/2017\/04\/08\/gallicano-nel-lazio-rm-autori-di-rapina-ad-ufficio-postale-agli-arresti\/","og_site_name":"Portale dei Carabinieri","article_publisher":"http:\/\/facebook.com\/ComunicaCity","article_published_time":"2017-04-08T09:20:00+00:00","og_image":[{"width":300,"height":300,"url":"https:\/\/comunicacity.net\/portale-dei-carabinieri\/wp-content\/uploads\/sites\/30\/2015\/09\/carabinieri.jpg","type":"image\/jpeg"}],"author":"comunicadmin","twitter_card":"summary_large_image","twitter_creator":"@comunicacity","twitter_site":"@comunicacity","twitter_misc":{"Scritto da":"comunicadmin","Tempo di lettura stimato":"2 minuti"},"schema":{"@context":"https:\/\/schema.org","@graph":[{"@type":"Article","@id":"https:\/\/comunicacity.net\/portale-dei-carabinieri\/2017\/04\/08\/gallicano-nel-lazio-rm-autori-di-rapina-ad-ufficio-postale-agli-arresti\/#article","isPartOf":{"@id":"https:\/\/comunicacity.net\/portale-dei-carabinieri\/2017\/04\/08\/gallicano-nel-lazio-rm-autori-di-rapina-ad-ufficio-postale-agli-arresti\/"},"author":{"name":"comunicadmin","@id":"https:\/\/comunicacity.net\/portale-dei-carabinieri\/#\/schema\/person\/afdbb374f214a0c80148caaf3018dd53"},"headline":"Gallicano nel Lazio (RM) &#8211; Autori di rapina ad Ufficio Postale agli arresti.","datePublished":"2017-04-08T09:20:00+00:00","mainEntityOfPage":{"@id":"https:\/\/comunicacity.net\/portale-dei-carabinieri\/2017\/04\/08\/gallicano-nel-lazio-rm-autori-di-rapina-ad-ufficio-postale-agli-arresti\/"},"wordCount":482,"image":{"@id":"https:\/\/comunicacity.net\/portale-dei-carabinieri\/2017\/04\/08\/gallicano-nel-lazio-rm-autori-di-rapina-ad-ufficio-postale-agli-arresti\/#primaryimage"},"thumbnailUrl":"https:\/\/comunicacity.net\/portale-dei-carabinieri\/wp-content\/uploads\/sites\/30\/2015\/09\/carabinieri.jpg","articleSection":["Forze dell'Ordine"],"inLanguage":"it-IT"},{"@type":"WebPage","@id":"https:\/\/comunicacity.net\/portale-dei-carabinieri\/2017\/04\/08\/gallicano-nel-lazio-rm-autori-di-rapina-ad-ufficio-postale-agli-arresti\/","url":"https:\/\/comunicacity.net\/portale-dei-carabinieri\/2017\/04\/08\/gallicano-nel-lazio-rm-autori-di-rapina-ad-ufficio-postale-agli-arresti\/","name":"Gallicano nel Lazio (RM) - Autori di rapina ad Ufficio Postale agli arresti. - Portale dei Carabinieri","isPartOf":{"@id":"https:\/\/comunicacity.net\/portale-dei-carabinieri\/#website"},"primaryImageOfPage":{"@id":"https:\/\/comunicacity.net\/portale-dei-carabinieri\/2017\/04\/08\/gallicano-nel-lazio-rm-autori-di-rapina-ad-ufficio-postale-agli-arresti\/#primaryimage"},"image":{"@id":"https:\/\/comunicacity.net\/portale-dei-carabinieri\/2017\/04\/08\/gallicano-nel-lazio-rm-autori-di-rapina-ad-ufficio-postale-agli-arresti\/#primaryimage"},"thumbnailUrl":"https:\/\/comunicacity.net\/portale-dei-carabinieri\/wp-content\/uploads\/sites\/30\/2015\/09\/carabinieri.jpg","datePublished":"2017-04-08T09:20:00+00:00","author":{"@id":"https:\/\/comunicacity.net\/portale-dei-carabinieri\/#\/schema\/person\/afdbb374f214a0c80148caaf3018dd53"},"breadcrumb":{"@id":"https:\/\/comunicacity.net\/portale-dei-carabinieri\/2017\/04\/08\/gallicano-nel-lazio-rm-autori-di-rapina-ad-ufficio-postale-agli-arresti\/#breadcrumb"},"inLanguage":"it-IT","potentialAction":[{"@type":"ReadAction","target":["https:\/\/comunicacity.net\/portale-dei-carabinieri\/2017\/04\/08\/gallicano-nel-lazio-rm-autori-di-rapina-ad-ufficio-postale-agli-arresti\/"]}]},{"@type":"ImageObject","inLanguage":"it-IT","@id":"https:\/\/comunicacity.net\/portale-dei-carabinieri\/2017\/04\/08\/gallicano-nel-lazio-rm-autori-di-rapina-ad-ufficio-postale-agli-arresti\/#primaryimage","url":"https:\/\/comunicacity.net\/portale-dei-carabinieri\/wp-content\/uploads\/sites\/30\/2015\/09\/carabinieri.jpg","contentUrl":"https:\/\/comunicacity.net\/portale-dei-carabinieri\/wp-content\/uploads\/sites\/30\/2015\/09\/carabinieri.jpg","width":300,"height":300},{"@type":"BreadcrumbList","@id":"https:\/\/comunicacity.net\/portale-dei-carabinieri\/2017\/04\/08\/gallicano-nel-lazio-rm-autori-di-rapina-ad-ufficio-postale-agli-arresti\/#breadcrumb","itemListElement":[{"@type":"ListItem","position":1,"name":"Home","item":"https:\/\/comunicacity.net\/portale-dei-carabinieri\/"},{"@type":"ListItem","position":2,"name":"Gallicano nel Lazio (RM) &#8211; Autori di rapina ad Ufficio Postale agli arresti."}]},{"@type":"WebSite","@id":"https:\/\/comunicacity.net\/portale-dei-carabinieri\/#website","url":"https:\/\/comunicacity.net\/portale-dei-carabinieri\/","name":"Portale dei Carabinieri","description":"Ecco un altro sito ComunicaCity","potentialAction":[{"@type":"SearchAction","target":{"@type":"EntryPoint","urlTemplate":"https:\/\/comunicacity.net\/portale-dei-carabinieri\/?s={search_term_string}"},"query-input":{"@type":"PropertyValueSpecification","valueRequired":true,"valueName":"search_term_string"}}],"inLanguage":"it-IT"},{"@type":"Person","@id":"https:\/\/comunicacity.net\/portale-dei-carabinieri\/#\/schema\/person\/afdbb374f214a0c80148caaf3018dd53","name":"comunicadmin","image":{"@type":"ImageObject","inLanguage":"it-IT","@id":"https:\/\/secure.gravatar.com\/avatar\/238a7f01be6e5f09c36aedef94fb10ae47d52a6a71608e5985bef2a1560a0d9b?s=96&d=mm&r=g","url":"https:\/\/secure.gravatar.com\/avatar\/238a7f01be6e5f09c36aedef94fb10ae47d52a6a71608e5985bef2a1560a0d9b?s=96&d=mm&r=g","contentUrl":"https:\/\/secure.gravatar.com\/avatar\/238a7f01be6e5f09c36aedef94fb10ae47d52a6a71608e5985bef2a1560a0d9b?s=96&d=mm&r=g","caption":"comunicadmin"},"sameAs":["http:\/\/www.comunicacity.it"],"url":"https:\/\/comunicacity.net\/portale-dei-carabinieri\/author\/comunicadmin\/"}]}},"meta_box":{"cc4_urg_colore":"","cc4_urg_data_inizio":"","cc4_urg_data_fine":"","cc4_cor_positivi_oggi":"","cc4_cor_negativizzati_oggi":"","cc4_cor_deceduti_oggi":"","cc4_cor_positivi_totali":"","cc4_cor_negativizzati_totali":"","cc4_cor_deceduti_totali":"","cc4_cor_attualmente_positivi":"","cc4_eve_data_inizio":"","cc4_eve_data_fine":"","cc4_eve_indirizzo":"","cc4_eve_posizione":{"latitude":"","longitude":"","zoom":""},"cc4_eve_telefono":"","cc4_eve_email":"","cc4_eve_web":"","cc4_eve_fb":"","sitopa_id":""},"_links":{"self":[{"href":"https:\/\/comunicacity.net\/portale-dei-carabinieri\/wp-json\/wp\/v2\/posts\/6153","targetHints":{"allow":["GET"]}}],"collection":[{"href":"https:\/\/comunicacity.net\/portale-dei-carabinieri\/wp-json\/wp\/v2\/posts"}],"about":[{"href":"https:\/\/comunicacity.net\/portale-dei-carabinieri\/wp-json\/wp\/v2\/types\/post"}],"author":[{"embeddable":true,"href":"https:\/\/comunicacity.net\/portale-dei-carabinieri\/wp-json\/wp\/v2\/users\/1"}],"replies":[{"embeddable":true,"href":"https:\/\/comunicacity.net\/portale-dei-carabinieri\/wp-json\/wp\/v2\/comments?post=6153"}],"version-history":[{"count":1,"href":"https:\/\/comunicacity.net\/portale-dei-carabinieri\/wp-json\/wp\/v2\/posts\/6153\/revisions"}],"predecessor-version":[{"id":6154,"href":"https:\/\/comunicacity.net\/portale-dei-carabinieri\/wp-json\/wp\/v2\/posts\/6153\/revisions\/6154"}],"wp:featuredmedia":[{"embeddable":true,"href":"https:\/\/comunicacity.net\/portale-dei-carabinieri\/wp-json\/wp\/v2\/media\/3"}],"wp:attachment":[{"href":"https:\/\/comunicacity.net\/portale-dei-carabinieri\/wp-json\/wp\/v2\/media?parent=6153"}],"wp:term":[{"taxonomy":"category","embeddable":true,"href":"https:\/\/comunicacity.net\/portale-dei-carabinieri\/wp-json\/wp\/v2\/categories?post=6153"},{"taxonomy":"post_tag","embeddable":true,"href":"https:\/\/comunicacity.net\/portale-dei-carabinieri\/wp-json\/wp\/v2\/tags?post=6153"}],"curies":[{"name":"wp","href":"https:\/\/api.w.org\/{rel}","templated":true}]}}