{"id":937,"date":"2015-11-09T17:10:01","date_gmt":"2015-11-09T16:10:01","guid":{"rendered":"https:\/\/comunicacity.net\/portale-dei-carabinieri\/?p=937"},"modified":"2015-11-09T17:10:01","modified_gmt":"2015-11-09T16:10:01","slug":"martina-franca-ta-estorce-una-cambiale-arrestato","status":"publish","type":"post","link":"https:\/\/comunicacity.net\/portale-dei-carabinieri\/2015\/11\/09\/martina-franca-ta-estorce-una-cambiale-arrestato\/","title":{"rendered":"Martina Franca (TA) &#8211; Estorce una cambiale: arrestato"},"content":{"rendered":"<p>I Carabinieri della Compagnia di Martina Franca hanno arrestato in flagranza del reato di estorsione un 42enne, domiciliato in Martina Franca. Nei giorni scorsi si era presentata presso la Stazione Carabinieri di Martina Franca una donna del luogo in evidente stato di difficolt\u00e0. La stessa aveva trovato il coraggio di denunciare di essere vittima, sin dal 2014, di richieste di danaro, corredate da minacce, finalizzate a restituire un prestito ottenuto proprio dal 42enne. Stando a quanto denunciato dalla signora, in un momento di ristrettezze economiche aveva chiesto ed ottenuto dall\u2019uomo un prestito pari a 2.500,00 euro, con l\u2019impegno per\u00f2, di doverli restituire integralmente con aggiunta di interessi ammontanti a 250,00 euro circa ogni mese per un anno, oltre ad altri interessi gi\u00e0 richiesti nelle fasi iniziali. Tale situazione ha gettato nello sconforto e in ulteriori difficolt\u00e0 economiche la donna, che ha dichiarato di aver pagato nel frattempo, solo di interessi, una cifra di poco inferiore ai 4.000,00 euro. Disperata anche e soprattutto per le minacce pi\u00f9 volte ricevute in caso di mancato pagamento, la vittima si \u00e8 recata dai Carabinieri qualche giorno prima di un ulteriore incontro col 42enne, nel corso del quale, gli avrebbe dovuto consegnare una cambiale del valore di 1.000,00 euro. Preso atto della situazione, i militari del Nucleo Operativo della Compagnia Carabinieri di Martina Franca hanno predisposto un servizio di osservazione finalizzato a riscontrare quanto denunciato dalla malcapitata. Nel pomeriggio di ieri, pertanto, i militari si sono appostati presso il bar ove sarebbe avvenuto l\u2019incontro e in posizione defilata hanno potuto assistere alla consumazione del reato. L\u2019uomo, infatti, al termine della ricezione della cambiale, \u00e8 stato bloccato dai Carabinieri ed arrestato in flagranza del reato di estorsione, visto che la pretesa della cambiale era stata preceduta da minacce all\u2019indirizzo della donna, qualora non avesse ottemperato alla richiesta. Nel corso delle operazioni, \u00e8 stata sottoposta a sequestro la cambiale provento del reato, mentre il 42enne \u00e8 stato tradotto presso la Casa Circondariale di Taranto, cos\u00ec come disposto dall\u2019Autorit\u00e0 Giudiziaria procedente.<\/p>\n","protected":false},"excerpt":{"rendered":"<p>I Carabinieri della Compagnia di Martina Franca hanno arrestato in flagranza del reato di estorsione un 42enne, domiciliato in Martina Franca. Nei giorni scorsi si era presentata presso la Stazione [&hellip;]<\/p>\n","protected":false},"author":1,"featured_media":3,"comment_status":"closed","ping_status":"closed","sticky":false,"template":"","format":"standard","meta":{"footnotes":""},"categories":[10],"tags":[],"class_list":["post-937","post","type-post","status-publish","format-standard","has-post-thumbnail","hentry","category-forze-dell-ordine"],"yoast_head":"<!-- This site is optimized with the Yoast SEO plugin v27.4 - https:\/\/yoast.com\/product\/yoast-seo-wordpress\/ -->\n<title>Martina Franca (TA) - Estorce una cambiale: arrestato - Portale dei Carabinieri<\/title>\n<meta name=\"robots\" content=\"index, follow, max-snippet:-1, max-image-preview:large, max-video-preview:-1\" \/>\n<link rel=\"canonical\" href=\"https:\/\/comunicacity.net\/portale-dei-carabinieri\/2015\/11\/09\/martina-franca-ta-estorce-una-cambiale-arrestato\/\" \/>\n<meta property=\"og:locale\" content=\"it_IT\" \/>\n<meta property=\"og:type\" content=\"article\" \/>\n<meta property=\"og:title\" content=\"Martina Franca (TA) - Estorce una cambiale: arrestato - Portale dei Carabinieri\" \/>\n<meta property=\"og:description\" content=\"I Carabinieri della Compagnia di Martina Franca hanno arrestato in flagranza del reato di estorsione un 42enne, domiciliato in Martina Franca. Nei giorni scorsi si era presentata presso la Stazione [&hellip;]\" \/>\n<meta property=\"og:url\" content=\"https:\/\/comunicacity.net\/portale-dei-carabinieri\/2015\/11\/09\/martina-franca-ta-estorce-una-cambiale-arrestato\/\" \/>\n<meta property=\"og:site_name\" content=\"Portale dei Carabinieri\" \/>\n<meta property=\"article:publisher\" content=\"http:\/\/facebook.com\/ComunicaCity\" \/>\n<meta property=\"article:published_time\" content=\"2015-11-09T16:10:01+00:00\" \/>\n<meta property=\"og:image\" content=\"https:\/\/comunicacity.net\/portale-dei-carabinieri\/wp-content\/uploads\/sites\/30\/2015\/09\/carabinieri.jpg\" \/>\n\t<meta property=\"og:image:width\" content=\"300\" \/>\n\t<meta property=\"og:image:height\" content=\"300\" \/>\n\t<meta property=\"og:image:type\" content=\"image\/jpeg\" \/>\n<meta name=\"author\" content=\"comunicadmin\" \/>\n<meta name=\"twitter:card\" content=\"summary_large_image\" \/>\n<meta name=\"twitter:creator\" content=\"@comunicacity\" \/>\n<meta name=\"twitter:site\" content=\"@comunicacity\" \/>\n<meta name=\"twitter:label1\" content=\"Scritto da\" \/>\n\t<meta name=\"twitter:data1\" content=\"comunicadmin\" \/>\n\t<meta name=\"twitter:label2\" content=\"Tempo di lettura stimato\" \/>\n\t<meta name=\"twitter:data2\" content=\"2 minuti\" \/>\n<script type=\"application\/ld+json\" class=\"yoast-schema-graph\">{\"@context\":\"https:\\\/\\\/schema.org\",\"@graph\":[{\"@type\":\"Article\",\"@id\":\"https:\\\/\\\/comunicacity.net\\\/portale-dei-carabinieri\\\/2015\\\/11\\\/09\\\/martina-franca-ta-estorce-una-cambiale-arrestato\\\/#article\",\"isPartOf\":{\"@id\":\"https:\\\/\\\/comunicacity.net\\\/portale-dei-carabinieri\\\/2015\\\/11\\\/09\\\/martina-franca-ta-estorce-una-cambiale-arrestato\\\/\"},\"author\":{\"name\":\"comunicadmin\",\"@id\":\"https:\\\/\\\/comunicacity.net\\\/portale-dei-carabinieri\\\/#\\\/schema\\\/person\\\/afdbb374f214a0c80148caaf3018dd53\"},\"headline\":\"Martina Franca (TA) &#8211; Estorce una cambiale: arrestato\",\"datePublished\":\"2015-11-09T16:10:01+00:00\",\"mainEntityOfPage\":{\"@id\":\"https:\\\/\\\/comunicacity.net\\\/portale-dei-carabinieri\\\/2015\\\/11\\\/09\\\/martina-franca-ta-estorce-una-cambiale-arrestato\\\/\"},\"wordCount\":338,\"image\":{\"@id\":\"https:\\\/\\\/comunicacity.net\\\/portale-dei-carabinieri\\\/2015\\\/11\\\/09\\\/martina-franca-ta-estorce-una-cambiale-arrestato\\\/#primaryimage\"},\"thumbnailUrl\":\"https:\\\/\\\/comunicacity.net\\\/portale-dei-carabinieri\\\/wp-content\\\/uploads\\\/sites\\\/30\\\/2015\\\/09\\\/carabinieri.jpg\",\"articleSection\":[\"Forze dell'Ordine\"],\"inLanguage\":\"it-IT\"},{\"@type\":\"WebPage\",\"@id\":\"https:\\\/\\\/comunicacity.net\\\/portale-dei-carabinieri\\\/2015\\\/11\\\/09\\\/martina-franca-ta-estorce-una-cambiale-arrestato\\\/\",\"url\":\"https:\\\/\\\/comunicacity.net\\\/portale-dei-carabinieri\\\/2015\\\/11\\\/09\\\/martina-franca-ta-estorce-una-cambiale-arrestato\\\/\",\"name\":\"Martina Franca (TA) - Estorce una cambiale: arrestato - Portale dei Carabinieri\",\"isPartOf\":{\"@id\":\"https:\\\/\\\/comunicacity.net\\\/portale-dei-carabinieri\\\/#website\"},\"primaryImageOfPage\":{\"@id\":\"https:\\\/\\\/comunicacity.net\\\/portale-dei-carabinieri\\\/2015\\\/11\\\/09\\\/martina-franca-ta-estorce-una-cambiale-arrestato\\\/#primaryimage\"},\"image\":{\"@id\":\"https:\\\/\\\/comunicacity.net\\\/portale-dei-carabinieri\\\/2015\\\/11\\\/09\\\/martina-franca-ta-estorce-una-cambiale-arrestato\\\/#primaryimage\"},\"thumbnailUrl\":\"https:\\\/\\\/comunicacity.net\\\/portale-dei-carabinieri\\\/wp-content\\\/uploads\\\/sites\\\/30\\\/2015\\\/09\\\/carabinieri.jpg\",\"datePublished\":\"2015-11-09T16:10:01+00:00\",\"author\":{\"@id\":\"https:\\\/\\\/comunicacity.net\\\/portale-dei-carabinieri\\\/#\\\/schema\\\/person\\\/afdbb374f214a0c80148caaf3018dd53\"},\"breadcrumb\":{\"@id\":\"https:\\\/\\\/comunicacity.net\\\/portale-dei-carabinieri\\\/2015\\\/11\\\/09\\\/martina-franca-ta-estorce-una-cambiale-arrestato\\\/#breadcrumb\"},\"inLanguage\":\"it-IT\",\"potentialAction\":[{\"@type\":\"ReadAction\",\"target\":[\"https:\\\/\\\/comunicacity.net\\\/portale-dei-carabinieri\\\/2015\\\/11\\\/09\\\/martina-franca-ta-estorce-una-cambiale-arrestato\\\/\"]}]},{\"@type\":\"ImageObject\",\"inLanguage\":\"it-IT\",\"@id\":\"https:\\\/\\\/comunicacity.net\\\/portale-dei-carabinieri\\\/2015\\\/11\\\/09\\\/martina-franca-ta-estorce-una-cambiale-arrestato\\\/#primaryimage\",\"url\":\"https:\\\/\\\/comunicacity.net\\\/portale-dei-carabinieri\\\/wp-content\\\/uploads\\\/sites\\\/30\\\/2015\\\/09\\\/carabinieri.jpg\",\"contentUrl\":\"https:\\\/\\\/comunicacity.net\\\/portale-dei-carabinieri\\\/wp-content\\\/uploads\\\/sites\\\/30\\\/2015\\\/09\\\/carabinieri.jpg\",\"width\":300,\"height\":300},{\"@type\":\"BreadcrumbList\",\"@id\":\"https:\\\/\\\/comunicacity.net\\\/portale-dei-carabinieri\\\/2015\\\/11\\\/09\\\/martina-franca-ta-estorce-una-cambiale-arrestato\\\/#breadcrumb\",\"itemListElement\":[{\"@type\":\"ListItem\",\"position\":1,\"name\":\"Home\",\"item\":\"https:\\\/\\\/comunicacity.net\\\/portale-dei-carabinieri\\\/\"},{\"@type\":\"ListItem\",\"position\":2,\"name\":\"Martina Franca (TA) &#8211; Estorce una cambiale: arrestato\"}]},{\"@type\":\"WebSite\",\"@id\":\"https:\\\/\\\/comunicacity.net\\\/portale-dei-carabinieri\\\/#website\",\"url\":\"https:\\\/\\\/comunicacity.net\\\/portale-dei-carabinieri\\\/\",\"name\":\"Portale dei Carabinieri\",\"description\":\"Ecco un altro sito ComunicaCity\",\"potentialAction\":[{\"@type\":\"SearchAction\",\"target\":{\"@type\":\"EntryPoint\",\"urlTemplate\":\"https:\\\/\\\/comunicacity.net\\\/portale-dei-carabinieri\\\/?s={search_term_string}\"},\"query-input\":{\"@type\":\"PropertyValueSpecification\",\"valueRequired\":true,\"valueName\":\"search_term_string\"}}],\"inLanguage\":\"it-IT\"},{\"@type\":\"Person\",\"@id\":\"https:\\\/\\\/comunicacity.net\\\/portale-dei-carabinieri\\\/#\\\/schema\\\/person\\\/afdbb374f214a0c80148caaf3018dd53\",\"name\":\"comunicadmin\",\"image\":{\"@type\":\"ImageObject\",\"inLanguage\":\"it-IT\",\"@id\":\"https:\\\/\\\/secure.gravatar.com\\\/avatar\\\/238a7f01be6e5f09c36aedef94fb10ae47d52a6a71608e5985bef2a1560a0d9b?s=96&d=mm&r=g\",\"url\":\"https:\\\/\\\/secure.gravatar.com\\\/avatar\\\/238a7f01be6e5f09c36aedef94fb10ae47d52a6a71608e5985bef2a1560a0d9b?s=96&d=mm&r=g\",\"contentUrl\":\"https:\\\/\\\/secure.gravatar.com\\\/avatar\\\/238a7f01be6e5f09c36aedef94fb10ae47d52a6a71608e5985bef2a1560a0d9b?s=96&d=mm&r=g\",\"caption\":\"comunicadmin\"},\"sameAs\":[\"http:\\\/\\\/www.comunicacity.it\"],\"url\":\"https:\\\/\\\/comunicacity.net\\\/portale-dei-carabinieri\\\/author\\\/comunicadmin\\\/\"}]}<\/script>\n<!-- \/ Yoast SEO plugin. -->","yoast_head_json":{"title":"Martina Franca (TA) - Estorce una cambiale: arrestato - Portale dei Carabinieri","robots":{"index":"index","follow":"follow","max-snippet":"max-snippet:-1","max-image-preview":"max-image-preview:large","max-video-preview":"max-video-preview:-1"},"canonical":"https:\/\/comunicacity.net\/portale-dei-carabinieri\/2015\/11\/09\/martina-franca-ta-estorce-una-cambiale-arrestato\/","og_locale":"it_IT","og_type":"article","og_title":"Martina Franca (TA) - Estorce una cambiale: arrestato - Portale dei Carabinieri","og_description":"I Carabinieri della Compagnia di Martina Franca hanno arrestato in flagranza del reato di estorsione un 42enne, domiciliato in Martina Franca. Nei giorni scorsi si era presentata presso la Stazione [&hellip;]","og_url":"https:\/\/comunicacity.net\/portale-dei-carabinieri\/2015\/11\/09\/martina-franca-ta-estorce-una-cambiale-arrestato\/","og_site_name":"Portale dei Carabinieri","article_publisher":"http:\/\/facebook.com\/ComunicaCity","article_published_time":"2015-11-09T16:10:01+00:00","og_image":[{"width":300,"height":300,"url":"https:\/\/comunicacity.net\/portale-dei-carabinieri\/wp-content\/uploads\/sites\/30\/2015\/09\/carabinieri.jpg","type":"image\/jpeg"}],"author":"comunicadmin","twitter_card":"summary_large_image","twitter_creator":"@comunicacity","twitter_site":"@comunicacity","twitter_misc":{"Scritto da":"comunicadmin","Tempo di lettura stimato":"2 minuti"},"schema":{"@context":"https:\/\/schema.org","@graph":[{"@type":"Article","@id":"https:\/\/comunicacity.net\/portale-dei-carabinieri\/2015\/11\/09\/martina-franca-ta-estorce-una-cambiale-arrestato\/#article","isPartOf":{"@id":"https:\/\/comunicacity.net\/portale-dei-carabinieri\/2015\/11\/09\/martina-franca-ta-estorce-una-cambiale-arrestato\/"},"author":{"name":"comunicadmin","@id":"https:\/\/comunicacity.net\/portale-dei-carabinieri\/#\/schema\/person\/afdbb374f214a0c80148caaf3018dd53"},"headline":"Martina Franca (TA) &#8211; Estorce una cambiale: arrestato","datePublished":"2015-11-09T16:10:01+00:00","mainEntityOfPage":{"@id":"https:\/\/comunicacity.net\/portale-dei-carabinieri\/2015\/11\/09\/martina-franca-ta-estorce-una-cambiale-arrestato\/"},"wordCount":338,"image":{"@id":"https:\/\/comunicacity.net\/portale-dei-carabinieri\/2015\/11\/09\/martina-franca-ta-estorce-una-cambiale-arrestato\/#primaryimage"},"thumbnailUrl":"https:\/\/comunicacity.net\/portale-dei-carabinieri\/wp-content\/uploads\/sites\/30\/2015\/09\/carabinieri.jpg","articleSection":["Forze dell'Ordine"],"inLanguage":"it-IT"},{"@type":"WebPage","@id":"https:\/\/comunicacity.net\/portale-dei-carabinieri\/2015\/11\/09\/martina-franca-ta-estorce-una-cambiale-arrestato\/","url":"https:\/\/comunicacity.net\/portale-dei-carabinieri\/2015\/11\/09\/martina-franca-ta-estorce-una-cambiale-arrestato\/","name":"Martina Franca (TA) - Estorce una cambiale: arrestato - Portale dei Carabinieri","isPartOf":{"@id":"https:\/\/comunicacity.net\/portale-dei-carabinieri\/#website"},"primaryImageOfPage":{"@id":"https:\/\/comunicacity.net\/portale-dei-carabinieri\/2015\/11\/09\/martina-franca-ta-estorce-una-cambiale-arrestato\/#primaryimage"},"image":{"@id":"https:\/\/comunicacity.net\/portale-dei-carabinieri\/2015\/11\/09\/martina-franca-ta-estorce-una-cambiale-arrestato\/#primaryimage"},"thumbnailUrl":"https:\/\/comunicacity.net\/portale-dei-carabinieri\/wp-content\/uploads\/sites\/30\/2015\/09\/carabinieri.jpg","datePublished":"2015-11-09T16:10:01+00:00","author":{"@id":"https:\/\/comunicacity.net\/portale-dei-carabinieri\/#\/schema\/person\/afdbb374f214a0c80148caaf3018dd53"},"breadcrumb":{"@id":"https:\/\/comunicacity.net\/portale-dei-carabinieri\/2015\/11\/09\/martina-franca-ta-estorce-una-cambiale-arrestato\/#breadcrumb"},"inLanguage":"it-IT","potentialAction":[{"@type":"ReadAction","target":["https:\/\/comunicacity.net\/portale-dei-carabinieri\/2015\/11\/09\/martina-franca-ta-estorce-una-cambiale-arrestato\/"]}]},{"@type":"ImageObject","inLanguage":"it-IT","@id":"https:\/\/comunicacity.net\/portale-dei-carabinieri\/2015\/11\/09\/martina-franca-ta-estorce-una-cambiale-arrestato\/#primaryimage","url":"https:\/\/comunicacity.net\/portale-dei-carabinieri\/wp-content\/uploads\/sites\/30\/2015\/09\/carabinieri.jpg","contentUrl":"https:\/\/comunicacity.net\/portale-dei-carabinieri\/wp-content\/uploads\/sites\/30\/2015\/09\/carabinieri.jpg","width":300,"height":300},{"@type":"BreadcrumbList","@id":"https:\/\/comunicacity.net\/portale-dei-carabinieri\/2015\/11\/09\/martina-franca-ta-estorce-una-cambiale-arrestato\/#breadcrumb","itemListElement":[{"@type":"ListItem","position":1,"name":"Home","item":"https:\/\/comunicacity.net\/portale-dei-carabinieri\/"},{"@type":"ListItem","position":2,"name":"Martina Franca (TA) &#8211; Estorce una cambiale: arrestato"}]},{"@type":"WebSite","@id":"https:\/\/comunicacity.net\/portale-dei-carabinieri\/#website","url":"https:\/\/comunicacity.net\/portale-dei-carabinieri\/","name":"Portale dei Carabinieri","description":"Ecco un altro sito ComunicaCity","potentialAction":[{"@type":"SearchAction","target":{"@type":"EntryPoint","urlTemplate":"https:\/\/comunicacity.net\/portale-dei-carabinieri\/?s={search_term_string}"},"query-input":{"@type":"PropertyValueSpecification","valueRequired":true,"valueName":"search_term_string"}}],"inLanguage":"it-IT"},{"@type":"Person","@id":"https:\/\/comunicacity.net\/portale-dei-carabinieri\/#\/schema\/person\/afdbb374f214a0c80148caaf3018dd53","name":"comunicadmin","image":{"@type":"ImageObject","inLanguage":"it-IT","@id":"https:\/\/secure.gravatar.com\/avatar\/238a7f01be6e5f09c36aedef94fb10ae47d52a6a71608e5985bef2a1560a0d9b?s=96&d=mm&r=g","url":"https:\/\/secure.gravatar.com\/avatar\/238a7f01be6e5f09c36aedef94fb10ae47d52a6a71608e5985bef2a1560a0d9b?s=96&d=mm&r=g","contentUrl":"https:\/\/secure.gravatar.com\/avatar\/238a7f01be6e5f09c36aedef94fb10ae47d52a6a71608e5985bef2a1560a0d9b?s=96&d=mm&r=g","caption":"comunicadmin"},"sameAs":["http:\/\/www.comunicacity.it"],"url":"https:\/\/comunicacity.net\/portale-dei-carabinieri\/author\/comunicadmin\/"}]}},"meta_box":{"cc4_urg_colore":"","cc4_urg_data_inizio":"","cc4_urg_data_fine":"","cc4_cor_positivi_oggi":"","cc4_cor_negativizzati_oggi":"","cc4_cor_deceduti_oggi":"","cc4_cor_positivi_totali":"","cc4_cor_negativizzati_totali":"","cc4_cor_deceduti_totali":"","cc4_cor_attualmente_positivi":"","cc4_eve_data_inizio":"","cc4_eve_data_fine":"","cc4_eve_indirizzo":"","cc4_eve_posizione":{"latitude":"","longitude":"","zoom":""},"cc4_eve_telefono":"","cc4_eve_email":"","cc4_eve_web":"","cc4_eve_fb":"","sitopa_id":""},"_links":{"self":[{"href":"https:\/\/comunicacity.net\/portale-dei-carabinieri\/wp-json\/wp\/v2\/posts\/937","targetHints":{"allow":["GET"]}}],"collection":[{"href":"https:\/\/comunicacity.net\/portale-dei-carabinieri\/wp-json\/wp\/v2\/posts"}],"about":[{"href":"https:\/\/comunicacity.net\/portale-dei-carabinieri\/wp-json\/wp\/v2\/types\/post"}],"author":[{"embeddable":true,"href":"https:\/\/comunicacity.net\/portale-dei-carabinieri\/wp-json\/wp\/v2\/users\/1"}],"replies":[{"embeddable":true,"href":"https:\/\/comunicacity.net\/portale-dei-carabinieri\/wp-json\/wp\/v2\/comments?post=937"}],"version-history":[{"count":1,"href":"https:\/\/comunicacity.net\/portale-dei-carabinieri\/wp-json\/wp\/v2\/posts\/937\/revisions"}],"predecessor-version":[{"id":938,"href":"https:\/\/comunicacity.net\/portale-dei-carabinieri\/wp-json\/wp\/v2\/posts\/937\/revisions\/938"}],"wp:featuredmedia":[{"embeddable":true,"href":"https:\/\/comunicacity.net\/portale-dei-carabinieri\/wp-json\/wp\/v2\/media\/3"}],"wp:attachment":[{"href":"https:\/\/comunicacity.net\/portale-dei-carabinieri\/wp-json\/wp\/v2\/media?parent=937"}],"wp:term":[{"taxonomy":"category","embeddable":true,"href":"https:\/\/comunicacity.net\/portale-dei-carabinieri\/wp-json\/wp\/v2\/categories?post=937"},{"taxonomy":"post_tag","embeddable":true,"href":"https:\/\/comunicacity.net\/portale-dei-carabinieri\/wp-json\/wp\/v2\/tags?post=937"}],"curies":[{"name":"wp","href":"https:\/\/api.w.org\/{rel}","templated":true}]}}