{"id":26944,"date":"2026-03-27T10:45:26","date_gmt":"2026-03-27T09:45:26","guid":{"rendered":"https:\/\/comunicacity.net\/sabaudia\/2026\/03\/27\/capannone-abusivo-a-borgo-vodice-dopo-25-anni-la-parola-fine\/"},"modified":"2026-03-27T10:45:26","modified_gmt":"2026-03-27T09:45:26","slug":"capannone-abusivo-a-borgo-vodice-dopo-25-anni-la-parola-fine","status":"publish","type":"post","link":"https:\/\/comunicacity.net\/sabaudia\/2026\/03\/27\/capannone-abusivo-a-borgo-vodice-dopo-25-anni-la-parola-fine\/","title":{"rendered":"Capannone abusivo a Borgo Vodice, dopo 25 anni la parola fine"},"content":{"rendered":"<p><em>Dopo oltre venticinque anni, un capannone abusivo di Borgo Vodice \u00e8 stato definitivamente acquisito al patrimonio del Comune di Sabaudia. A seguito dello sgombero dei locali, l\u2019Ente ha inoltre avviato la procedura per ottenere dalla propriet\u00e0..<\/em>&nbsp;<\/p>\n<p><b>Descrizione&nbsp;<\/b><\/p>\n<p>Dopo oltre venticinque anni, un capannone abusivo di Borgo Vodice \u00e8 stato definitivamente acquisito al patrimonio del Comune di Sabaudia. A seguito dello sgombero dei locali, l\u2019Ente ha inoltre avviato la procedura per ottenere dalla propriet\u00e0 il pagamento delle indennit\u00e0 maturate dal 2009 al 31 ottobre 2025, per un importo di circa 733 mila euro.<\/p>\n<p>I fatti risalgono al 1999, quando il Servizio antiabusivismo e la Polizia Locale del Comune di Sabaudia accertarono la presenza di un capannone abusivo destinato ad attivit\u00e0 commerciale. In base alla normativa vigente, il Dirigente dell\u2019Area Tecnica dispose la demolizione della struttura. Tuttavia, nel 2001, a due anni dall\u2019accertamento, emerse che il capannone era ancora presente. Venne quindi formalizzata l\u2019inottemperanza, ma la struttura non solo non fu abbattuta, ma continuer\u00e0 invece a essere utilizzata per attivit\u00e0 commerciale.<\/p>\n\n<p>Nel 2009, dopo otto anni, il Capo Settore Urbanistica dispose l\u2019acquisizione dell\u2019immobile al patrimonio comunale, ma la procedura non fu completata a causa del trasferimento del funzionario responsabile in altra sede. Si apr\u00ec cos\u00ec un lungo contenzioso. La propriet\u00e0 avvi\u00f2 un\u2019azione per ottenere la sanatoria, sostenendo l\u2019applicabilit\u00e0 della normativa sull\u2019emersione del lavoro sommerso. Tuttavia, nell\u2019aprile 2016, la sezione distaccata del Tar di Latina respinse il ricorso contro il provvedimento di acquisizione e il rigetto della sanatoria.<\/p>\n<p>Nonostante il passare degli anni e l\u2019avvicendarsi delle Amministrazioni comunali, il capannone rimase nella disponibilit\u00e0 della stessa propriet\u00e0 fino al luglio 2025, quando le verifiche disposte dall\u2019Amministrazione guidata dal sindaco Alberto Mosca evidenziarono che l\u2019immobile non era mai stato trascritto al patrimonio comunale. L\u2019Ufficio Patrimonio, come detto, ha quindi provveduto alla trascrizione e intimato il rilascio del bene.<\/p>\n<p>Si chiude cos\u00ec una vicenda lunga e complessa, segnata da ritardi, dimenticanze, ricorsi e Amministrazioni distratte, che ha trovato conclusione solo dopo un quarto di secolo.<\/p>\n","protected":false},"excerpt":{"rendered":"<p>Dopo oltre venticinque anni, un capannone abusivo di Borgo Vodice \u00e8 stato definitivamente acquisito al patrimonio del Comune di Sabaudia. A seguito dello sgombero dei locali, l\u2019Ente ha inoltre avviato [&hellip;]<\/p>\n","protected":false},"author":1,"featured_media":26945,"comment_status":"closed","ping_status":"closed","sticky":false,"template":"","format":"standard","meta":{"footnotes":""},"categories":[14],"tags":[],"class_list":["post-26944","post","type-post","status-publish","format-standard","has-post-thumbnail","hentry","category-notizie-e-informazioni"],"yoast_head":"<!-- This site is optimized with the Yoast SEO plugin v27.4 - https:\/\/yoast.com\/product\/yoast-seo-wordpress\/ -->\n<title>Capannone abusivo a Borgo Vodice, dopo 25 anni la parola fine - Sabaudia<\/title>\n<meta name=\"robots\" content=\"index, follow, max-snippet:-1, max-image-preview:large, max-video-preview:-1\" \/>\n<link rel=\"canonical\" href=\"https:\/\/comunicacity.net\/sabaudia\/2026\/03\/27\/capannone-abusivo-a-borgo-vodice-dopo-25-anni-la-parola-fine\/\" \/>\n<meta property=\"og:locale\" content=\"it_IT\" \/>\n<meta property=\"og:type\" content=\"article\" \/>\n<meta property=\"og:title\" content=\"Capannone abusivo a Borgo Vodice, dopo 25 anni la parola fine - Sabaudia\" \/>\n<meta property=\"og:description\" content=\"Dopo oltre venticinque anni, un capannone abusivo di Borgo Vodice \u00e8 stato definitivamente acquisito al patrimonio del Comune di Sabaudia. A seguito dello sgombero dei locali, l\u2019Ente ha inoltre avviato [&hellip;]\" \/>\n<meta property=\"og:url\" content=\"https:\/\/comunicacity.net\/sabaudia\/2026\/03\/27\/capannone-abusivo-a-borgo-vodice-dopo-25-anni-la-parola-fine\/\" \/>\n<meta property=\"og:site_name\" content=\"Sabaudia\" \/>\n<meta property=\"article:publisher\" content=\"http:\/\/facebook.com\/ComunicaCity\" \/>\n<meta property=\"article:published_time\" content=\"2026-03-27T09:45:26+00:00\" \/>\n<meta property=\"og:image\" content=\"https:\/\/comunicacity.net\/sabaudia\/wp-content\/uploads\/sites\/202\/2026\/03\/WhatsApp-Image-2026-03-27-at-10.37.51-1.jpeg\" \/>\n\t<meta property=\"og:image:width\" content=\"1280\" \/>\n\t<meta property=\"og:image:height\" content=\"960\" \/>\n\t<meta property=\"og:image:type\" content=\"image\/jpeg\" \/>\n<meta name=\"author\" content=\"comunicadmin\" \/>\n<meta name=\"twitter:card\" content=\"summary_large_image\" \/>\n<meta name=\"twitter:creator\" content=\"@comunicacity\" \/>\n<meta name=\"twitter:site\" content=\"@comunicacity\" \/>\n<meta name=\"twitter:label1\" content=\"Scritto da\" \/>\n\t<meta name=\"twitter:data1\" content=\"comunicadmin\" \/>\n\t<meta name=\"twitter:label2\" content=\"Tempo di lettura stimato\" \/>\n\t<meta name=\"twitter:data2\" content=\"2 minuti\" \/>\n<script type=\"application\/ld+json\" class=\"yoast-schema-graph\">{\"@context\":\"https:\\\/\\\/schema.org\",\"@graph\":[{\"@type\":\"Article\",\"@id\":\"https:\\\/\\\/comunicacity.net\\\/sabaudia\\\/2026\\\/03\\\/27\\\/capannone-abusivo-a-borgo-vodice-dopo-25-anni-la-parola-fine\\\/#article\",\"isPartOf\":{\"@id\":\"https:\\\/\\\/comunicacity.net\\\/sabaudia\\\/2026\\\/03\\\/27\\\/capannone-abusivo-a-borgo-vodice-dopo-25-anni-la-parola-fine\\\/\"},\"author\":{\"name\":\"comunicadmin\",\"@id\":\"https:\\\/\\\/comunicacity.net\\\/sabaudia\\\/#\\\/schema\\\/person\\\/afdbb374f214a0c80148caaf3018dd53\"},\"headline\":\"Capannone abusivo a Borgo Vodice, dopo 25 anni la parola fine\",\"datePublished\":\"2026-03-27T09:45:26+00:00\",\"mainEntityOfPage\":{\"@id\":\"https:\\\/\\\/comunicacity.net\\\/sabaudia\\\/2026\\\/03\\\/27\\\/capannone-abusivo-a-borgo-vodice-dopo-25-anni-la-parola-fine\\\/\"},\"wordCount\":348,\"publisher\":{\"@id\":\"https:\\\/\\\/comunicacity.net\\\/sabaudia\\\/#organization\"},\"image\":{\"@id\":\"https:\\\/\\\/comunicacity.net\\\/sabaudia\\\/2026\\\/03\\\/27\\\/capannone-abusivo-a-borgo-vodice-dopo-25-anni-la-parola-fine\\\/#primaryimage\"},\"thumbnailUrl\":\"https:\\\/\\\/comunicacity.net\\\/sabaudia\\\/wp-content\\\/uploads\\\/sites\\\/202\\\/2026\\\/03\\\/WhatsApp-Image-2026-03-27-at-10.37.51-1.jpeg\",\"articleSection\":[\"Notizie e Informazioni\"],\"inLanguage\":\"it-IT\"},{\"@type\":\"WebPage\",\"@id\":\"https:\\\/\\\/comunicacity.net\\\/sabaudia\\\/2026\\\/03\\\/27\\\/capannone-abusivo-a-borgo-vodice-dopo-25-anni-la-parola-fine\\\/\",\"url\":\"https:\\\/\\\/comunicacity.net\\\/sabaudia\\\/2026\\\/03\\\/27\\\/capannone-abusivo-a-borgo-vodice-dopo-25-anni-la-parola-fine\\\/\",\"name\":\"Capannone abusivo a Borgo Vodice, dopo 25 anni la parola fine - Sabaudia\",\"isPartOf\":{\"@id\":\"https:\\\/\\\/comunicacity.net\\\/sabaudia\\\/#website\"},\"primaryImageOfPage\":{\"@id\":\"https:\\\/\\\/comunicacity.net\\\/sabaudia\\\/2026\\\/03\\\/27\\\/capannone-abusivo-a-borgo-vodice-dopo-25-anni-la-parola-fine\\\/#primaryimage\"},\"image\":{\"@id\":\"https:\\\/\\\/comunicacity.net\\\/sabaudia\\\/2026\\\/03\\\/27\\\/capannone-abusivo-a-borgo-vodice-dopo-25-anni-la-parola-fine\\\/#primaryimage\"},\"thumbnailUrl\":\"https:\\\/\\\/comunicacity.net\\\/sabaudia\\\/wp-content\\\/uploads\\\/sites\\\/202\\\/2026\\\/03\\\/WhatsApp-Image-2026-03-27-at-10.37.51-1.jpeg\",\"datePublished\":\"2026-03-27T09:45:26+00:00\",\"breadcrumb\":{\"@id\":\"https:\\\/\\\/comunicacity.net\\\/sabaudia\\\/2026\\\/03\\\/27\\\/capannone-abusivo-a-borgo-vodice-dopo-25-anni-la-parola-fine\\\/#breadcrumb\"},\"inLanguage\":\"it-IT\",\"potentialAction\":[{\"@type\":\"ReadAction\",\"target\":[\"https:\\\/\\\/comunicacity.net\\\/sabaudia\\\/2026\\\/03\\\/27\\\/capannone-abusivo-a-borgo-vodice-dopo-25-anni-la-parola-fine\\\/\"]}]},{\"@type\":\"ImageObject\",\"inLanguage\":\"it-IT\",\"@id\":\"https:\\\/\\\/comunicacity.net\\\/sabaudia\\\/2026\\\/03\\\/27\\\/capannone-abusivo-a-borgo-vodice-dopo-25-anni-la-parola-fine\\\/#primaryimage\",\"url\":\"https:\\\/\\\/comunicacity.net\\\/sabaudia\\\/wp-content\\\/uploads\\\/sites\\\/202\\\/2026\\\/03\\\/WhatsApp-Image-2026-03-27-at-10.37.51-1.jpeg\",\"contentUrl\":\"https:\\\/\\\/comunicacity.net\\\/sabaudia\\\/wp-content\\\/uploads\\\/sites\\\/202\\\/2026\\\/03\\\/WhatsApp-Image-2026-03-27-at-10.37.51-1.jpeg\",\"width\":1280,\"height\":960},{\"@type\":\"BreadcrumbList\",\"@id\":\"https:\\\/\\\/comunicacity.net\\\/sabaudia\\\/2026\\\/03\\\/27\\\/capannone-abusivo-a-borgo-vodice-dopo-25-anni-la-parola-fine\\\/#breadcrumb\",\"itemListElement\":[{\"@type\":\"ListItem\",\"position\":1,\"name\":\"Home\",\"item\":\"https:\\\/\\\/comunicacity.net\\\/sabaudia\\\/\"},{\"@type\":\"ListItem\",\"position\":2,\"name\":\"Capannone abusivo a Borgo Vodice, dopo 25 anni la parola fine\"}]},{\"@type\":\"WebSite\",\"@id\":\"https:\\\/\\\/comunicacity.net\\\/sabaudia\\\/#website\",\"url\":\"https:\\\/\\\/comunicacity.net\\\/sabaudia\\\/\",\"name\":\"ComunicaCity\",\"description\":\"ComunicaCity\",\"publisher\":{\"@id\":\"https:\\\/\\\/comunicacity.net\\\/sabaudia\\\/#organization\"},\"potentialAction\":[{\"@type\":\"SearchAction\",\"target\":{\"@type\":\"EntryPoint\",\"urlTemplate\":\"https:\\\/\\\/comunicacity.net\\\/sabaudia\\\/?s={search_term_string}\"},\"query-input\":{\"@type\":\"PropertyValueSpecification\",\"valueRequired\":true,\"valueName\":\"search_term_string\"}}],\"inLanguage\":\"it-IT\"},{\"@type\":\"Organization\",\"@id\":\"https:\\\/\\\/comunicacity.net\\\/sabaudia\\\/#organization\",\"name\":\"ComunicaCity\",\"url\":\"https:\\\/\\\/comunicacity.net\\\/sabaudia\\\/\",\"logo\":{\"@type\":\"ImageObject\",\"inLanguage\":\"it-IT\",\"@id\":\"https:\\\/\\\/comunicacity.net\\\/sabaudia\\\/#\\\/schema\\\/logo\\\/image\\\/\",\"url\":\"http:\\\/\\\/comunicacity.net\\\/wp-content\\\/uploads\\\/2014\\\/11\\\/logo_comunicacity.png\",\"contentUrl\":\"http:\\\/\\\/comunicacity.net\\\/wp-content\\\/uploads\\\/2014\\\/11\\\/logo_comunicacity.png\",\"width\":501,\"height\":79,\"caption\":\"ComunicaCity\"},\"image\":{\"@id\":\"https:\\\/\\\/comunicacity.net\\\/sabaudia\\\/#\\\/schema\\\/logo\\\/image\\\/\"},\"sameAs\":[\"http:\\\/\\\/facebook.com\\\/ComunicaCity\",\"https:\\\/\\\/x.com\\\/comunicacity\"]},{\"@type\":\"Person\",\"@id\":\"https:\\\/\\\/comunicacity.net\\\/sabaudia\\\/#\\\/schema\\\/person\\\/afdbb374f214a0c80148caaf3018dd53\",\"name\":\"comunicadmin\",\"image\":{\"@type\":\"ImageObject\",\"inLanguage\":\"it-IT\",\"@id\":\"https:\\\/\\\/secure.gravatar.com\\\/avatar\\\/238a7f01be6e5f09c36aedef94fb10ae47d52a6a71608e5985bef2a1560a0d9b?s=96&d=mm&r=g\",\"url\":\"https:\\\/\\\/secure.gravatar.com\\\/avatar\\\/238a7f01be6e5f09c36aedef94fb10ae47d52a6a71608e5985bef2a1560a0d9b?s=96&d=mm&r=g\",\"contentUrl\":\"https:\\\/\\\/secure.gravatar.com\\\/avatar\\\/238a7f01be6e5f09c36aedef94fb10ae47d52a6a71608e5985bef2a1560a0d9b?s=96&d=mm&r=g\",\"caption\":\"comunicadmin\"},\"sameAs\":[\"http:\\\/\\\/www.comunicacity.it\"]}]}<\/script>\n<!-- \/ Yoast SEO plugin. -->","yoast_head_json":{"title":"Capannone abusivo a Borgo Vodice, dopo 25 anni la parola fine - Sabaudia","robots":{"index":"index","follow":"follow","max-snippet":"max-snippet:-1","max-image-preview":"max-image-preview:large","max-video-preview":"max-video-preview:-1"},"canonical":"https:\/\/comunicacity.net\/sabaudia\/2026\/03\/27\/capannone-abusivo-a-borgo-vodice-dopo-25-anni-la-parola-fine\/","og_locale":"it_IT","og_type":"article","og_title":"Capannone abusivo a Borgo Vodice, dopo 25 anni la parola fine - Sabaudia","og_description":"Dopo oltre venticinque anni, un capannone abusivo di Borgo Vodice \u00e8 stato definitivamente acquisito al patrimonio del Comune di Sabaudia. A seguito dello sgombero dei locali, l\u2019Ente ha inoltre avviato [&hellip;]","og_url":"https:\/\/comunicacity.net\/sabaudia\/2026\/03\/27\/capannone-abusivo-a-borgo-vodice-dopo-25-anni-la-parola-fine\/","og_site_name":"Sabaudia","article_publisher":"http:\/\/facebook.com\/ComunicaCity","article_published_time":"2026-03-27T09:45:26+00:00","og_image":[{"width":1280,"height":960,"url":"https:\/\/comunicacity.net\/sabaudia\/wp-content\/uploads\/sites\/202\/2026\/03\/WhatsApp-Image-2026-03-27-at-10.37.51-1.jpeg","type":"image\/jpeg"}],"author":"comunicadmin","twitter_card":"summary_large_image","twitter_creator":"@comunicacity","twitter_site":"@comunicacity","twitter_misc":{"Scritto da":"comunicadmin","Tempo di lettura stimato":"2 minuti"},"schema":{"@context":"https:\/\/schema.org","@graph":[{"@type":"Article","@id":"https:\/\/comunicacity.net\/sabaudia\/2026\/03\/27\/capannone-abusivo-a-borgo-vodice-dopo-25-anni-la-parola-fine\/#article","isPartOf":{"@id":"https:\/\/comunicacity.net\/sabaudia\/2026\/03\/27\/capannone-abusivo-a-borgo-vodice-dopo-25-anni-la-parola-fine\/"},"author":{"name":"comunicadmin","@id":"https:\/\/comunicacity.net\/sabaudia\/#\/schema\/person\/afdbb374f214a0c80148caaf3018dd53"},"headline":"Capannone abusivo a Borgo Vodice, dopo 25 anni la parola fine","datePublished":"2026-03-27T09:45:26+00:00","mainEntityOfPage":{"@id":"https:\/\/comunicacity.net\/sabaudia\/2026\/03\/27\/capannone-abusivo-a-borgo-vodice-dopo-25-anni-la-parola-fine\/"},"wordCount":348,"publisher":{"@id":"https:\/\/comunicacity.net\/sabaudia\/#organization"},"image":{"@id":"https:\/\/comunicacity.net\/sabaudia\/2026\/03\/27\/capannone-abusivo-a-borgo-vodice-dopo-25-anni-la-parola-fine\/#primaryimage"},"thumbnailUrl":"https:\/\/comunicacity.net\/sabaudia\/wp-content\/uploads\/sites\/202\/2026\/03\/WhatsApp-Image-2026-03-27-at-10.37.51-1.jpeg","articleSection":["Notizie e Informazioni"],"inLanguage":"it-IT"},{"@type":"WebPage","@id":"https:\/\/comunicacity.net\/sabaudia\/2026\/03\/27\/capannone-abusivo-a-borgo-vodice-dopo-25-anni-la-parola-fine\/","url":"https:\/\/comunicacity.net\/sabaudia\/2026\/03\/27\/capannone-abusivo-a-borgo-vodice-dopo-25-anni-la-parola-fine\/","name":"Capannone abusivo a Borgo Vodice, dopo 25 anni la parola fine - Sabaudia","isPartOf":{"@id":"https:\/\/comunicacity.net\/sabaudia\/#website"},"primaryImageOfPage":{"@id":"https:\/\/comunicacity.net\/sabaudia\/2026\/03\/27\/capannone-abusivo-a-borgo-vodice-dopo-25-anni-la-parola-fine\/#primaryimage"},"image":{"@id":"https:\/\/comunicacity.net\/sabaudia\/2026\/03\/27\/capannone-abusivo-a-borgo-vodice-dopo-25-anni-la-parola-fine\/#primaryimage"},"thumbnailUrl":"https:\/\/comunicacity.net\/sabaudia\/wp-content\/uploads\/sites\/202\/2026\/03\/WhatsApp-Image-2026-03-27-at-10.37.51-1.jpeg","datePublished":"2026-03-27T09:45:26+00:00","breadcrumb":{"@id":"https:\/\/comunicacity.net\/sabaudia\/2026\/03\/27\/capannone-abusivo-a-borgo-vodice-dopo-25-anni-la-parola-fine\/#breadcrumb"},"inLanguage":"it-IT","potentialAction":[{"@type":"ReadAction","target":["https:\/\/comunicacity.net\/sabaudia\/2026\/03\/27\/capannone-abusivo-a-borgo-vodice-dopo-25-anni-la-parola-fine\/"]}]},{"@type":"ImageObject","inLanguage":"it-IT","@id":"https:\/\/comunicacity.net\/sabaudia\/2026\/03\/27\/capannone-abusivo-a-borgo-vodice-dopo-25-anni-la-parola-fine\/#primaryimage","url":"https:\/\/comunicacity.net\/sabaudia\/wp-content\/uploads\/sites\/202\/2026\/03\/WhatsApp-Image-2026-03-27-at-10.37.51-1.jpeg","contentUrl":"https:\/\/comunicacity.net\/sabaudia\/wp-content\/uploads\/sites\/202\/2026\/03\/WhatsApp-Image-2026-03-27-at-10.37.51-1.jpeg","width":1280,"height":960},{"@type":"BreadcrumbList","@id":"https:\/\/comunicacity.net\/sabaudia\/2026\/03\/27\/capannone-abusivo-a-borgo-vodice-dopo-25-anni-la-parola-fine\/#breadcrumb","itemListElement":[{"@type":"ListItem","position":1,"name":"Home","item":"https:\/\/comunicacity.net\/sabaudia\/"},{"@type":"ListItem","position":2,"name":"Capannone abusivo a Borgo Vodice, dopo 25 anni la parola fine"}]},{"@type":"WebSite","@id":"https:\/\/comunicacity.net\/sabaudia\/#website","url":"https:\/\/comunicacity.net\/sabaudia\/","name":"ComunicaCity","description":"ComunicaCity","publisher":{"@id":"https:\/\/comunicacity.net\/sabaudia\/#organization"},"potentialAction":[{"@type":"SearchAction","target":{"@type":"EntryPoint","urlTemplate":"https:\/\/comunicacity.net\/sabaudia\/?s={search_term_string}"},"query-input":{"@type":"PropertyValueSpecification","valueRequired":true,"valueName":"search_term_string"}}],"inLanguage":"it-IT"},{"@type":"Organization","@id":"https:\/\/comunicacity.net\/sabaudia\/#organization","name":"ComunicaCity","url":"https:\/\/comunicacity.net\/sabaudia\/","logo":{"@type":"ImageObject","inLanguage":"it-IT","@id":"https:\/\/comunicacity.net\/sabaudia\/#\/schema\/logo\/image\/","url":"http:\/\/comunicacity.net\/wp-content\/uploads\/2014\/11\/logo_comunicacity.png","contentUrl":"http:\/\/comunicacity.net\/wp-content\/uploads\/2014\/11\/logo_comunicacity.png","width":501,"height":79,"caption":"ComunicaCity"},"image":{"@id":"https:\/\/comunicacity.net\/sabaudia\/#\/schema\/logo\/image\/"},"sameAs":["http:\/\/facebook.com\/ComunicaCity","https:\/\/x.com\/comunicacity"]},{"@type":"Person","@id":"https:\/\/comunicacity.net\/sabaudia\/#\/schema\/person\/afdbb374f214a0c80148caaf3018dd53","name":"comunicadmin","image":{"@type":"ImageObject","inLanguage":"it-IT","@id":"https:\/\/secure.gravatar.com\/avatar\/238a7f01be6e5f09c36aedef94fb10ae47d52a6a71608e5985bef2a1560a0d9b?s=96&d=mm&r=g","url":"https:\/\/secure.gravatar.com\/avatar\/238a7f01be6e5f09c36aedef94fb10ae47d52a6a71608e5985bef2a1560a0d9b?s=96&d=mm&r=g","contentUrl":"https:\/\/secure.gravatar.com\/avatar\/238a7f01be6e5f09c36aedef94fb10ae47d52a6a71608e5985bef2a1560a0d9b?s=96&d=mm&r=g","caption":"comunicadmin"},"sameAs":["http:\/\/www.comunicacity.it"]}]}},"meta_box":{"cc4_urg_colore":"","cc4_urg_data_inizio":"","cc4_urg_data_fine":"","cc4_cor_positivi_oggi":"","cc4_cor_negativizzati_oggi":"","cc4_cor_deceduti_oggi":"","cc4_cor_positivi_totali":"","cc4_cor_negativizzati_totali":"","cc4_cor_deceduti_totali":"","cc4_cor_attualmente_positivi":"","cc4_eve_data_inizio":"","cc4_eve_data_fine":"","cc4_eve_indirizzo":"","cc4_eve_posizione":{"latitude":"","longitude":"","zoom":""},"cc4_eve_telefono":"","cc4_eve_email":"","cc4_eve_web":"","cc4_eve_fb":"","sitopa_id":""},"_links":{"self":[{"href":"https:\/\/comunicacity.net\/sabaudia\/wp-json\/wp\/v2\/posts\/26944","targetHints":{"allow":["GET"]}}],"collection":[{"href":"https:\/\/comunicacity.net\/sabaudia\/wp-json\/wp\/v2\/posts"}],"about":[{"href":"https:\/\/comunicacity.net\/sabaudia\/wp-json\/wp\/v2\/types\/post"}],"author":[{"embeddable":true,"href":"https:\/\/comunicacity.net\/sabaudia\/wp-json\/wp\/v2\/users\/1"}],"replies":[{"embeddable":true,"href":"https:\/\/comunicacity.net\/sabaudia\/wp-json\/wp\/v2\/comments?post=26944"}],"version-history":[{"count":0,"href":"https:\/\/comunicacity.net\/sabaudia\/wp-json\/wp\/v2\/posts\/26944\/revisions"}],"wp:featuredmedia":[{"embeddable":true,"href":"https:\/\/comunicacity.net\/sabaudia\/wp-json\/wp\/v2\/media\/26945"}],"wp:attachment":[{"href":"https:\/\/comunicacity.net\/sabaudia\/wp-json\/wp\/v2\/media?parent=26944"}],"wp:term":[{"taxonomy":"category","embeddable":true,"href":"https:\/\/comunicacity.net\/sabaudia\/wp-json\/wp\/v2\/categories?post=26944"},{"taxonomy":"post_tag","embeddable":true,"href":"https:\/\/comunicacity.net\/sabaudia\/wp-json\/wp\/v2\/tags?post=26944"}],"curies":[{"name":"wp","href":"https:\/\/api.w.org\/{rel}","templated":true}]}}