{"id":26995,"date":"2026-05-01T11:50:25","date_gmt":"2026-05-01T09:50:25","guid":{"rendered":"https:\/\/comunicacity.net\/sabaudia\/2026\/05\/01\/sabaudia-dopo-venti-anni-piazza-roma-e-stata-restituita-alla-citta\/"},"modified":"2026-05-01T11:50:25","modified_gmt":"2026-05-01T09:50:25","slug":"sabaudia-dopo-venti-anni-piazza-roma-e-stata-restituita-alla-citta","status":"publish","type":"post","link":"https:\/\/comunicacity.net\/sabaudia\/2026\/05\/01\/sabaudia-dopo-venti-anni-piazza-roma-e-stata-restituita-alla-citta\/","title":{"rendered":"SABAUDIA : DOPO VENTI ANNI PIAZZA ROMA E\u2019 STATA RESTITUITA ALLA CITTA\u2019"},"content":{"rendered":"<p><em>Piazza Roma, una delle pi\u00f9 belle aree verdi nel cuore di Sabaudia,  storicamente conosciuta dai sabaudiani come Piazza delle Palme, dopo circa venti anni di abbandono \u00e8 stata finalmente riqualificata e restituita alla collettivit\u00e0.<\/em>&nbsp;<\/p>\n<p><b>Descrizione&nbsp;<\/b><\/p>\n<p>Piazza Roma, una delle pi\u00f9 belle aree verdi nel cuore di Sabaudia,\u00a0 storicamente conosciuta dai sabaudiani come Piazza delle Palme, dopo circa venti anni di abbandono \u00e8 stata finalmente riqualificata e restituita alla collettivit\u00e0.<\/p>\n<p>La cerimonia di inaugurazione, avvenuta alla presenza del Sindaco Alberto Mosca, degli amministratori comunali, delle Autorit\u00e0 civili e militari , delle Associazioni di terzo Settore e Sportive, nonch\u00e9 di tanti cittadini curiosi di vedere con i propri occhi la qualit\u00e0 dell\u2019intervento di rigenerazione, \u00e8 stata animata dagli Storici Sbandieratori delle Contrade di Cori, che con le loro evoluzioni, accompagnate da variopinte bandiere, hanno dimostrato come lo spazio verde si presti a essere utilizzato anche per eventi dinamici particolarmente attrattivi.<\/p>\n\n<p>\u201cLa restituzione di Piazza Roma ai cittadini \u00e8 momento di rilevante importanza per tutta la comunit\u00e0, perch\u00e9 la libera fruizione di uno spazio verde riqualificato contribuisce ad accrescere i livelli di sicurezza urbana, migliorando nel contempo la qualit\u00e0 della vita di ognuno di noi. Per tali motivi, l\u2019intervento di rigenerazione della Piazza costituiva uno dei punti fondamentali del nostro programma di mandato, che come Amministrazione abbiamo tenacemente perseguito per rispondere alle tante richieste nel senso dei cittadini di Sabaudia\u201d. Queste le parole del Sindaco Mosca, che ha poi ringraziato il progettista Architetto Tommaso Agnoni e gli Uffici Urbanistica e Lavori Pubblici del Comune per l\u2019impegno profuso affinch\u00e8 il progetto\u00a0 venisse concretizzato in tempi brevi, rispettando peraltro la pianta originaria della Piazza.<\/p>\n","protected":false},"excerpt":{"rendered":"<p>Piazza Roma, una delle pi\u00f9 belle aree verdi nel cuore di Sabaudia, storicamente conosciuta dai sabaudiani come Piazza delle Palme, dopo circa venti anni di abbandono \u00e8 stata finalmente riqualificata [&hellip;]<\/p>\n","protected":false},"author":1,"featured_media":26996,"comment_status":"closed","ping_status":"closed","sticky":false,"template":"","format":"standard","meta":{"footnotes":""},"categories":[14],"tags":[],"class_list":["post-26995","post","type-post","status-publish","format-standard","has-post-thumbnail","hentry","category-notizie-e-informazioni"],"yoast_head":"<!-- This site is optimized with the Yoast SEO plugin v27.4 - https:\/\/yoast.com\/product\/yoast-seo-wordpress\/ -->\n<title>SABAUDIA : DOPO VENTI ANNI PIAZZA ROMA E\u2019 STATA RESTITUITA ALLA CITTA\u2019 - Sabaudia<\/title>\n<meta name=\"robots\" content=\"index, follow, max-snippet:-1, max-image-preview:large, max-video-preview:-1\" \/>\n<link rel=\"canonical\" href=\"https:\/\/comunicacity.net\/sabaudia\/2026\/05\/01\/sabaudia-dopo-venti-anni-piazza-roma-e-stata-restituita-alla-citta\/\" \/>\n<meta property=\"og:locale\" content=\"it_IT\" \/>\n<meta property=\"og:type\" content=\"article\" \/>\n<meta property=\"og:title\" content=\"SABAUDIA : DOPO VENTI ANNI PIAZZA ROMA E\u2019 STATA RESTITUITA ALLA CITTA\u2019 - Sabaudia\" \/>\n<meta property=\"og:description\" content=\"Piazza Roma, una delle pi\u00f9 belle aree verdi nel cuore di Sabaudia, storicamente conosciuta dai sabaudiani come Piazza delle Palme, dopo circa venti anni di abbandono \u00e8 stata finalmente riqualificata [&hellip;]\" \/>\n<meta property=\"og:url\" content=\"https:\/\/comunicacity.net\/sabaudia\/2026\/05\/01\/sabaudia-dopo-venti-anni-piazza-roma-e-stata-restituita-alla-citta\/\" \/>\n<meta property=\"og:site_name\" content=\"Sabaudia\" \/>\n<meta property=\"article:publisher\" content=\"http:\/\/facebook.com\/ComunicaCity\" \/>\n<meta property=\"article:published_time\" content=\"2026-05-01T09:50:25+00:00\" \/>\n<meta property=\"og:image\" content=\"https:\/\/comunicacity.net\/sabaudia\/wp-content\/uploads\/sites\/202\/2026\/05\/WhatsApp-Image-2026-05-01-at-01.15.51.jpeg\" \/>\n\t<meta property=\"og:image:width\" content=\"1600\" \/>\n\t<meta property=\"og:image:height\" content=\"1200\" \/>\n\t<meta property=\"og:image:type\" content=\"image\/jpeg\" \/>\n<meta name=\"author\" content=\"comunicadmin\" \/>\n<meta name=\"twitter:card\" content=\"summary_large_image\" \/>\n<meta name=\"twitter:creator\" content=\"@comunicacity\" \/>\n<meta name=\"twitter:site\" content=\"@comunicacity\" \/>\n<meta name=\"twitter:label1\" content=\"Scritto da\" \/>\n\t<meta name=\"twitter:data1\" content=\"comunicadmin\" \/>\n\t<meta name=\"twitter:label2\" content=\"Tempo di lettura stimato\" \/>\n\t<meta name=\"twitter:data2\" content=\"1 minuto\" \/>\n<script type=\"application\/ld+json\" class=\"yoast-schema-graph\">{\"@context\":\"https:\\\/\\\/schema.org\",\"@graph\":[{\"@type\":\"Article\",\"@id\":\"https:\\\/\\\/comunicacity.net\\\/sabaudia\\\/2026\\\/05\\\/01\\\/sabaudia-dopo-venti-anni-piazza-roma-e-stata-restituita-alla-citta\\\/#article\",\"isPartOf\":{\"@id\":\"https:\\\/\\\/comunicacity.net\\\/sabaudia\\\/2026\\\/05\\\/01\\\/sabaudia-dopo-venti-anni-piazza-roma-e-stata-restituita-alla-citta\\\/\"},\"author\":{\"name\":\"comunicadmin\",\"@id\":\"https:\\\/\\\/comunicacity.net\\\/sabaudia\\\/#\\\/schema\\\/person\\\/afdbb374f214a0c80148caaf3018dd53\"},\"headline\":\"SABAUDIA : DOPO VENTI ANNI PIAZZA ROMA E\u2019 STATA RESTITUITA ALLA CITTA\u2019\",\"datePublished\":\"2026-05-01T09:50:25+00:00\",\"mainEntityOfPage\":{\"@id\":\"https:\\\/\\\/comunicacity.net\\\/sabaudia\\\/2026\\\/05\\\/01\\\/sabaudia-dopo-venti-anni-piazza-roma-e-stata-restituita-alla-citta\\\/\"},\"wordCount\":283,\"publisher\":{\"@id\":\"https:\\\/\\\/comunicacity.net\\\/sabaudia\\\/#organization\"},\"image\":{\"@id\":\"https:\\\/\\\/comunicacity.net\\\/sabaudia\\\/2026\\\/05\\\/01\\\/sabaudia-dopo-venti-anni-piazza-roma-e-stata-restituita-alla-citta\\\/#primaryimage\"},\"thumbnailUrl\":\"https:\\\/\\\/comunicacity.net\\\/sabaudia\\\/wp-content\\\/uploads\\\/sites\\\/202\\\/2026\\\/05\\\/WhatsApp-Image-2026-05-01-at-01.15.51.jpeg\",\"articleSection\":[\"Notizie e Informazioni\"],\"inLanguage\":\"it-IT\"},{\"@type\":\"WebPage\",\"@id\":\"https:\\\/\\\/comunicacity.net\\\/sabaudia\\\/2026\\\/05\\\/01\\\/sabaudia-dopo-venti-anni-piazza-roma-e-stata-restituita-alla-citta\\\/\",\"url\":\"https:\\\/\\\/comunicacity.net\\\/sabaudia\\\/2026\\\/05\\\/01\\\/sabaudia-dopo-venti-anni-piazza-roma-e-stata-restituita-alla-citta\\\/\",\"name\":\"SABAUDIA : DOPO VENTI ANNI PIAZZA ROMA E\u2019 STATA RESTITUITA ALLA CITTA\u2019 - Sabaudia\",\"isPartOf\":{\"@id\":\"https:\\\/\\\/comunicacity.net\\\/sabaudia\\\/#website\"},\"primaryImageOfPage\":{\"@id\":\"https:\\\/\\\/comunicacity.net\\\/sabaudia\\\/2026\\\/05\\\/01\\\/sabaudia-dopo-venti-anni-piazza-roma-e-stata-restituita-alla-citta\\\/#primaryimage\"},\"image\":{\"@id\":\"https:\\\/\\\/comunicacity.net\\\/sabaudia\\\/2026\\\/05\\\/01\\\/sabaudia-dopo-venti-anni-piazza-roma-e-stata-restituita-alla-citta\\\/#primaryimage\"},\"thumbnailUrl\":\"https:\\\/\\\/comunicacity.net\\\/sabaudia\\\/wp-content\\\/uploads\\\/sites\\\/202\\\/2026\\\/05\\\/WhatsApp-Image-2026-05-01-at-01.15.51.jpeg\",\"datePublished\":\"2026-05-01T09:50:25+00:00\",\"breadcrumb\":{\"@id\":\"https:\\\/\\\/comunicacity.net\\\/sabaudia\\\/2026\\\/05\\\/01\\\/sabaudia-dopo-venti-anni-piazza-roma-e-stata-restituita-alla-citta\\\/#breadcrumb\"},\"inLanguage\":\"it-IT\",\"potentialAction\":[{\"@type\":\"ReadAction\",\"target\":[\"https:\\\/\\\/comunicacity.net\\\/sabaudia\\\/2026\\\/05\\\/01\\\/sabaudia-dopo-venti-anni-piazza-roma-e-stata-restituita-alla-citta\\\/\"]}]},{\"@type\":\"ImageObject\",\"inLanguage\":\"it-IT\",\"@id\":\"https:\\\/\\\/comunicacity.net\\\/sabaudia\\\/2026\\\/05\\\/01\\\/sabaudia-dopo-venti-anni-piazza-roma-e-stata-restituita-alla-citta\\\/#primaryimage\",\"url\":\"https:\\\/\\\/comunicacity.net\\\/sabaudia\\\/wp-content\\\/uploads\\\/sites\\\/202\\\/2026\\\/05\\\/WhatsApp-Image-2026-05-01-at-01.15.51.jpeg\",\"contentUrl\":\"https:\\\/\\\/comunicacity.net\\\/sabaudia\\\/wp-content\\\/uploads\\\/sites\\\/202\\\/2026\\\/05\\\/WhatsApp-Image-2026-05-01-at-01.15.51.jpeg\",\"width\":1600,\"height\":1200},{\"@type\":\"BreadcrumbList\",\"@id\":\"https:\\\/\\\/comunicacity.net\\\/sabaudia\\\/2026\\\/05\\\/01\\\/sabaudia-dopo-venti-anni-piazza-roma-e-stata-restituita-alla-citta\\\/#breadcrumb\",\"itemListElement\":[{\"@type\":\"ListItem\",\"position\":1,\"name\":\"Home\",\"item\":\"https:\\\/\\\/comunicacity.net\\\/sabaudia\\\/\"},{\"@type\":\"ListItem\",\"position\":2,\"name\":\"SABAUDIA : DOPO VENTI ANNI PIAZZA ROMA E\u2019 STATA RESTITUITA ALLA CITTA\u2019\"}]},{\"@type\":\"WebSite\",\"@id\":\"https:\\\/\\\/comunicacity.net\\\/sabaudia\\\/#website\",\"url\":\"https:\\\/\\\/comunicacity.net\\\/sabaudia\\\/\",\"name\":\"ComunicaCity\",\"description\":\"ComunicaCity\",\"publisher\":{\"@id\":\"https:\\\/\\\/comunicacity.net\\\/sabaudia\\\/#organization\"},\"potentialAction\":[{\"@type\":\"SearchAction\",\"target\":{\"@type\":\"EntryPoint\",\"urlTemplate\":\"https:\\\/\\\/comunicacity.net\\\/sabaudia\\\/?s={search_term_string}\"},\"query-input\":{\"@type\":\"PropertyValueSpecification\",\"valueRequired\":true,\"valueName\":\"search_term_string\"}}],\"inLanguage\":\"it-IT\"},{\"@type\":\"Organization\",\"@id\":\"https:\\\/\\\/comunicacity.net\\\/sabaudia\\\/#organization\",\"name\":\"ComunicaCity\",\"url\":\"https:\\\/\\\/comunicacity.net\\\/sabaudia\\\/\",\"logo\":{\"@type\":\"ImageObject\",\"inLanguage\":\"it-IT\",\"@id\":\"https:\\\/\\\/comunicacity.net\\\/sabaudia\\\/#\\\/schema\\\/logo\\\/image\\\/\",\"url\":\"http:\\\/\\\/comunicacity.net\\\/wp-content\\\/uploads\\\/2014\\\/11\\\/logo_comunicacity.png\",\"contentUrl\":\"http:\\\/\\\/comunicacity.net\\\/wp-content\\\/uploads\\\/2014\\\/11\\\/logo_comunicacity.png\",\"width\":501,\"height\":79,\"caption\":\"ComunicaCity\"},\"image\":{\"@id\":\"https:\\\/\\\/comunicacity.net\\\/sabaudia\\\/#\\\/schema\\\/logo\\\/image\\\/\"},\"sameAs\":[\"http:\\\/\\\/facebook.com\\\/ComunicaCity\",\"https:\\\/\\\/x.com\\\/comunicacity\"]},{\"@type\":\"Person\",\"@id\":\"https:\\\/\\\/comunicacity.net\\\/sabaudia\\\/#\\\/schema\\\/person\\\/afdbb374f214a0c80148caaf3018dd53\",\"name\":\"comunicadmin\",\"image\":{\"@type\":\"ImageObject\",\"inLanguage\":\"it-IT\",\"@id\":\"https:\\\/\\\/secure.gravatar.com\\\/avatar\\\/238a7f01be6e5f09c36aedef94fb10ae47d52a6a71608e5985bef2a1560a0d9b?s=96&d=mm&r=g\",\"url\":\"https:\\\/\\\/secure.gravatar.com\\\/avatar\\\/238a7f01be6e5f09c36aedef94fb10ae47d52a6a71608e5985bef2a1560a0d9b?s=96&d=mm&r=g\",\"contentUrl\":\"https:\\\/\\\/secure.gravatar.com\\\/avatar\\\/238a7f01be6e5f09c36aedef94fb10ae47d52a6a71608e5985bef2a1560a0d9b?s=96&d=mm&r=g\",\"caption\":\"comunicadmin\"},\"sameAs\":[\"http:\\\/\\\/www.comunicacity.it\"]}]}<\/script>\n<!-- \/ Yoast SEO plugin. -->","yoast_head_json":{"title":"SABAUDIA : DOPO VENTI ANNI PIAZZA ROMA E\u2019 STATA RESTITUITA ALLA CITTA\u2019 - Sabaudia","robots":{"index":"index","follow":"follow","max-snippet":"max-snippet:-1","max-image-preview":"max-image-preview:large","max-video-preview":"max-video-preview:-1"},"canonical":"https:\/\/comunicacity.net\/sabaudia\/2026\/05\/01\/sabaudia-dopo-venti-anni-piazza-roma-e-stata-restituita-alla-citta\/","og_locale":"it_IT","og_type":"article","og_title":"SABAUDIA : DOPO VENTI ANNI PIAZZA ROMA E\u2019 STATA RESTITUITA ALLA CITTA\u2019 - Sabaudia","og_description":"Piazza Roma, una delle pi\u00f9 belle aree verdi nel cuore di Sabaudia, storicamente conosciuta dai sabaudiani come Piazza delle Palme, dopo circa venti anni di abbandono \u00e8 stata finalmente riqualificata [&hellip;]","og_url":"https:\/\/comunicacity.net\/sabaudia\/2026\/05\/01\/sabaudia-dopo-venti-anni-piazza-roma-e-stata-restituita-alla-citta\/","og_site_name":"Sabaudia","article_publisher":"http:\/\/facebook.com\/ComunicaCity","article_published_time":"2026-05-01T09:50:25+00:00","og_image":[{"width":1600,"height":1200,"url":"https:\/\/comunicacity.net\/sabaudia\/wp-content\/uploads\/sites\/202\/2026\/05\/WhatsApp-Image-2026-05-01-at-01.15.51.jpeg","type":"image\/jpeg"}],"author":"comunicadmin","twitter_card":"summary_large_image","twitter_creator":"@comunicacity","twitter_site":"@comunicacity","twitter_misc":{"Scritto da":"comunicadmin","Tempo di lettura stimato":"1 minuto"},"schema":{"@context":"https:\/\/schema.org","@graph":[{"@type":"Article","@id":"https:\/\/comunicacity.net\/sabaudia\/2026\/05\/01\/sabaudia-dopo-venti-anni-piazza-roma-e-stata-restituita-alla-citta\/#article","isPartOf":{"@id":"https:\/\/comunicacity.net\/sabaudia\/2026\/05\/01\/sabaudia-dopo-venti-anni-piazza-roma-e-stata-restituita-alla-citta\/"},"author":{"name":"comunicadmin","@id":"https:\/\/comunicacity.net\/sabaudia\/#\/schema\/person\/afdbb374f214a0c80148caaf3018dd53"},"headline":"SABAUDIA : DOPO VENTI ANNI PIAZZA ROMA E\u2019 STATA RESTITUITA ALLA CITTA\u2019","datePublished":"2026-05-01T09:50:25+00:00","mainEntityOfPage":{"@id":"https:\/\/comunicacity.net\/sabaudia\/2026\/05\/01\/sabaudia-dopo-venti-anni-piazza-roma-e-stata-restituita-alla-citta\/"},"wordCount":283,"publisher":{"@id":"https:\/\/comunicacity.net\/sabaudia\/#organization"},"image":{"@id":"https:\/\/comunicacity.net\/sabaudia\/2026\/05\/01\/sabaudia-dopo-venti-anni-piazza-roma-e-stata-restituita-alla-citta\/#primaryimage"},"thumbnailUrl":"https:\/\/comunicacity.net\/sabaudia\/wp-content\/uploads\/sites\/202\/2026\/05\/WhatsApp-Image-2026-05-01-at-01.15.51.jpeg","articleSection":["Notizie e Informazioni"],"inLanguage":"it-IT"},{"@type":"WebPage","@id":"https:\/\/comunicacity.net\/sabaudia\/2026\/05\/01\/sabaudia-dopo-venti-anni-piazza-roma-e-stata-restituita-alla-citta\/","url":"https:\/\/comunicacity.net\/sabaudia\/2026\/05\/01\/sabaudia-dopo-venti-anni-piazza-roma-e-stata-restituita-alla-citta\/","name":"SABAUDIA : DOPO VENTI ANNI PIAZZA ROMA E\u2019 STATA RESTITUITA ALLA CITTA\u2019 - Sabaudia","isPartOf":{"@id":"https:\/\/comunicacity.net\/sabaudia\/#website"},"primaryImageOfPage":{"@id":"https:\/\/comunicacity.net\/sabaudia\/2026\/05\/01\/sabaudia-dopo-venti-anni-piazza-roma-e-stata-restituita-alla-citta\/#primaryimage"},"image":{"@id":"https:\/\/comunicacity.net\/sabaudia\/2026\/05\/01\/sabaudia-dopo-venti-anni-piazza-roma-e-stata-restituita-alla-citta\/#primaryimage"},"thumbnailUrl":"https:\/\/comunicacity.net\/sabaudia\/wp-content\/uploads\/sites\/202\/2026\/05\/WhatsApp-Image-2026-05-01-at-01.15.51.jpeg","datePublished":"2026-05-01T09:50:25+00:00","breadcrumb":{"@id":"https:\/\/comunicacity.net\/sabaudia\/2026\/05\/01\/sabaudia-dopo-venti-anni-piazza-roma-e-stata-restituita-alla-citta\/#breadcrumb"},"inLanguage":"it-IT","potentialAction":[{"@type":"ReadAction","target":["https:\/\/comunicacity.net\/sabaudia\/2026\/05\/01\/sabaudia-dopo-venti-anni-piazza-roma-e-stata-restituita-alla-citta\/"]}]},{"@type":"ImageObject","inLanguage":"it-IT","@id":"https:\/\/comunicacity.net\/sabaudia\/2026\/05\/01\/sabaudia-dopo-venti-anni-piazza-roma-e-stata-restituita-alla-citta\/#primaryimage","url":"https:\/\/comunicacity.net\/sabaudia\/wp-content\/uploads\/sites\/202\/2026\/05\/WhatsApp-Image-2026-05-01-at-01.15.51.jpeg","contentUrl":"https:\/\/comunicacity.net\/sabaudia\/wp-content\/uploads\/sites\/202\/2026\/05\/WhatsApp-Image-2026-05-01-at-01.15.51.jpeg","width":1600,"height":1200},{"@type":"BreadcrumbList","@id":"https:\/\/comunicacity.net\/sabaudia\/2026\/05\/01\/sabaudia-dopo-venti-anni-piazza-roma-e-stata-restituita-alla-citta\/#breadcrumb","itemListElement":[{"@type":"ListItem","position":1,"name":"Home","item":"https:\/\/comunicacity.net\/sabaudia\/"},{"@type":"ListItem","position":2,"name":"SABAUDIA : DOPO VENTI ANNI PIAZZA ROMA E\u2019 STATA RESTITUITA ALLA CITTA\u2019"}]},{"@type":"WebSite","@id":"https:\/\/comunicacity.net\/sabaudia\/#website","url":"https:\/\/comunicacity.net\/sabaudia\/","name":"ComunicaCity","description":"ComunicaCity","publisher":{"@id":"https:\/\/comunicacity.net\/sabaudia\/#organization"},"potentialAction":[{"@type":"SearchAction","target":{"@type":"EntryPoint","urlTemplate":"https:\/\/comunicacity.net\/sabaudia\/?s={search_term_string}"},"query-input":{"@type":"PropertyValueSpecification","valueRequired":true,"valueName":"search_term_string"}}],"inLanguage":"it-IT"},{"@type":"Organization","@id":"https:\/\/comunicacity.net\/sabaudia\/#organization","name":"ComunicaCity","url":"https:\/\/comunicacity.net\/sabaudia\/","logo":{"@type":"ImageObject","inLanguage":"it-IT","@id":"https:\/\/comunicacity.net\/sabaudia\/#\/schema\/logo\/image\/","url":"http:\/\/comunicacity.net\/wp-content\/uploads\/2014\/11\/logo_comunicacity.png","contentUrl":"http:\/\/comunicacity.net\/wp-content\/uploads\/2014\/11\/logo_comunicacity.png","width":501,"height":79,"caption":"ComunicaCity"},"image":{"@id":"https:\/\/comunicacity.net\/sabaudia\/#\/schema\/logo\/image\/"},"sameAs":["http:\/\/facebook.com\/ComunicaCity","https:\/\/x.com\/comunicacity"]},{"@type":"Person","@id":"https:\/\/comunicacity.net\/sabaudia\/#\/schema\/person\/afdbb374f214a0c80148caaf3018dd53","name":"comunicadmin","image":{"@type":"ImageObject","inLanguage":"it-IT","@id":"https:\/\/secure.gravatar.com\/avatar\/238a7f01be6e5f09c36aedef94fb10ae47d52a6a71608e5985bef2a1560a0d9b?s=96&d=mm&r=g","url":"https:\/\/secure.gravatar.com\/avatar\/238a7f01be6e5f09c36aedef94fb10ae47d52a6a71608e5985bef2a1560a0d9b?s=96&d=mm&r=g","contentUrl":"https:\/\/secure.gravatar.com\/avatar\/238a7f01be6e5f09c36aedef94fb10ae47d52a6a71608e5985bef2a1560a0d9b?s=96&d=mm&r=g","caption":"comunicadmin"},"sameAs":["http:\/\/www.comunicacity.it"]}]}},"meta_box":{"cc4_urg_colore":"","cc4_urg_data_inizio":"","cc4_urg_data_fine":"","cc4_cor_positivi_oggi":"","cc4_cor_negativizzati_oggi":"","cc4_cor_deceduti_oggi":"","cc4_cor_positivi_totali":"","cc4_cor_negativizzati_totali":"","cc4_cor_deceduti_totali":"","cc4_cor_attualmente_positivi":"","cc4_eve_data_inizio":"","cc4_eve_data_fine":"","cc4_eve_indirizzo":"","cc4_eve_posizione":{"latitude":"","longitude":"","zoom":""},"cc4_eve_telefono":"","cc4_eve_email":"","cc4_eve_web":"","cc4_eve_fb":"","sitopa_id":""},"_links":{"self":[{"href":"https:\/\/comunicacity.net\/sabaudia\/wp-json\/wp\/v2\/posts\/26995","targetHints":{"allow":["GET"]}}],"collection":[{"href":"https:\/\/comunicacity.net\/sabaudia\/wp-json\/wp\/v2\/posts"}],"about":[{"href":"https:\/\/comunicacity.net\/sabaudia\/wp-json\/wp\/v2\/types\/post"}],"author":[{"embeddable":true,"href":"https:\/\/comunicacity.net\/sabaudia\/wp-json\/wp\/v2\/users\/1"}],"replies":[{"embeddable":true,"href":"https:\/\/comunicacity.net\/sabaudia\/wp-json\/wp\/v2\/comments?post=26995"}],"version-history":[{"count":0,"href":"https:\/\/comunicacity.net\/sabaudia\/wp-json\/wp\/v2\/posts\/26995\/revisions"}],"wp:featuredmedia":[{"embeddable":true,"href":"https:\/\/comunicacity.net\/sabaudia\/wp-json\/wp\/v2\/media\/26996"}],"wp:attachment":[{"href":"https:\/\/comunicacity.net\/sabaudia\/wp-json\/wp\/v2\/media?parent=26995"}],"wp:term":[{"taxonomy":"category","embeddable":true,"href":"https:\/\/comunicacity.net\/sabaudia\/wp-json\/wp\/v2\/categories?post=26995"},{"taxonomy":"post_tag","embeddable":true,"href":"https:\/\/comunicacity.net\/sabaudia\/wp-json\/wp\/v2\/tags?post=26995"}],"curies":[{"name":"wp","href":"https:\/\/api.w.org\/{rel}","templated":true}]}}