{"id":16498,"date":"2023-05-08T10:47:02","date_gmt":"2023-05-08T08:47:02","guid":{"rendered":"https:\/\/comunicacity.net\/san-giorgio-a-liri\/?p=16498"},"modified":"2023-05-08T10:47:27","modified_gmt":"2023-05-08T08:47:27","slug":"1-giugno-2023-si-parte-al-via-il-nuovo-servizio-di-raccolta-differenziata","status":"publish","type":"post","link":"https:\/\/comunicacity.net\/san-giorgio-a-liri\/2023\/05\/08\/1-giugno-2023-si-parte-al-via-il-nuovo-servizio-di-raccolta-differenziata\/","title":{"rendered":"1 GIUGNO 2023: SI PARTE! Al via il nuovo servizio di raccolta differenziata"},"content":{"rendered":"<p>L\u2019amministrazione comunale e la De Vizia Transfer comunicano che a partire dal <strong>1 GIUGNO<\/strong> il servizio di raccolta differenziata dei rifiuti per le utenze domestiche e per le utenze non domestiche sar\u00e0 svolto secondo il nuovo calendario.<\/p>\n<p>Nel nuovo calendario sono previste delle variazioni, per questo motivo, in questi giorni, gli operatori della De Vizia stanno provvedendo alla consegna dei calendari presso tutte le utenze.<\/p>\n<p>A partire da gioved\u00ec 1 giugno, verranno attivate una serie di iniziative che porteranno ad una riorganizzazione del servizio finalizzata a migliorarne la qualit\u00e0 ed il grado di soddisfazione. In tutto il comune di San Giorgio a Liri ci sar\u00e0 un vero e proprio cambiamento che non riguarder\u00e0 solo l&#8217;azione del<br \/>\nconferire i rifiuti, ma si tratter\u00e0 di un vero e proprio rinnovamento culturale attraverso il quale verr\u00e0 trasformata la percezione del rifiuto per farlo sempre pi\u00f9 divenire una risorsa e permettere di non destinarlo alle discariche.<img loading=\"lazy\" decoding=\"async\" class=\"size-medium wp-image-16614 aligncenter\" src=\"https:\/\/comunedisangiorgioaliri.it\/wp-content\/uploads\/2023\/05\/locandina-1-giugni-212x300.png\" alt=\"\" width=\"212\" height=\"300\" \/><\/p>\n<div id='wpba_attachment_list' class=''>\n<div class='ui list'><h3 style=\"display:none;\">\ud83d\udcce Allegati<\/h3><ul><li><a id=\"wpba_attachment_list_16515\" class=\"y-skip-href item\" href=\"https:\/\/comunicacity.net\/san-giorgio-a-liri\/wp-content\/uploads\/sites\/4\/2023\/05\/Lettera-San-Giorgio-a-Liri-1-1-1.pdf\" onclick=\"window.open('https:\/\/comunicacity.net\/san-giorgio-a-liri\/wp-content\/uploads\/sites\/4\/2023\/05\/Lettera-San-Giorgio-a-Liri-1-1-1.pdf', '_system'); return false;\"><i class='icon attachment'><\/i>Lettera San Giorgio a Liri (1)<\/a><\/li>\n<li><a id=\"wpba_attachment_list_16516\" class=\"y-skip-href item\" href=\"https:\/\/comunicacity.net\/san-giorgio-a-liri\/wp-content\/uploads\/sites\/4\/2023\/05\/Calendario-UD_2023_San-Giorgio-a-Liri-5-1-1.pdf\" onclick=\"window.open('https:\/\/comunicacity.net\/san-giorgio-a-liri\/wp-content\/uploads\/sites\/4\/2023\/05\/Calendario-UD_2023_San-Giorgio-a-Liri-5-1-1.pdf', '_system'); return false;\"><i class='icon attachment'><\/i>Calendario UD_2023_San Giorgio a Liri (5)<\/a><\/li>\n<li><a id=\"wpba_attachment_list_16517\" class=\"y-skip-href item\" href=\"https:\/\/comunicacity.net\/san-giorgio-a-liri\/wp-content\/uploads\/sites\/4\/2023\/05\/CALENDARIO-UND-1.pdf\" onclick=\"window.open('https:\/\/comunicacity.net\/san-giorgio-a-liri\/wp-content\/uploads\/sites\/4\/2023\/05\/CALENDARIO-UND-1.pdf', '_system'); return false;\"><i class='icon attachment'><\/i>CALENDARIO UND<\/a><\/li>\n<\/ul><\/div><\/div>\n","protected":false},"excerpt":{"rendered":"<p>L\u2019amministrazione comunale e la De Vizia Transfer comunicano che a partire dal 1 GIUGNO il servizio di raccolta differenziata dei rifiuti per le utenze domestiche e per le utenze non [&hellip;]<\/p>\n","protected":false},"author":318,"featured_media":16514,"comment_status":"closed","ping_status":"open","sticky":false,"template":"","format":"standard","meta":{"footnotes":""},"categories":[2],"tags":[],"class_list":["post-16498","post","type-post","status-publish","format-standard","has-post-thumbnail","hentry","category-ambiente"],"yoast_head":"<!-- This site is optimized with the Yoast SEO plugin v27.4 - https:\/\/yoast.com\/product\/yoast-seo-wordpress\/ -->\n<title>1 GIUGNO 2023: SI PARTE! Al via il nuovo servizio di raccolta differenziata - San Giorgio a Liri<\/title>\n<meta name=\"robots\" content=\"index, follow, max-snippet:-1, max-image-preview:large, max-video-preview:-1\" \/>\n<link rel=\"canonical\" href=\"https:\/\/comunicacity.net\/san-giorgio-a-liri\/2023\/05\/08\/1-giugno-2023-si-parte-al-via-il-nuovo-servizio-di-raccolta-differenziata\/\" \/>\n<meta property=\"og:locale\" content=\"it_IT\" \/>\n<meta property=\"og:type\" content=\"article\" \/>\n<meta property=\"og:title\" content=\"1 GIUGNO 2023: SI PARTE! Al via il nuovo servizio di raccolta differenziata - San Giorgio a Liri\" \/>\n<meta property=\"og:description\" content=\"L\u2019amministrazione comunale e la De Vizia Transfer comunicano che a partire dal 1 GIUGNO il servizio di raccolta differenziata dei rifiuti per le utenze domestiche e per le utenze non [&hellip;]\" \/>\n<meta property=\"og:url\" content=\"https:\/\/comunicacity.net\/san-giorgio-a-liri\/2023\/05\/08\/1-giugno-2023-si-parte-al-via-il-nuovo-servizio-di-raccolta-differenziata\/\" \/>\n<meta property=\"og:site_name\" content=\"San Giorgio a Liri\" \/>\n<meta property=\"article:published_time\" content=\"2023-05-08T08:47:02+00:00\" \/>\n<meta property=\"article:modified_time\" content=\"2023-05-08T08:47:27+00:00\" \/>\n<meta property=\"og:image\" content=\"https:\/\/comunicacity.net\/san-giorgio-a-liri\/wp-content\/uploads\/sites\/4\/2023\/05\/locandina-1-giugni-1.png\" \/>\n\t<meta property=\"og:image:width\" content=\"529\" \/>\n\t<meta property=\"og:image:height\" content=\"747\" \/>\n\t<meta property=\"og:image:type\" content=\"image\/png\" \/>\n<meta name=\"author\" content=\"Francesco Lavalle\" \/>\n<meta name=\"twitter:label1\" content=\"Scritto da\" \/>\n\t<meta name=\"twitter:data1\" content=\"Francesco Lavalle\" \/>\n\t<meta name=\"twitter:label2\" content=\"Tempo di lettura stimato\" \/>\n\t<meta name=\"twitter:data2\" content=\"2 minuti\" \/>\n<script type=\"application\/ld+json\" class=\"yoast-schema-graph\">{\"@context\":\"https:\\\/\\\/schema.org\",\"@graph\":[{\"@type\":\"Article\",\"@id\":\"https:\\\/\\\/comunicacity.net\\\/san-giorgio-a-liri\\\/2023\\\/05\\\/08\\\/1-giugno-2023-si-parte-al-via-il-nuovo-servizio-di-raccolta-differenziata\\\/#article\",\"isPartOf\":{\"@id\":\"https:\\\/\\\/comunicacity.net\\\/san-giorgio-a-liri\\\/2023\\\/05\\\/08\\\/1-giugno-2023-si-parte-al-via-il-nuovo-servizio-di-raccolta-differenziata\\\/\"},\"author\":{\"name\":\"Francesco Lavalle\",\"@id\":\"https:\\\/\\\/comunicacity.net\\\/san-giorgio-a-liri\\\/#\\\/schema\\\/person\\\/343da3d6b8de21f68606d71ad407b922\"},\"headline\":\"1 GIUGNO 2023: SI PARTE! Al via il nuovo servizio di raccolta differenziata\",\"datePublished\":\"2023-05-08T08:47:02+00:00\",\"dateModified\":\"2023-05-08T08:47:27+00:00\",\"mainEntityOfPage\":{\"@id\":\"https:\\\/\\\/comunicacity.net\\\/san-giorgio-a-liri\\\/2023\\\/05\\\/08\\\/1-giugno-2023-si-parte-al-via-il-nuovo-servizio-di-raccolta-differenziata\\\/\"},\"wordCount\":162,\"image\":{\"@id\":\"https:\\\/\\\/comunicacity.net\\\/san-giorgio-a-liri\\\/2023\\\/05\\\/08\\\/1-giugno-2023-si-parte-al-via-il-nuovo-servizio-di-raccolta-differenziata\\\/#primaryimage\"},\"thumbnailUrl\":\"https:\\\/\\\/comunicacity.net\\\/san-giorgio-a-liri\\\/wp-content\\\/uploads\\\/sites\\\/4\\\/2023\\\/05\\\/locandina-1-giugni-1.png\",\"articleSection\":[\"Ambiente\"],\"inLanguage\":\"it-IT\"},{\"@type\":\"WebPage\",\"@id\":\"https:\\\/\\\/comunicacity.net\\\/san-giorgio-a-liri\\\/2023\\\/05\\\/08\\\/1-giugno-2023-si-parte-al-via-il-nuovo-servizio-di-raccolta-differenziata\\\/\",\"url\":\"https:\\\/\\\/comunicacity.net\\\/san-giorgio-a-liri\\\/2023\\\/05\\\/08\\\/1-giugno-2023-si-parte-al-via-il-nuovo-servizio-di-raccolta-differenziata\\\/\",\"name\":\"1 GIUGNO 2023: SI PARTE! Al via il nuovo servizio di raccolta differenziata - San Giorgio a Liri\",\"isPartOf\":{\"@id\":\"https:\\\/\\\/comunicacity.net\\\/san-giorgio-a-liri\\\/#website\"},\"primaryImageOfPage\":{\"@id\":\"https:\\\/\\\/comunicacity.net\\\/san-giorgio-a-liri\\\/2023\\\/05\\\/08\\\/1-giugno-2023-si-parte-al-via-il-nuovo-servizio-di-raccolta-differenziata\\\/#primaryimage\"},\"image\":{\"@id\":\"https:\\\/\\\/comunicacity.net\\\/san-giorgio-a-liri\\\/2023\\\/05\\\/08\\\/1-giugno-2023-si-parte-al-via-il-nuovo-servizio-di-raccolta-differenziata\\\/#primaryimage\"},\"thumbnailUrl\":\"https:\\\/\\\/comunicacity.net\\\/san-giorgio-a-liri\\\/wp-content\\\/uploads\\\/sites\\\/4\\\/2023\\\/05\\\/locandina-1-giugni-1.png\",\"datePublished\":\"2023-05-08T08:47:02+00:00\",\"dateModified\":\"2023-05-08T08:47:27+00:00\",\"author\":{\"@id\":\"https:\\\/\\\/comunicacity.net\\\/san-giorgio-a-liri\\\/#\\\/schema\\\/person\\\/343da3d6b8de21f68606d71ad407b922\"},\"breadcrumb\":{\"@id\":\"https:\\\/\\\/comunicacity.net\\\/san-giorgio-a-liri\\\/2023\\\/05\\\/08\\\/1-giugno-2023-si-parte-al-via-il-nuovo-servizio-di-raccolta-differenziata\\\/#breadcrumb\"},\"inLanguage\":\"it-IT\",\"potentialAction\":[{\"@type\":\"ReadAction\",\"target\":[\"https:\\\/\\\/comunicacity.net\\\/san-giorgio-a-liri\\\/2023\\\/05\\\/08\\\/1-giugno-2023-si-parte-al-via-il-nuovo-servizio-di-raccolta-differenziata\\\/\"]}]},{\"@type\":\"ImageObject\",\"inLanguage\":\"it-IT\",\"@id\":\"https:\\\/\\\/comunicacity.net\\\/san-giorgio-a-liri\\\/2023\\\/05\\\/08\\\/1-giugno-2023-si-parte-al-via-il-nuovo-servizio-di-raccolta-differenziata\\\/#primaryimage\",\"url\":\"https:\\\/\\\/comunicacity.net\\\/san-giorgio-a-liri\\\/wp-content\\\/uploads\\\/sites\\\/4\\\/2023\\\/05\\\/locandina-1-giugni-1.png\",\"contentUrl\":\"https:\\\/\\\/comunicacity.net\\\/san-giorgio-a-liri\\\/wp-content\\\/uploads\\\/sites\\\/4\\\/2023\\\/05\\\/locandina-1-giugni-1.png\",\"width\":529,\"height\":747},{\"@type\":\"BreadcrumbList\",\"@id\":\"https:\\\/\\\/comunicacity.net\\\/san-giorgio-a-liri\\\/2023\\\/05\\\/08\\\/1-giugno-2023-si-parte-al-via-il-nuovo-servizio-di-raccolta-differenziata\\\/#breadcrumb\",\"itemListElement\":[{\"@type\":\"ListItem\",\"position\":1,\"name\":\"Home\",\"item\":\"https:\\\/\\\/comunicacity.net\\\/san-giorgio-a-liri\\\/\"},{\"@type\":\"ListItem\",\"position\":2,\"name\":\"1 GIUGNO 2023: SI PARTE! Al via il nuovo servizio di raccolta differenziata\"}]},{\"@type\":\"WebSite\",\"@id\":\"https:\\\/\\\/comunicacity.net\\\/san-giorgio-a-liri\\\/#website\",\"url\":\"https:\\\/\\\/comunicacity.net\\\/san-giorgio-a-liri\\\/\",\"name\":\"San Giorgio a Liri\",\"description\":\"Il Tuo Comune che Comunica\",\"potentialAction\":[{\"@type\":\"SearchAction\",\"target\":{\"@type\":\"EntryPoint\",\"urlTemplate\":\"https:\\\/\\\/comunicacity.net\\\/san-giorgio-a-liri\\\/?s={search_term_string}\"},\"query-input\":{\"@type\":\"PropertyValueSpecification\",\"valueRequired\":true,\"valueName\":\"search_term_string\"}}],\"inLanguage\":\"it-IT\"},{\"@type\":\"Person\",\"@id\":\"https:\\\/\\\/comunicacity.net\\\/san-giorgio-a-liri\\\/#\\\/schema\\\/person\\\/343da3d6b8de21f68606d71ad407b922\",\"name\":\"Francesco Lavalle\",\"image\":{\"@type\":\"ImageObject\",\"inLanguage\":\"it-IT\",\"@id\":\"https:\\\/\\\/secure.gravatar.com\\\/avatar\\\/bf2b3e13b8f4008f99095f17fa699aa3be6a47ce27b8562d7f353b29f3722661?s=96&d=mm&r=g\",\"url\":\"https:\\\/\\\/secure.gravatar.com\\\/avatar\\\/bf2b3e13b8f4008f99095f17fa699aa3be6a47ce27b8562d7f353b29f3722661?s=96&d=mm&r=g\",\"contentUrl\":\"https:\\\/\\\/secure.gravatar.com\\\/avatar\\\/bf2b3e13b8f4008f99095f17fa699aa3be6a47ce27b8562d7f353b29f3722661?s=96&d=mm&r=g\",\"caption\":\"Francesco Lavalle\"},\"url\":\"https:\\\/\\\/comunicacity.net\\\/san-giorgio-a-liri\\\/author\\\/flavalle\\\/\"}]}<\/script>\n<!-- \/ Yoast SEO plugin. -->","yoast_head_json":{"title":"1 GIUGNO 2023: SI PARTE! Al via il nuovo servizio di raccolta differenziata - San Giorgio a Liri","robots":{"index":"index","follow":"follow","max-snippet":"max-snippet:-1","max-image-preview":"max-image-preview:large","max-video-preview":"max-video-preview:-1"},"canonical":"https:\/\/comunicacity.net\/san-giorgio-a-liri\/2023\/05\/08\/1-giugno-2023-si-parte-al-via-il-nuovo-servizio-di-raccolta-differenziata\/","og_locale":"it_IT","og_type":"article","og_title":"1 GIUGNO 2023: SI PARTE! Al via il nuovo servizio di raccolta differenziata - San Giorgio a Liri","og_description":"L\u2019amministrazione comunale e la De Vizia Transfer comunicano che a partire dal 1 GIUGNO il servizio di raccolta differenziata dei rifiuti per le utenze domestiche e per le utenze non [&hellip;]","og_url":"https:\/\/comunicacity.net\/san-giorgio-a-liri\/2023\/05\/08\/1-giugno-2023-si-parte-al-via-il-nuovo-servizio-di-raccolta-differenziata\/","og_site_name":"San Giorgio a Liri","article_published_time":"2023-05-08T08:47:02+00:00","article_modified_time":"2023-05-08T08:47:27+00:00","og_image":[{"width":529,"height":747,"url":"https:\/\/comunicacity.net\/san-giorgio-a-liri\/wp-content\/uploads\/sites\/4\/2023\/05\/locandina-1-giugni-1.png","type":"image\/png"}],"author":"Francesco Lavalle","twitter_misc":{"Scritto da":"Francesco Lavalle","Tempo di lettura stimato":"2 minuti"},"schema":{"@context":"https:\/\/schema.org","@graph":[{"@type":"Article","@id":"https:\/\/comunicacity.net\/san-giorgio-a-liri\/2023\/05\/08\/1-giugno-2023-si-parte-al-via-il-nuovo-servizio-di-raccolta-differenziata\/#article","isPartOf":{"@id":"https:\/\/comunicacity.net\/san-giorgio-a-liri\/2023\/05\/08\/1-giugno-2023-si-parte-al-via-il-nuovo-servizio-di-raccolta-differenziata\/"},"author":{"name":"Francesco Lavalle","@id":"https:\/\/comunicacity.net\/san-giorgio-a-liri\/#\/schema\/person\/343da3d6b8de21f68606d71ad407b922"},"headline":"1 GIUGNO 2023: SI PARTE! Al via il nuovo servizio di raccolta differenziata","datePublished":"2023-05-08T08:47:02+00:00","dateModified":"2023-05-08T08:47:27+00:00","mainEntityOfPage":{"@id":"https:\/\/comunicacity.net\/san-giorgio-a-liri\/2023\/05\/08\/1-giugno-2023-si-parte-al-via-il-nuovo-servizio-di-raccolta-differenziata\/"},"wordCount":162,"image":{"@id":"https:\/\/comunicacity.net\/san-giorgio-a-liri\/2023\/05\/08\/1-giugno-2023-si-parte-al-via-il-nuovo-servizio-di-raccolta-differenziata\/#primaryimage"},"thumbnailUrl":"https:\/\/comunicacity.net\/san-giorgio-a-liri\/wp-content\/uploads\/sites\/4\/2023\/05\/locandina-1-giugni-1.png","articleSection":["Ambiente"],"inLanguage":"it-IT"},{"@type":"WebPage","@id":"https:\/\/comunicacity.net\/san-giorgio-a-liri\/2023\/05\/08\/1-giugno-2023-si-parte-al-via-il-nuovo-servizio-di-raccolta-differenziata\/","url":"https:\/\/comunicacity.net\/san-giorgio-a-liri\/2023\/05\/08\/1-giugno-2023-si-parte-al-via-il-nuovo-servizio-di-raccolta-differenziata\/","name":"1 GIUGNO 2023: SI PARTE! Al via il nuovo servizio di raccolta differenziata - San Giorgio a Liri","isPartOf":{"@id":"https:\/\/comunicacity.net\/san-giorgio-a-liri\/#website"},"primaryImageOfPage":{"@id":"https:\/\/comunicacity.net\/san-giorgio-a-liri\/2023\/05\/08\/1-giugno-2023-si-parte-al-via-il-nuovo-servizio-di-raccolta-differenziata\/#primaryimage"},"image":{"@id":"https:\/\/comunicacity.net\/san-giorgio-a-liri\/2023\/05\/08\/1-giugno-2023-si-parte-al-via-il-nuovo-servizio-di-raccolta-differenziata\/#primaryimage"},"thumbnailUrl":"https:\/\/comunicacity.net\/san-giorgio-a-liri\/wp-content\/uploads\/sites\/4\/2023\/05\/locandina-1-giugni-1.png","datePublished":"2023-05-08T08:47:02+00:00","dateModified":"2023-05-08T08:47:27+00:00","author":{"@id":"https:\/\/comunicacity.net\/san-giorgio-a-liri\/#\/schema\/person\/343da3d6b8de21f68606d71ad407b922"},"breadcrumb":{"@id":"https:\/\/comunicacity.net\/san-giorgio-a-liri\/2023\/05\/08\/1-giugno-2023-si-parte-al-via-il-nuovo-servizio-di-raccolta-differenziata\/#breadcrumb"},"inLanguage":"it-IT","potentialAction":[{"@type":"ReadAction","target":["https:\/\/comunicacity.net\/san-giorgio-a-liri\/2023\/05\/08\/1-giugno-2023-si-parte-al-via-il-nuovo-servizio-di-raccolta-differenziata\/"]}]},{"@type":"ImageObject","inLanguage":"it-IT","@id":"https:\/\/comunicacity.net\/san-giorgio-a-liri\/2023\/05\/08\/1-giugno-2023-si-parte-al-via-il-nuovo-servizio-di-raccolta-differenziata\/#primaryimage","url":"https:\/\/comunicacity.net\/san-giorgio-a-liri\/wp-content\/uploads\/sites\/4\/2023\/05\/locandina-1-giugni-1.png","contentUrl":"https:\/\/comunicacity.net\/san-giorgio-a-liri\/wp-content\/uploads\/sites\/4\/2023\/05\/locandina-1-giugni-1.png","width":529,"height":747},{"@type":"BreadcrumbList","@id":"https:\/\/comunicacity.net\/san-giorgio-a-liri\/2023\/05\/08\/1-giugno-2023-si-parte-al-via-il-nuovo-servizio-di-raccolta-differenziata\/#breadcrumb","itemListElement":[{"@type":"ListItem","position":1,"name":"Home","item":"https:\/\/comunicacity.net\/san-giorgio-a-liri\/"},{"@type":"ListItem","position":2,"name":"1 GIUGNO 2023: SI PARTE! Al via il nuovo servizio di raccolta differenziata"}]},{"@type":"WebSite","@id":"https:\/\/comunicacity.net\/san-giorgio-a-liri\/#website","url":"https:\/\/comunicacity.net\/san-giorgio-a-liri\/","name":"San Giorgio a Liri","description":"Il Tuo Comune che Comunica","potentialAction":[{"@type":"SearchAction","target":{"@type":"EntryPoint","urlTemplate":"https:\/\/comunicacity.net\/san-giorgio-a-liri\/?s={search_term_string}"},"query-input":{"@type":"PropertyValueSpecification","valueRequired":true,"valueName":"search_term_string"}}],"inLanguage":"it-IT"},{"@type":"Person","@id":"https:\/\/comunicacity.net\/san-giorgio-a-liri\/#\/schema\/person\/343da3d6b8de21f68606d71ad407b922","name":"Francesco Lavalle","image":{"@type":"ImageObject","inLanguage":"it-IT","@id":"https:\/\/secure.gravatar.com\/avatar\/bf2b3e13b8f4008f99095f17fa699aa3be6a47ce27b8562d7f353b29f3722661?s=96&d=mm&r=g","url":"https:\/\/secure.gravatar.com\/avatar\/bf2b3e13b8f4008f99095f17fa699aa3be6a47ce27b8562d7f353b29f3722661?s=96&d=mm&r=g","contentUrl":"https:\/\/secure.gravatar.com\/avatar\/bf2b3e13b8f4008f99095f17fa699aa3be6a47ce27b8562d7f353b29f3722661?s=96&d=mm&r=g","caption":"Francesco Lavalle"},"url":"https:\/\/comunicacity.net\/san-giorgio-a-liri\/author\/flavalle\/"}]}},"meta_box":{"cc4_urg_colore":"rosso","cc4_urg_data_inizio":"","cc4_urg_data_fine":"","cc4_cor_positivi_oggi":"","cc4_cor_negativizzati_oggi":"","cc4_cor_deceduti_oggi":"","cc4_cor_positivi_totali":"","cc4_cor_negativizzati_totali":"","cc4_cor_deceduti_totali":"","cc4_cor_attualmente_positivi":"","cc4_eve_data_inizio":"","cc4_eve_data_fine":"","cc4_eve_indirizzo":"","cc4_eve_posizione":{"latitude":"0","longitude":"0","zoom":"0"},"cc4_eve_telefono":"","cc4_eve_email":"","cc4_eve_web":"","cc4_eve_fb":"","sitopa_id":"16618"},"_links":{"self":[{"href":"https:\/\/comunicacity.net\/san-giorgio-a-liri\/wp-json\/wp\/v2\/posts\/16498","targetHints":{"allow":["GET"]}}],"collection":[{"href":"https:\/\/comunicacity.net\/san-giorgio-a-liri\/wp-json\/wp\/v2\/posts"}],"about":[{"href":"https:\/\/comunicacity.net\/san-giorgio-a-liri\/wp-json\/wp\/v2\/types\/post"}],"author":[{"embeddable":true,"href":"https:\/\/comunicacity.net\/san-giorgio-a-liri\/wp-json\/wp\/v2\/users\/318"}],"replies":[{"embeddable":true,"href":"https:\/\/comunicacity.net\/san-giorgio-a-liri\/wp-json\/wp\/v2\/comments?post=16498"}],"version-history":[{"count":3,"href":"https:\/\/comunicacity.net\/san-giorgio-a-liri\/wp-json\/wp\/v2\/posts\/16498\/revisions"}],"predecessor-version":[{"id":16513,"href":"https:\/\/comunicacity.net\/san-giorgio-a-liri\/wp-json\/wp\/v2\/posts\/16498\/revisions\/16513"}],"wp:featuredmedia":[{"embeddable":true,"href":"https:\/\/comunicacity.net\/san-giorgio-a-liri\/wp-json\/wp\/v2\/media\/16514"}],"wp:attachment":[{"href":"https:\/\/comunicacity.net\/san-giorgio-a-liri\/wp-json\/wp\/v2\/media?parent=16498"}],"wp:term":[{"taxonomy":"category","embeddable":true,"href":"https:\/\/comunicacity.net\/san-giorgio-a-liri\/wp-json\/wp\/v2\/categories?post=16498"},{"taxonomy":"post_tag","embeddable":true,"href":"https:\/\/comunicacity.net\/san-giorgio-a-liri\/wp-json\/wp\/v2\/tags?post=16498"}],"curies":[{"name":"wp","href":"https:\/\/api.w.org\/{rel}","templated":true}]}}