{"id":468,"date":"2019-07-16T14:06:28","date_gmt":"2019-07-16T12:06:28","guid":{"rendered":"https:\/\/comunicacity.net\/san-giorgio-a-liri\/?p=468"},"modified":"2019-08-05T14:07:51","modified_gmt":"2019-08-05T12:07:51","slug":"raccolta-differenziata-ispezione-dei-sacchi","status":"publish","type":"post","link":"https:\/\/comunicacity.net\/san-giorgio-a-liri\/2019\/07\/16\/raccolta-differenziata-ispezione-dei-sacchi\/","title":{"rendered":"Raccolta Differenziata &#8211; Ispezione dei sacchi"},"content":{"rendered":"<p>A partire da mercoled\u00ec 17 luglio 2019, la societ\u00e0 Lavorgna, affidataria del servizio di raccolta differenziata, effettuer\u00e0 l\u2019ispezione dei sacchi di secco residuo. Come da regolamento, in caso di non conformit\u00e0 al sacco sar\u00e0 applicato il bollino \u201cnon conforme\u201d e non sar\u00e0 ritirato.<\/p>\n<p>L&#8217;attenzione all&#8217;ambiente \u00e8 una priorit\u00e0 per la mia amministrazione, per questo invito tutti i cittadini sangiorgesi a contribuire differenziando correttamente i rifiuti. Un paese pi\u00f9 sano nasce anche dai piccoli gesti che ciascuno di noi compie ogni giorno.<\/p>\n","protected":false},"excerpt":{"rendered":"<p>A partire da mercoled\u00ec 17 luglio 2019, la societ\u00e0 Lavorgna, affidataria del servizio di raccolta differenziata, effettuer\u00e0 l\u2019ispezione dei sacchi di secco residuo. Come da regolamento, in caso di non [&hellip;]<\/p>\n","protected":false},"author":282,"featured_media":470,"comment_status":"closed","ping_status":"closed","sticky":false,"template":"","format":"standard","meta":{"footnotes":""},"categories":[2],"tags":[],"class_list":["post-468","post","type-post","status-publish","format-standard","has-post-thumbnail","hentry","category-ambiente"],"yoast_head":"<!-- This site is optimized with the Yoast SEO plugin v27.4 - https:\/\/yoast.com\/product\/yoast-seo-wordpress\/ -->\n<title>Raccolta Differenziata - Ispezione dei sacchi - San Giorgio a Liri<\/title>\n<meta name=\"robots\" content=\"index, follow, max-snippet:-1, max-image-preview:large, max-video-preview:-1\" \/>\n<link rel=\"canonical\" href=\"https:\/\/comunicacity.net\/san-giorgio-a-liri\/2019\/07\/16\/raccolta-differenziata-ispezione-dei-sacchi\/\" \/>\n<meta property=\"og:locale\" content=\"it_IT\" \/>\n<meta property=\"og:type\" content=\"article\" \/>\n<meta property=\"og:title\" content=\"Raccolta Differenziata - Ispezione dei sacchi - San Giorgio a Liri\" \/>\n<meta property=\"og:description\" content=\"A partire da mercoled\u00ec 17 luglio 2019, la societ\u00e0 Lavorgna, affidataria del servizio di raccolta differenziata, effettuer\u00e0 l\u2019ispezione dei sacchi di secco residuo. Come da regolamento, in caso di non [&hellip;]\" \/>\n<meta property=\"og:url\" content=\"https:\/\/comunicacity.net\/san-giorgio-a-liri\/2019\/07\/16\/raccolta-differenziata-ispezione-dei-sacchi\/\" \/>\n<meta property=\"og:site_name\" content=\"San Giorgio a Liri\" \/>\n<meta property=\"article:published_time\" content=\"2019-07-16T12:06:28+00:00\" \/>\n<meta property=\"article:modified_time\" content=\"2019-08-05T12:07:51+00:00\" \/>\n<meta property=\"og:image\" content=\"https:\/\/comunicacity.net\/san-giorgio-a-liri\/wp-content\/uploads\/sites\/4\/2019\/08\/Indifferenziato.jpg\" \/>\n\t<meta property=\"og:image:width\" content=\"803\" \/>\n\t<meta property=\"og:image:height\" content=\"533\" \/>\n\t<meta property=\"og:image:type\" content=\"image\/jpeg\" \/>\n<meta name=\"author\" content=\"gestoreyic\" \/>\n<meta name=\"twitter:label1\" content=\"Scritto da\" \/>\n\t<meta name=\"twitter:data1\" content=\"gestoreyic\" \/>\n<script type=\"application\/ld+json\" class=\"yoast-schema-graph\">{\"@context\":\"https:\\\/\\\/schema.org\",\"@graph\":[{\"@type\":\"Article\",\"@id\":\"https:\\\/\\\/comunicacity.net\\\/san-giorgio-a-liri\\\/2019\\\/07\\\/16\\\/raccolta-differenziata-ispezione-dei-sacchi\\\/#article\",\"isPartOf\":{\"@id\":\"https:\\\/\\\/comunicacity.net\\\/san-giorgio-a-liri\\\/2019\\\/07\\\/16\\\/raccolta-differenziata-ispezione-dei-sacchi\\\/\"},\"author\":{\"name\":\"gestoreyic\",\"@id\":\"https:\\\/\\\/comunicacity.net\\\/san-giorgio-a-liri\\\/#\\\/schema\\\/person\\\/5278c46c2f94b6a18223c1e9f8964196\"},\"headline\":\"Raccolta Differenziata &#8211; Ispezione dei sacchi\",\"datePublished\":\"2019-07-16T12:06:28+00:00\",\"dateModified\":\"2019-08-05T12:07:51+00:00\",\"mainEntityOfPage\":{\"@id\":\"https:\\\/\\\/comunicacity.net\\\/san-giorgio-a-liri\\\/2019\\\/07\\\/16\\\/raccolta-differenziata-ispezione-dei-sacchi\\\/\"},\"wordCount\":85,\"image\":{\"@id\":\"https:\\\/\\\/comunicacity.net\\\/san-giorgio-a-liri\\\/2019\\\/07\\\/16\\\/raccolta-differenziata-ispezione-dei-sacchi\\\/#primaryimage\"},\"thumbnailUrl\":\"https:\\\/\\\/comunicacity.net\\\/san-giorgio-a-liri\\\/wp-content\\\/uploads\\\/sites\\\/4\\\/2019\\\/08\\\/Indifferenziato.jpg\",\"articleSection\":[\"Ambiente\"],\"inLanguage\":\"it-IT\"},{\"@type\":\"WebPage\",\"@id\":\"https:\\\/\\\/comunicacity.net\\\/san-giorgio-a-liri\\\/2019\\\/07\\\/16\\\/raccolta-differenziata-ispezione-dei-sacchi\\\/\",\"url\":\"https:\\\/\\\/comunicacity.net\\\/san-giorgio-a-liri\\\/2019\\\/07\\\/16\\\/raccolta-differenziata-ispezione-dei-sacchi\\\/\",\"name\":\"Raccolta Differenziata - Ispezione dei sacchi - San Giorgio a Liri\",\"isPartOf\":{\"@id\":\"https:\\\/\\\/comunicacity.net\\\/san-giorgio-a-liri\\\/#website\"},\"primaryImageOfPage\":{\"@id\":\"https:\\\/\\\/comunicacity.net\\\/san-giorgio-a-liri\\\/2019\\\/07\\\/16\\\/raccolta-differenziata-ispezione-dei-sacchi\\\/#primaryimage\"},\"image\":{\"@id\":\"https:\\\/\\\/comunicacity.net\\\/san-giorgio-a-liri\\\/2019\\\/07\\\/16\\\/raccolta-differenziata-ispezione-dei-sacchi\\\/#primaryimage\"},\"thumbnailUrl\":\"https:\\\/\\\/comunicacity.net\\\/san-giorgio-a-liri\\\/wp-content\\\/uploads\\\/sites\\\/4\\\/2019\\\/08\\\/Indifferenziato.jpg\",\"datePublished\":\"2019-07-16T12:06:28+00:00\",\"dateModified\":\"2019-08-05T12:07:51+00:00\",\"author\":{\"@id\":\"https:\\\/\\\/comunicacity.net\\\/san-giorgio-a-liri\\\/#\\\/schema\\\/person\\\/5278c46c2f94b6a18223c1e9f8964196\"},\"breadcrumb\":{\"@id\":\"https:\\\/\\\/comunicacity.net\\\/san-giorgio-a-liri\\\/2019\\\/07\\\/16\\\/raccolta-differenziata-ispezione-dei-sacchi\\\/#breadcrumb\"},\"inLanguage\":\"it-IT\",\"potentialAction\":[{\"@type\":\"ReadAction\",\"target\":[\"https:\\\/\\\/comunicacity.net\\\/san-giorgio-a-liri\\\/2019\\\/07\\\/16\\\/raccolta-differenziata-ispezione-dei-sacchi\\\/\"]}]},{\"@type\":\"ImageObject\",\"inLanguage\":\"it-IT\",\"@id\":\"https:\\\/\\\/comunicacity.net\\\/san-giorgio-a-liri\\\/2019\\\/07\\\/16\\\/raccolta-differenziata-ispezione-dei-sacchi\\\/#primaryimage\",\"url\":\"https:\\\/\\\/comunicacity.net\\\/san-giorgio-a-liri\\\/wp-content\\\/uploads\\\/sites\\\/4\\\/2019\\\/08\\\/Indifferenziato.jpg\",\"contentUrl\":\"https:\\\/\\\/comunicacity.net\\\/san-giorgio-a-liri\\\/wp-content\\\/uploads\\\/sites\\\/4\\\/2019\\\/08\\\/Indifferenziato.jpg\",\"width\":803,\"height\":533},{\"@type\":\"BreadcrumbList\",\"@id\":\"https:\\\/\\\/comunicacity.net\\\/san-giorgio-a-liri\\\/2019\\\/07\\\/16\\\/raccolta-differenziata-ispezione-dei-sacchi\\\/#breadcrumb\",\"itemListElement\":[{\"@type\":\"ListItem\",\"position\":1,\"name\":\"Home\",\"item\":\"https:\\\/\\\/comunicacity.net\\\/san-giorgio-a-liri\\\/\"},{\"@type\":\"ListItem\",\"position\":2,\"name\":\"Raccolta Differenziata &#8211; Ispezione dei sacchi\"}]},{\"@type\":\"WebSite\",\"@id\":\"https:\\\/\\\/comunicacity.net\\\/san-giorgio-a-liri\\\/#website\",\"url\":\"https:\\\/\\\/comunicacity.net\\\/san-giorgio-a-liri\\\/\",\"name\":\"San Giorgio a Liri\",\"description\":\"Il Tuo Comune che Comunica\",\"potentialAction\":[{\"@type\":\"SearchAction\",\"target\":{\"@type\":\"EntryPoint\",\"urlTemplate\":\"https:\\\/\\\/comunicacity.net\\\/san-giorgio-a-liri\\\/?s={search_term_string}\"},\"query-input\":{\"@type\":\"PropertyValueSpecification\",\"valueRequired\":true,\"valueName\":\"search_term_string\"}}],\"inLanguage\":\"it-IT\"},{\"@type\":\"Person\",\"@id\":\"https:\\\/\\\/comunicacity.net\\\/san-giorgio-a-liri\\\/#\\\/schema\\\/person\\\/5278c46c2f94b6a18223c1e9f8964196\",\"name\":\"gestoreyic\",\"image\":{\"@type\":\"ImageObject\",\"inLanguage\":\"it-IT\",\"@id\":\"https:\\\/\\\/secure.gravatar.com\\\/avatar\\\/6e228bc6274405e48b6e7c6d51b3fb4c7eb3ce6ea12a9df9fe672f35b3c3f08c?s=96&d=mm&r=g\",\"url\":\"https:\\\/\\\/secure.gravatar.com\\\/avatar\\\/6e228bc6274405e48b6e7c6d51b3fb4c7eb3ce6ea12a9df9fe672f35b3c3f08c?s=96&d=mm&r=g\",\"contentUrl\":\"https:\\\/\\\/secure.gravatar.com\\\/avatar\\\/6e228bc6274405e48b6e7c6d51b3fb4c7eb3ce6ea12a9df9fe672f35b3c3f08c?s=96&d=mm&r=g\",\"caption\":\"gestoreyic\"},\"description\":\"Sede Legale: Via Pazzano 112 00118 Roma Sede Operativa: Via A. Savastano 2 03043 Cassino (FR) Telefono: +39 0776-23813 Email: info@yesicode.it\",\"url\":\"https:\\\/\\\/comunicacity.net\\\/san-giorgio-a-liri\\\/author\\\/gestoreyic\\\/\"}]}<\/script>\n<!-- \/ Yoast SEO plugin. -->","yoast_head_json":{"title":"Raccolta Differenziata - Ispezione dei sacchi - San Giorgio a Liri","robots":{"index":"index","follow":"follow","max-snippet":"max-snippet:-1","max-image-preview":"max-image-preview:large","max-video-preview":"max-video-preview:-1"},"canonical":"https:\/\/comunicacity.net\/san-giorgio-a-liri\/2019\/07\/16\/raccolta-differenziata-ispezione-dei-sacchi\/","og_locale":"it_IT","og_type":"article","og_title":"Raccolta Differenziata - Ispezione dei sacchi - San Giorgio a Liri","og_description":"A partire da mercoled\u00ec 17 luglio 2019, la societ\u00e0 Lavorgna, affidataria del servizio di raccolta differenziata, effettuer\u00e0 l\u2019ispezione dei sacchi di secco residuo. Come da regolamento, in caso di non [&hellip;]","og_url":"https:\/\/comunicacity.net\/san-giorgio-a-liri\/2019\/07\/16\/raccolta-differenziata-ispezione-dei-sacchi\/","og_site_name":"San Giorgio a Liri","article_published_time":"2019-07-16T12:06:28+00:00","article_modified_time":"2019-08-05T12:07:51+00:00","og_image":[{"width":803,"height":533,"url":"https:\/\/comunicacity.net\/san-giorgio-a-liri\/wp-content\/uploads\/sites\/4\/2019\/08\/Indifferenziato.jpg","type":"image\/jpeg"}],"author":"gestoreyic","twitter_misc":{"Scritto da":"gestoreyic"},"schema":{"@context":"https:\/\/schema.org","@graph":[{"@type":"Article","@id":"https:\/\/comunicacity.net\/san-giorgio-a-liri\/2019\/07\/16\/raccolta-differenziata-ispezione-dei-sacchi\/#article","isPartOf":{"@id":"https:\/\/comunicacity.net\/san-giorgio-a-liri\/2019\/07\/16\/raccolta-differenziata-ispezione-dei-sacchi\/"},"author":{"name":"gestoreyic","@id":"https:\/\/comunicacity.net\/san-giorgio-a-liri\/#\/schema\/person\/5278c46c2f94b6a18223c1e9f8964196"},"headline":"Raccolta Differenziata &#8211; Ispezione dei sacchi","datePublished":"2019-07-16T12:06:28+00:00","dateModified":"2019-08-05T12:07:51+00:00","mainEntityOfPage":{"@id":"https:\/\/comunicacity.net\/san-giorgio-a-liri\/2019\/07\/16\/raccolta-differenziata-ispezione-dei-sacchi\/"},"wordCount":85,"image":{"@id":"https:\/\/comunicacity.net\/san-giorgio-a-liri\/2019\/07\/16\/raccolta-differenziata-ispezione-dei-sacchi\/#primaryimage"},"thumbnailUrl":"https:\/\/comunicacity.net\/san-giorgio-a-liri\/wp-content\/uploads\/sites\/4\/2019\/08\/Indifferenziato.jpg","articleSection":["Ambiente"],"inLanguage":"it-IT"},{"@type":"WebPage","@id":"https:\/\/comunicacity.net\/san-giorgio-a-liri\/2019\/07\/16\/raccolta-differenziata-ispezione-dei-sacchi\/","url":"https:\/\/comunicacity.net\/san-giorgio-a-liri\/2019\/07\/16\/raccolta-differenziata-ispezione-dei-sacchi\/","name":"Raccolta Differenziata - Ispezione dei sacchi - San Giorgio a Liri","isPartOf":{"@id":"https:\/\/comunicacity.net\/san-giorgio-a-liri\/#website"},"primaryImageOfPage":{"@id":"https:\/\/comunicacity.net\/san-giorgio-a-liri\/2019\/07\/16\/raccolta-differenziata-ispezione-dei-sacchi\/#primaryimage"},"image":{"@id":"https:\/\/comunicacity.net\/san-giorgio-a-liri\/2019\/07\/16\/raccolta-differenziata-ispezione-dei-sacchi\/#primaryimage"},"thumbnailUrl":"https:\/\/comunicacity.net\/san-giorgio-a-liri\/wp-content\/uploads\/sites\/4\/2019\/08\/Indifferenziato.jpg","datePublished":"2019-07-16T12:06:28+00:00","dateModified":"2019-08-05T12:07:51+00:00","author":{"@id":"https:\/\/comunicacity.net\/san-giorgio-a-liri\/#\/schema\/person\/5278c46c2f94b6a18223c1e9f8964196"},"breadcrumb":{"@id":"https:\/\/comunicacity.net\/san-giorgio-a-liri\/2019\/07\/16\/raccolta-differenziata-ispezione-dei-sacchi\/#breadcrumb"},"inLanguage":"it-IT","potentialAction":[{"@type":"ReadAction","target":["https:\/\/comunicacity.net\/san-giorgio-a-liri\/2019\/07\/16\/raccolta-differenziata-ispezione-dei-sacchi\/"]}]},{"@type":"ImageObject","inLanguage":"it-IT","@id":"https:\/\/comunicacity.net\/san-giorgio-a-liri\/2019\/07\/16\/raccolta-differenziata-ispezione-dei-sacchi\/#primaryimage","url":"https:\/\/comunicacity.net\/san-giorgio-a-liri\/wp-content\/uploads\/sites\/4\/2019\/08\/Indifferenziato.jpg","contentUrl":"https:\/\/comunicacity.net\/san-giorgio-a-liri\/wp-content\/uploads\/sites\/4\/2019\/08\/Indifferenziato.jpg","width":803,"height":533},{"@type":"BreadcrumbList","@id":"https:\/\/comunicacity.net\/san-giorgio-a-liri\/2019\/07\/16\/raccolta-differenziata-ispezione-dei-sacchi\/#breadcrumb","itemListElement":[{"@type":"ListItem","position":1,"name":"Home","item":"https:\/\/comunicacity.net\/san-giorgio-a-liri\/"},{"@type":"ListItem","position":2,"name":"Raccolta Differenziata &#8211; Ispezione dei sacchi"}]},{"@type":"WebSite","@id":"https:\/\/comunicacity.net\/san-giorgio-a-liri\/#website","url":"https:\/\/comunicacity.net\/san-giorgio-a-liri\/","name":"San Giorgio a Liri","description":"Il Tuo Comune che Comunica","potentialAction":[{"@type":"SearchAction","target":{"@type":"EntryPoint","urlTemplate":"https:\/\/comunicacity.net\/san-giorgio-a-liri\/?s={search_term_string}"},"query-input":{"@type":"PropertyValueSpecification","valueRequired":true,"valueName":"search_term_string"}}],"inLanguage":"it-IT"},{"@type":"Person","@id":"https:\/\/comunicacity.net\/san-giorgio-a-liri\/#\/schema\/person\/5278c46c2f94b6a18223c1e9f8964196","name":"gestoreyic","image":{"@type":"ImageObject","inLanguage":"it-IT","@id":"https:\/\/secure.gravatar.com\/avatar\/6e228bc6274405e48b6e7c6d51b3fb4c7eb3ce6ea12a9df9fe672f35b3c3f08c?s=96&d=mm&r=g","url":"https:\/\/secure.gravatar.com\/avatar\/6e228bc6274405e48b6e7c6d51b3fb4c7eb3ce6ea12a9df9fe672f35b3c3f08c?s=96&d=mm&r=g","contentUrl":"https:\/\/secure.gravatar.com\/avatar\/6e228bc6274405e48b6e7c6d51b3fb4c7eb3ce6ea12a9df9fe672f35b3c3f08c?s=96&d=mm&r=g","caption":"gestoreyic"},"description":"Sede Legale: Via Pazzano 112 00118 Roma Sede Operativa: Via A. Savastano 2 03043 Cassino (FR) Telefono: +39 0776-23813 Email: info@yesicode.it","url":"https:\/\/comunicacity.net\/san-giorgio-a-liri\/author\/gestoreyic\/"}]}},"meta_box":{"cc4_urg_colore":"","cc4_urg_data_inizio":"","cc4_urg_data_fine":"","cc4_cor_positivi_oggi":"","cc4_cor_negativizzati_oggi":"","cc4_cor_deceduti_oggi":"","cc4_cor_positivi_totali":"","cc4_cor_negativizzati_totali":"","cc4_cor_deceduti_totali":"","cc4_cor_attualmente_positivi":"","cc4_eve_data_inizio":"","cc4_eve_data_fine":"","cc4_eve_indirizzo":"","cc4_eve_posizione":{"latitude":"","longitude":"","zoom":""},"cc4_eve_telefono":"","cc4_eve_email":"","cc4_eve_web":"","cc4_eve_fb":"","sitopa_id":""},"_links":{"self":[{"href":"https:\/\/comunicacity.net\/san-giorgio-a-liri\/wp-json\/wp\/v2\/posts\/468","targetHints":{"allow":["GET"]}}],"collection":[{"href":"https:\/\/comunicacity.net\/san-giorgio-a-liri\/wp-json\/wp\/v2\/posts"}],"about":[{"href":"https:\/\/comunicacity.net\/san-giorgio-a-liri\/wp-json\/wp\/v2\/types\/post"}],"author":[{"embeddable":true,"href":"https:\/\/comunicacity.net\/san-giorgio-a-liri\/wp-json\/wp\/v2\/users\/282"}],"replies":[{"embeddable":true,"href":"https:\/\/comunicacity.net\/san-giorgio-a-liri\/wp-json\/wp\/v2\/comments?post=468"}],"version-history":[{"count":2,"href":"https:\/\/comunicacity.net\/san-giorgio-a-liri\/wp-json\/wp\/v2\/posts\/468\/revisions"}],"predecessor-version":[{"id":472,"href":"https:\/\/comunicacity.net\/san-giorgio-a-liri\/wp-json\/wp\/v2\/posts\/468\/revisions\/472"}],"wp:featuredmedia":[{"embeddable":true,"href":"https:\/\/comunicacity.net\/san-giorgio-a-liri\/wp-json\/wp\/v2\/media\/470"}],"wp:attachment":[{"href":"https:\/\/comunicacity.net\/san-giorgio-a-liri\/wp-json\/wp\/v2\/media?parent=468"}],"wp:term":[{"taxonomy":"category","embeddable":true,"href":"https:\/\/comunicacity.net\/san-giorgio-a-liri\/wp-json\/wp\/v2\/categories?post=468"},{"taxonomy":"post_tag","embeddable":true,"href":"https:\/\/comunicacity.net\/san-giorgio-a-liri\/wp-json\/wp\/v2\/tags?post=468"}],"curies":[{"name":"wp","href":"https:\/\/api.w.org\/{rel}","templated":true}]}}