{"id":675,"date":"2019-12-18T17:44:44","date_gmt":"2019-12-18T16:44:44","guid":{"rendered":"https:\/\/comunicacity.net\/san-giorgio-a-liri\/?p=675"},"modified":"2019-12-18T17:44:44","modified_gmt":"2019-12-18T16:44:44","slug":"dati-ispra-2018-raccolta-differenziata-al-55","status":"publish","type":"post","link":"https:\/\/comunicacity.net\/san-giorgio-a-liri\/2019\/12\/18\/dati-ispra-2018-raccolta-differenziata-al-55\/","title":{"rendered":"Dati Ispra 2018 &#8211; Raccolta differenziata al 55%"},"content":{"rendered":"<p>La raccolta differenziata \u00e8 qualcosa che riguarda tutti noi, il nostro quotidiano, ben pi\u00f9 di quanto immaginiamo. \u00c8 cos\u00ec per tanti fattori, due dei quali estremamente evidenti: la questione ambientale e il risvolto economico della vicenda. Ora, se sull\u2019emergenza ambientale, ahim\u00e8, tante volte facciamo l\u2019errore di disinteressarci, di demandare la soluzione ad altri, sui costi crescenti dello smaltimento dei rifiuti credo sia il caso di soffermarci a riflettere.<\/p>\n<p>Il quadro che\u00a0<span class=\"text_exposed_show\">emerge dai dati Ispra 2018 in relazione al nostro paese non sono affatto confortanti: a San Giorgio a Liri si differenzia soltanto per il 55%. Questo, tornando ai due fattori citati poc\u2019anzi, significa che quasi la met\u00e0 della popolazione non ha ancora coscienza dell\u2019importanza che la raccolta differenziata ha per la salute dell\u2019ambiente e che tutti noi siamo costretti a pagare costi sempre pi\u00f9 elevati sulle bollette Tari.<\/span><\/p>\n<div class=\"text_exposed_show\">\n<p>Per crescere, San Giorgio non pu\u00f2 pi\u00f9 permettersi questi comportamenti poco virtuosi che producono danni per l\u2019intera comunit\u00e0. Faccio appello al senso di responsabilit\u00e0 di ciascun cittadino, al rispetto che ciascuno deve dimostrare di avere verso il posto in cui vive e verso la comunit\u00e0 alla quale appartiene. L\u2019amministrazione comunale, come ha gi\u00e0 iniziato a fare nei mesi scorsi, non far\u00e0 mancare il suo sostegno e il suo impegno in termini di informazione e di sensibilizzazione sul tema. Abbiamo dedicato giornate all\u2019informazione, installato sistemi di sorveglianza, fatto partire un progetto dedicato nelle scuole e per il prossimo futuro abbiamo in programma di fare ancora altro. Ma tutte le nostre azioni non potranno che risultare insufficienti o, peggio, inutili, se non ci sar\u00e0 uno scatto di orgoglio da parte dei cittadini sangiorgesi.<\/p>\n<p>Avere a cuore San Giorgio significa questo, prima di ogni altra cosa: fare ciascuno la propria parte, ogni giorno, per il bene proprio e per quello della collettivit\u00e0.<\/p>\n<p style=\"text-align: right;\"><strong>Il Sindaco\u00a0<\/strong><\/p>\n<p style=\"text-align: right;\"><strong>Francesco Lavalle<\/strong><\/p>\n<\/div>\n","protected":false},"excerpt":{"rendered":"<p>La raccolta differenziata \u00e8 qualcosa che riguarda tutti noi, il nostro quotidiano, ben pi\u00f9 di quanto immaginiamo. \u00c8 cos\u00ec per tanti fattori, due dei quali estremamente evidenti: la questione ambientale [&hellip;]<\/p>\n","protected":false},"author":1,"featured_media":676,"comment_status":"closed","ping_status":"closed","sticky":false,"template":"","format":"standard","meta":{"footnotes":""},"categories":[2],"tags":[],"class_list":["post-675","post","type-post","status-publish","format-standard","has-post-thumbnail","hentry","category-ambiente"],"yoast_head":"<!-- This site is optimized with the Yoast SEO plugin v27.4 - https:\/\/yoast.com\/product\/yoast-seo-wordpress\/ -->\n<title>Dati Ispra 2018 - Raccolta differenziata al 55% - San Giorgio a Liri<\/title>\n<meta name=\"robots\" content=\"index, follow, max-snippet:-1, max-image-preview:large, max-video-preview:-1\" \/>\n<link rel=\"canonical\" href=\"https:\/\/comunicacity.net\/san-giorgio-a-liri\/2019\/12\/18\/dati-ispra-2018-raccolta-differenziata-al-55\/\" \/>\n<meta property=\"og:locale\" content=\"it_IT\" \/>\n<meta property=\"og:type\" content=\"article\" \/>\n<meta property=\"og:title\" content=\"Dati Ispra 2018 - Raccolta differenziata al 55% - San Giorgio a Liri\" \/>\n<meta property=\"og:description\" content=\"La raccolta differenziata \u00e8 qualcosa che riguarda tutti noi, il nostro quotidiano, ben pi\u00f9 di quanto immaginiamo. \u00c8 cos\u00ec per tanti fattori, due dei quali estremamente evidenti: la questione ambientale [&hellip;]\" \/>\n<meta property=\"og:url\" content=\"https:\/\/comunicacity.net\/san-giorgio-a-liri\/2019\/12\/18\/dati-ispra-2018-raccolta-differenziata-al-55\/\" \/>\n<meta property=\"og:site_name\" content=\"San Giorgio a Liri\" \/>\n<meta property=\"article:published_time\" content=\"2019-12-18T16:44:44+00:00\" \/>\n<meta property=\"og:image\" content=\"https:\/\/comunicacity.net\/san-giorgio-a-liri\/wp-content\/uploads\/sites\/4\/2019\/12\/dati-ispra-2018.jpg\" \/>\n\t<meta property=\"og:image:width\" content=\"800\" \/>\n\t<meta property=\"og:image:height\" content=\"800\" \/>\n\t<meta property=\"og:image:type\" content=\"image\/jpeg\" \/>\n<meta name=\"author\" content=\"comunicadmin\" \/>\n<meta name=\"twitter:label1\" content=\"Scritto da\" \/>\n\t<meta name=\"twitter:data1\" content=\"comunicadmin\" \/>\n\t<meta name=\"twitter:label2\" content=\"Tempo di lettura stimato\" \/>\n\t<meta name=\"twitter:data2\" content=\"2 minuti\" \/>\n<script type=\"application\/ld+json\" class=\"yoast-schema-graph\">{\"@context\":\"https:\\\/\\\/schema.org\",\"@graph\":[{\"@type\":\"Article\",\"@id\":\"https:\\\/\\\/comunicacity.net\\\/san-giorgio-a-liri\\\/2019\\\/12\\\/18\\\/dati-ispra-2018-raccolta-differenziata-al-55\\\/#article\",\"isPartOf\":{\"@id\":\"https:\\\/\\\/comunicacity.net\\\/san-giorgio-a-liri\\\/2019\\\/12\\\/18\\\/dati-ispra-2018-raccolta-differenziata-al-55\\\/\"},\"author\":{\"name\":\"comunicadmin\",\"@id\":\"https:\\\/\\\/comunicacity.net\\\/san-giorgio-a-liri\\\/#\\\/schema\\\/person\\\/afdbb374f214a0c80148caaf3018dd53\"},\"headline\":\"Dati Ispra 2018 &#8211; Raccolta differenziata al 55%\",\"datePublished\":\"2019-12-18T16:44:44+00:00\",\"mainEntityOfPage\":{\"@id\":\"https:\\\/\\\/comunicacity.net\\\/san-giorgio-a-liri\\\/2019\\\/12\\\/18\\\/dati-ispra-2018-raccolta-differenziata-al-55\\\/\"},\"wordCount\":312,\"image\":{\"@id\":\"https:\\\/\\\/comunicacity.net\\\/san-giorgio-a-liri\\\/2019\\\/12\\\/18\\\/dati-ispra-2018-raccolta-differenziata-al-55\\\/#primaryimage\"},\"thumbnailUrl\":\"https:\\\/\\\/comunicacity.net\\\/san-giorgio-a-liri\\\/wp-content\\\/uploads\\\/sites\\\/4\\\/2019\\\/12\\\/dati-ispra-2018.jpg\",\"articleSection\":[\"Ambiente\"],\"inLanguage\":\"it-IT\"},{\"@type\":\"WebPage\",\"@id\":\"https:\\\/\\\/comunicacity.net\\\/san-giorgio-a-liri\\\/2019\\\/12\\\/18\\\/dati-ispra-2018-raccolta-differenziata-al-55\\\/\",\"url\":\"https:\\\/\\\/comunicacity.net\\\/san-giorgio-a-liri\\\/2019\\\/12\\\/18\\\/dati-ispra-2018-raccolta-differenziata-al-55\\\/\",\"name\":\"Dati Ispra 2018 - Raccolta differenziata al 55% - San Giorgio a Liri\",\"isPartOf\":{\"@id\":\"https:\\\/\\\/comunicacity.net\\\/san-giorgio-a-liri\\\/#website\"},\"primaryImageOfPage\":{\"@id\":\"https:\\\/\\\/comunicacity.net\\\/san-giorgio-a-liri\\\/2019\\\/12\\\/18\\\/dati-ispra-2018-raccolta-differenziata-al-55\\\/#primaryimage\"},\"image\":{\"@id\":\"https:\\\/\\\/comunicacity.net\\\/san-giorgio-a-liri\\\/2019\\\/12\\\/18\\\/dati-ispra-2018-raccolta-differenziata-al-55\\\/#primaryimage\"},\"thumbnailUrl\":\"https:\\\/\\\/comunicacity.net\\\/san-giorgio-a-liri\\\/wp-content\\\/uploads\\\/sites\\\/4\\\/2019\\\/12\\\/dati-ispra-2018.jpg\",\"datePublished\":\"2019-12-18T16:44:44+00:00\",\"author\":{\"@id\":\"https:\\\/\\\/comunicacity.net\\\/san-giorgio-a-liri\\\/#\\\/schema\\\/person\\\/afdbb374f214a0c80148caaf3018dd53\"},\"breadcrumb\":{\"@id\":\"https:\\\/\\\/comunicacity.net\\\/san-giorgio-a-liri\\\/2019\\\/12\\\/18\\\/dati-ispra-2018-raccolta-differenziata-al-55\\\/#breadcrumb\"},\"inLanguage\":\"it-IT\",\"potentialAction\":[{\"@type\":\"ReadAction\",\"target\":[\"https:\\\/\\\/comunicacity.net\\\/san-giorgio-a-liri\\\/2019\\\/12\\\/18\\\/dati-ispra-2018-raccolta-differenziata-al-55\\\/\"]}]},{\"@type\":\"ImageObject\",\"inLanguage\":\"it-IT\",\"@id\":\"https:\\\/\\\/comunicacity.net\\\/san-giorgio-a-liri\\\/2019\\\/12\\\/18\\\/dati-ispra-2018-raccolta-differenziata-al-55\\\/#primaryimage\",\"url\":\"https:\\\/\\\/comunicacity.net\\\/san-giorgio-a-liri\\\/wp-content\\\/uploads\\\/sites\\\/4\\\/2019\\\/12\\\/dati-ispra-2018.jpg\",\"contentUrl\":\"https:\\\/\\\/comunicacity.net\\\/san-giorgio-a-liri\\\/wp-content\\\/uploads\\\/sites\\\/4\\\/2019\\\/12\\\/dati-ispra-2018.jpg\",\"width\":800,\"height\":800},{\"@type\":\"BreadcrumbList\",\"@id\":\"https:\\\/\\\/comunicacity.net\\\/san-giorgio-a-liri\\\/2019\\\/12\\\/18\\\/dati-ispra-2018-raccolta-differenziata-al-55\\\/#breadcrumb\",\"itemListElement\":[{\"@type\":\"ListItem\",\"position\":1,\"name\":\"Home\",\"item\":\"https:\\\/\\\/comunicacity.net\\\/san-giorgio-a-liri\\\/\"},{\"@type\":\"ListItem\",\"position\":2,\"name\":\"Dati Ispra 2018 &#8211; Raccolta differenziata al 55%\"}]},{\"@type\":\"WebSite\",\"@id\":\"https:\\\/\\\/comunicacity.net\\\/san-giorgio-a-liri\\\/#website\",\"url\":\"https:\\\/\\\/comunicacity.net\\\/san-giorgio-a-liri\\\/\",\"name\":\"San Giorgio a Liri\",\"description\":\"Il Tuo Comune che Comunica\",\"potentialAction\":[{\"@type\":\"SearchAction\",\"target\":{\"@type\":\"EntryPoint\",\"urlTemplate\":\"https:\\\/\\\/comunicacity.net\\\/san-giorgio-a-liri\\\/?s={search_term_string}\"},\"query-input\":{\"@type\":\"PropertyValueSpecification\",\"valueRequired\":true,\"valueName\":\"search_term_string\"}}],\"inLanguage\":\"it-IT\"},{\"@type\":\"Person\",\"@id\":\"https:\\\/\\\/comunicacity.net\\\/san-giorgio-a-liri\\\/#\\\/schema\\\/person\\\/afdbb374f214a0c80148caaf3018dd53\",\"name\":\"comunicadmin\",\"image\":{\"@type\":\"ImageObject\",\"inLanguage\":\"it-IT\",\"@id\":\"https:\\\/\\\/secure.gravatar.com\\\/avatar\\\/238a7f01be6e5f09c36aedef94fb10ae47d52a6a71608e5985bef2a1560a0d9b?s=96&d=mm&r=g\",\"url\":\"https:\\\/\\\/secure.gravatar.com\\\/avatar\\\/238a7f01be6e5f09c36aedef94fb10ae47d52a6a71608e5985bef2a1560a0d9b?s=96&d=mm&r=g\",\"contentUrl\":\"https:\\\/\\\/secure.gravatar.com\\\/avatar\\\/238a7f01be6e5f09c36aedef94fb10ae47d52a6a71608e5985bef2a1560a0d9b?s=96&d=mm&r=g\",\"caption\":\"comunicadmin\"},\"sameAs\":[\"http:\\\/\\\/www.comunicacity.it\"],\"url\":\"https:\\\/\\\/comunicacity.net\\\/san-giorgio-a-liri\\\/author\\\/comunicadmin\\\/\"}]}<\/script>\n<!-- \/ Yoast SEO plugin. -->","yoast_head_json":{"title":"Dati Ispra 2018 - Raccolta differenziata al 55% - San Giorgio a Liri","robots":{"index":"index","follow":"follow","max-snippet":"max-snippet:-1","max-image-preview":"max-image-preview:large","max-video-preview":"max-video-preview:-1"},"canonical":"https:\/\/comunicacity.net\/san-giorgio-a-liri\/2019\/12\/18\/dati-ispra-2018-raccolta-differenziata-al-55\/","og_locale":"it_IT","og_type":"article","og_title":"Dati Ispra 2018 - Raccolta differenziata al 55% - San Giorgio a Liri","og_description":"La raccolta differenziata \u00e8 qualcosa che riguarda tutti noi, il nostro quotidiano, ben pi\u00f9 di quanto immaginiamo. \u00c8 cos\u00ec per tanti fattori, due dei quali estremamente evidenti: la questione ambientale [&hellip;]","og_url":"https:\/\/comunicacity.net\/san-giorgio-a-liri\/2019\/12\/18\/dati-ispra-2018-raccolta-differenziata-al-55\/","og_site_name":"San Giorgio a Liri","article_published_time":"2019-12-18T16:44:44+00:00","og_image":[{"width":800,"height":800,"url":"https:\/\/comunicacity.net\/san-giorgio-a-liri\/wp-content\/uploads\/sites\/4\/2019\/12\/dati-ispra-2018.jpg","type":"image\/jpeg"}],"author":"comunicadmin","twitter_misc":{"Scritto da":"comunicadmin","Tempo di lettura stimato":"2 minuti"},"schema":{"@context":"https:\/\/schema.org","@graph":[{"@type":"Article","@id":"https:\/\/comunicacity.net\/san-giorgio-a-liri\/2019\/12\/18\/dati-ispra-2018-raccolta-differenziata-al-55\/#article","isPartOf":{"@id":"https:\/\/comunicacity.net\/san-giorgio-a-liri\/2019\/12\/18\/dati-ispra-2018-raccolta-differenziata-al-55\/"},"author":{"name":"comunicadmin","@id":"https:\/\/comunicacity.net\/san-giorgio-a-liri\/#\/schema\/person\/afdbb374f214a0c80148caaf3018dd53"},"headline":"Dati Ispra 2018 &#8211; Raccolta differenziata al 55%","datePublished":"2019-12-18T16:44:44+00:00","mainEntityOfPage":{"@id":"https:\/\/comunicacity.net\/san-giorgio-a-liri\/2019\/12\/18\/dati-ispra-2018-raccolta-differenziata-al-55\/"},"wordCount":312,"image":{"@id":"https:\/\/comunicacity.net\/san-giorgio-a-liri\/2019\/12\/18\/dati-ispra-2018-raccolta-differenziata-al-55\/#primaryimage"},"thumbnailUrl":"https:\/\/comunicacity.net\/san-giorgio-a-liri\/wp-content\/uploads\/sites\/4\/2019\/12\/dati-ispra-2018.jpg","articleSection":["Ambiente"],"inLanguage":"it-IT"},{"@type":"WebPage","@id":"https:\/\/comunicacity.net\/san-giorgio-a-liri\/2019\/12\/18\/dati-ispra-2018-raccolta-differenziata-al-55\/","url":"https:\/\/comunicacity.net\/san-giorgio-a-liri\/2019\/12\/18\/dati-ispra-2018-raccolta-differenziata-al-55\/","name":"Dati Ispra 2018 - Raccolta differenziata al 55% - San Giorgio a Liri","isPartOf":{"@id":"https:\/\/comunicacity.net\/san-giorgio-a-liri\/#website"},"primaryImageOfPage":{"@id":"https:\/\/comunicacity.net\/san-giorgio-a-liri\/2019\/12\/18\/dati-ispra-2018-raccolta-differenziata-al-55\/#primaryimage"},"image":{"@id":"https:\/\/comunicacity.net\/san-giorgio-a-liri\/2019\/12\/18\/dati-ispra-2018-raccolta-differenziata-al-55\/#primaryimage"},"thumbnailUrl":"https:\/\/comunicacity.net\/san-giorgio-a-liri\/wp-content\/uploads\/sites\/4\/2019\/12\/dati-ispra-2018.jpg","datePublished":"2019-12-18T16:44:44+00:00","author":{"@id":"https:\/\/comunicacity.net\/san-giorgio-a-liri\/#\/schema\/person\/afdbb374f214a0c80148caaf3018dd53"},"breadcrumb":{"@id":"https:\/\/comunicacity.net\/san-giorgio-a-liri\/2019\/12\/18\/dati-ispra-2018-raccolta-differenziata-al-55\/#breadcrumb"},"inLanguage":"it-IT","potentialAction":[{"@type":"ReadAction","target":["https:\/\/comunicacity.net\/san-giorgio-a-liri\/2019\/12\/18\/dati-ispra-2018-raccolta-differenziata-al-55\/"]}]},{"@type":"ImageObject","inLanguage":"it-IT","@id":"https:\/\/comunicacity.net\/san-giorgio-a-liri\/2019\/12\/18\/dati-ispra-2018-raccolta-differenziata-al-55\/#primaryimage","url":"https:\/\/comunicacity.net\/san-giorgio-a-liri\/wp-content\/uploads\/sites\/4\/2019\/12\/dati-ispra-2018.jpg","contentUrl":"https:\/\/comunicacity.net\/san-giorgio-a-liri\/wp-content\/uploads\/sites\/4\/2019\/12\/dati-ispra-2018.jpg","width":800,"height":800},{"@type":"BreadcrumbList","@id":"https:\/\/comunicacity.net\/san-giorgio-a-liri\/2019\/12\/18\/dati-ispra-2018-raccolta-differenziata-al-55\/#breadcrumb","itemListElement":[{"@type":"ListItem","position":1,"name":"Home","item":"https:\/\/comunicacity.net\/san-giorgio-a-liri\/"},{"@type":"ListItem","position":2,"name":"Dati Ispra 2018 &#8211; Raccolta differenziata al 55%"}]},{"@type":"WebSite","@id":"https:\/\/comunicacity.net\/san-giorgio-a-liri\/#website","url":"https:\/\/comunicacity.net\/san-giorgio-a-liri\/","name":"San Giorgio a Liri","description":"Il Tuo Comune che Comunica","potentialAction":[{"@type":"SearchAction","target":{"@type":"EntryPoint","urlTemplate":"https:\/\/comunicacity.net\/san-giorgio-a-liri\/?s={search_term_string}"},"query-input":{"@type":"PropertyValueSpecification","valueRequired":true,"valueName":"search_term_string"}}],"inLanguage":"it-IT"},{"@type":"Person","@id":"https:\/\/comunicacity.net\/san-giorgio-a-liri\/#\/schema\/person\/afdbb374f214a0c80148caaf3018dd53","name":"comunicadmin","image":{"@type":"ImageObject","inLanguage":"it-IT","@id":"https:\/\/secure.gravatar.com\/avatar\/238a7f01be6e5f09c36aedef94fb10ae47d52a6a71608e5985bef2a1560a0d9b?s=96&d=mm&r=g","url":"https:\/\/secure.gravatar.com\/avatar\/238a7f01be6e5f09c36aedef94fb10ae47d52a6a71608e5985bef2a1560a0d9b?s=96&d=mm&r=g","contentUrl":"https:\/\/secure.gravatar.com\/avatar\/238a7f01be6e5f09c36aedef94fb10ae47d52a6a71608e5985bef2a1560a0d9b?s=96&d=mm&r=g","caption":"comunicadmin"},"sameAs":["http:\/\/www.comunicacity.it"],"url":"https:\/\/comunicacity.net\/san-giorgio-a-liri\/author\/comunicadmin\/"}]}},"meta_box":{"cc4_urg_colore":"","cc4_urg_data_inizio":"","cc4_urg_data_fine":"","cc4_cor_positivi_oggi":"","cc4_cor_negativizzati_oggi":"","cc4_cor_deceduti_oggi":"","cc4_cor_positivi_totali":"","cc4_cor_negativizzati_totali":"","cc4_cor_deceduti_totali":"","cc4_cor_attualmente_positivi":"","cc4_eve_data_inizio":"","cc4_eve_data_fine":"","cc4_eve_indirizzo":"","cc4_eve_posizione":{"latitude":"","longitude":"","zoom":""},"cc4_eve_telefono":"","cc4_eve_email":"","cc4_eve_web":"","cc4_eve_fb":"","sitopa_id":""},"_links":{"self":[{"href":"https:\/\/comunicacity.net\/san-giorgio-a-liri\/wp-json\/wp\/v2\/posts\/675","targetHints":{"allow":["GET"]}}],"collection":[{"href":"https:\/\/comunicacity.net\/san-giorgio-a-liri\/wp-json\/wp\/v2\/posts"}],"about":[{"href":"https:\/\/comunicacity.net\/san-giorgio-a-liri\/wp-json\/wp\/v2\/types\/post"}],"author":[{"embeddable":true,"href":"https:\/\/comunicacity.net\/san-giorgio-a-liri\/wp-json\/wp\/v2\/users\/1"}],"replies":[{"embeddable":true,"href":"https:\/\/comunicacity.net\/san-giorgio-a-liri\/wp-json\/wp\/v2\/comments?post=675"}],"version-history":[{"count":1,"href":"https:\/\/comunicacity.net\/san-giorgio-a-liri\/wp-json\/wp\/v2\/posts\/675\/revisions"}],"predecessor-version":[{"id":677,"href":"https:\/\/comunicacity.net\/san-giorgio-a-liri\/wp-json\/wp\/v2\/posts\/675\/revisions\/677"}],"wp:featuredmedia":[{"embeddable":true,"href":"https:\/\/comunicacity.net\/san-giorgio-a-liri\/wp-json\/wp\/v2\/media\/676"}],"wp:attachment":[{"href":"https:\/\/comunicacity.net\/san-giorgio-a-liri\/wp-json\/wp\/v2\/media?parent=675"}],"wp:term":[{"taxonomy":"category","embeddable":true,"href":"https:\/\/comunicacity.net\/san-giorgio-a-liri\/wp-json\/wp\/v2\/categories?post=675"},{"taxonomy":"post_tag","embeddable":true,"href":"https:\/\/comunicacity.net\/san-giorgio-a-liri\/wp-json\/wp\/v2\/tags?post=675"}],"curies":[{"name":"wp","href":"https:\/\/api.w.org\/{rel}","templated":true}]}}