{"id":20416,"date":"2024-05-30T18:33:00","date_gmt":"2024-05-30T16:33:00","guid":{"rendered":"https:\/\/comunicacity.net\/sangiovanniincarico\/?p=20416"},"modified":"2024-05-30T20:55:26","modified_gmt":"2024-05-30T18:55:26","slug":"tanti-auguri-a-nonna-concetta-piccirilli-peri-i-suoi100-anni","status":"publish","type":"post","link":"https:\/\/comunicacity.net\/sangiovanniincarico\/2024\/05\/30\/tanti-auguri-a-nonna-concetta-piccirilli-peri-i-suoi100-anni\/","title":{"rendered":"Tanti auguri a nonna Concetta Piccirilli peri i suoi100 anni"},"content":{"rendered":"<p><em>Il sindaco Paolo Fallone la nomina sindaco per un giorno.<\/em>&nbsp;<\/p>\n<p><b>Descrizione&nbsp;<\/b><\/p>\n<p>Oggi, il sindaco Paolo Fallone, il vicesindaco Marco Di Santo, il presidente del Consiglio comunale Gaetano Battaglini e il consigliere Angelo Petrucci, \u00a0si sono recati presso la casa di riposo Madre Agnese\u00a0 per festeggiare\u00a0 nonna\u00a0 Concetta Piccirilli, classe 1924. Qui \u00a0anche i suoi nipoti, parenti, amici e cittadini, si sono stretti accanto a lei per celebrare questo grande traguardo.<br \/>\nLa signora Concetta, nata a San Giovanni Incarico il 30 maggio 1924 dall\u2019unione dei genitori Cristoforo Piccirilli e Giuseppina Toti. Attualmente \u00e8 l\u2019unica vivente di cinque fratelli: Paola, Lucia e Anna e Antonio. Viveva da sempre con la sorella Anna, che come lei non si era mai sposata. Con lei port\u00f2 avanti, per tantissimi anni, l\u2019attivit\u00e0 di fornaia con una piccola produzione di pane e pizza molto apprezzata anche dai paesi limitrofi. Lei insieme alla sorella, oltre al lavoro, si sono dedicate amorevolmente e totalmente ai sei nipoti che oggi la festeggiano insieme agli otto pronipoti.<\/p>\n<p style=\"font-weight: 400\">Sopravvissuta al secondo conflitto mondiale e alle tante difficolt\u00e0 relative alla ricostruzione socio &#8211; economica si \u00e8 spesa a servizio della sua famiglia trascorrendo la sua esistenza in modo semplice ed esemplare.\u00a0 Solare e sorridente ha visto il passaggio di pi\u00f9 generazioni che oggi, con orgoglio, la festeggiano con tutta la comunit\u00e0 sangiovannese iscrivendola all&#8217;Albo dei centenari.<br \/>\nIn questa speciale occasione, la Giunta comunale, su proposta del sindaco Paolo Fallone, ha voluto conferire alla signora Concetta Piccirilli, per il compimento dei suoi 100 anni, la nomina di Sindaco per un giorno.\u00a0\u00a0Il momento pi\u00f9 emozionante dei festeggiamenti \u00e8 stato, infatti, la cerimonia di consegna della fascia tricolore che il sindaco Paolo Fallone ha ceduto alla centenaria, diventata Sindaco di San Giovanni Incarico per un giorno.<\/p>\n<p><strong>Le dichiarazioni del sindaco Paolo Fallone<\/strong><\/p>\n<p style=\"font-weight: 400\">\u201cQuesto traguardo \u00e8 per tutti noi motivo di grande orgoglio per l&#8217;intera comunit\u00e0. La cara nonna Concetta Piccirilli \u00e8 oggi, unitamente ai numerosi centenari del nostro paese, l\u2019emblema della longevit\u00e0, il simbolo di un&#8217;esistenza che lascia un segno indelebile nella comunit\u00e0 e nei nostri cuori. La signora Concetta Piccirilli, &#8211;\u00a0 prosegue il sindaco Fallone &#8211; ci d\u00e0 l\u2019opportunit\u00e0 di ripercorrere un passato che ha segnato la storia del nostro paese colpito dalla guerra, con tutte le tristi conseguenze, \u00a0rafforzando la nostra carissima concittadina che merita, per aver vissuto in modo semplice, attivo e generoso di essere sindaco del nostro paese per un giorno.<br \/>\nLei \u00e8 per tutti noi un esempio di vita che arricchisce la nostra comunit\u00e0 trasmettendo quei valori fondamentali per costruire, giorno dopo giorno una societ\u00e0 migliore. Il mio augurio e quello dell\u2019intera Amministrazione comunale &#8211; conclude il sindaco Fallone &#8211; va alla cara signora Concetta, ai suoi nipoti, pronipoti e a tutti i suoi familiari per il suo centesimo compleanno, certo di rappresentare il sentimento dell\u2019intera comunit\u00e0 che oggi si stringe accanto a lei. Un grazie, per la cura degli anziani e della nostra centenaria, va alla direzione e allo staff della casa di riposo Madre Agnese.\u201d<\/p>\n<p style=\"font-weight: 400\">L\u2019appuntamento si \u00e8 concluso con una grande festa organizzata dalla direzione della Casa di riposo Madre Agnese e dai suoi familiari. Un momento molto importante per tutti e, soprattutto, per la festeggiata nonna Concetta che con emozione ha vissuto questo traguardo da Sindaco per un giorno.<\/p>\n<p style=\"font-weight: 400\">\n<p>&nbsp;<\/p>\n<p><b>Immagini e Video&nbsp;<\/b><\/p>\n<p><img src='https:\/\/comune.sangiovanniincarico.fr.it\/wp-content\/uploads\/2024\/05\/IMG_3689.jpg' alt='image'><\/p>\n<p><img src='https:\/\/comune.sangiovanniincarico.fr.it\/wp-content\/uploads\/2024\/05\/IMG_3690.jpg' alt='image'><\/p>\n<p><img src='https:\/\/comune.sangiovanniincarico.fr.it\/wp-content\/uploads\/2024\/05\/IMG_3691.jpg' alt='image'><\/p>\n<p><img src='https:\/\/comune.sangiovanniincarico.fr.it\/wp-content\/uploads\/2024\/05\/IMG_3692.jpg' alt='image'><\/p>\n<p><img src='https:\/\/comune.sangiovanniincarico.fr.it\/wp-content\/uploads\/2024\/05\/IMG_3693.jpg' alt='image'><\/p>\n<p><img src='https:\/\/comune.sangiovanniincarico.fr.it\/wp-content\/uploads\/2024\/05\/IMG_3694.jpg' alt='image'><\/p>\n<p><img src='https:\/\/comune.sangiovanniincarico.fr.it\/wp-content\/uploads\/2024\/05\/IMG_3695.jpg' alt='image'><\/p>\n<p><img src='https:\/\/comune.sangiovanniincarico.fr.it\/wp-content\/uploads\/2024\/05\/IMG_3698.jpg' alt='image'><\/p>\n<p><img src='https:\/\/comune.sangiovanniincarico.fr.it\/wp-content\/uploads\/2024\/05\/IMG_3699.jpg' alt='image'><\/p>\n<p><img src='https:\/\/comune.sangiovanniincarico.fr.it\/wp-content\/uploads\/2024\/05\/IMG_3700.jpg' alt='image'><\/p>\n<p><img src='https:\/\/comune.sangiovanniincarico.fr.it\/wp-content\/uploads\/2024\/05\/IMG_3705.jpg' alt='image'><\/p>\n<p><img src='https:\/\/comune.sangiovanniincarico.fr.it\/wp-content\/uploads\/2024\/05\/IMG_3707.jpg' alt='image'><\/p>\n<p><img src='https:\/\/comune.sangiovanniincarico.fr.it\/wp-content\/uploads\/2024\/05\/IMG_3710.jpg' alt='image'><\/p>\n<p><img src='https:\/\/comune.sangiovanniincarico.fr.it\/wp-content\/uploads\/2024\/05\/IMG_3711.jpg' alt='image'><\/p>\n<p><img src='https:\/\/comune.sangiovanniincarico.fr.it\/wp-content\/uploads\/2024\/05\/IMG_3712.jpg' alt='image'><\/p>\n<p><img src='https:\/\/comune.sangiovanniincarico.fr.it\/wp-content\/uploads\/2024\/05\/IMG_3713.jpg' alt='image'><\/p>\n<p><img src='https:\/\/comune.sangiovanniincarico.fr.it\/wp-content\/uploads\/2024\/05\/IMG_3714.jpg' alt='image'><\/p>\n<p><img src='https:\/\/comune.sangiovanniincarico.fr.it\/wp-content\/uploads\/2024\/05\/IMG_3715.jpg' alt='image'><\/p>\n<p><img src='https:\/\/comune.sangiovanniincarico.fr.it\/wp-content\/uploads\/2024\/05\/IMG_3716.jpg' alt='image'><\/p>\n<p><img src='https:\/\/comune.sangiovanniincarico.fr.it\/wp-content\/uploads\/2024\/05\/IMG_3717.jpg' alt='image'><\/p>\n<p><img src='https:\/\/comune.sangiovanniincarico.fr.it\/wp-content\/uploads\/2024\/05\/IMG_3718.jpg' alt='image'><\/p>\n<p><img src='https:\/\/comune.sangiovanniincarico.fr.it\/wp-content\/uploads\/2024\/05\/IMG_3719.jpg' alt='image'><\/p>\n<p><img src='https:\/\/comune.sangiovanniincarico.fr.it\/wp-content\/uploads\/2024\/05\/IMG_3720.jpg' alt='image'><\/p>\n<p><img src='https:\/\/comune.sangiovanniincarico.fr.it\/wp-content\/uploads\/2024\/05\/IMG_3721.jpg' alt='image'><\/p>\n<p><img src='https:\/\/comune.sangiovanniincarico.fr.it\/wp-content\/uploads\/2024\/05\/IMG_3722.jpg' alt='image'><\/p>\n<p><img src='https:\/\/comune.sangiovanniincarico.fr.it\/wp-content\/uploads\/2024\/05\/IMG_3723.jpg' alt='image'><\/p>\n<p><img src='https:\/\/comune.sangiovanniincarico.fr.it\/wp-content\/uploads\/2024\/05\/IMG_3724.jpg' alt='image'><\/p>\n<p><img src='https:\/\/comune.sangiovanniincarico.fr.it\/wp-content\/uploads\/2024\/05\/IMG_3725.jpg' alt='image'><\/p>\n<p><img src='https:\/\/comune.sangiovanniincarico.fr.it\/wp-content\/uploads\/2024\/05\/IMG_3726.jpg' alt='image'><\/p>\n<p><img src='https:\/\/comune.sangiovanniincarico.fr.it\/wp-content\/uploads\/2024\/05\/IMG_3727.jpg' alt='image'><\/p>\n<p><img src='https:\/\/comune.sangiovanniincarico.fr.it\/wp-content\/uploads\/2024\/05\/IMG_3728.jpg' alt='image'><\/p>\n<p><img src='https:\/\/comune.sangiovanniincarico.fr.it\/wp-content\/uploads\/2024\/05\/IMG_3729.jpg' alt='image'><\/p>\n<p><img src='https:\/\/comune.sangiovanniincarico.fr.it\/wp-content\/uploads\/2024\/05\/IMG_3730.jpg' alt='image'><\/p>\n<p><img src='https:\/\/comune.sangiovanniincarico.fr.it\/wp-content\/uploads\/2024\/05\/IMG_3731.jpg' alt='image'><\/p>\n<p><img src='https:\/\/comune.sangiovanniincarico.fr.it\/wp-content\/uploads\/2024\/05\/IMG_3733.jpg' alt='image'><\/p>\n<p><img src='https:\/\/comune.sangiovanniincarico.fr.it\/wp-content\/uploads\/2024\/05\/IMG_3734.jpg' alt='image'><\/p>\n<p><img src='https:\/\/comune.sangiovanniincarico.fr.it\/wp-content\/uploads\/2024\/05\/IMG_3735.jpg' alt='image'><\/p>\n<p><img src='https:\/\/comune.sangiovanniincarico.fr.it\/wp-content\/uploads\/2024\/05\/IMG_3736.jpg' alt='image'><\/p>\n<p><img src='https:\/\/comune.sangiovanniincarico.fr.it\/wp-content\/uploads\/2024\/05\/IMG_3737.jpg' alt='image'><\/p>\n<p><img src='https:\/\/comune.sangiovanniincarico.fr.it\/wp-content\/uploads\/2024\/05\/IMG_3738.jpg' alt='image'><\/p>\n<p><img src='https:\/\/comune.sangiovanniincarico.fr.it\/wp-content\/uploads\/2024\/05\/IMG_3739.jpg' alt='image'><\/p>\n<p><img src='https:\/\/comune.sangiovanniincarico.fr.it\/wp-content\/uploads\/2024\/05\/IMG_3741-rotated.jpg' alt='image'><\/p>\n<p><img src='https:\/\/comune.sangiovanniincarico.fr.it\/wp-content\/uploads\/2024\/05\/IMG_3743.jpg' alt='image'><\/p>\n<p><img src='https:\/\/comune.sangiovanniincarico.fr.it\/wp-content\/uploads\/2024\/05\/IMG_3746.jpg' alt='image'><\/p>\n<p><img src='https:\/\/comune.sangiovanniincarico.fr.it\/wp-content\/uploads\/2024\/05\/IMG_3748.jpg' alt='image'><\/p>\n<p><img src='https:\/\/comune.sangiovanniincarico.fr.it\/wp-content\/uploads\/2024\/05\/IMG_3749.jpg' alt='image'><\/p>\n<p><img src='https:\/\/comune.sangiovanniincarico.fr.it\/wp-content\/uploads\/2024\/05\/IMG_3750.jpg' alt='image'><\/p>\n<p><img src='https:\/\/comune.sangiovanniincarico.fr.it\/wp-content\/uploads\/2024\/05\/IMG_3751.jpg' alt='image'><\/p>\n<p><img src='https:\/\/comune.sangiovanniincarico.fr.it\/wp-content\/uploads\/2024\/05\/IMG_3755.jpg' alt='image'><\/p>\n<p><img src='https:\/\/comune.sangiovanniincarico.fr.it\/wp-content\/uploads\/2024\/05\/IMG_3756.jpg' alt='image'><\/p>\n<p><img src='https:\/\/comune.sangiovanniincarico.fr.it\/wp-content\/uploads\/2024\/05\/IMG_3758.jpg' alt='image'><\/p>\n<p><img src='https:\/\/comune.sangiovanniincarico.fr.it\/wp-content\/uploads\/2024\/05\/IMG_3760.jpg' alt='image'><\/p>\n<p><img src='https:\/\/comune.sangiovanniincarico.fr.it\/wp-content\/uploads\/2024\/05\/IMG_3762.jpg' alt='image'><\/p>\n<p><img src='https:\/\/comune.sangiovanniincarico.fr.it\/wp-content\/uploads\/2024\/05\/IMG_3764.jpg' alt='image'><\/p>\n<p><img src='https:\/\/comune.sangiovanniincarico.fr.it\/wp-content\/uploads\/2024\/05\/IMG_3768.jpg' alt='image'><\/p>\n<p><img src='https:\/\/comune.sangiovanniincarico.fr.it\/wp-content\/uploads\/2024\/05\/IMG_3769.jpg' alt='image'><\/p>\n<p><img src='https:\/\/comune.sangiovanniincarico.fr.it\/wp-content\/uploads\/2024\/05\/IMG_3770.jpg' alt='image'><\/p>\n<p><img src='https:\/\/comune.sangiovanniincarico.fr.it\/wp-content\/uploads\/2024\/05\/IMG_3773.jpg' alt='image'><\/p>\n<p><img src='https:\/\/comune.sangiovanniincarico.fr.it\/wp-content\/uploads\/2024\/05\/IMG_3776.jpg' alt='image'><\/p>\n<p><img src='https:\/\/comune.sangiovanniincarico.fr.it\/wp-content\/uploads\/2024\/05\/IMG_3777.jpg' alt='image'><\/p>\n<p><img src='https:\/\/comune.sangiovanniincarico.fr.it\/wp-content\/uploads\/2024\/05\/IMG_3778.jpg' alt='image'><\/p>\n<p><img src='https:\/\/comune.sangiovanniincarico.fr.it\/wp-content\/uploads\/2024\/05\/IMG_3783.jpg' alt='image'><\/p>\n<p><img src='https:\/\/comune.sangiovanniincarico.fr.it\/wp-content\/uploads\/2024\/05\/IMG_3784.jpg' alt='image'><\/p>\n<p><img src='https:\/\/comune.sangiovanniincarico.fr.it\/wp-content\/uploads\/2024\/05\/IMG_3785.jpg' alt='image'><\/p>\n<p><img src='https:\/\/comune.sangiovanniincarico.fr.it\/wp-content\/uploads\/2024\/05\/IMG_3786.jpg' alt='image'><\/p>\n<p><img src='https:\/\/comune.sangiovanniincarico.fr.it\/wp-content\/uploads\/2024\/05\/IMG_3789.jpg' alt='image'><\/p>\n<p><img src='https:\/\/comune.sangiovanniincarico.fr.it\/wp-content\/uploads\/2024\/05\/IMG_3798.jpg' alt='image'><\/p>\n<p><img src='https:\/\/comune.sangiovanniincarico.fr.it\/wp-content\/uploads\/2024\/05\/IMG_3803.jpg' alt='image'><\/p>\n<p><img src='https:\/\/comune.sangiovanniincarico.fr.it\/wp-content\/uploads\/2024\/05\/IMG_3804.jpg' alt='image'><\/p>\n<p><img src='https:\/\/comune.sangiovanniincarico.fr.it\/wp-content\/uploads\/2024\/05\/IMG_3805.jpg' alt='image'><\/p>\n<p><img src='https:\/\/comune.sangiovanniincarico.fr.it\/wp-content\/uploads\/2024\/05\/IMG_3806.jpg' alt='image'><\/p>\n<p><img src='https:\/\/comune.sangiovanniincarico.fr.it\/wp-content\/uploads\/2024\/05\/IMG_3807.jpg' alt='image'><\/p>\n<div id='wpba_attachment_list' class=''>\n<div class='ui list'><h3 style=\"display:none;\">\ud83d\udcce Allegati<\/h3><ul><li><a id=\"wpba_attachment_list_20437\" class=\"y-skip-href item\" href=\"https:\/\/comunicacity.net\/sangiovanniincarico\/wp-content\/uploads\/sites\/161\/2024\/05\/delibera_giunta_n_44.pdf\" onclick=\"window.open('https:\/\/comunicacity.net\/sangiovanniincarico\/wp-content\/uploads\/sites\/161\/2024\/05\/delibera_giunta_n_44.pdf', '_system'); return false;\"><i class='icon attachment'><\/i>delibera_giunta_n_44<\/a><\/li>\n<\/ul><\/div><\/div>\n","protected":false},"excerpt":{"rendered":"<p>Il sindaco Paolo Fallone la nomina sindaco per un giorno.&nbsp; Descrizione&nbsp; Oggi, il sindaco Paolo Fallone, il vicesindaco Marco Di Santo, il presidente del Consiglio comunale Gaetano Battaglini e il [&hellip;]<\/p>\n","protected":false},"author":286,"featured_media":20436,"comment_status":"closed","ping_status":"open","sticky":false,"template":"","format":"standard","meta":{"footnotes":""},"categories":[18],"tags":[],"class_list":["post-20416","post","type-post","status-publish","format-standard","has-post-thumbnail","hentry","category-notizie-e-informazioni"],"yoast_head":"<!-- This site is optimized with the Yoast SEO plugin v27.4 - https:\/\/yoast.com\/product\/yoast-seo-wordpress\/ -->\n<title>Tanti auguri a nonna Concetta Piccirilli peri i suoi100 anni - San Giovanni Incarico<\/title>\n<meta name=\"robots\" content=\"index, follow, max-snippet:-1, max-image-preview:large, max-video-preview:-1\" \/>\n<link rel=\"canonical\" href=\"https:\/\/comunicacity.net\/sangiovanniincarico\/2024\/05\/30\/tanti-auguri-a-nonna-concetta-piccirilli-peri-i-suoi100-anni\/\" \/>\n<meta property=\"og:locale\" content=\"it_IT\" \/>\n<meta property=\"og:type\" content=\"article\" \/>\n<meta property=\"og:title\" content=\"Tanti auguri a nonna Concetta Piccirilli peri i suoi100 anni - San Giovanni Incarico\" \/>\n<meta property=\"og:description\" content=\"Il sindaco Paolo Fallone la nomina sindaco per un giorno.&nbsp; Descrizione&nbsp; Oggi, il sindaco Paolo Fallone, il vicesindaco Marco Di Santo, il presidente del Consiglio comunale Gaetano Battaglini e il [&hellip;]\" \/>\n<meta property=\"og:url\" content=\"https:\/\/comunicacity.net\/sangiovanniincarico\/2024\/05\/30\/tanti-auguri-a-nonna-concetta-piccirilli-peri-i-suoi100-anni\/\" \/>\n<meta property=\"og:site_name\" content=\"San Giovanni Incarico\" \/>\n<meta property=\"article:publisher\" content=\"http:\/\/facebook.com\/ComunicaCity\" \/>\n<meta property=\"article:published_time\" content=\"2024-05-30T16:33:00+00:00\" \/>\n<meta property=\"article:modified_time\" content=\"2024-05-30T18:55:26+00:00\" \/>\n<meta property=\"og:image\" content=\"https:\/\/comunicacity.net\/sangiovanniincarico\/wp-content\/uploads\/sites\/161\/2024\/05\/IMG_3738-1.jpg\" \/>\n\t<meta property=\"og:image:width\" content=\"640\" \/>\n\t<meta property=\"og:image:height\" content=\"480\" \/>\n\t<meta property=\"og:image:type\" content=\"image\/jpeg\" \/>\n<meta name=\"author\" content=\"Gaetano Battaglini\" \/>\n<meta name=\"twitter:card\" content=\"summary_large_image\" \/>\n<meta name=\"twitter:creator\" content=\"@comunicacity\" \/>\n<meta name=\"twitter:site\" content=\"@comunicacity\" \/>\n<meta name=\"twitter:label1\" content=\"Scritto da\" \/>\n\t<meta name=\"twitter:data1\" content=\"Gaetano Battaglini\" \/>\n\t<meta name=\"twitter:label2\" content=\"Tempo di lettura stimato\" \/>\n\t<meta name=\"twitter:data2\" content=\"3 minuti\" \/>\n<script type=\"application\/ld+json\" class=\"yoast-schema-graph\">{\"@context\":\"https:\\\/\\\/schema.org\",\"@graph\":[{\"@type\":\"Article\",\"@id\":\"https:\\\/\\\/comunicacity.net\\\/sangiovanniincarico\\\/2024\\\/05\\\/30\\\/tanti-auguri-a-nonna-concetta-piccirilli-peri-i-suoi100-anni\\\/#article\",\"isPartOf\":{\"@id\":\"https:\\\/\\\/comunicacity.net\\\/sangiovanniincarico\\\/2024\\\/05\\\/30\\\/tanti-auguri-a-nonna-concetta-piccirilli-peri-i-suoi100-anni\\\/\"},\"author\":{\"name\":\"Gaetano Battaglini\",\"@id\":\"https:\\\/\\\/comunicacity.net\\\/sangiovanniincarico\\\/#\\\/schema\\\/person\\\/e4e1b3a6890057bbfac2ee07c88d9009\"},\"headline\":\"Tanti auguri a nonna Concetta Piccirilli peri i suoi100 anni\",\"datePublished\":\"2024-05-30T16:33:00+00:00\",\"dateModified\":\"2024-05-30T18:55:26+00:00\",\"mainEntityOfPage\":{\"@id\":\"https:\\\/\\\/comunicacity.net\\\/sangiovanniincarico\\\/2024\\\/05\\\/30\\\/tanti-auguri-a-nonna-concetta-piccirilli-peri-i-suoi100-anni\\\/\"},\"wordCount\":557,\"image\":{\"@id\":\"https:\\\/\\\/comunicacity.net\\\/sangiovanniincarico\\\/2024\\\/05\\\/30\\\/tanti-auguri-a-nonna-concetta-piccirilli-peri-i-suoi100-anni\\\/#primaryimage\"},\"thumbnailUrl\":\"https:\\\/\\\/comunicacity.net\\\/sangiovanniincarico\\\/wp-content\\\/uploads\\\/sites\\\/161\\\/2024\\\/05\\\/IMG_3738-1.jpg\",\"articleSection\":[\"Notizie e Informazioni\"],\"inLanguage\":\"it-IT\"},{\"@type\":\"WebPage\",\"@id\":\"https:\\\/\\\/comunicacity.net\\\/sangiovanniincarico\\\/2024\\\/05\\\/30\\\/tanti-auguri-a-nonna-concetta-piccirilli-peri-i-suoi100-anni\\\/\",\"url\":\"https:\\\/\\\/comunicacity.net\\\/sangiovanniincarico\\\/2024\\\/05\\\/30\\\/tanti-auguri-a-nonna-concetta-piccirilli-peri-i-suoi100-anni\\\/\",\"name\":\"Tanti auguri a nonna Concetta Piccirilli peri i suoi100 anni - San Giovanni Incarico\",\"isPartOf\":{\"@id\":\"https:\\\/\\\/comunicacity.net\\\/sangiovanniincarico\\\/#website\"},\"primaryImageOfPage\":{\"@id\":\"https:\\\/\\\/comunicacity.net\\\/sangiovanniincarico\\\/2024\\\/05\\\/30\\\/tanti-auguri-a-nonna-concetta-piccirilli-peri-i-suoi100-anni\\\/#primaryimage\"},\"image\":{\"@id\":\"https:\\\/\\\/comunicacity.net\\\/sangiovanniincarico\\\/2024\\\/05\\\/30\\\/tanti-auguri-a-nonna-concetta-piccirilli-peri-i-suoi100-anni\\\/#primaryimage\"},\"thumbnailUrl\":\"https:\\\/\\\/comunicacity.net\\\/sangiovanniincarico\\\/wp-content\\\/uploads\\\/sites\\\/161\\\/2024\\\/05\\\/IMG_3738-1.jpg\",\"datePublished\":\"2024-05-30T16:33:00+00:00\",\"dateModified\":\"2024-05-30T18:55:26+00:00\",\"author\":{\"@id\":\"https:\\\/\\\/comunicacity.net\\\/sangiovanniincarico\\\/#\\\/schema\\\/person\\\/e4e1b3a6890057bbfac2ee07c88d9009\"},\"breadcrumb\":{\"@id\":\"https:\\\/\\\/comunicacity.net\\\/sangiovanniincarico\\\/2024\\\/05\\\/30\\\/tanti-auguri-a-nonna-concetta-piccirilli-peri-i-suoi100-anni\\\/#breadcrumb\"},\"inLanguage\":\"it-IT\",\"potentialAction\":[{\"@type\":\"ReadAction\",\"target\":[\"https:\\\/\\\/comunicacity.net\\\/sangiovanniincarico\\\/2024\\\/05\\\/30\\\/tanti-auguri-a-nonna-concetta-piccirilli-peri-i-suoi100-anni\\\/\"]}]},{\"@type\":\"ImageObject\",\"inLanguage\":\"it-IT\",\"@id\":\"https:\\\/\\\/comunicacity.net\\\/sangiovanniincarico\\\/2024\\\/05\\\/30\\\/tanti-auguri-a-nonna-concetta-piccirilli-peri-i-suoi100-anni\\\/#primaryimage\",\"url\":\"https:\\\/\\\/comunicacity.net\\\/sangiovanniincarico\\\/wp-content\\\/uploads\\\/sites\\\/161\\\/2024\\\/05\\\/IMG_3738-1.jpg\",\"contentUrl\":\"https:\\\/\\\/comunicacity.net\\\/sangiovanniincarico\\\/wp-content\\\/uploads\\\/sites\\\/161\\\/2024\\\/05\\\/IMG_3738-1.jpg\",\"width\":640,\"height\":480},{\"@type\":\"BreadcrumbList\",\"@id\":\"https:\\\/\\\/comunicacity.net\\\/sangiovanniincarico\\\/2024\\\/05\\\/30\\\/tanti-auguri-a-nonna-concetta-piccirilli-peri-i-suoi100-anni\\\/#breadcrumb\",\"itemListElement\":[{\"@type\":\"ListItem\",\"position\":1,\"name\":\"Home\",\"item\":\"https:\\\/\\\/comunicacity.net\\\/sangiovanniincarico\\\/\"},{\"@type\":\"ListItem\",\"position\":2,\"name\":\"Tanti auguri a nonna Concetta Piccirilli peri i suoi100 anni\"}]},{\"@type\":\"WebSite\",\"@id\":\"https:\\\/\\\/comunicacity.net\\\/sangiovanniincarico\\\/#website\",\"url\":\"https:\\\/\\\/comunicacity.net\\\/sangiovanniincarico\\\/\",\"name\":\"San Giovanni Incarico\",\"description\":\"Ecco un altro sito ComunicaCity\",\"potentialAction\":[{\"@type\":\"SearchAction\",\"target\":{\"@type\":\"EntryPoint\",\"urlTemplate\":\"https:\\\/\\\/comunicacity.net\\\/sangiovanniincarico\\\/?s={search_term_string}\"},\"query-input\":{\"@type\":\"PropertyValueSpecification\",\"valueRequired\":true,\"valueName\":\"search_term_string\"}}],\"inLanguage\":\"it-IT\"},{\"@type\":\"Person\",\"@id\":\"https:\\\/\\\/comunicacity.net\\\/sangiovanniincarico\\\/#\\\/schema\\\/person\\\/e4e1b3a6890057bbfac2ee07c88d9009\",\"name\":\"Gaetano Battaglini\",\"image\":{\"@type\":\"ImageObject\",\"inLanguage\":\"it-IT\",\"@id\":\"https:\\\/\\\/secure.gravatar.com\\\/avatar\\\/c01ef374d0c037fb2a6539d919638622d655f5bc47e5d5033ebc96fdf5ef19c6?s=96&d=mm&r=g\",\"url\":\"https:\\\/\\\/secure.gravatar.com\\\/avatar\\\/c01ef374d0c037fb2a6539d919638622d655f5bc47e5d5033ebc96fdf5ef19c6?s=96&d=mm&r=g\",\"contentUrl\":\"https:\\\/\\\/secure.gravatar.com\\\/avatar\\\/c01ef374d0c037fb2a6539d919638622d655f5bc47e5d5033ebc96fdf5ef19c6?s=96&d=mm&r=g\",\"caption\":\"Gaetano Battaglini\"},\"url\":\"https:\\\/\\\/comunicacity.net\\\/sangiovanniincarico\\\/author\\\/gbattaglini\\\/\"}]}<\/script>\n<!-- \/ Yoast SEO plugin. -->","yoast_head_json":{"title":"Tanti auguri a nonna Concetta Piccirilli peri i suoi100 anni - San Giovanni Incarico","robots":{"index":"index","follow":"follow","max-snippet":"max-snippet:-1","max-image-preview":"max-image-preview:large","max-video-preview":"max-video-preview:-1"},"canonical":"https:\/\/comunicacity.net\/sangiovanniincarico\/2024\/05\/30\/tanti-auguri-a-nonna-concetta-piccirilli-peri-i-suoi100-anni\/","og_locale":"it_IT","og_type":"article","og_title":"Tanti auguri a nonna Concetta Piccirilli peri i suoi100 anni - San Giovanni Incarico","og_description":"Il sindaco Paolo Fallone la nomina sindaco per un giorno.&nbsp; Descrizione&nbsp; Oggi, il sindaco Paolo Fallone, il vicesindaco Marco Di Santo, il presidente del Consiglio comunale Gaetano Battaglini e il [&hellip;]","og_url":"https:\/\/comunicacity.net\/sangiovanniincarico\/2024\/05\/30\/tanti-auguri-a-nonna-concetta-piccirilli-peri-i-suoi100-anni\/","og_site_name":"San Giovanni Incarico","article_publisher":"http:\/\/facebook.com\/ComunicaCity","article_published_time":"2024-05-30T16:33:00+00:00","article_modified_time":"2024-05-30T18:55:26+00:00","og_image":[{"width":640,"height":480,"url":"https:\/\/comunicacity.net\/sangiovanniincarico\/wp-content\/uploads\/sites\/161\/2024\/05\/IMG_3738-1.jpg","type":"image\/jpeg"}],"author":"Gaetano Battaglini","twitter_card":"summary_large_image","twitter_creator":"@comunicacity","twitter_site":"@comunicacity","twitter_misc":{"Scritto da":"Gaetano Battaglini","Tempo di lettura stimato":"3 minuti"},"schema":{"@context":"https:\/\/schema.org","@graph":[{"@type":"Article","@id":"https:\/\/comunicacity.net\/sangiovanniincarico\/2024\/05\/30\/tanti-auguri-a-nonna-concetta-piccirilli-peri-i-suoi100-anni\/#article","isPartOf":{"@id":"https:\/\/comunicacity.net\/sangiovanniincarico\/2024\/05\/30\/tanti-auguri-a-nonna-concetta-piccirilli-peri-i-suoi100-anni\/"},"author":{"name":"Gaetano Battaglini","@id":"https:\/\/comunicacity.net\/sangiovanniincarico\/#\/schema\/person\/e4e1b3a6890057bbfac2ee07c88d9009"},"headline":"Tanti auguri a nonna Concetta Piccirilli peri i suoi100 anni","datePublished":"2024-05-30T16:33:00+00:00","dateModified":"2024-05-30T18:55:26+00:00","mainEntityOfPage":{"@id":"https:\/\/comunicacity.net\/sangiovanniincarico\/2024\/05\/30\/tanti-auguri-a-nonna-concetta-piccirilli-peri-i-suoi100-anni\/"},"wordCount":557,"image":{"@id":"https:\/\/comunicacity.net\/sangiovanniincarico\/2024\/05\/30\/tanti-auguri-a-nonna-concetta-piccirilli-peri-i-suoi100-anni\/#primaryimage"},"thumbnailUrl":"https:\/\/comunicacity.net\/sangiovanniincarico\/wp-content\/uploads\/sites\/161\/2024\/05\/IMG_3738-1.jpg","articleSection":["Notizie e Informazioni"],"inLanguage":"it-IT"},{"@type":"WebPage","@id":"https:\/\/comunicacity.net\/sangiovanniincarico\/2024\/05\/30\/tanti-auguri-a-nonna-concetta-piccirilli-peri-i-suoi100-anni\/","url":"https:\/\/comunicacity.net\/sangiovanniincarico\/2024\/05\/30\/tanti-auguri-a-nonna-concetta-piccirilli-peri-i-suoi100-anni\/","name":"Tanti auguri a nonna Concetta Piccirilli peri i suoi100 anni - San Giovanni Incarico","isPartOf":{"@id":"https:\/\/comunicacity.net\/sangiovanniincarico\/#website"},"primaryImageOfPage":{"@id":"https:\/\/comunicacity.net\/sangiovanniincarico\/2024\/05\/30\/tanti-auguri-a-nonna-concetta-piccirilli-peri-i-suoi100-anni\/#primaryimage"},"image":{"@id":"https:\/\/comunicacity.net\/sangiovanniincarico\/2024\/05\/30\/tanti-auguri-a-nonna-concetta-piccirilli-peri-i-suoi100-anni\/#primaryimage"},"thumbnailUrl":"https:\/\/comunicacity.net\/sangiovanniincarico\/wp-content\/uploads\/sites\/161\/2024\/05\/IMG_3738-1.jpg","datePublished":"2024-05-30T16:33:00+00:00","dateModified":"2024-05-30T18:55:26+00:00","author":{"@id":"https:\/\/comunicacity.net\/sangiovanniincarico\/#\/schema\/person\/e4e1b3a6890057bbfac2ee07c88d9009"},"breadcrumb":{"@id":"https:\/\/comunicacity.net\/sangiovanniincarico\/2024\/05\/30\/tanti-auguri-a-nonna-concetta-piccirilli-peri-i-suoi100-anni\/#breadcrumb"},"inLanguage":"it-IT","potentialAction":[{"@type":"ReadAction","target":["https:\/\/comunicacity.net\/sangiovanniincarico\/2024\/05\/30\/tanti-auguri-a-nonna-concetta-piccirilli-peri-i-suoi100-anni\/"]}]},{"@type":"ImageObject","inLanguage":"it-IT","@id":"https:\/\/comunicacity.net\/sangiovanniincarico\/2024\/05\/30\/tanti-auguri-a-nonna-concetta-piccirilli-peri-i-suoi100-anni\/#primaryimage","url":"https:\/\/comunicacity.net\/sangiovanniincarico\/wp-content\/uploads\/sites\/161\/2024\/05\/IMG_3738-1.jpg","contentUrl":"https:\/\/comunicacity.net\/sangiovanniincarico\/wp-content\/uploads\/sites\/161\/2024\/05\/IMG_3738-1.jpg","width":640,"height":480},{"@type":"BreadcrumbList","@id":"https:\/\/comunicacity.net\/sangiovanniincarico\/2024\/05\/30\/tanti-auguri-a-nonna-concetta-piccirilli-peri-i-suoi100-anni\/#breadcrumb","itemListElement":[{"@type":"ListItem","position":1,"name":"Home","item":"https:\/\/comunicacity.net\/sangiovanniincarico\/"},{"@type":"ListItem","position":2,"name":"Tanti auguri a nonna Concetta Piccirilli peri i suoi100 anni"}]},{"@type":"WebSite","@id":"https:\/\/comunicacity.net\/sangiovanniincarico\/#website","url":"https:\/\/comunicacity.net\/sangiovanniincarico\/","name":"San Giovanni Incarico","description":"Ecco un altro sito ComunicaCity","potentialAction":[{"@type":"SearchAction","target":{"@type":"EntryPoint","urlTemplate":"https:\/\/comunicacity.net\/sangiovanniincarico\/?s={search_term_string}"},"query-input":{"@type":"PropertyValueSpecification","valueRequired":true,"valueName":"search_term_string"}}],"inLanguage":"it-IT"},{"@type":"Person","@id":"https:\/\/comunicacity.net\/sangiovanniincarico\/#\/schema\/person\/e4e1b3a6890057bbfac2ee07c88d9009","name":"Gaetano Battaglini","image":{"@type":"ImageObject","inLanguage":"it-IT","@id":"https:\/\/secure.gravatar.com\/avatar\/c01ef374d0c037fb2a6539d919638622d655f5bc47e5d5033ebc96fdf5ef19c6?s=96&d=mm&r=g","url":"https:\/\/secure.gravatar.com\/avatar\/c01ef374d0c037fb2a6539d919638622d655f5bc47e5d5033ebc96fdf5ef19c6?s=96&d=mm&r=g","contentUrl":"https:\/\/secure.gravatar.com\/avatar\/c01ef374d0c037fb2a6539d919638622d655f5bc47e5d5033ebc96fdf5ef19c6?s=96&d=mm&r=g","caption":"Gaetano Battaglini"},"url":"https:\/\/comunicacity.net\/sangiovanniincarico\/author\/gbattaglini\/"}]}},"meta_box":{"cc4_urg_colore":"","cc4_urg_data_inizio":"","cc4_urg_data_fine":"","cc4_cor_positivi_oggi":"","cc4_cor_negativizzati_oggi":"","cc4_cor_deceduti_oggi":"","cc4_cor_positivi_totali":"","cc4_cor_negativizzati_totali":"","cc4_cor_deceduti_totali":"","cc4_cor_attualmente_positivi":"","cc4_eve_data_inizio":"","cc4_eve_data_fine":"","cc4_eve_indirizzo":"","cc4_eve_posizione":{"latitude":"","longitude":"","zoom":""},"cc4_eve_telefono":"","cc4_eve_email":"","cc4_eve_web":"","cc4_eve_fb":"","sitopa_id":"00004327"},"_links":{"self":[{"href":"https:\/\/comunicacity.net\/sangiovanniincarico\/wp-json\/wp\/v2\/posts\/20416","targetHints":{"allow":["GET"]}}],"collection":[{"href":"https:\/\/comunicacity.net\/sangiovanniincarico\/wp-json\/wp\/v2\/posts"}],"about":[{"href":"https:\/\/comunicacity.net\/sangiovanniincarico\/wp-json\/wp\/v2\/types\/post"}],"author":[{"embeddable":true,"href":"https:\/\/comunicacity.net\/sangiovanniincarico\/wp-json\/wp\/v2\/users\/286"}],"replies":[{"embeddable":true,"href":"https:\/\/comunicacity.net\/sangiovanniincarico\/wp-json\/wp\/v2\/comments?post=20416"}],"version-history":[{"count":13,"href":"https:\/\/comunicacity.net\/sangiovanniincarico\/wp-json\/wp\/v2\/posts\/20416\/revisions"}],"predecessor-version":[{"id":20433,"href":"https:\/\/comunicacity.net\/sangiovanniincarico\/wp-json\/wp\/v2\/posts\/20416\/revisions\/20433"}],"wp:featuredmedia":[{"embeddable":true,"href":"https:\/\/comunicacity.net\/sangiovanniincarico\/wp-json\/wp\/v2\/media\/20436"}],"wp:attachment":[{"href":"https:\/\/comunicacity.net\/sangiovanniincarico\/wp-json\/wp\/v2\/media?parent=20416"}],"wp:term":[{"taxonomy":"category","embeddable":true,"href":"https:\/\/comunicacity.net\/sangiovanniincarico\/wp-json\/wp\/v2\/categories?post=20416"},{"taxonomy":"post_tag","embeddable":true,"href":"https:\/\/comunicacity.net\/sangiovanniincarico\/wp-json\/wp\/v2\/tags?post=20416"}],"curies":[{"name":"wp","href":"https:\/\/api.w.org\/{rel}","templated":true}]}}