{"id":20438,"date":"2024-05-30T12:00:43","date_gmt":"2024-05-30T10:00:43","guid":{"rendered":"https:\/\/comunicacity.net\/sangiovanniincarico\/2024\/05\/30\/un-vero-successo-la-giornata-avis-per-la-donazione-sangue\/"},"modified":"2024-05-30T12:00:43","modified_gmt":"2024-05-30T10:00:43","slug":"un-vero-successo-la-giornata-avis-per-la-donazione-sangue","status":"publish","type":"post","link":"https:\/\/comunicacity.net\/sangiovanniincarico\/2024\/05\/30\/un-vero-successo-la-giornata-avis-per-la-donazione-sangue\/","title":{"rendered":"Un vero successo la giornata Avis per la donazione sangue"},"content":{"rendered":"<p><em>L\u2019appuntamento con la solidariet\u00e0 \u00e8 stato promosso dall\u2019Amministrazione conunale. <\/em>&nbsp;<\/p>\n<p><b>Descrizione&nbsp;<\/b><\/p>\n<p class=\"p1\"><span class=\"s1\">Grande appuntamento con la solidariet\u00e0, la raccolta sangue, organizzata dall&#8217;Avis di Ceprano in collaborazione con il Comune di San Giovanni Incarico. <\/span><\/p>\n<p class=\"p1\"><span class=\"s1\">La giornata della donazione si \u00e8 tenuta, nella mattinata\u00a0\u00a0di domenica in piazza Falcone e Borsellino confermando la generosit\u00e0 dei numerosi donatori. <\/span><\/p>\n<p class=\"p1\"><span class=\"s1\">L\u2019iniziativa coordinata dal responsabile dell&#8217;Avis di Ceprano, Tommaso D&#8217;Aversa \u00e8 stata<span class=\"Apple-converted-space\">\u00a0 <\/span>patrocinata dal l&#8217;Amministrazione Comunale. <\/span><\/p>\n<p class=\"p1\"><span class=\"s1\">L\u2019appuntamento fortemente voluto dal sindaco Paolo Fallone \u00e8 stato curato dall&#8217;assessore alla solidariet\u00e0 Caterina Piccione che\u00a0\u00a0si \u00e8 prodigata al fine di raggiungere questo pi\u00f9 che positivo risultato che ha messo in evidenza l\u2019attenzione alla tematica della donazione, fondamentale per la comunit\u00e0. Anche il sindaco Fallone ha voluto dare buon esempio con la sua donazione.<\/span><\/p>\n<p><strong>Le dichiarazioni del sindaco Paolo Fallone\u00a0<\/strong><\/p>\n<p class=\"p1\"><span class=\"s1\">\u201cLa vita \u00a0va sempre preservata, proprio in quest\u2019ottica compiere il nobile gesto di donare il proprio sangue \u00e8 davvero fondamentale. <\/span>Questo, come tanti altri gesti di solidariet\u00e0, ci aiuta a vivere meglio confermando che, solo insieme, possiamo contribuire a salvare tante vite. Per questo &#8211; ha concluso il sindaco Fallone &#8211; proseguiremo con altre giornate di donazione affinch\u00e9 ci siano pi\u00f9 opportunit\u00e0 per tutti. Ringrazio, in modo particolare, l\u2019assessore alla solidariet\u00e0 Caterina Piccione, tutti gli amministratori e\u00a0 il responsabile dell\u2019Avis di Ceprano Tommaso D\u2019Aversa per la sua disponibilit\u00e0. Un grazie speciale a tutti coloro che hanno donato con estrema generosit\u00e0 e quanti avrebbero voluto farlo e per diversi motivi non hanno potuto\u201d.<\/p>\n<p>&nbsp;<\/p>\n<p><b>Immagini e Video&nbsp;<\/b><\/p>\n<p><img src='https:\/\/comune.sangiovanniincarico.fr.it\/wp-content\/uploads\/2024\/05\/11d2c3ec-cc5c-4a65-99dc-6eec19f7c84b.jpeg' alt='image'><\/p>\n","protected":false},"excerpt":{"rendered":"<p>L\u2019appuntamento con la solidariet\u00e0 \u00e8 stato promosso dall\u2019Amministrazione conunale. &nbsp; Descrizione&nbsp; Grande appuntamento con la solidariet\u00e0, la raccolta sangue, organizzata dall&#8217;Avis di Ceprano in collaborazione con il Comune di San [&hellip;]<\/p>\n","protected":false},"author":286,"featured_media":20439,"comment_status":"open","ping_status":"open","sticky":false,"template":"","format":"standard","meta":{"footnotes":""},"categories":[18],"tags":[],"class_list":["post-20438","post","type-post","status-publish","format-standard","has-post-thumbnail","hentry","category-notizie-e-informazioni"],"yoast_head":"<!-- This site is optimized with the Yoast SEO plugin v27.4 - https:\/\/yoast.com\/product\/yoast-seo-wordpress\/ -->\n<title>Un vero successo la giornata Avis per la donazione sangue - San Giovanni Incarico<\/title>\n<meta name=\"robots\" content=\"index, follow, max-snippet:-1, max-image-preview:large, max-video-preview:-1\" \/>\n<link rel=\"canonical\" href=\"https:\/\/comunicacity.net\/sangiovanniincarico\/2024\/05\/30\/un-vero-successo-la-giornata-avis-per-la-donazione-sangue\/\" \/>\n<meta property=\"og:locale\" content=\"it_IT\" \/>\n<meta property=\"og:type\" content=\"article\" \/>\n<meta property=\"og:title\" content=\"Un vero successo la giornata Avis per la donazione sangue - San Giovanni Incarico\" \/>\n<meta property=\"og:description\" content=\"L\u2019appuntamento con la solidariet\u00e0 \u00e8 stato promosso dall\u2019Amministrazione conunale. &nbsp; Descrizione&nbsp; Grande appuntamento con la solidariet\u00e0, la raccolta sangue, organizzata dall&#8217;Avis di Ceprano in collaborazione con il Comune di San [&hellip;]\" \/>\n<meta property=\"og:url\" content=\"https:\/\/comunicacity.net\/sangiovanniincarico\/2024\/05\/30\/un-vero-successo-la-giornata-avis-per-la-donazione-sangue\/\" \/>\n<meta property=\"og:site_name\" content=\"San Giovanni Incarico\" \/>\n<meta property=\"article:publisher\" content=\"http:\/\/facebook.com\/ComunicaCity\" \/>\n<meta property=\"article:published_time\" content=\"2024-05-30T10:00:43+00:00\" \/>\n<meta property=\"og:image\" content=\"https:\/\/comunicacity.net\/sangiovanniincarico\/wp-content\/uploads\/sites\/161\/2024\/05\/11d2c3ec-cc5c-4a65-99dc-6eec19f7c84b.jpeg\" \/>\n\t<meta property=\"og:image:width\" content=\"1600\" \/>\n\t<meta property=\"og:image:height\" content=\"1200\" \/>\n\t<meta property=\"og:image:type\" content=\"image\/jpeg\" \/>\n<meta name=\"author\" content=\"Gaetano Battaglini\" \/>\n<meta name=\"twitter:card\" content=\"summary_large_image\" \/>\n<meta name=\"twitter:creator\" content=\"@comunicacity\" \/>\n<meta name=\"twitter:site\" content=\"@comunicacity\" \/>\n<meta name=\"twitter:label1\" content=\"Scritto da\" \/>\n\t<meta name=\"twitter:data1\" content=\"Gaetano Battaglini\" \/>\n\t<meta name=\"twitter:label2\" content=\"Tempo di lettura stimato\" \/>\n\t<meta name=\"twitter:data2\" content=\"1 minuto\" \/>\n<script type=\"application\/ld+json\" class=\"yoast-schema-graph\">{\"@context\":\"https:\\\/\\\/schema.org\",\"@graph\":[{\"@type\":\"Article\",\"@id\":\"https:\\\/\\\/comunicacity.net\\\/sangiovanniincarico\\\/2024\\\/05\\\/30\\\/un-vero-successo-la-giornata-avis-per-la-donazione-sangue\\\/#article\",\"isPartOf\":{\"@id\":\"https:\\\/\\\/comunicacity.net\\\/sangiovanniincarico\\\/2024\\\/05\\\/30\\\/un-vero-successo-la-giornata-avis-per-la-donazione-sangue\\\/\"},\"author\":{\"name\":\"Gaetano Battaglini\",\"@id\":\"https:\\\/\\\/comunicacity.net\\\/sangiovanniincarico\\\/#\\\/schema\\\/person\\\/e4e1b3a6890057bbfac2ee07c88d9009\"},\"headline\":\"Un vero successo la giornata Avis per la donazione sangue\",\"datePublished\":\"2024-05-30T10:00:43+00:00\",\"mainEntityOfPage\":{\"@id\":\"https:\\\/\\\/comunicacity.net\\\/sangiovanniincarico\\\/2024\\\/05\\\/30\\\/un-vero-successo-la-giornata-avis-per-la-donazione-sangue\\\/\"},\"wordCount\":261,\"commentCount\":0,\"image\":{\"@id\":\"https:\\\/\\\/comunicacity.net\\\/sangiovanniincarico\\\/2024\\\/05\\\/30\\\/un-vero-successo-la-giornata-avis-per-la-donazione-sangue\\\/#primaryimage\"},\"thumbnailUrl\":\"https:\\\/\\\/comunicacity.net\\\/sangiovanniincarico\\\/wp-content\\\/uploads\\\/sites\\\/161\\\/2024\\\/05\\\/11d2c3ec-cc5c-4a65-99dc-6eec19f7c84b.jpeg\",\"articleSection\":[\"Notizie e Informazioni\"],\"inLanguage\":\"it-IT\"},{\"@type\":\"WebPage\",\"@id\":\"https:\\\/\\\/comunicacity.net\\\/sangiovanniincarico\\\/2024\\\/05\\\/30\\\/un-vero-successo-la-giornata-avis-per-la-donazione-sangue\\\/\",\"url\":\"https:\\\/\\\/comunicacity.net\\\/sangiovanniincarico\\\/2024\\\/05\\\/30\\\/un-vero-successo-la-giornata-avis-per-la-donazione-sangue\\\/\",\"name\":\"Un vero successo la giornata Avis per la donazione sangue - San Giovanni Incarico\",\"isPartOf\":{\"@id\":\"https:\\\/\\\/comunicacity.net\\\/sangiovanniincarico\\\/#website\"},\"primaryImageOfPage\":{\"@id\":\"https:\\\/\\\/comunicacity.net\\\/sangiovanniincarico\\\/2024\\\/05\\\/30\\\/un-vero-successo-la-giornata-avis-per-la-donazione-sangue\\\/#primaryimage\"},\"image\":{\"@id\":\"https:\\\/\\\/comunicacity.net\\\/sangiovanniincarico\\\/2024\\\/05\\\/30\\\/un-vero-successo-la-giornata-avis-per-la-donazione-sangue\\\/#primaryimage\"},\"thumbnailUrl\":\"https:\\\/\\\/comunicacity.net\\\/sangiovanniincarico\\\/wp-content\\\/uploads\\\/sites\\\/161\\\/2024\\\/05\\\/11d2c3ec-cc5c-4a65-99dc-6eec19f7c84b.jpeg\",\"datePublished\":\"2024-05-30T10:00:43+00:00\",\"author\":{\"@id\":\"https:\\\/\\\/comunicacity.net\\\/sangiovanniincarico\\\/#\\\/schema\\\/person\\\/e4e1b3a6890057bbfac2ee07c88d9009\"},\"breadcrumb\":{\"@id\":\"https:\\\/\\\/comunicacity.net\\\/sangiovanniincarico\\\/2024\\\/05\\\/30\\\/un-vero-successo-la-giornata-avis-per-la-donazione-sangue\\\/#breadcrumb\"},\"inLanguage\":\"it-IT\",\"potentialAction\":[{\"@type\":\"ReadAction\",\"target\":[\"https:\\\/\\\/comunicacity.net\\\/sangiovanniincarico\\\/2024\\\/05\\\/30\\\/un-vero-successo-la-giornata-avis-per-la-donazione-sangue\\\/\"]}]},{\"@type\":\"ImageObject\",\"inLanguage\":\"it-IT\",\"@id\":\"https:\\\/\\\/comunicacity.net\\\/sangiovanniincarico\\\/2024\\\/05\\\/30\\\/un-vero-successo-la-giornata-avis-per-la-donazione-sangue\\\/#primaryimage\",\"url\":\"https:\\\/\\\/comunicacity.net\\\/sangiovanniincarico\\\/wp-content\\\/uploads\\\/sites\\\/161\\\/2024\\\/05\\\/11d2c3ec-cc5c-4a65-99dc-6eec19f7c84b.jpeg\",\"contentUrl\":\"https:\\\/\\\/comunicacity.net\\\/sangiovanniincarico\\\/wp-content\\\/uploads\\\/sites\\\/161\\\/2024\\\/05\\\/11d2c3ec-cc5c-4a65-99dc-6eec19f7c84b.jpeg\",\"width\":1600,\"height\":1200},{\"@type\":\"BreadcrumbList\",\"@id\":\"https:\\\/\\\/comunicacity.net\\\/sangiovanniincarico\\\/2024\\\/05\\\/30\\\/un-vero-successo-la-giornata-avis-per-la-donazione-sangue\\\/#breadcrumb\",\"itemListElement\":[{\"@type\":\"ListItem\",\"position\":1,\"name\":\"Home\",\"item\":\"https:\\\/\\\/comunicacity.net\\\/sangiovanniincarico\\\/\"},{\"@type\":\"ListItem\",\"position\":2,\"name\":\"Un vero successo la giornata Avis per la donazione sangue\"}]},{\"@type\":\"WebSite\",\"@id\":\"https:\\\/\\\/comunicacity.net\\\/sangiovanniincarico\\\/#website\",\"url\":\"https:\\\/\\\/comunicacity.net\\\/sangiovanniincarico\\\/\",\"name\":\"San Giovanni Incarico\",\"description\":\"Ecco un altro sito ComunicaCity\",\"potentialAction\":[{\"@type\":\"SearchAction\",\"target\":{\"@type\":\"EntryPoint\",\"urlTemplate\":\"https:\\\/\\\/comunicacity.net\\\/sangiovanniincarico\\\/?s={search_term_string}\"},\"query-input\":{\"@type\":\"PropertyValueSpecification\",\"valueRequired\":true,\"valueName\":\"search_term_string\"}}],\"inLanguage\":\"it-IT\"},{\"@type\":\"Person\",\"@id\":\"https:\\\/\\\/comunicacity.net\\\/sangiovanniincarico\\\/#\\\/schema\\\/person\\\/e4e1b3a6890057bbfac2ee07c88d9009\",\"name\":\"Gaetano Battaglini\",\"image\":{\"@type\":\"ImageObject\",\"inLanguage\":\"it-IT\",\"@id\":\"https:\\\/\\\/secure.gravatar.com\\\/avatar\\\/c01ef374d0c037fb2a6539d919638622d655f5bc47e5d5033ebc96fdf5ef19c6?s=96&d=mm&r=g\",\"url\":\"https:\\\/\\\/secure.gravatar.com\\\/avatar\\\/c01ef374d0c037fb2a6539d919638622d655f5bc47e5d5033ebc96fdf5ef19c6?s=96&d=mm&r=g\",\"contentUrl\":\"https:\\\/\\\/secure.gravatar.com\\\/avatar\\\/c01ef374d0c037fb2a6539d919638622d655f5bc47e5d5033ebc96fdf5ef19c6?s=96&d=mm&r=g\",\"caption\":\"Gaetano Battaglini\"},\"url\":\"https:\\\/\\\/comunicacity.net\\\/sangiovanniincarico\\\/author\\\/gbattaglini\\\/\"}]}<\/script>\n<!-- \/ Yoast SEO plugin. -->","yoast_head_json":{"title":"Un vero successo la giornata Avis per la donazione sangue - San Giovanni Incarico","robots":{"index":"index","follow":"follow","max-snippet":"max-snippet:-1","max-image-preview":"max-image-preview:large","max-video-preview":"max-video-preview:-1"},"canonical":"https:\/\/comunicacity.net\/sangiovanniincarico\/2024\/05\/30\/un-vero-successo-la-giornata-avis-per-la-donazione-sangue\/","og_locale":"it_IT","og_type":"article","og_title":"Un vero successo la giornata Avis per la donazione sangue - San Giovanni Incarico","og_description":"L\u2019appuntamento con la solidariet\u00e0 \u00e8 stato promosso dall\u2019Amministrazione conunale. &nbsp; Descrizione&nbsp; Grande appuntamento con la solidariet\u00e0, la raccolta sangue, organizzata dall&#8217;Avis di Ceprano in collaborazione con il Comune di San [&hellip;]","og_url":"https:\/\/comunicacity.net\/sangiovanniincarico\/2024\/05\/30\/un-vero-successo-la-giornata-avis-per-la-donazione-sangue\/","og_site_name":"San Giovanni Incarico","article_publisher":"http:\/\/facebook.com\/ComunicaCity","article_published_time":"2024-05-30T10:00:43+00:00","og_image":[{"width":1600,"height":1200,"url":"https:\/\/comunicacity.net\/sangiovanniincarico\/wp-content\/uploads\/sites\/161\/2024\/05\/11d2c3ec-cc5c-4a65-99dc-6eec19f7c84b.jpeg","type":"image\/jpeg"}],"author":"Gaetano Battaglini","twitter_card":"summary_large_image","twitter_creator":"@comunicacity","twitter_site":"@comunicacity","twitter_misc":{"Scritto da":"Gaetano Battaglini","Tempo di lettura stimato":"1 minuto"},"schema":{"@context":"https:\/\/schema.org","@graph":[{"@type":"Article","@id":"https:\/\/comunicacity.net\/sangiovanniincarico\/2024\/05\/30\/un-vero-successo-la-giornata-avis-per-la-donazione-sangue\/#article","isPartOf":{"@id":"https:\/\/comunicacity.net\/sangiovanniincarico\/2024\/05\/30\/un-vero-successo-la-giornata-avis-per-la-donazione-sangue\/"},"author":{"name":"Gaetano Battaglini","@id":"https:\/\/comunicacity.net\/sangiovanniincarico\/#\/schema\/person\/e4e1b3a6890057bbfac2ee07c88d9009"},"headline":"Un vero successo la giornata Avis per la donazione sangue","datePublished":"2024-05-30T10:00:43+00:00","mainEntityOfPage":{"@id":"https:\/\/comunicacity.net\/sangiovanniincarico\/2024\/05\/30\/un-vero-successo-la-giornata-avis-per-la-donazione-sangue\/"},"wordCount":261,"commentCount":0,"image":{"@id":"https:\/\/comunicacity.net\/sangiovanniincarico\/2024\/05\/30\/un-vero-successo-la-giornata-avis-per-la-donazione-sangue\/#primaryimage"},"thumbnailUrl":"https:\/\/comunicacity.net\/sangiovanniincarico\/wp-content\/uploads\/sites\/161\/2024\/05\/11d2c3ec-cc5c-4a65-99dc-6eec19f7c84b.jpeg","articleSection":["Notizie e Informazioni"],"inLanguage":"it-IT"},{"@type":"WebPage","@id":"https:\/\/comunicacity.net\/sangiovanniincarico\/2024\/05\/30\/un-vero-successo-la-giornata-avis-per-la-donazione-sangue\/","url":"https:\/\/comunicacity.net\/sangiovanniincarico\/2024\/05\/30\/un-vero-successo-la-giornata-avis-per-la-donazione-sangue\/","name":"Un vero successo la giornata Avis per la donazione sangue - San Giovanni Incarico","isPartOf":{"@id":"https:\/\/comunicacity.net\/sangiovanniincarico\/#website"},"primaryImageOfPage":{"@id":"https:\/\/comunicacity.net\/sangiovanniincarico\/2024\/05\/30\/un-vero-successo-la-giornata-avis-per-la-donazione-sangue\/#primaryimage"},"image":{"@id":"https:\/\/comunicacity.net\/sangiovanniincarico\/2024\/05\/30\/un-vero-successo-la-giornata-avis-per-la-donazione-sangue\/#primaryimage"},"thumbnailUrl":"https:\/\/comunicacity.net\/sangiovanniincarico\/wp-content\/uploads\/sites\/161\/2024\/05\/11d2c3ec-cc5c-4a65-99dc-6eec19f7c84b.jpeg","datePublished":"2024-05-30T10:00:43+00:00","author":{"@id":"https:\/\/comunicacity.net\/sangiovanniincarico\/#\/schema\/person\/e4e1b3a6890057bbfac2ee07c88d9009"},"breadcrumb":{"@id":"https:\/\/comunicacity.net\/sangiovanniincarico\/2024\/05\/30\/un-vero-successo-la-giornata-avis-per-la-donazione-sangue\/#breadcrumb"},"inLanguage":"it-IT","potentialAction":[{"@type":"ReadAction","target":["https:\/\/comunicacity.net\/sangiovanniincarico\/2024\/05\/30\/un-vero-successo-la-giornata-avis-per-la-donazione-sangue\/"]}]},{"@type":"ImageObject","inLanguage":"it-IT","@id":"https:\/\/comunicacity.net\/sangiovanniincarico\/2024\/05\/30\/un-vero-successo-la-giornata-avis-per-la-donazione-sangue\/#primaryimage","url":"https:\/\/comunicacity.net\/sangiovanniincarico\/wp-content\/uploads\/sites\/161\/2024\/05\/11d2c3ec-cc5c-4a65-99dc-6eec19f7c84b.jpeg","contentUrl":"https:\/\/comunicacity.net\/sangiovanniincarico\/wp-content\/uploads\/sites\/161\/2024\/05\/11d2c3ec-cc5c-4a65-99dc-6eec19f7c84b.jpeg","width":1600,"height":1200},{"@type":"BreadcrumbList","@id":"https:\/\/comunicacity.net\/sangiovanniincarico\/2024\/05\/30\/un-vero-successo-la-giornata-avis-per-la-donazione-sangue\/#breadcrumb","itemListElement":[{"@type":"ListItem","position":1,"name":"Home","item":"https:\/\/comunicacity.net\/sangiovanniincarico\/"},{"@type":"ListItem","position":2,"name":"Un vero successo la giornata Avis per la donazione sangue"}]},{"@type":"WebSite","@id":"https:\/\/comunicacity.net\/sangiovanniincarico\/#website","url":"https:\/\/comunicacity.net\/sangiovanniincarico\/","name":"San Giovanni Incarico","description":"Ecco un altro sito ComunicaCity","potentialAction":[{"@type":"SearchAction","target":{"@type":"EntryPoint","urlTemplate":"https:\/\/comunicacity.net\/sangiovanniincarico\/?s={search_term_string}"},"query-input":{"@type":"PropertyValueSpecification","valueRequired":true,"valueName":"search_term_string"}}],"inLanguage":"it-IT"},{"@type":"Person","@id":"https:\/\/comunicacity.net\/sangiovanniincarico\/#\/schema\/person\/e4e1b3a6890057bbfac2ee07c88d9009","name":"Gaetano Battaglini","image":{"@type":"ImageObject","inLanguage":"it-IT","@id":"https:\/\/secure.gravatar.com\/avatar\/c01ef374d0c037fb2a6539d919638622d655f5bc47e5d5033ebc96fdf5ef19c6?s=96&d=mm&r=g","url":"https:\/\/secure.gravatar.com\/avatar\/c01ef374d0c037fb2a6539d919638622d655f5bc47e5d5033ebc96fdf5ef19c6?s=96&d=mm&r=g","contentUrl":"https:\/\/secure.gravatar.com\/avatar\/c01ef374d0c037fb2a6539d919638622d655f5bc47e5d5033ebc96fdf5ef19c6?s=96&d=mm&r=g","caption":"Gaetano Battaglini"},"url":"https:\/\/comunicacity.net\/sangiovanniincarico\/author\/gbattaglini\/"}]}},"meta_box":{"cc4_urg_colore":"","cc4_urg_data_inizio":"","cc4_urg_data_fine":"","cc4_cor_positivi_oggi":"","cc4_cor_negativizzati_oggi":"","cc4_cor_deceduti_oggi":"","cc4_cor_positivi_totali":"","cc4_cor_negativizzati_totali":"","cc4_cor_deceduti_totali":"","cc4_cor_attualmente_positivi":"","cc4_eve_data_inizio":"","cc4_eve_data_fine":"","cc4_eve_indirizzo":"","cc4_eve_posizione":{"latitude":"","longitude":"","zoom":""},"cc4_eve_telefono":"","cc4_eve_email":"","cc4_eve_web":"","cc4_eve_fb":"","sitopa_id":"00004402"},"_links":{"self":[{"href":"https:\/\/comunicacity.net\/sangiovanniincarico\/wp-json\/wp\/v2\/posts\/20438","targetHints":{"allow":["GET"]}}],"collection":[{"href":"https:\/\/comunicacity.net\/sangiovanniincarico\/wp-json\/wp\/v2\/posts"}],"about":[{"href":"https:\/\/comunicacity.net\/sangiovanniincarico\/wp-json\/wp\/v2\/types\/post"}],"author":[{"embeddable":true,"href":"https:\/\/comunicacity.net\/sangiovanniincarico\/wp-json\/wp\/v2\/users\/286"}],"replies":[{"embeddable":true,"href":"https:\/\/comunicacity.net\/sangiovanniincarico\/wp-json\/wp\/v2\/comments?post=20438"}],"version-history":[{"count":0,"href":"https:\/\/comunicacity.net\/sangiovanniincarico\/wp-json\/wp\/v2\/posts\/20438\/revisions"}],"wp:featuredmedia":[{"embeddable":true,"href":"https:\/\/comunicacity.net\/sangiovanniincarico\/wp-json\/wp\/v2\/media\/20439"}],"wp:attachment":[{"href":"https:\/\/comunicacity.net\/sangiovanniincarico\/wp-json\/wp\/v2\/media?parent=20438"}],"wp:term":[{"taxonomy":"category","embeddable":true,"href":"https:\/\/comunicacity.net\/sangiovanniincarico\/wp-json\/wp\/v2\/categories?post=20438"},{"taxonomy":"post_tag","embeddable":true,"href":"https:\/\/comunicacity.net\/sangiovanniincarico\/wp-json\/wp\/v2\/tags?post=20438"}],"curies":[{"name":"wp","href":"https:\/\/api.w.org\/{rel}","templated":true}]}}