{"id":36198,"date":"2024-11-13T13:39:49","date_gmt":"2024-11-13T12:39:49","guid":{"rendered":"https:\/\/comunicacity.net\/sanminiato\/2024\/11\/13\/puliamo-il-mondo-a-la-scala-una-passeggiata-ecologica-con-le-scuole\/"},"modified":"2024-11-13T13:39:49","modified_gmt":"2024-11-13T12:39:49","slug":"puliamo-il-mondo-a-la-scala-una-passeggiata-ecologica-con-le-scuole","status":"publish","type":"post","link":"https:\/\/comunicacity.net\/sanminiato\/2024\/11\/13\/puliamo-il-mondo-a-la-scala-una-passeggiata-ecologica-con-le-scuole\/","title":{"rendered":"Puliamo il mondo, a La Scala una passeggiata ecologica con le scuole"},"content":{"rendered":"<div>Si sono armati di palette, sacchetti e buona volont\u00e0 i ragazzi e le ragazze della classe quinta della\u00a0<b>scuola primaria Collodi<\/b>\u00a0di\u00a0<b>La Serra<\/b>\u00a0(accompagnati dalle insegnanti\u00a0<b>Federica Rossi<\/b>\u00a0e\u00a0<b>Chiara Redditi<\/b>)\u00a0e della classe quinta della\u00a0<b>scuola primaria Don Milani<\/b>\u00a0di\u00a0<b>San Miniato Basso\u00a0<\/b>(accompagnati dall&#8217;insegnante\u00a0<b>Gianna Leoncini<\/b>), coinvolti nell\u2019iniziativa\u00a0<b>\u201cPuliamo il mondo\u201d<\/b>. Gli alunni e le alunne dell\u2019<b>Istituto Comprensivo Buonarroti<\/b>\u00a0di Ponte a Egola e dell&#8217;<b>Istituto Comprensivo Sacchetti\u00a0<\/b>di San Miniato<b>,\u00a0<\/b>sono stati protagonisti di una passeggiata ecologica a\u00a0<b>La Scala<\/b>, in piazza Trieste, via Genova, via Torino, via Pagano, piazza Capoquadri, via Baldinotti e via Covina, durante la quale hanno ripulito le strade. L\u2019iniziativa si \u00e8 inserita all\u2019interno dell\u2019evento promosso da\u00a0<b>Legambiente<\/b>\u00a0e accolto dall\u2019assessorato all\u2019ambiente e da quello all\u2019istruzione del\u00a0<b>Comune di San Miniato<\/b>, e realizzata con il supporto dei dipendenti del settore ambiente (<b>Luca Giolli<\/b>,\u00a0<b>Luca Guido<\/b>\u00a0e\u00a0<b>Siriano Frediani<\/b>), degli operai del magazzino\u00a0comunale e delle associazioni del territorio (<b>ANC<\/b>\u00a0sezione di San Miniato e<b>\u00a0CRI\u00a0<\/b>comitato di Ponte a Egola) che, nel corso dell&#8217;iniziativa, hanno dato un sostegno per la logistica.<\/div>\n<div><i>\u201cAbbiamo aderito con entusiasmo anche quest\u2019anno ad un\u2019iniziativa che punta a sensibilizzare i ragazzi verso l\u2019ambiente in cui viviamo<\/i>\u00a0\u2013 spiega l\u2019assessore all\u2019ambiente,\u00a0<b>Marco Greco<\/b>\u00a0-.\u00a0<i>Vivere in un ambiente pulito e curato non solo \u00e8 pi\u00f9 sano ma \u00e8 anche pi\u00f9 bello. Con questo gesto aiutiamo a rinsaldare il rapporto tra l\u2019ambiente ed i giovani futuri cittadini, aumentando il senso civico e restituendo un servizio che va a beneficio dell\u2019intera comunit\u00e0 e che, speriamo, possa essere d\u2019esempio anche per gli adulti\u201d.<\/i><\/div>\n","protected":false},"excerpt":{"rendered":"<p>Si sono armati di palette, sacchetti e buona volont\u00e0 i ragazzi e le ragazze della classe quinta della\u00a0scuola primaria Collodi\u00a0di\u00a0La Serra\u00a0(accompagnati dalle insegnanti\u00a0Federica Rossi\u00a0e\u00a0Chiara Redditi)\u00a0e della classe quinta della\u00a0scuola primaria [&hellip;]<\/p>\n","protected":false},"author":372,"featured_media":36199,"comment_status":"open","ping_status":"open","sticky":false,"template":"","format":"standard","meta":{"footnotes":""},"categories":[4],"tags":[],"class_list":["post-36198","post","type-post","status-publish","format-standard","has-post-thumbnail","hentry","category-ambiente"],"yoast_head":"<!-- This site is optimized with the Yoast SEO plugin v27.4 - https:\/\/yoast.com\/product\/yoast-seo-wordpress\/ -->\n<title>Puliamo il mondo, a La Scala una passeggiata ecologica con le scuole - San Miniato<\/title>\n<meta name=\"robots\" content=\"index, follow, max-snippet:-1, max-image-preview:large, max-video-preview:-1\" \/>\n<link rel=\"canonical\" href=\"https:\/\/comunicacity.net\/sanminiato\/2024\/11\/13\/puliamo-il-mondo-a-la-scala-una-passeggiata-ecologica-con-le-scuole\/\" \/>\n<meta property=\"og:locale\" content=\"it_IT\" \/>\n<meta property=\"og:type\" content=\"article\" \/>\n<meta property=\"og:title\" content=\"Puliamo il mondo, a La Scala una passeggiata ecologica con le scuole - San Miniato\" \/>\n<meta property=\"og:description\" content=\"Si sono armati di palette, sacchetti e buona volont\u00e0 i ragazzi e le ragazze della classe quinta della\u00a0scuola primaria Collodi\u00a0di\u00a0La Serra\u00a0(accompagnati dalle insegnanti\u00a0Federica Rossi\u00a0e\u00a0Chiara Redditi)\u00a0e della classe quinta della\u00a0scuola primaria [&hellip;]\" \/>\n<meta property=\"og:url\" content=\"https:\/\/comunicacity.net\/sanminiato\/2024\/11\/13\/puliamo-il-mondo-a-la-scala-una-passeggiata-ecologica-con-le-scuole\/\" \/>\n<meta property=\"og:site_name\" content=\"San Miniato\" \/>\n<meta property=\"article:publisher\" content=\"http:\/\/facebook.com\/ComunicaCity\" \/>\n<meta property=\"article:published_time\" content=\"2024-11-13T12:39:49+00:00\" \/>\n<meta property=\"og:image\" content=\"https:\/\/comunicacity.net\/sanminiato\/wp-content\/uploads\/sites\/195\/2024\/11\/Puliamo-il-mondo-3.jpeg\" \/>\n\t<meta property=\"og:image:width\" content=\"1600\" \/>\n\t<meta property=\"og:image:height\" content=\"900\" \/>\n\t<meta property=\"og:image:type\" content=\"image\/jpeg\" \/>\n<meta name=\"author\" content=\"sandrospagli\" \/>\n<meta name=\"twitter:card\" content=\"summary_large_image\" \/>\n<meta name=\"twitter:creator\" content=\"@comunicacity\" \/>\n<meta name=\"twitter:site\" content=\"@comunicacity\" \/>\n<meta name=\"twitter:label1\" content=\"Scritto da\" \/>\n\t<meta name=\"twitter:data1\" content=\"sandrospagli\" \/>\n\t<meta name=\"twitter:label2\" content=\"Tempo di lettura stimato\" \/>\n\t<meta name=\"twitter:data2\" content=\"1 minuto\" \/>\n<script type=\"application\/ld+json\" class=\"yoast-schema-graph\">{\"@context\":\"https:\\\/\\\/schema.org\",\"@graph\":[{\"@type\":\"Article\",\"@id\":\"https:\\\/\\\/comunicacity.net\\\/sanminiato\\\/2024\\\/11\\\/13\\\/puliamo-il-mondo-a-la-scala-una-passeggiata-ecologica-con-le-scuole\\\/#article\",\"isPartOf\":{\"@id\":\"https:\\\/\\\/comunicacity.net\\\/sanminiato\\\/2024\\\/11\\\/13\\\/puliamo-il-mondo-a-la-scala-una-passeggiata-ecologica-con-le-scuole\\\/\"},\"author\":{\"name\":\"sandrospagli\",\"@id\":\"https:\\\/\\\/comunicacity.net\\\/sanminiato\\\/#\\\/schema\\\/person\\\/ab1924e0e58e427309744c54a458d4cb\"},\"headline\":\"Puliamo il mondo, a La Scala una passeggiata ecologica con le scuole\",\"datePublished\":\"2024-11-13T12:39:49+00:00\",\"mainEntityOfPage\":{\"@id\":\"https:\\\/\\\/comunicacity.net\\\/sanminiato\\\/2024\\\/11\\\/13\\\/puliamo-il-mondo-a-la-scala-una-passeggiata-ecologica-con-le-scuole\\\/\"},\"wordCount\":284,\"commentCount\":0,\"publisher\":{\"@id\":\"https:\\\/\\\/comunicacity.net\\\/sanminiato\\\/#organization\"},\"image\":{\"@id\":\"https:\\\/\\\/comunicacity.net\\\/sanminiato\\\/2024\\\/11\\\/13\\\/puliamo-il-mondo-a-la-scala-una-passeggiata-ecologica-con-le-scuole\\\/#primaryimage\"},\"thumbnailUrl\":\"https:\\\/\\\/comunicacity.net\\\/sanminiato\\\/wp-content\\\/uploads\\\/sites\\\/195\\\/2024\\\/11\\\/Puliamo-il-mondo-3.jpeg\",\"articleSection\":[\"Ambiente\"],\"inLanguage\":\"it-IT\"},{\"@type\":\"WebPage\",\"@id\":\"https:\\\/\\\/comunicacity.net\\\/sanminiato\\\/2024\\\/11\\\/13\\\/puliamo-il-mondo-a-la-scala-una-passeggiata-ecologica-con-le-scuole\\\/\",\"url\":\"https:\\\/\\\/comunicacity.net\\\/sanminiato\\\/2024\\\/11\\\/13\\\/puliamo-il-mondo-a-la-scala-una-passeggiata-ecologica-con-le-scuole\\\/\",\"name\":\"Puliamo il mondo, a La Scala una passeggiata ecologica con le scuole - San Miniato\",\"isPartOf\":{\"@id\":\"https:\\\/\\\/comunicacity.net\\\/sanminiato\\\/#website\"},\"primaryImageOfPage\":{\"@id\":\"https:\\\/\\\/comunicacity.net\\\/sanminiato\\\/2024\\\/11\\\/13\\\/puliamo-il-mondo-a-la-scala-una-passeggiata-ecologica-con-le-scuole\\\/#primaryimage\"},\"image\":{\"@id\":\"https:\\\/\\\/comunicacity.net\\\/sanminiato\\\/2024\\\/11\\\/13\\\/puliamo-il-mondo-a-la-scala-una-passeggiata-ecologica-con-le-scuole\\\/#primaryimage\"},\"thumbnailUrl\":\"https:\\\/\\\/comunicacity.net\\\/sanminiato\\\/wp-content\\\/uploads\\\/sites\\\/195\\\/2024\\\/11\\\/Puliamo-il-mondo-3.jpeg\",\"datePublished\":\"2024-11-13T12:39:49+00:00\",\"breadcrumb\":{\"@id\":\"https:\\\/\\\/comunicacity.net\\\/sanminiato\\\/2024\\\/11\\\/13\\\/puliamo-il-mondo-a-la-scala-una-passeggiata-ecologica-con-le-scuole\\\/#breadcrumb\"},\"inLanguage\":\"it-IT\",\"potentialAction\":[{\"@type\":\"ReadAction\",\"target\":[\"https:\\\/\\\/comunicacity.net\\\/sanminiato\\\/2024\\\/11\\\/13\\\/puliamo-il-mondo-a-la-scala-una-passeggiata-ecologica-con-le-scuole\\\/\"]}]},{\"@type\":\"ImageObject\",\"inLanguage\":\"it-IT\",\"@id\":\"https:\\\/\\\/comunicacity.net\\\/sanminiato\\\/2024\\\/11\\\/13\\\/puliamo-il-mondo-a-la-scala-una-passeggiata-ecologica-con-le-scuole\\\/#primaryimage\",\"url\":\"https:\\\/\\\/comunicacity.net\\\/sanminiato\\\/wp-content\\\/uploads\\\/sites\\\/195\\\/2024\\\/11\\\/Puliamo-il-mondo-3.jpeg\",\"contentUrl\":\"https:\\\/\\\/comunicacity.net\\\/sanminiato\\\/wp-content\\\/uploads\\\/sites\\\/195\\\/2024\\\/11\\\/Puliamo-il-mondo-3.jpeg\",\"width\":1600,\"height\":900},{\"@type\":\"BreadcrumbList\",\"@id\":\"https:\\\/\\\/comunicacity.net\\\/sanminiato\\\/2024\\\/11\\\/13\\\/puliamo-il-mondo-a-la-scala-una-passeggiata-ecologica-con-le-scuole\\\/#breadcrumb\",\"itemListElement\":[{\"@type\":\"ListItem\",\"position\":1,\"name\":\"Home\",\"item\":\"https:\\\/\\\/comunicacity.net\\\/sanminiato\\\/\"},{\"@type\":\"ListItem\",\"position\":2,\"name\":\"Puliamo il mondo, a La Scala una passeggiata ecologica con le scuole\"}]},{\"@type\":\"WebSite\",\"@id\":\"https:\\\/\\\/comunicacity.net\\\/sanminiato\\\/#website\",\"url\":\"https:\\\/\\\/comunicacity.net\\\/sanminiato\\\/\",\"name\":\"San Miniato\",\"description\":\"Ecco un altro sito ComunicaCity\",\"publisher\":{\"@id\":\"https:\\\/\\\/comunicacity.net\\\/sanminiato\\\/#organization\"},\"potentialAction\":[{\"@type\":\"SearchAction\",\"target\":{\"@type\":\"EntryPoint\",\"urlTemplate\":\"https:\\\/\\\/comunicacity.net\\\/sanminiato\\\/?s={search_term_string}\"},\"query-input\":{\"@type\":\"PropertyValueSpecification\",\"valueRequired\":true,\"valueName\":\"search_term_string\"}}],\"inLanguage\":\"it-IT\"},{\"@type\":\"Organization\",\"@id\":\"https:\\\/\\\/comunicacity.net\\\/sanminiato\\\/#organization\",\"name\":\"ComunicaCity\",\"url\":\"https:\\\/\\\/comunicacity.net\\\/sanminiato\\\/\",\"logo\":{\"@type\":\"ImageObject\",\"inLanguage\":\"it-IT\",\"@id\":\"https:\\\/\\\/comunicacity.net\\\/sanminiato\\\/#\\\/schema\\\/logo\\\/image\\\/\",\"url\":\"http:\\\/\\\/comunicacity.net\\\/sanminiato\\\/wp-content\\\/uploads\\\/sites\\\/195\\\/2021\\\/01\\\/Giunta-senza.jpg\",\"contentUrl\":\"http:\\\/\\\/comunicacity.net\\\/sanminiato\\\/wp-content\\\/uploads\\\/sites\\\/195\\\/2021\\\/01\\\/Giunta-senza.jpg\",\"width\":1024,\"height\":768,\"caption\":\"ComunicaCity\"},\"image\":{\"@id\":\"https:\\\/\\\/comunicacity.net\\\/sanminiato\\\/#\\\/schema\\\/logo\\\/image\\\/\"},\"sameAs\":[\"http:\\\/\\\/facebook.com\\\/ComunicaCity\",\"https:\\\/\\\/x.com\\\/comunicacity\"]},{\"@type\":\"Person\",\"@id\":\"https:\\\/\\\/comunicacity.net\\\/sanminiato\\\/#\\\/schema\\\/person\\\/ab1924e0e58e427309744c54a458d4cb\",\"name\":\"sandrospagli\",\"image\":{\"@type\":\"ImageObject\",\"inLanguage\":\"it-IT\",\"@id\":\"https:\\\/\\\/secure.gravatar.com\\\/avatar\\\/ad037c79e056c01b119cef66bb3ef3c00f4918966e06bb639431488810b2644d?s=96&d=mm&r=g\",\"url\":\"https:\\\/\\\/secure.gravatar.com\\\/avatar\\\/ad037c79e056c01b119cef66bb3ef3c00f4918966e06bb639431488810b2644d?s=96&d=mm&r=g\",\"contentUrl\":\"https:\\\/\\\/secure.gravatar.com\\\/avatar\\\/ad037c79e056c01b119cef66bb3ef3c00f4918966e06bb639431488810b2644d?s=96&d=mm&r=g\",\"caption\":\"sandrospagli\"},\"url\":\"https:\\\/\\\/comunicacity.net\\\/sanminiato\\\/author\\\/sandrspagli\\\/\"}]}<\/script>\n<!-- \/ Yoast SEO plugin. -->","yoast_head_json":{"title":"Puliamo il mondo, a La Scala una passeggiata ecologica con le scuole - San Miniato","robots":{"index":"index","follow":"follow","max-snippet":"max-snippet:-1","max-image-preview":"max-image-preview:large","max-video-preview":"max-video-preview:-1"},"canonical":"https:\/\/comunicacity.net\/sanminiato\/2024\/11\/13\/puliamo-il-mondo-a-la-scala-una-passeggiata-ecologica-con-le-scuole\/","og_locale":"it_IT","og_type":"article","og_title":"Puliamo il mondo, a La Scala una passeggiata ecologica con le scuole - San Miniato","og_description":"Si sono armati di palette, sacchetti e buona volont\u00e0 i ragazzi e le ragazze della classe quinta della\u00a0scuola primaria Collodi\u00a0di\u00a0La Serra\u00a0(accompagnati dalle insegnanti\u00a0Federica Rossi\u00a0e\u00a0Chiara Redditi)\u00a0e della classe quinta della\u00a0scuola primaria [&hellip;]","og_url":"https:\/\/comunicacity.net\/sanminiato\/2024\/11\/13\/puliamo-il-mondo-a-la-scala-una-passeggiata-ecologica-con-le-scuole\/","og_site_name":"San Miniato","article_publisher":"http:\/\/facebook.com\/ComunicaCity","article_published_time":"2024-11-13T12:39:49+00:00","og_image":[{"width":1600,"height":900,"url":"https:\/\/comunicacity.net\/sanminiato\/wp-content\/uploads\/sites\/195\/2024\/11\/Puliamo-il-mondo-3.jpeg","type":"image\/jpeg"}],"author":"sandrospagli","twitter_card":"summary_large_image","twitter_creator":"@comunicacity","twitter_site":"@comunicacity","twitter_misc":{"Scritto da":"sandrospagli","Tempo di lettura stimato":"1 minuto"},"schema":{"@context":"https:\/\/schema.org","@graph":[{"@type":"Article","@id":"https:\/\/comunicacity.net\/sanminiato\/2024\/11\/13\/puliamo-il-mondo-a-la-scala-una-passeggiata-ecologica-con-le-scuole\/#article","isPartOf":{"@id":"https:\/\/comunicacity.net\/sanminiato\/2024\/11\/13\/puliamo-il-mondo-a-la-scala-una-passeggiata-ecologica-con-le-scuole\/"},"author":{"name":"sandrospagli","@id":"https:\/\/comunicacity.net\/sanminiato\/#\/schema\/person\/ab1924e0e58e427309744c54a458d4cb"},"headline":"Puliamo il mondo, a La Scala una passeggiata ecologica con le scuole","datePublished":"2024-11-13T12:39:49+00:00","mainEntityOfPage":{"@id":"https:\/\/comunicacity.net\/sanminiato\/2024\/11\/13\/puliamo-il-mondo-a-la-scala-una-passeggiata-ecologica-con-le-scuole\/"},"wordCount":284,"commentCount":0,"publisher":{"@id":"https:\/\/comunicacity.net\/sanminiato\/#organization"},"image":{"@id":"https:\/\/comunicacity.net\/sanminiato\/2024\/11\/13\/puliamo-il-mondo-a-la-scala-una-passeggiata-ecologica-con-le-scuole\/#primaryimage"},"thumbnailUrl":"https:\/\/comunicacity.net\/sanminiato\/wp-content\/uploads\/sites\/195\/2024\/11\/Puliamo-il-mondo-3.jpeg","articleSection":["Ambiente"],"inLanguage":"it-IT"},{"@type":"WebPage","@id":"https:\/\/comunicacity.net\/sanminiato\/2024\/11\/13\/puliamo-il-mondo-a-la-scala-una-passeggiata-ecologica-con-le-scuole\/","url":"https:\/\/comunicacity.net\/sanminiato\/2024\/11\/13\/puliamo-il-mondo-a-la-scala-una-passeggiata-ecologica-con-le-scuole\/","name":"Puliamo il mondo, a La Scala una passeggiata ecologica con le scuole - San Miniato","isPartOf":{"@id":"https:\/\/comunicacity.net\/sanminiato\/#website"},"primaryImageOfPage":{"@id":"https:\/\/comunicacity.net\/sanminiato\/2024\/11\/13\/puliamo-il-mondo-a-la-scala-una-passeggiata-ecologica-con-le-scuole\/#primaryimage"},"image":{"@id":"https:\/\/comunicacity.net\/sanminiato\/2024\/11\/13\/puliamo-il-mondo-a-la-scala-una-passeggiata-ecologica-con-le-scuole\/#primaryimage"},"thumbnailUrl":"https:\/\/comunicacity.net\/sanminiato\/wp-content\/uploads\/sites\/195\/2024\/11\/Puliamo-il-mondo-3.jpeg","datePublished":"2024-11-13T12:39:49+00:00","breadcrumb":{"@id":"https:\/\/comunicacity.net\/sanminiato\/2024\/11\/13\/puliamo-il-mondo-a-la-scala-una-passeggiata-ecologica-con-le-scuole\/#breadcrumb"},"inLanguage":"it-IT","potentialAction":[{"@type":"ReadAction","target":["https:\/\/comunicacity.net\/sanminiato\/2024\/11\/13\/puliamo-il-mondo-a-la-scala-una-passeggiata-ecologica-con-le-scuole\/"]}]},{"@type":"ImageObject","inLanguage":"it-IT","@id":"https:\/\/comunicacity.net\/sanminiato\/2024\/11\/13\/puliamo-il-mondo-a-la-scala-una-passeggiata-ecologica-con-le-scuole\/#primaryimage","url":"https:\/\/comunicacity.net\/sanminiato\/wp-content\/uploads\/sites\/195\/2024\/11\/Puliamo-il-mondo-3.jpeg","contentUrl":"https:\/\/comunicacity.net\/sanminiato\/wp-content\/uploads\/sites\/195\/2024\/11\/Puliamo-il-mondo-3.jpeg","width":1600,"height":900},{"@type":"BreadcrumbList","@id":"https:\/\/comunicacity.net\/sanminiato\/2024\/11\/13\/puliamo-il-mondo-a-la-scala-una-passeggiata-ecologica-con-le-scuole\/#breadcrumb","itemListElement":[{"@type":"ListItem","position":1,"name":"Home","item":"https:\/\/comunicacity.net\/sanminiato\/"},{"@type":"ListItem","position":2,"name":"Puliamo il mondo, a La Scala una passeggiata ecologica con le scuole"}]},{"@type":"WebSite","@id":"https:\/\/comunicacity.net\/sanminiato\/#website","url":"https:\/\/comunicacity.net\/sanminiato\/","name":"San Miniato","description":"Ecco un altro sito ComunicaCity","publisher":{"@id":"https:\/\/comunicacity.net\/sanminiato\/#organization"},"potentialAction":[{"@type":"SearchAction","target":{"@type":"EntryPoint","urlTemplate":"https:\/\/comunicacity.net\/sanminiato\/?s={search_term_string}"},"query-input":{"@type":"PropertyValueSpecification","valueRequired":true,"valueName":"search_term_string"}}],"inLanguage":"it-IT"},{"@type":"Organization","@id":"https:\/\/comunicacity.net\/sanminiato\/#organization","name":"ComunicaCity","url":"https:\/\/comunicacity.net\/sanminiato\/","logo":{"@type":"ImageObject","inLanguage":"it-IT","@id":"https:\/\/comunicacity.net\/sanminiato\/#\/schema\/logo\/image\/","url":"https:\/\/comunicacity.net\/sanminiato\/wp-content\/uploads\/sites\/195\/2021\/01\/Giunta-senza.jpg","contentUrl":"https:\/\/comunicacity.net\/sanminiato\/wp-content\/uploads\/sites\/195\/2021\/01\/Giunta-senza.jpg","width":1024,"height":768,"caption":"ComunicaCity"},"image":{"@id":"https:\/\/comunicacity.net\/sanminiato\/#\/schema\/logo\/image\/"},"sameAs":["http:\/\/facebook.com\/ComunicaCity","https:\/\/x.com\/comunicacity"]},{"@type":"Person","@id":"https:\/\/comunicacity.net\/sanminiato\/#\/schema\/person\/ab1924e0e58e427309744c54a458d4cb","name":"sandrospagli","image":{"@type":"ImageObject","inLanguage":"it-IT","@id":"https:\/\/secure.gravatar.com\/avatar\/ad037c79e056c01b119cef66bb3ef3c00f4918966e06bb639431488810b2644d?s=96&d=mm&r=g","url":"https:\/\/secure.gravatar.com\/avatar\/ad037c79e056c01b119cef66bb3ef3c00f4918966e06bb639431488810b2644d?s=96&d=mm&r=g","contentUrl":"https:\/\/secure.gravatar.com\/avatar\/ad037c79e056c01b119cef66bb3ef3c00f4918966e06bb639431488810b2644d?s=96&d=mm&r=g","caption":"sandrospagli"},"url":"https:\/\/comunicacity.net\/sanminiato\/author\/sandrspagli\/"}]}},"meta_box":{"cc4_urg_colore":"rosso","cc4_urg_data_inizio":"","cc4_urg_data_fine":"","cc4_cor_positivi_oggi":"","cc4_cor_negativizzati_oggi":"","cc4_cor_deceduti_oggi":"","cc4_cor_positivi_totali":"","cc4_cor_negativizzati_totali":"","cc4_cor_deceduti_totali":"","cc4_cor_attualmente_positivi":"","cc4_eve_data_inizio":"","cc4_eve_data_fine":"","cc4_eve_indirizzo":"","cc4_eve_posizione":{"latitude":"0","longitude":"0","zoom":"0"},"cc4_eve_telefono":"","cc4_eve_email":"","cc4_eve_web":"","cc4_eve_fb":"","sitopa_id":"35337"},"_links":{"self":[{"href":"https:\/\/comunicacity.net\/sanminiato\/wp-json\/wp\/v2\/posts\/36198","targetHints":{"allow":["GET"]}}],"collection":[{"href":"https:\/\/comunicacity.net\/sanminiato\/wp-json\/wp\/v2\/posts"}],"about":[{"href":"https:\/\/comunicacity.net\/sanminiato\/wp-json\/wp\/v2\/types\/post"}],"author":[{"embeddable":true,"href":"https:\/\/comunicacity.net\/sanminiato\/wp-json\/wp\/v2\/users\/372"}],"replies":[{"embeddable":true,"href":"https:\/\/comunicacity.net\/sanminiato\/wp-json\/wp\/v2\/comments?post=36198"}],"version-history":[{"count":0,"href":"https:\/\/comunicacity.net\/sanminiato\/wp-json\/wp\/v2\/posts\/36198\/revisions"}],"wp:featuredmedia":[{"embeddable":true,"href":"https:\/\/comunicacity.net\/sanminiato\/wp-json\/wp\/v2\/media\/36199"}],"wp:attachment":[{"href":"https:\/\/comunicacity.net\/sanminiato\/wp-json\/wp\/v2\/media?parent=36198"}],"wp:term":[{"taxonomy":"category","embeddable":true,"href":"https:\/\/comunicacity.net\/sanminiato\/wp-json\/wp\/v2\/categories?post=36198"},{"taxonomy":"post_tag","embeddable":true,"href":"https:\/\/comunicacity.net\/sanminiato\/wp-json\/wp\/v2\/tags?post=36198"}],"curies":[{"name":"wp","href":"https:\/\/api.w.org\/{rel}","templated":true}]}}