{"id":75,"date":"2024-01-22T13:19:23","date_gmt":"2024-01-22T12:19:23","guid":{"rendered":"https:\/\/comunicacity.net\/sestocampano\/2024\/01\/22\/avviso-pubblico-fna-2022\/"},"modified":"2024-02-12T13:56:59","modified_gmt":"2024-02-12T12:56:59","slug":"avviso-pubblico-fna-2022","status":"publish","type":"post","link":"https:\/\/comunicacity.net\/sestocampano\/2024\/01\/22\/avviso-pubblico-fna-2022\/","title":{"rendered":"Avviso Pubblico FNA 2022"},"content":{"rendered":"<p><em>La domanda dovr\u00e0 essere inviata\u00a0all\u2019ATS di Venafro\u00a0&#8211;\u00a0entro e non oltre le ore 12,00 del 14 Febbraio 2024<\/em>&nbsp;<\/p>\n<p><b>Descrizione&nbsp;<\/b><\/p>\n<p style=\"font-weight: 400\">L\u2019<strong>Ambito Territoriale Sociale di Venafro<\/strong>, con determinazione del Responsabile ATS Venafro n. 23\/2024 RUS, ha pubblicato l\u2019<strong>Avviso Pubblico FNA 2022<\/strong>\u00a0in attuazione della Deliberazione di Giunta Regionale n. 131 del 21.04.2023 e della Deliberazione di Giunta Regionale n. 414 del 28\/12\/2023.<\/p>\n<p style=\"font-weight: 400\">I destinatari del Programma sono gli anziani, adulti e minori, residenti nei comuni dell\u2019ATS di Venafro e che rientrino nelle seguenti categorie:<\/p>\n<ol>\n<li style=\"font-weight: 400\"><strong>persone anziane non autosufficienti<\/strong>\u00a0<strong>con pi\u00f9 di 65 anni<\/strong>\u00a0<strong>con alto bisogno assistenziale<\/strong>\u00a0con indennit\u00e0 di accompagnamento\u00a0<em>(<u>modello di domanda Allegato<\/u>\u00a01);<\/em><\/li>\n<li style=\"font-weight: 400\"><strong>persone con disabilit\u00e0 gravissima<\/strong>\u00a0(adulti di et\u00e0 inferiore ad anni 65 o minori) con indennit\u00e0 di accompagnamento e per le quali sia verificata almeno una delle seguenti condizioni, secondo le scale per la valutazione illustrate nei suoi allegati\u00a0<em>(<u>modello di domanda Allegato 2<\/u>)<\/em>;<\/li>\n<\/ol>\n<p style=\"font-weight: 400\"><strong>sono destinatari degli interventi in favore delle disabilit\u00e0 gravissime, inoltre, anche le persone affette da sclerosi laterale amiotrofica (SLA), atrofia muscolare spinale (SMA).<\/strong><\/p>\n<ol start=\"3\">\n<li style=\"font-weight: 400\"><strong>Persone con disabilit\u00e0 grave (<\/strong>adulti<strong>\u00a0<\/strong>di et\u00e0 inferiore ad anni 65 o minori<strong>) ai sensi dell\u2019Art. 3 comma 3 della Legge 104\/1992\u00a0<\/strong><em><u>(modello di domanda Allegato 3<\/u>).<\/em><\/li>\n<\/ol>\n<p style=\"font-weight: 400\">La domanda dovr\u00e0 essere inviata\u00a0<strong><u>all\u2019ATS di Venafro\u00a0<\/u><\/strong>&#8211;\u00a0<strong><u>entro e non oltre le ore 12,00 del 14 Febbraio 2024\u00a0<\/u>,\u00a0<\/strong>nelle seguenti modalit\u00e0:<\/p>\n<ul>\n<li style=\"font-weight: 400\"><strong>inoltrata a mezzo raccomandata A\/R <\/strong>utilizzando una busta chiusa che riporti la seguente dicitura:\u00a0<strong>\u201c<em>domanda di ammissione al Programma attuativo FNA 2022-2024 &#8211; Annualit\u00e0 2022<\/em>\u201d (<\/strong>non far\u00e0 fede il timbro postale ma la data di ricevimento a pena di inammissibilit\u00e0),\u00a0<strong>all\u2019indirizzo: \u201cUfficio di Piano \u2013 ATS Venafro \u2013 Piazza Cimorelli n. 1 \u2013 86079 Venafro (IS)\u201d<\/strong>;<\/li>\n<li style=\"font-weight: 400\"><strong>inoltrata a mezzo la PEC dell\u2019Ambito Territoriale Sociale di Venafro: udp@pec.ambitoterritorialesocialevenafro.it<u>;<\/u><\/strong><\/li>\n<li style=\"font-weight: 400\"><strong>consegnata a mano all\u2019ATS Venafro o per il tramite degli sportelli di cittadinanza del Comune di residenza del beneficiario\/richiedente, <\/strong>Comuni comunque facenti parte dell\u2019ATS di Venafro di seguito riportati: Acquaviva d\u2019Isernia, Castel San Vincenzo, Cerro al Volturno, Colli a Volturno, Conca Casale, Filignano, Fornelli, Montaquila, Montenero Val Cocchiara, Pizzone, Pozzilli, Rionero Sannitico, Rocchetta al Volturno, Scapoli, Sesto Campano, Venafro.<\/li>\n<\/ul>\n<p style=\"font-weight: 400\"><strong>Nel caso della consegna a mano far\u00e0 fede il numero di protocollo in entrata.<\/strong><\/p>\n<p style=\"font-weight: 400\">I modelli di domanda sono scaricabili sul sito istituzionale del Comune di Venafro:\u00a0<a href=\"http:\/\/www.comune.venafro.is.it\">www.comune.venafro.is.it<\/a>\u00a0e sul sito web ATS Venafro:\u00a0<a href=\"http:\/\/www.ambitoterritorialesocialevenafro.it\">www.ambitoterritorialesocialevenafro.it<\/a>\u00a0.<\/p>\n<p style=\"font-weight: 400\">Sar\u00e0 possibile rivolgersi per qualsiasi informazione e supporto ai Servizi Sociali del proprio Comune di residenza, oppure contattare i seguenti recapiti telefonici:<\/p>\n<table>\n<tbody>\n<tr>\n<td width=\"345\"><strong>Comune di residenza<\/strong><\/td>\n<td width=\"345\"><strong>Contatto Telefonico<\/strong><\/td>\n<\/tr>\n<tr>\n<td width=\"345\">Castel San Vincenzo, Cerro a Volturno, Conca Casale, Filignano, Montaquila, Sesto Campano, Venafro<\/td>\n<td width=\"345\">0865906803<\/td>\n<\/tr>\n<tr>\n<td width=\"345\">Acquaviva d\u2019Isernia, Colli Al Volturno, Fornelli, Montenero Val Cocchiara, Pizzone, Pozzilli, Rionero Sannitico, Rocchetta a Volturno, Scapoli<\/td>\n<td width=\"345\">0865906802<\/td>\n<\/tr>\n<tr>\n<td width=\"345\">In alternativa<\/td>\n<td width=\"345\">0865906801 &#8211; 0865906804<\/td>\n<\/tr>\n<\/tbody>\n<\/table>\n<p style=\"font-weight: 400\">Gli orari di ricevimento sono i seguenti: luned\u00ec, mercoled\u00ec e venerd\u00ec dalle ore 9.00 alle ore 13.00 marted\u00ec e venerd\u00ec dalle ore 15.30 alle ore 17.30<\/p>\n<p style=\"font-weight: 400\"><u>Si prega di dare la massima informativa alla cittadinanza di quanto sopra<\/u>.<\/p>\n<p style=\"font-weight: 400\">L\u2019Ufficio di Piano -ATS Venafro<\/p>\n<div id='wpba_attachment_list' class=''>\n<div class='ui list'><h3 style=\"display:none;\">\ud83d\udcce Allegati<\/h3><ul><li><a id=\"wpba_attachment_list_93\" class=\"y-skip-href item\" href=\"https:\/\/comunicacity.net\/sestocampano\/wp-content\/uploads\/sites\/211\/2024\/02\/Allegato_n._1_-_Modulo_di_domanda_anziani.pdf\" onclick=\"window.open('https:\/\/comunicacity.net\/sestocampano\/wp-content\/uploads\/sites\/211\/2024\/02\/Allegato_n._1_-_Modulo_di_domanda_anziani.pdf', '_system'); return false;\"><i class='icon attachment'><\/i>Allegato_n._1_-_Modulo_di_domanda_anziani<\/a><\/li>\n<li><a id=\"wpba_attachment_list_94\" class=\"y-skip-href item\" href=\"https:\/\/comunicacity.net\/sestocampano\/wp-content\/uploads\/sites\/211\/2024\/02\/Allegato_n._2_-_Modulo_di_domanda_gravissimi.pdf\" onclick=\"window.open('https:\/\/comunicacity.net\/sestocampano\/wp-content\/uploads\/sites\/211\/2024\/02\/Allegato_n._2_-_Modulo_di_domanda_gravissimi.pdf', '_system'); return false;\"><i class='icon attachment'><\/i>Allegato_n._2_-_Modulo_di_domanda_gravissimi<\/a><\/li>\n<li><a id=\"wpba_attachment_list_95\" class=\"y-skip-href item\" href=\"https:\/\/comunicacity.net\/sestocampano\/wp-content\/uploads\/sites\/211\/2024\/02\/Allegato_n._3_-_Modulo_di_domanda_gravi.pdf\" onclick=\"window.open('https:\/\/comunicacity.net\/sestocampano\/wp-content\/uploads\/sites\/211\/2024\/02\/Allegato_n._3_-_Modulo_di_domanda_gravi.pdf', '_system'); return false;\"><i class='icon attachment'><\/i>Allegato_n._3_-_Modulo_di_domanda_gravi<\/a><\/li>\n<li><a id=\"wpba_attachment_list_96\" class=\"y-skip-href item\" href=\"https:\/\/comunicacity.net\/sestocampano\/wp-content\/uploads\/sites\/211\/2024\/02\/Allegato_n._4_-_Autocertificazione_caregiver.pdf\" onclick=\"window.open('https:\/\/comunicacity.net\/sestocampano\/wp-content\/uploads\/sites\/211\/2024\/02\/Allegato_n._4_-_Autocertificazione_caregiver.pdf', '_system'); return false;\"><i class='icon attachment'><\/i>Allegato_n._4_-_Autocertificazione_caregiver<\/a><\/li>\n<li><a id=\"wpba_attachment_list_97\" class=\"y-skip-href item\" href=\"https:\/\/comunicacity.net\/sestocampano\/wp-content\/uploads\/sites\/211\/2024\/02\/Allegato_n._5_-_Scale_valutazione_condizione_disabilita_gravissima.pdf\" onclick=\"window.open('https:\/\/comunicacity.net\/sestocampano\/wp-content\/uploads\/sites\/211\/2024\/02\/Allegato_n._5_-_Scale_valutazione_condizione_disabilita_gravissima.pdf', '_system'); return false;\"><i class='icon attachment'><\/i>Allegato_n._5_-_Scale_valutazione_condizione_disabilita_gravissima<\/a><\/li>\n<li><a id=\"wpba_attachment_list_98\" class=\"y-skip-href item\" href=\"https:\/\/comunicacity.net\/sestocampano\/wp-content\/uploads\/sites\/211\/2024\/02\/Allegato_n._6_-_Tutorial_compilazione_schede_.pdf\" onclick=\"window.open('https:\/\/comunicacity.net\/sestocampano\/wp-content\/uploads\/sites\/211\/2024\/02\/Allegato_n._6_-_Tutorial_compilazione_schede_.pdf', '_system'); return false;\"><i class='icon attachment'><\/i>Allegato_n._6_-_Tutorial_compilazione_schede_<\/a><\/li>\n<li><a id=\"wpba_attachment_list_99\" class=\"y-skip-href item\" href=\"https:\/\/comunicacity.net\/sestocampano\/wp-content\/uploads\/sites\/211\/2024\/02\/AVVISO_PUBBLICO_FNA_2022_2024.pdf\" onclick=\"window.open('https:\/\/comunicacity.net\/sestocampano\/wp-content\/uploads\/sites\/211\/2024\/02\/AVVISO_PUBBLICO_FNA_2022_2024.pdf', '_system'); return false;\"><i class='icon attachment'><\/i>AVVISO_PUBBLICO_FNA_2022_2024<\/a><\/li>\n<li><a id=\"wpba_attachment_list_100\" class=\"y-skip-href item\" href=\"https:\/\/comunicacity.net\/sestocampano\/wp-content\/uploads\/sites\/211\/2024\/02\/Copia_DocPrincipale_AVVISO_PUBBLICO_FNA_2022_2024.pdf\" onclick=\"window.open('https:\/\/comunicacity.net\/sestocampano\/wp-content\/uploads\/sites\/211\/2024\/02\/Copia_DocPrincipale_AVVISO_PUBBLICO_FNA_2022_2024.pdf', '_system'); return false;\"><i class='icon attachment'><\/i>Copia_DocPrincipale_AVVISO_PUBBLICO_FNA_2022_2024<\/a><\/li>\n<li><a id=\"wpba_attachment_list_101\" class=\"y-skip-href item\" href=\"https:\/\/comunicacity.net\/sestocampano\/wp-content\/uploads\/sites\/211\/2024\/02\/Prot_2024_355_Ricevuta.pdf\" onclick=\"window.open('https:\/\/comunicacity.net\/sestocampano\/wp-content\/uploads\/sites\/211\/2024\/02\/Prot_2024_355_Ricevuta.pdf', '_system'); return false;\"><i class='icon attachment'><\/i>Prot_2024_355_Ricevuta<\/a><\/li>\n<\/ul><\/div><\/div>\n","protected":false},"excerpt":{"rendered":"<p>La domanda dovr\u00e0 essere inviata\u00a0all\u2019ATS di Venafro\u00a0&#8211;\u00a0entro e non oltre le ore 12,00 del 14 Febbraio 2024&nbsp; Descrizione&nbsp; L\u2019Ambito Territoriale Sociale di Venafro, con determinazione del Responsabile ATS Venafro n. [&hellip;]<\/p>\n","protected":false},"author":63,"featured_media":92,"comment_status":"closed","ping_status":"open","sticky":false,"template":"","format":"standard","meta":{"footnotes":""},"categories":[14],"tags":[],"class_list":["post-75","post","type-post","status-publish","format-standard","has-post-thumbnail","hentry","category-notizie-e-informazioni"],"yoast_head":"<!-- This site is optimized with the Yoast SEO plugin v27.4 - https:\/\/yoast.com\/product\/yoast-seo-wordpress\/ -->\n<title>Avviso Pubblico FNA 2022 - Sesto Campano<\/title>\n<meta name=\"robots\" content=\"index, follow, max-snippet:-1, max-image-preview:large, max-video-preview:-1\" \/>\n<link rel=\"canonical\" href=\"https:\/\/comunicacity.net\/sestocampano\/2024\/01\/22\/avviso-pubblico-fna-2022\/\" \/>\n<meta property=\"og:locale\" content=\"it_IT\" \/>\n<meta property=\"og:type\" content=\"article\" \/>\n<meta property=\"og:title\" content=\"Avviso Pubblico FNA 2022 - Sesto Campano\" \/>\n<meta property=\"og:description\" content=\"La domanda dovr\u00e0 essere inviata\u00a0all\u2019ATS di Venafro\u00a0&#8211;\u00a0entro e non oltre le ore 12,00 del 14 Febbraio 2024&nbsp; Descrizione&nbsp; L\u2019Ambito Territoriale Sociale di Venafro, con determinazione del Responsabile ATS Venafro n. [&hellip;]\" \/>\n<meta property=\"og:url\" content=\"https:\/\/comunicacity.net\/sestocampano\/2024\/01\/22\/avviso-pubblico-fna-2022\/\" \/>\n<meta property=\"og:site_name\" content=\"Sesto Campano\" \/>\n<meta property=\"article:publisher\" content=\"http:\/\/facebook.com\/ComunicaCity\" \/>\n<meta property=\"article:published_time\" content=\"2024-01-22T12:19:23+00:00\" \/>\n<meta property=\"article:modified_time\" content=\"2024-02-12T12:56:59+00:00\" \/>\n<meta property=\"og:image\" content=\"https:\/\/comunicacity.net\/sestocampano\/wp-content\/uploads\/sites\/211\/2024\/02\/Immagine-Sesto-Campano.jpg\" \/>\n\t<meta property=\"og:image:width\" content=\"1920\" \/>\n\t<meta property=\"og:image:height\" content=\"1080\" \/>\n<meta name=\"author\" content=\"Gestore Yesicode\" \/>\n<meta name=\"twitter:card\" content=\"summary_large_image\" \/>\n<meta name=\"twitter:creator\" content=\"@comunicacity\" \/>\n<meta name=\"twitter:site\" content=\"@comunicacity\" \/>\n<meta name=\"twitter:label1\" content=\"Scritto da\" \/>\n\t<meta name=\"twitter:data1\" content=\"Gestore Yesicode\" \/>\n\t<meta name=\"twitter:label2\" content=\"Tempo di lettura stimato\" \/>\n\t<meta name=\"twitter:data2\" content=\"2 minuti\" \/>\n<script type=\"application\/ld+json\" class=\"yoast-schema-graph\">{\"@context\":\"https:\\\/\\\/schema.org\",\"@graph\":[{\"@type\":\"Article\",\"@id\":\"https:\\\/\\\/comunicacity.net\\\/sestocampano\\\/2024\\\/01\\\/22\\\/avviso-pubblico-fna-2022\\\/#article\",\"isPartOf\":{\"@id\":\"https:\\\/\\\/comunicacity.net\\\/sestocampano\\\/2024\\\/01\\\/22\\\/avviso-pubblico-fna-2022\\\/\"},\"author\":{\"name\":\"Gestore Yesicode\",\"@id\":\"https:\\\/\\\/comunicacity.net\\\/sestocampano\\\/#\\\/schema\\\/person\\\/090ba36d35213b36fa8ac78b8f4a1ff0\"},\"headline\":\"Avviso Pubblico FNA 2022\",\"datePublished\":\"2024-01-22T12:19:23+00:00\",\"dateModified\":\"2024-02-12T12:56:59+00:00\",\"mainEntityOfPage\":{\"@id\":\"https:\\\/\\\/comunicacity.net\\\/sestocampano\\\/2024\\\/01\\\/22\\\/avviso-pubblico-fna-2022\\\/\"},\"wordCount\":484,\"publisher\":{\"@id\":\"https:\\\/\\\/comunicacity.net\\\/sestocampano\\\/#organization\"},\"image\":{\"@id\":\"https:\\\/\\\/comunicacity.net\\\/sestocampano\\\/2024\\\/01\\\/22\\\/avviso-pubblico-fna-2022\\\/#primaryimage\"},\"thumbnailUrl\":\"https:\\\/\\\/comunicacity.net\\\/sestocampano\\\/wp-content\\\/uploads\\\/sites\\\/211\\\/2024\\\/02\\\/Immagine-Sesto-Campano.jpg\",\"articleSection\":[\"Notizie e Informazioni\"],\"inLanguage\":\"it-IT\"},{\"@type\":\"WebPage\",\"@id\":\"https:\\\/\\\/comunicacity.net\\\/sestocampano\\\/2024\\\/01\\\/22\\\/avviso-pubblico-fna-2022\\\/\",\"url\":\"https:\\\/\\\/comunicacity.net\\\/sestocampano\\\/2024\\\/01\\\/22\\\/avviso-pubblico-fna-2022\\\/\",\"name\":\"Avviso Pubblico FNA 2022 - Sesto Campano\",\"isPartOf\":{\"@id\":\"https:\\\/\\\/comunicacity.net\\\/sestocampano\\\/#website\"},\"primaryImageOfPage\":{\"@id\":\"https:\\\/\\\/comunicacity.net\\\/sestocampano\\\/2024\\\/01\\\/22\\\/avviso-pubblico-fna-2022\\\/#primaryimage\"},\"image\":{\"@id\":\"https:\\\/\\\/comunicacity.net\\\/sestocampano\\\/2024\\\/01\\\/22\\\/avviso-pubblico-fna-2022\\\/#primaryimage\"},\"thumbnailUrl\":\"https:\\\/\\\/comunicacity.net\\\/sestocampano\\\/wp-content\\\/uploads\\\/sites\\\/211\\\/2024\\\/02\\\/Immagine-Sesto-Campano.jpg\",\"datePublished\":\"2024-01-22T12:19:23+00:00\",\"dateModified\":\"2024-02-12T12:56:59+00:00\",\"breadcrumb\":{\"@id\":\"https:\\\/\\\/comunicacity.net\\\/sestocampano\\\/2024\\\/01\\\/22\\\/avviso-pubblico-fna-2022\\\/#breadcrumb\"},\"inLanguage\":\"it-IT\",\"potentialAction\":[{\"@type\":\"ReadAction\",\"target\":[\"https:\\\/\\\/comunicacity.net\\\/sestocampano\\\/2024\\\/01\\\/22\\\/avviso-pubblico-fna-2022\\\/\"]}]},{\"@type\":\"ImageObject\",\"inLanguage\":\"it-IT\",\"@id\":\"https:\\\/\\\/comunicacity.net\\\/sestocampano\\\/2024\\\/01\\\/22\\\/avviso-pubblico-fna-2022\\\/#primaryimage\",\"url\":\"https:\\\/\\\/comunicacity.net\\\/sestocampano\\\/wp-content\\\/uploads\\\/sites\\\/211\\\/2024\\\/02\\\/Immagine-Sesto-Campano.jpg\",\"contentUrl\":\"https:\\\/\\\/comunicacity.net\\\/sestocampano\\\/wp-content\\\/uploads\\\/sites\\\/211\\\/2024\\\/02\\\/Immagine-Sesto-Campano.jpg\",\"width\":1920,\"height\":1080},{\"@type\":\"BreadcrumbList\",\"@id\":\"https:\\\/\\\/comunicacity.net\\\/sestocampano\\\/2024\\\/01\\\/22\\\/avviso-pubblico-fna-2022\\\/#breadcrumb\",\"itemListElement\":[{\"@type\":\"ListItem\",\"position\":1,\"name\":\"Home\",\"item\":\"https:\\\/\\\/comunicacity.net\\\/sestocampano\\\/\"},{\"@type\":\"ListItem\",\"position\":2,\"name\":\"Avviso Pubblico FNA 2022\"}]},{\"@type\":\"WebSite\",\"@id\":\"https:\\\/\\\/comunicacity.net\\\/sestocampano\\\/#website\",\"url\":\"https:\\\/\\\/comunicacity.net\\\/sestocampano\\\/\",\"name\":\"ComunicaCity\",\"description\":\"\",\"publisher\":{\"@id\":\"https:\\\/\\\/comunicacity.net\\\/sestocampano\\\/#organization\"},\"potentialAction\":[{\"@type\":\"SearchAction\",\"target\":{\"@type\":\"EntryPoint\",\"urlTemplate\":\"https:\\\/\\\/comunicacity.net\\\/sestocampano\\\/?s={search_term_string}\"},\"query-input\":{\"@type\":\"PropertyValueSpecification\",\"valueRequired\":true,\"valueName\":\"search_term_string\"}}],\"inLanguage\":\"it-IT\"},{\"@type\":\"Organization\",\"@id\":\"https:\\\/\\\/comunicacity.net\\\/sestocampano\\\/#organization\",\"name\":\"ComunicaCity\",\"url\":\"https:\\\/\\\/comunicacity.net\\\/sestocampano\\\/\",\"logo\":{\"@type\":\"ImageObject\",\"inLanguage\":\"it-IT\",\"@id\":\"https:\\\/\\\/comunicacity.net\\\/sestocampano\\\/#\\\/schema\\\/logo\\\/image\\\/\",\"url\":\"http:\\\/\\\/comunicacity.net\\\/wp-content\\\/uploads\\\/2014\\\/11\\\/logo_comunicacity.png\",\"contentUrl\":\"http:\\\/\\\/comunicacity.net\\\/wp-content\\\/uploads\\\/2014\\\/11\\\/logo_comunicacity.png\",\"width\":501,\"height\":79,\"caption\":\"ComunicaCity\"},\"image\":{\"@id\":\"https:\\\/\\\/comunicacity.net\\\/sestocampano\\\/#\\\/schema\\\/logo\\\/image\\\/\"},\"sameAs\":[\"http:\\\/\\\/facebook.com\\\/ComunicaCity\",\"https:\\\/\\\/x.com\\\/comunicacity\"]},{\"@type\":\"Person\",\"@id\":\"https:\\\/\\\/comunicacity.net\\\/sestocampano\\\/#\\\/schema\\\/person\\\/090ba36d35213b36fa8ac78b8f4a1ff0\",\"name\":\"Gestore Yesicode\",\"image\":{\"@type\":\"ImageObject\",\"inLanguage\":\"it-IT\",\"@id\":\"https:\\\/\\\/secure.gravatar.com\\\/avatar\\\/17d1e47f62a89e264a6b42c225a083aad9d4c5e7916d48459fe3d846d9c56314?s=96&d=mm&r=g\",\"url\":\"https:\\\/\\\/secure.gravatar.com\\\/avatar\\\/17d1e47f62a89e264a6b42c225a083aad9d4c5e7916d48459fe3d846d9c56314?s=96&d=mm&r=g\",\"contentUrl\":\"https:\\\/\\\/secure.gravatar.com\\\/avatar\\\/17d1e47f62a89e264a6b42c225a083aad9d4c5e7916d48459fe3d846d9c56314?s=96&d=mm&r=g\",\"caption\":\"Gestore Yesicode\"}}]}<\/script>\n<!-- \/ Yoast SEO plugin. -->","yoast_head_json":{"title":"Avviso Pubblico FNA 2022 - Sesto Campano","robots":{"index":"index","follow":"follow","max-snippet":"max-snippet:-1","max-image-preview":"max-image-preview:large","max-video-preview":"max-video-preview:-1"},"canonical":"https:\/\/comunicacity.net\/sestocampano\/2024\/01\/22\/avviso-pubblico-fna-2022\/","og_locale":"it_IT","og_type":"article","og_title":"Avviso Pubblico FNA 2022 - Sesto Campano","og_description":"La domanda dovr\u00e0 essere inviata\u00a0all\u2019ATS di Venafro\u00a0&#8211;\u00a0entro e non oltre le ore 12,00 del 14 Febbraio 2024&nbsp; Descrizione&nbsp; L\u2019Ambito Territoriale Sociale di Venafro, con determinazione del Responsabile ATS Venafro n. [&hellip;]","og_url":"https:\/\/comunicacity.net\/sestocampano\/2024\/01\/22\/avviso-pubblico-fna-2022\/","og_site_name":"Sesto Campano","article_publisher":"http:\/\/facebook.com\/ComunicaCity","article_published_time":"2024-01-22T12:19:23+00:00","article_modified_time":"2024-02-12T12:56:59+00:00","og_image":[{"url":"https:\/\/comunicacity.net\/sestocampano\/wp-content\/uploads\/sites\/211\/2024\/02\/Immagine-Sesto-Campano.jpg","height":1080,"width":1920,"type":""}],"author":"Gestore Yesicode","twitter_card":"summary_large_image","twitter_creator":"@comunicacity","twitter_site":"@comunicacity","twitter_misc":{"Scritto da":"Gestore Yesicode","Tempo di lettura stimato":"2 minuti"},"schema":{"@context":"https:\/\/schema.org","@graph":[{"@type":"Article","@id":"https:\/\/comunicacity.net\/sestocampano\/2024\/01\/22\/avviso-pubblico-fna-2022\/#article","isPartOf":{"@id":"https:\/\/comunicacity.net\/sestocampano\/2024\/01\/22\/avviso-pubblico-fna-2022\/"},"author":{"name":"Gestore Yesicode","@id":"https:\/\/comunicacity.net\/sestocampano\/#\/schema\/person\/090ba36d35213b36fa8ac78b8f4a1ff0"},"headline":"Avviso Pubblico FNA 2022","datePublished":"2024-01-22T12:19:23+00:00","dateModified":"2024-02-12T12:56:59+00:00","mainEntityOfPage":{"@id":"https:\/\/comunicacity.net\/sestocampano\/2024\/01\/22\/avviso-pubblico-fna-2022\/"},"wordCount":484,"publisher":{"@id":"https:\/\/comunicacity.net\/sestocampano\/#organization"},"image":{"@id":"https:\/\/comunicacity.net\/sestocampano\/2024\/01\/22\/avviso-pubblico-fna-2022\/#primaryimage"},"thumbnailUrl":"https:\/\/comunicacity.net\/sestocampano\/wp-content\/uploads\/sites\/211\/2024\/02\/Immagine-Sesto-Campano.jpg","articleSection":["Notizie e Informazioni"],"inLanguage":"it-IT"},{"@type":"WebPage","@id":"https:\/\/comunicacity.net\/sestocampano\/2024\/01\/22\/avviso-pubblico-fna-2022\/","url":"https:\/\/comunicacity.net\/sestocampano\/2024\/01\/22\/avviso-pubblico-fna-2022\/","name":"Avviso Pubblico FNA 2022 - Sesto Campano","isPartOf":{"@id":"https:\/\/comunicacity.net\/sestocampano\/#website"},"primaryImageOfPage":{"@id":"https:\/\/comunicacity.net\/sestocampano\/2024\/01\/22\/avviso-pubblico-fna-2022\/#primaryimage"},"image":{"@id":"https:\/\/comunicacity.net\/sestocampano\/2024\/01\/22\/avviso-pubblico-fna-2022\/#primaryimage"},"thumbnailUrl":"https:\/\/comunicacity.net\/sestocampano\/wp-content\/uploads\/sites\/211\/2024\/02\/Immagine-Sesto-Campano.jpg","datePublished":"2024-01-22T12:19:23+00:00","dateModified":"2024-02-12T12:56:59+00:00","breadcrumb":{"@id":"https:\/\/comunicacity.net\/sestocampano\/2024\/01\/22\/avviso-pubblico-fna-2022\/#breadcrumb"},"inLanguage":"it-IT","potentialAction":[{"@type":"ReadAction","target":["https:\/\/comunicacity.net\/sestocampano\/2024\/01\/22\/avviso-pubblico-fna-2022\/"]}]},{"@type":"ImageObject","inLanguage":"it-IT","@id":"https:\/\/comunicacity.net\/sestocampano\/2024\/01\/22\/avviso-pubblico-fna-2022\/#primaryimage","url":"https:\/\/comunicacity.net\/sestocampano\/wp-content\/uploads\/sites\/211\/2024\/02\/Immagine-Sesto-Campano.jpg","contentUrl":"https:\/\/comunicacity.net\/sestocampano\/wp-content\/uploads\/sites\/211\/2024\/02\/Immagine-Sesto-Campano.jpg","width":1920,"height":1080},{"@type":"BreadcrumbList","@id":"https:\/\/comunicacity.net\/sestocampano\/2024\/01\/22\/avviso-pubblico-fna-2022\/#breadcrumb","itemListElement":[{"@type":"ListItem","position":1,"name":"Home","item":"https:\/\/comunicacity.net\/sestocampano\/"},{"@type":"ListItem","position":2,"name":"Avviso Pubblico FNA 2022"}]},{"@type":"WebSite","@id":"https:\/\/comunicacity.net\/sestocampano\/#website","url":"https:\/\/comunicacity.net\/sestocampano\/","name":"ComunicaCity","description":"","publisher":{"@id":"https:\/\/comunicacity.net\/sestocampano\/#organization"},"potentialAction":[{"@type":"SearchAction","target":{"@type":"EntryPoint","urlTemplate":"https:\/\/comunicacity.net\/sestocampano\/?s={search_term_string}"},"query-input":{"@type":"PropertyValueSpecification","valueRequired":true,"valueName":"search_term_string"}}],"inLanguage":"it-IT"},{"@type":"Organization","@id":"https:\/\/comunicacity.net\/sestocampano\/#organization","name":"ComunicaCity","url":"https:\/\/comunicacity.net\/sestocampano\/","logo":{"@type":"ImageObject","inLanguage":"it-IT","@id":"https:\/\/comunicacity.net\/sestocampano\/#\/schema\/logo\/image\/","url":"http:\/\/comunicacity.net\/wp-content\/uploads\/2014\/11\/logo_comunicacity.png","contentUrl":"http:\/\/comunicacity.net\/wp-content\/uploads\/2014\/11\/logo_comunicacity.png","width":501,"height":79,"caption":"ComunicaCity"},"image":{"@id":"https:\/\/comunicacity.net\/sestocampano\/#\/schema\/logo\/image\/"},"sameAs":["http:\/\/facebook.com\/ComunicaCity","https:\/\/x.com\/comunicacity"]},{"@type":"Person","@id":"https:\/\/comunicacity.net\/sestocampano\/#\/schema\/person\/090ba36d35213b36fa8ac78b8f4a1ff0","name":"Gestore Yesicode","image":{"@type":"ImageObject","inLanguage":"it-IT","@id":"https:\/\/secure.gravatar.com\/avatar\/17d1e47f62a89e264a6b42c225a083aad9d4c5e7916d48459fe3d846d9c56314?s=96&d=mm&r=g","url":"https:\/\/secure.gravatar.com\/avatar\/17d1e47f62a89e264a6b42c225a083aad9d4c5e7916d48459fe3d846d9c56314?s=96&d=mm&r=g","contentUrl":"https:\/\/secure.gravatar.com\/avatar\/17d1e47f62a89e264a6b42c225a083aad9d4c5e7916d48459fe3d846d9c56314?s=96&d=mm&r=g","caption":"Gestore Yesicode"}}]}},"meta_box":{"cc4_urg_colore":"","cc4_urg_data_inizio":"","cc4_urg_data_fine":"","cc4_cor_positivi_oggi":"","cc4_cor_negativizzati_oggi":"","cc4_cor_deceduti_oggi":"","cc4_cor_positivi_totali":"","cc4_cor_negativizzati_totali":"","cc4_cor_deceduti_totali":"","cc4_cor_attualmente_positivi":"","cc4_eve_data_inizio":"","cc4_eve_data_fine":"","cc4_eve_indirizzo":"","cc4_eve_posizione":{"latitude":"","longitude":"","zoom":""},"cc4_eve_telefono":"","cc4_eve_email":"","cc4_eve_web":"","cc4_eve_fb":"","sitopa_id":"00001063"},"_links":{"self":[{"href":"https:\/\/comunicacity.net\/sestocampano\/wp-json\/wp\/v2\/posts\/75","targetHints":{"allow":["GET"]}}],"collection":[{"href":"https:\/\/comunicacity.net\/sestocampano\/wp-json\/wp\/v2\/posts"}],"about":[{"href":"https:\/\/comunicacity.net\/sestocampano\/wp-json\/wp\/v2\/types\/post"}],"author":[{"embeddable":true,"href":"https:\/\/comunicacity.net\/sestocampano\/wp-json\/wp\/v2\/users\/63"}],"replies":[{"embeddable":true,"href":"https:\/\/comunicacity.net\/sestocampano\/wp-json\/wp\/v2\/comments?post=75"}],"version-history":[{"count":1,"href":"https:\/\/comunicacity.net\/sestocampano\/wp-json\/wp\/v2\/posts\/75\/revisions"}],"predecessor-version":[{"id":91,"href":"https:\/\/comunicacity.net\/sestocampano\/wp-json\/wp\/v2\/posts\/75\/revisions\/91"}],"wp:featuredmedia":[{"embeddable":true,"href":"https:\/\/comunicacity.net\/sestocampano\/wp-json\/wp\/v2\/media\/92"}],"wp:attachment":[{"href":"https:\/\/comunicacity.net\/sestocampano\/wp-json\/wp\/v2\/media?parent=75"}],"wp:term":[{"taxonomy":"category","embeddable":true,"href":"https:\/\/comunicacity.net\/sestocampano\/wp-json\/wp\/v2\/categories?post=75"},{"taxonomy":"post_tag","embeddable":true,"href":"https:\/\/comunicacity.net\/sestocampano\/wp-json\/wp\/v2\/tags?post=75"}],"curies":[{"name":"wp","href":"https:\/\/api.w.org\/{rel}","templated":true}]}}