{"id":2728,"date":"2018-07-17T17:36:11","date_gmt":"2018-07-17T15:36:11","guid":{"rendered":"https:\/\/comunicacity.net\/sparanise\/?p=2728"},"modified":"2018-07-17T17:36:11","modified_gmt":"2018-07-17T15:36:11","slug":"al-foscolo-arrivano-160-mila-euro-di-fondi-europei-per-nuovi-laboratori-e-per-lasl","status":"publish","type":"post","link":"https:\/\/comunicacity.net\/sparanise\/2018\/07\/17\/al-foscolo-arrivano-160-mila-euro-di-fondi-europei-per-nuovi-laboratori-e-per-lasl\/","title":{"rendered":"Al Foscolo arrivano 160 mila euro di fondi europei per nuovi laboratori e per l&#8217;ASL"},"content":{"rendered":"<p>Una pioggia di euro arriva all\u2019ISISS \u201cFoscolo\u201d di Teano e Sparanise. Grazie a quattro diversi progetti presentati dalla scuola, infatti, \u00a0sono stati ufficialmente assegnati al Foscolo fondi europei per ben 160 mila euro. Centomila dei quali destinati all\u2019allestimento di nuovi laboratori multimediali ed innovativi, linguistici e scientifici. 23 mila euro, invece, sono stati assegnati alla scuola per l\u2019orientamento e 41 mila euro per il potenziamento dei percorsi di Alternanza Scuola Lavoro. \u201cUna buona occasione \u2013 ha spiegato il Dirigente scolastico prof. Paolo Mesolella, per poter potenziare gli attuali dodici laboratori dei quali due mobili. I Fondi Strutturali Europei \u00a0sono relativi alla programmazione 2014-2020 e a tre diversi PON: il PON\u00a0 \u201cCompetenze e Ambienti per l&#8217;apprendimento di \u00a0euro<strong>\u00a0 <\/strong>22.728 \u00a0per l\u2019avvio di una politica di orientamento attivo; \u00a0il Fondo Infrastrutture e Tecnologie, relativo alla costituzione di Laboratori Innovativi \u00a0per lo sviluppo delle competenze informatiche mediante due diverse azioni \u00a0finanziate: la prima di \u00a0\u20ac 25.000, \u00a0la seconda \u00a0\u20ac 74.136. Il quarto PON \u00e8 quello relativo al potenziamento dei percorsi di Alternanza scuola-lavoro \u00a0per una somma di\u00a0 40.338 euro<strong>.<\/strong> Il \u00a0PON di riferimento, spiega il preside Mesolella, \u00e8 quello \u201cPer la Scuola \u2013 Competenze e ambienti per l\u2019apprendimento\u201d, approvato dalla Commissione Europea\u00a0 il 17 dicembre 2015 e finanziato il 13 luglio scorso. \u00a0L\u2019obiettivo \u00e8 \u00a0quello di rendere i percorsi di Alternanza Scuola- Lavoro componenti strutturali della formazione \u00a0degli alunni, volta a perseguire la qualit\u00e0, l\u2019ampliamento e il potenziamento dell\u2019offerta curricolare, migliorando l\u2019aderenza al mercato del lavoro, i sistemi d&#8217;insegnamento e di formazione \u00a0e promuovendo esperienze innovative. \u00a0\u201cSiamo contenti per l\u2019assegnazione di questi fondi \u2013 ha spiegato il preside Mesolella, anche perch\u00e9 sono somme gi\u00e0 finanziate che possono essere utilizzare gi\u00e0 dal prossimo mese di settembre. Pertanto ringrazio di docenti che con il loro impegno hanno presentato i progetti rendendo possibile questo finanziamento che ci permetter\u00e0, non solo di ampliare i nostri laboratori informatici, scientifici e linguistici, in entrambe le sedi, ma ci permetteranno anche di installare lavagne interattive in tutte le aule e di realizzare il sogno dei nostri alunni di svolgere attivit\u00e0 di Alternanza Scuola Lavoro gratuitamente, anche all\u2019estero.<\/p>\n","protected":false},"excerpt":{"rendered":"<p>Una pioggia di euro arriva all\u2019ISISS \u201cFoscolo\u201d di Teano e Sparanise. Grazie a quattro diversi progetti presentati dalla scuola, infatti, \u00a0sono stati ufficialmente assegnati al Foscolo fondi europei per ben [&hellip;]<\/p>\n","protected":false},"author":41,"featured_media":2524,"comment_status":"closed","ping_status":"closed","sticky":false,"template":"","format":"standard","meta":{"footnotes":"","_members_access_role":[],"_members_access_error":""},"categories":[12],"tags":[],"class_list":["post-2728","post","type-post","status-publish","format-standard","has-post-thumbnail","hentry","category-scuola"],"yoast_head":"<!-- This site is optimized with the Yoast SEO plugin v28.2 - https:\/\/yoast.com\/product\/yoast-seo-wordpress\/ -->\n<title>Al Foscolo arrivano 160 mila euro di fondi europei per nuovi laboratori e per l&#039;ASL - Sparanise<\/title>\n<meta name=\"robots\" content=\"index, follow, max-snippet:-1, max-image-preview:large, max-video-preview:-1\" \/>\n<link rel=\"canonical\" href=\"https:\/\/comunicacity.net\/sparanise\/2018\/07\/17\/al-foscolo-arrivano-160-mila-euro-di-fondi-europei-per-nuovi-laboratori-e-per-lasl\/\" \/>\n<meta property=\"og:locale\" content=\"it_IT\" \/>\n<meta property=\"og:type\" content=\"article\" \/>\n<meta property=\"og:title\" content=\"Al Foscolo arrivano 160 mila euro di fondi europei per nuovi laboratori e per l&#039;ASL - Sparanise\" \/>\n<meta property=\"og:description\" content=\"Una pioggia di euro arriva all\u2019ISISS \u201cFoscolo\u201d di Teano e Sparanise. Grazie a quattro diversi progetti presentati dalla scuola, infatti, \u00a0sono stati ufficialmente assegnati al Foscolo fondi europei per ben [&hellip;]\" \/>\n<meta property=\"og:url\" content=\"https:\/\/comunicacity.net\/sparanise\/2018\/07\/17\/al-foscolo-arrivano-160-mila-euro-di-fondi-europei-per-nuovi-laboratori-e-per-lasl\/\" \/>\n<meta property=\"og:site_name\" content=\"Sparanise\" \/>\n<meta property=\"article:published_time\" content=\"2018-07-17T15:36:11+00:00\" \/>\n<meta property=\"og:image\" content=\"https:\/\/comunicacity.net\/sparanise\/wp-content\/uploads\/sites\/23\/2018\/02\/LOCANDINA-CAMBRIDGE.jpg\" \/>\n\t<meta property=\"og:image:width\" content=\"685\" \/>\n\t<meta property=\"og:image:height\" content=\"960\" \/>\n\t<meta property=\"og:image:type\" content=\"image\/jpeg\" \/>\n<meta name=\"author\" content=\"paolomesolella\" \/>\n<meta name=\"twitter:label1\" content=\"Scritto da\" \/>\n\t<meta name=\"twitter:data1\" content=\"paolomesolella\" \/>\n\t<meta name=\"twitter:label2\" content=\"Tempo di lettura stimato\" \/>\n\t<meta name=\"twitter:data2\" content=\"2 minuti\" \/>\n<script type=\"application\/ld+json\" class=\"yoast-schema-graph\">{\"@context\":\"https:\\\/\\\/schema.org\",\"@graph\":[{\"@type\":\"Article\",\"@id\":\"https:\\\/\\\/comunicacity.net\\\/sparanise\\\/2018\\\/07\\\/17\\\/al-foscolo-arrivano-160-mila-euro-di-fondi-europei-per-nuovi-laboratori-e-per-lasl\\\/#article\",\"isPartOf\":{\"@id\":\"https:\\\/\\\/comunicacity.net\\\/sparanise\\\/2018\\\/07\\\/17\\\/al-foscolo-arrivano-160-mila-euro-di-fondi-europei-per-nuovi-laboratori-e-per-lasl\\\/\"},\"author\":{\"name\":\"paolomesolella\",\"@id\":\"https:\\\/\\\/comunicacity.net\\\/sparanise\\\/#\\\/schema\\\/person\\\/083c03a9239de65458d244a851b4206c\"},\"headline\":\"Al Foscolo arrivano 160 mila euro di fondi europei per nuovi laboratori e per l&#8217;ASL\",\"datePublished\":\"2018-07-17T15:36:11+00:00\",\"mainEntityOfPage\":{\"@id\":\"https:\\\/\\\/comunicacity.net\\\/sparanise\\\/2018\\\/07\\\/17\\\/al-foscolo-arrivano-160-mila-euro-di-fondi-europei-per-nuovi-laboratori-e-per-lasl\\\/\"},\"wordCount\":354,\"image\":{\"@id\":\"https:\\\/\\\/comunicacity.net\\\/sparanise\\\/2018\\\/07\\\/17\\\/al-foscolo-arrivano-160-mila-euro-di-fondi-europei-per-nuovi-laboratori-e-per-lasl\\\/#primaryimage\"},\"thumbnailUrl\":\"https:\\\/\\\/comunicacity.net\\\/sparanise\\\/wp-content\\\/uploads\\\/sites\\\/23\\\/2018\\\/02\\\/LOCANDINA-CAMBRIDGE.jpg\",\"articleSection\":[\"Scuola\"],\"inLanguage\":\"it-IT\"},{\"@type\":\"WebPage\",\"@id\":\"https:\\\/\\\/comunicacity.net\\\/sparanise\\\/2018\\\/07\\\/17\\\/al-foscolo-arrivano-160-mila-euro-di-fondi-europei-per-nuovi-laboratori-e-per-lasl\\\/\",\"url\":\"https:\\\/\\\/comunicacity.net\\\/sparanise\\\/2018\\\/07\\\/17\\\/al-foscolo-arrivano-160-mila-euro-di-fondi-europei-per-nuovi-laboratori-e-per-lasl\\\/\",\"name\":\"Al Foscolo arrivano 160 mila euro di fondi europei per nuovi laboratori e per l'ASL - Sparanise\",\"isPartOf\":{\"@id\":\"https:\\\/\\\/comunicacity.net\\\/sparanise\\\/#website\"},\"primaryImageOfPage\":{\"@id\":\"https:\\\/\\\/comunicacity.net\\\/sparanise\\\/2018\\\/07\\\/17\\\/al-foscolo-arrivano-160-mila-euro-di-fondi-europei-per-nuovi-laboratori-e-per-lasl\\\/#primaryimage\"},\"image\":{\"@id\":\"https:\\\/\\\/comunicacity.net\\\/sparanise\\\/2018\\\/07\\\/17\\\/al-foscolo-arrivano-160-mila-euro-di-fondi-europei-per-nuovi-laboratori-e-per-lasl\\\/#primaryimage\"},\"thumbnailUrl\":\"https:\\\/\\\/comunicacity.net\\\/sparanise\\\/wp-content\\\/uploads\\\/sites\\\/23\\\/2018\\\/02\\\/LOCANDINA-CAMBRIDGE.jpg\",\"datePublished\":\"2018-07-17T15:36:11+00:00\",\"author\":{\"@id\":\"https:\\\/\\\/comunicacity.net\\\/sparanise\\\/#\\\/schema\\\/person\\\/083c03a9239de65458d244a851b4206c\"},\"breadcrumb\":{\"@id\":\"https:\\\/\\\/comunicacity.net\\\/sparanise\\\/2018\\\/07\\\/17\\\/al-foscolo-arrivano-160-mila-euro-di-fondi-europei-per-nuovi-laboratori-e-per-lasl\\\/#breadcrumb\"},\"inLanguage\":\"it-IT\",\"potentialAction\":[{\"@type\":\"ReadAction\",\"target\":[\"https:\\\/\\\/comunicacity.net\\\/sparanise\\\/2018\\\/07\\\/17\\\/al-foscolo-arrivano-160-mila-euro-di-fondi-europei-per-nuovi-laboratori-e-per-lasl\\\/\"]}]},{\"@type\":\"ImageObject\",\"inLanguage\":\"it-IT\",\"@id\":\"https:\\\/\\\/comunicacity.net\\\/sparanise\\\/2018\\\/07\\\/17\\\/al-foscolo-arrivano-160-mila-euro-di-fondi-europei-per-nuovi-laboratori-e-per-lasl\\\/#primaryimage\",\"url\":\"https:\\\/\\\/comunicacity.net\\\/sparanise\\\/wp-content\\\/uploads\\\/sites\\\/23\\\/2018\\\/02\\\/LOCANDINA-CAMBRIDGE.jpg\",\"contentUrl\":\"https:\\\/\\\/comunicacity.net\\\/sparanise\\\/wp-content\\\/uploads\\\/sites\\\/23\\\/2018\\\/02\\\/LOCANDINA-CAMBRIDGE.jpg\",\"width\":685,\"height\":960},{\"@type\":\"BreadcrumbList\",\"@id\":\"https:\\\/\\\/comunicacity.net\\\/sparanise\\\/2018\\\/07\\\/17\\\/al-foscolo-arrivano-160-mila-euro-di-fondi-europei-per-nuovi-laboratori-e-per-lasl\\\/#breadcrumb\",\"itemListElement\":[{\"@type\":\"ListItem\",\"position\":1,\"name\":\"Home\",\"item\":\"https:\\\/\\\/comunicacity.net\\\/sparanise\\\/\"},{\"@type\":\"ListItem\",\"position\":2,\"name\":\"Al Foscolo arrivano 160 mila euro di fondi europei per nuovi laboratori e per l&#8217;ASL\"}]},{\"@type\":\"WebSite\",\"@id\":\"https:\\\/\\\/comunicacity.net\\\/sparanise\\\/#website\",\"url\":\"https:\\\/\\\/comunicacity.net\\\/sparanise\\\/\",\"name\":\"Sparanise\",\"description\":\"Il Tuo Comune che Comunica\",\"potentialAction\":[{\"@type\":\"SearchAction\",\"target\":{\"@type\":\"EntryPoint\",\"urlTemplate\":\"https:\\\/\\\/comunicacity.net\\\/sparanise\\\/?s={search_term_string}\"},\"query-input\":{\"@type\":\"PropertyValueSpecification\",\"valueRequired\":true,\"valueName\":\"search_term_string\"}}],\"inLanguage\":\"it-IT\"},{\"@type\":\"Person\",\"@id\":\"https:\\\/\\\/comunicacity.net\\\/sparanise\\\/#\\\/schema\\\/person\\\/083c03a9239de65458d244a851b4206c\",\"name\":\"paolomesolella\",\"image\":{\"@type\":\"ImageObject\",\"inLanguage\":\"it-IT\",\"@id\":\"https:\\\/\\\/secure.gravatar.com\\\/avatar\\\/69936852c9725ed948cb0f6c2c2daed14b5100416770d894f57fc7e5c6de8dec?s=96&d=mm&r=g\",\"url\":\"https:\\\/\\\/secure.gravatar.com\\\/avatar\\\/69936852c9725ed948cb0f6c2c2daed14b5100416770d894f57fc7e5c6de8dec?s=96&d=mm&r=g\",\"contentUrl\":\"https:\\\/\\\/secure.gravatar.com\\\/avatar\\\/69936852c9725ed948cb0f6c2c2daed14b5100416770d894f57fc7e5c6de8dec?s=96&d=mm&r=g\",\"caption\":\"paolomesolella\"},\"url\":\"https:\\\/\\\/comunicacity.net\\\/sparanise\\\/author\\\/paolomesolella\\\/\"}]}<\/script>\n<!-- \/ Yoast SEO plugin. -->","yoast_head_json":{"title":"Al Foscolo arrivano 160 mila euro di fondi europei per nuovi laboratori e per l'ASL - Sparanise","robots":{"index":"index","follow":"follow","max-snippet":"max-snippet:-1","max-image-preview":"max-image-preview:large","max-video-preview":"max-video-preview:-1"},"canonical":"https:\/\/comunicacity.net\/sparanise\/2018\/07\/17\/al-foscolo-arrivano-160-mila-euro-di-fondi-europei-per-nuovi-laboratori-e-per-lasl\/","og_locale":"it_IT","og_type":"article","og_title":"Al Foscolo arrivano 160 mila euro di fondi europei per nuovi laboratori e per l'ASL - Sparanise","og_description":"Una pioggia di euro arriva all\u2019ISISS \u201cFoscolo\u201d di Teano e Sparanise. Grazie a quattro diversi progetti presentati dalla scuola, infatti, \u00a0sono stati ufficialmente assegnati al Foscolo fondi europei per ben [&hellip;]","og_url":"https:\/\/comunicacity.net\/sparanise\/2018\/07\/17\/al-foscolo-arrivano-160-mila-euro-di-fondi-europei-per-nuovi-laboratori-e-per-lasl\/","og_site_name":"Sparanise","article_published_time":"2018-07-17T15:36:11+00:00","og_image":[{"width":685,"height":960,"url":"https:\/\/comunicacity.net\/sparanise\/wp-content\/uploads\/sites\/23\/2018\/02\/LOCANDINA-CAMBRIDGE.jpg","type":"image\/jpeg"}],"author":"paolomesolella","twitter_misc":{"Scritto da":"paolomesolella","Tempo di lettura stimato":"2 minuti"},"schema":{"@context":"https:\/\/schema.org","@graph":[{"@type":"Article","@id":"https:\/\/comunicacity.net\/sparanise\/2018\/07\/17\/al-foscolo-arrivano-160-mila-euro-di-fondi-europei-per-nuovi-laboratori-e-per-lasl\/#article","isPartOf":{"@id":"https:\/\/comunicacity.net\/sparanise\/2018\/07\/17\/al-foscolo-arrivano-160-mila-euro-di-fondi-europei-per-nuovi-laboratori-e-per-lasl\/"},"author":{"name":"paolomesolella","@id":"https:\/\/comunicacity.net\/sparanise\/#\/schema\/person\/083c03a9239de65458d244a851b4206c"},"headline":"Al Foscolo arrivano 160 mila euro di fondi europei per nuovi laboratori e per l&#8217;ASL","datePublished":"2018-07-17T15:36:11+00:00","mainEntityOfPage":{"@id":"https:\/\/comunicacity.net\/sparanise\/2018\/07\/17\/al-foscolo-arrivano-160-mila-euro-di-fondi-europei-per-nuovi-laboratori-e-per-lasl\/"},"wordCount":354,"image":{"@id":"https:\/\/comunicacity.net\/sparanise\/2018\/07\/17\/al-foscolo-arrivano-160-mila-euro-di-fondi-europei-per-nuovi-laboratori-e-per-lasl\/#primaryimage"},"thumbnailUrl":"https:\/\/comunicacity.net\/sparanise\/wp-content\/uploads\/sites\/23\/2018\/02\/LOCANDINA-CAMBRIDGE.jpg","articleSection":["Scuola"],"inLanguage":"it-IT"},{"@type":"WebPage","@id":"https:\/\/comunicacity.net\/sparanise\/2018\/07\/17\/al-foscolo-arrivano-160-mila-euro-di-fondi-europei-per-nuovi-laboratori-e-per-lasl\/","url":"https:\/\/comunicacity.net\/sparanise\/2018\/07\/17\/al-foscolo-arrivano-160-mila-euro-di-fondi-europei-per-nuovi-laboratori-e-per-lasl\/","name":"Al Foscolo arrivano 160 mila euro di fondi europei per nuovi laboratori e per l'ASL - Sparanise","isPartOf":{"@id":"https:\/\/comunicacity.net\/sparanise\/#website"},"primaryImageOfPage":{"@id":"https:\/\/comunicacity.net\/sparanise\/2018\/07\/17\/al-foscolo-arrivano-160-mila-euro-di-fondi-europei-per-nuovi-laboratori-e-per-lasl\/#primaryimage"},"image":{"@id":"https:\/\/comunicacity.net\/sparanise\/2018\/07\/17\/al-foscolo-arrivano-160-mila-euro-di-fondi-europei-per-nuovi-laboratori-e-per-lasl\/#primaryimage"},"thumbnailUrl":"https:\/\/comunicacity.net\/sparanise\/wp-content\/uploads\/sites\/23\/2018\/02\/LOCANDINA-CAMBRIDGE.jpg","datePublished":"2018-07-17T15:36:11+00:00","author":{"@id":"https:\/\/comunicacity.net\/sparanise\/#\/schema\/person\/083c03a9239de65458d244a851b4206c"},"breadcrumb":{"@id":"https:\/\/comunicacity.net\/sparanise\/2018\/07\/17\/al-foscolo-arrivano-160-mila-euro-di-fondi-europei-per-nuovi-laboratori-e-per-lasl\/#breadcrumb"},"inLanguage":"it-IT","potentialAction":[{"@type":"ReadAction","target":["https:\/\/comunicacity.net\/sparanise\/2018\/07\/17\/al-foscolo-arrivano-160-mila-euro-di-fondi-europei-per-nuovi-laboratori-e-per-lasl\/"]}]},{"@type":"ImageObject","inLanguage":"it-IT","@id":"https:\/\/comunicacity.net\/sparanise\/2018\/07\/17\/al-foscolo-arrivano-160-mila-euro-di-fondi-europei-per-nuovi-laboratori-e-per-lasl\/#primaryimage","url":"https:\/\/comunicacity.net\/sparanise\/wp-content\/uploads\/sites\/23\/2018\/02\/LOCANDINA-CAMBRIDGE.jpg","contentUrl":"https:\/\/comunicacity.net\/sparanise\/wp-content\/uploads\/sites\/23\/2018\/02\/LOCANDINA-CAMBRIDGE.jpg","width":685,"height":960},{"@type":"BreadcrumbList","@id":"https:\/\/comunicacity.net\/sparanise\/2018\/07\/17\/al-foscolo-arrivano-160-mila-euro-di-fondi-europei-per-nuovi-laboratori-e-per-lasl\/#breadcrumb","itemListElement":[{"@type":"ListItem","position":1,"name":"Home","item":"https:\/\/comunicacity.net\/sparanise\/"},{"@type":"ListItem","position":2,"name":"Al Foscolo arrivano 160 mila euro di fondi europei per nuovi laboratori e per l&#8217;ASL"}]},{"@type":"WebSite","@id":"https:\/\/comunicacity.net\/sparanise\/#website","url":"https:\/\/comunicacity.net\/sparanise\/","name":"Sparanise","description":"Il Tuo Comune che Comunica","potentialAction":[{"@type":"SearchAction","target":{"@type":"EntryPoint","urlTemplate":"https:\/\/comunicacity.net\/sparanise\/?s={search_term_string}"},"query-input":{"@type":"PropertyValueSpecification","valueRequired":true,"valueName":"search_term_string"}}],"inLanguage":"it-IT"},{"@type":"Person","@id":"https:\/\/comunicacity.net\/sparanise\/#\/schema\/person\/083c03a9239de65458d244a851b4206c","name":"paolomesolella","image":{"@type":"ImageObject","inLanguage":"it-IT","@id":"https:\/\/secure.gravatar.com\/avatar\/69936852c9725ed948cb0f6c2c2daed14b5100416770d894f57fc7e5c6de8dec?s=96&d=mm&r=g","url":"https:\/\/secure.gravatar.com\/avatar\/69936852c9725ed948cb0f6c2c2daed14b5100416770d894f57fc7e5c6de8dec?s=96&d=mm&r=g","contentUrl":"https:\/\/secure.gravatar.com\/avatar\/69936852c9725ed948cb0f6c2c2daed14b5100416770d894f57fc7e5c6de8dec?s=96&d=mm&r=g","caption":"paolomesolella"},"url":"https:\/\/comunicacity.net\/sparanise\/author\/paolomesolella\/"}]}},"meta_box":{"cc4_urg_colore":"","cc4_urg_data_inizio":"","cc4_urg_data_fine":"","cc4_cor_positivi_oggi":"","cc4_cor_negativizzati_oggi":"","cc4_cor_deceduti_oggi":"","cc4_cor_positivi_totali":"","cc4_cor_negativizzati_totali":"","cc4_cor_deceduti_totali":"","cc4_cor_attualmente_positivi":"","cc4_eve_data_inizio":"","cc4_eve_data_fine":"","cc4_eve_indirizzo":"","cc4_eve_posizione":{"latitude":"","longitude":"","zoom":""},"cc4_eve_telefono":"","cc4_eve_email":"","cc4_eve_web":"","cc4_eve_fb":"","sitopa_id":""},"_links":{"self":[{"href":"https:\/\/comunicacity.net\/sparanise\/wp-json\/wp\/v2\/posts\/2728","targetHints":{"allow":["GET"]}}],"collection":[{"href":"https:\/\/comunicacity.net\/sparanise\/wp-json\/wp\/v2\/posts"}],"about":[{"href":"https:\/\/comunicacity.net\/sparanise\/wp-json\/wp\/v2\/types\/post"}],"author":[{"embeddable":true,"href":"https:\/\/comunicacity.net\/sparanise\/wp-json\/wp\/v2\/users\/41"}],"replies":[{"embeddable":true,"href":"https:\/\/comunicacity.net\/sparanise\/wp-json\/wp\/v2\/comments?post=2728"}],"version-history":[{"count":1,"href":"https:\/\/comunicacity.net\/sparanise\/wp-json\/wp\/v2\/posts\/2728\/revisions"}],"predecessor-version":[{"id":2729,"href":"https:\/\/comunicacity.net\/sparanise\/wp-json\/wp\/v2\/posts\/2728\/revisions\/2729"}],"wp:featuredmedia":[{"embeddable":true,"href":"https:\/\/comunicacity.net\/sparanise\/wp-json\/wp\/v2\/media\/2524"}],"wp:attachment":[{"href":"https:\/\/comunicacity.net\/sparanise\/wp-json\/wp\/v2\/media?parent=2728"}],"wp:term":[{"taxonomy":"category","embeddable":true,"href":"https:\/\/comunicacity.net\/sparanise\/wp-json\/wp\/v2\/categories?post=2728"},{"taxonomy":"post_tag","embeddable":true,"href":"https:\/\/comunicacity.net\/sparanise\/wp-json\/wp\/v2\/tags?post=2728"}],"curies":[{"name":"wp","href":"https:\/\/api.w.org\/{rel}","templated":true}]}}