{"id":2808,"date":"2018-10-30T19:55:33","date_gmt":"2018-10-30T17:55:33","guid":{"rendered":"https:\/\/comunicacity.net\/sparanise\/?p=2808"},"modified":"2018-10-30T19:55:33","modified_gmt":"2018-10-30T17:55:33","slug":"al-foscolo-arrivano-300-mila-euro-di-fondi-europei-per-nuovi-laboratori-e-per-lasl-nascera-anche-la-radio-televisione-di-istituto","status":"publish","type":"post","link":"https:\/\/comunicacity.net\/sparanise\/2018\/10\/30\/al-foscolo-arrivano-300-mila-euro-di-fondi-europei-per-nuovi-laboratori-e-per-lasl-nascera-anche-la-radio-televisione-di-istituto\/","title":{"rendered":"Al Foscolo arrivano 300 mila euro di fondi europei per nuovi laboratori e per l&#8217;ASL. Nascer\u00e0 anche la radio televisione di istituto"},"content":{"rendered":"<p>Una pioggia di euro arriva all\u2019ISISS \u201cFoscolo\u201d di Teano e Sparanise. Grazie infatti a sette diversi progetti presentati dalla scuola, sono stati ufficialmente assegnati al Foscolo fondi europei per circa 300 mila euro.<strong> Centomila <\/strong>dei quali destinati all\u2019allestimento di nuovi laboratori multimediali, innovativi e linguistici per l&#8217;allestimento di un Laboratorio di Lingue nella sede di Teano e di una radio e televisione web\u00a0 nella sede di Sparanise, quest&#8217;ultimo del valore di 75.000 euro.<strong>\u00a018 mila euro<\/strong>, invece, sono stati assegnati alla scuola per l\u2019orientamento formativo nel mondo del lavoro e nell&#8217;universit\u00e0, <strong>95 mila euro<\/strong> per il potenziamento dei percorsi di Alternanza Scuola Lavoro in Italia e all&#8217;estero, 30 mil euro per il potenziamento dell&#8217;educazione al patrimonio artistico e paesaggistico, sulle orme dei greci e dei romani, 45 ila euro per igliorare gli esiti e ridurre i debiti scolastici. treento mila euo di fondi europei, quindi ,nei prossimi giorni trasformeranno la scuola in un cantiere ricco di iniziative e progetti che terranno impegnati gli alunni anche di pomeriggio.. \u201cUna buona occasione \u2013 ha spiegato il Dirigente scolastico prof. Paolo Mesolella, per poter potenziare gli attuali tredici laboratori dei quali due mobili, con uno studio radiofonico e televisivo e riattivare il laboratorio astronomico che \u00e8 l&#8217;unico in tutto l&#8217;alto casertano. I Fondi Strutturali Europei\u00a0 sono relativi alla programmazione 2014-2020 e a cinque diversi PON: il PON\u00a0 \u201cCompetenze di base e Ambienti per l&#8217;apprendimento di\u00a0 euro<strong>\u00a0 <\/strong>42.728\u00a0 per l\u2019avvio di una politica di orientamento attivo e miglioramento degli esiti scolastici;\u00a0 il Fondo Infrastrutture e Tecnologie, relativo alla costituzione di Laboratori Innovativi\u00a0 per lo sviluppo delle competenze linguistiche mediante due diverse azioni\u00a0 finanziate: la prima di\u00a0 \u20ac 25.000 per la realizzazione di un moderno laboratorio di lingua inglese,\u00a0 la seconda\u00a0 \u20ac 74.136 per la realizzazione di uno studio radiotelevisivo. Il quarto PON \u00e8 quello relativo al potenziamento dei percorsi di Alternanza scuola-lavoro\u00a0 per una somma di\u00a0 96.338 euro che otre ad esperienze di ASL in Italia per addett alla contabilit\u00e0in azienda, promozione turistica e all&#8217;inserimento lavorativo di soggetti svantaggiati, anche uno stage di un mese a Londra per acquisire la certificazione Cambridge B2<strong>.<\/strong> Poi vi \u00e8 l&#8217;azione relativa all&#8217;orientamento formativo che prevede moduli di orientamento universitario e di impresa per un totale di 18 mila eurosono infine ben sei moduli per il potenziamento dell&#8217;educazione al patrimonio artistico e culturale per un totale di30 mila euro e che prevedono &#8220;l&#8217;adozione&#8221; delle cattedrali di Calvi e Teano, del convento di Santa Reparata, del monastero di santa Caterina, della chiesa di San Francesco a\u00a0 Teano e dei due Teatri romani di Teano e Cales. &#8220;L&#8217;obiettivo, spiega il preside Paolo Mesolella, \u00e8\u00a0 quello di miglioare i percorsi di Alternanza Scuola- Lavoro, ampliare l\u2019offerta curricolare, migliorando l\u2019aderenza al mercato del lavoro, i sistemi d&#8217;insegnamento e di formazione\u00a0 e promuovendo inoltre esperienze innovative come l&#8217;istituzione di uno studio radiotelevisivo.\u00a0 \u201cSiamo contenti per l\u2019assegnazione di questi fondi \u2013 ha continuato il preside Mesolella, anche perch\u00e9 sono somme gi\u00e0 finanziate che possono essere utilizzare gi\u00e0 da novembre. Pertanto ringrazio di docenti che con il loro impegno hanno presentato i progetti rendendo possibile questo finanziamento che ci permetter\u00e0, non solo di ampliare i nostri laboratori informatici, scientifici e linguistici, in entrambe le sedi, ma ci permetteranno anche di installare lavagne interattive nelle aule e di realizzare il sogno dei nostri alunni di svolgere attivit\u00e0 di Alternanza Scuola Lavoro all\u2019estero e nella radio della scuola..<\/p>\n","protected":false},"excerpt":{"rendered":"<p>Una pioggia di euro arriva all\u2019ISISS \u201cFoscolo\u201d di Teano e Sparanise. Grazie infatti a sette diversi progetti presentati dalla scuola, sono stati ufficialmente assegnati al Foscolo fondi europei per circa [&hellip;]<\/p>\n","protected":false},"author":41,"featured_media":2809,"comment_status":"closed","ping_status":"closed","sticky":false,"template":"","format":"standard","meta":{"footnotes":"","_members_access_role":[],"_members_access_error":""},"categories":[12],"tags":[],"class_list":["post-2808","post","type-post","status-publish","format-standard","has-post-thumbnail","hentry","category-scuola"],"yoast_head":"<!-- This site is optimized with the Yoast SEO plugin v28.2 - https:\/\/yoast.com\/product\/yoast-seo-wordpress\/ -->\n<title>Al Foscolo arrivano 300 mila euro di fondi europei per nuovi laboratori e per l&#039;ASL. Nascer\u00e0 anche la radio televisione di istituto - Sparanise<\/title>\n<meta name=\"robots\" content=\"index, follow, max-snippet:-1, max-image-preview:large, max-video-preview:-1\" \/>\n<link rel=\"canonical\" href=\"https:\/\/comunicacity.net\/sparanise\/2018\/10\/30\/al-foscolo-arrivano-300-mila-euro-di-fondi-europei-per-nuovi-laboratori-e-per-lasl-nascera-anche-la-radio-televisione-di-istituto\/\" \/>\n<meta property=\"og:locale\" content=\"it_IT\" \/>\n<meta property=\"og:type\" content=\"article\" \/>\n<meta property=\"og:title\" content=\"Al Foscolo arrivano 300 mila euro di fondi europei per nuovi laboratori e per l&#039;ASL. Nascer\u00e0 anche la radio televisione di istituto - Sparanise\" \/>\n<meta property=\"og:description\" content=\"Una pioggia di euro arriva all\u2019ISISS \u201cFoscolo\u201d di Teano e Sparanise. Grazie infatti a sette diversi progetti presentati dalla scuola, sono stati ufficialmente assegnati al Foscolo fondi europei per circa [&hellip;]\" \/>\n<meta property=\"og:url\" content=\"https:\/\/comunicacity.net\/sparanise\/2018\/10\/30\/al-foscolo-arrivano-300-mila-euro-di-fondi-europei-per-nuovi-laboratori-e-per-lasl-nascera-anche-la-radio-televisione-di-istituto\/\" \/>\n<meta property=\"og:site_name\" content=\"Sparanise\" \/>\n<meta property=\"article:published_time\" content=\"2018-10-30T17:55:33+00:00\" \/>\n<meta property=\"og:image\" content=\"https:\/\/comunicacity.net\/sparanise\/wp-content\/uploads\/sites\/23\/2018\/10\/RADIO-FOSCOLO.jpg\" \/>\n\t<meta property=\"og:image:width\" content=\"259\" \/>\n\t<meta property=\"og:image:height\" content=\"194\" \/>\n\t<meta property=\"og:image:type\" content=\"image\/jpeg\" \/>\n<meta name=\"author\" content=\"paolomesolella\" \/>\n<meta name=\"twitter:label1\" content=\"Scritto da\" \/>\n\t<meta name=\"twitter:data1\" content=\"paolomesolella\" \/>\n\t<meta name=\"twitter:label2\" content=\"Tempo di lettura stimato\" \/>\n\t<meta name=\"twitter:data2\" content=\"3 minuti\" \/>\n<script type=\"application\/ld+json\" class=\"yoast-schema-graph\">{\"@context\":\"https:\\\/\\\/schema.org\",\"@graph\":[{\"@type\":\"Article\",\"@id\":\"https:\\\/\\\/comunicacity.net\\\/sparanise\\\/2018\\\/10\\\/30\\\/al-foscolo-arrivano-300-mila-euro-di-fondi-europei-per-nuovi-laboratori-e-per-lasl-nascera-anche-la-radio-televisione-di-istituto\\\/#article\",\"isPartOf\":{\"@id\":\"https:\\\/\\\/comunicacity.net\\\/sparanise\\\/2018\\\/10\\\/30\\\/al-foscolo-arrivano-300-mila-euro-di-fondi-europei-per-nuovi-laboratori-e-per-lasl-nascera-anche-la-radio-televisione-di-istituto\\\/\"},\"author\":{\"name\":\"paolomesolella\",\"@id\":\"https:\\\/\\\/comunicacity.net\\\/sparanise\\\/#\\\/schema\\\/person\\\/083c03a9239de65458d244a851b4206c\"},\"headline\":\"Al Foscolo arrivano 300 mila euro di fondi europei per nuovi laboratori e per l&#8217;ASL. Nascer\u00e0 anche la radio televisione di istituto\",\"datePublished\":\"2018-10-30T17:55:33+00:00\",\"mainEntityOfPage\":{\"@id\":\"https:\\\/\\\/comunicacity.net\\\/sparanise\\\/2018\\\/10\\\/30\\\/al-foscolo-arrivano-300-mila-euro-di-fondi-europei-per-nuovi-laboratori-e-per-lasl-nascera-anche-la-radio-televisione-di-istituto\\\/\"},\"wordCount\":572,\"image\":{\"@id\":\"https:\\\/\\\/comunicacity.net\\\/sparanise\\\/2018\\\/10\\\/30\\\/al-foscolo-arrivano-300-mila-euro-di-fondi-europei-per-nuovi-laboratori-e-per-lasl-nascera-anche-la-radio-televisione-di-istituto\\\/#primaryimage\"},\"thumbnailUrl\":\"https:\\\/\\\/comunicacity.net\\\/sparanise\\\/wp-content\\\/uploads\\\/sites\\\/23\\\/2018\\\/10\\\/RADIO-FOSCOLO.jpg\",\"articleSection\":[\"Scuola\"],\"inLanguage\":\"it-IT\"},{\"@type\":\"WebPage\",\"@id\":\"https:\\\/\\\/comunicacity.net\\\/sparanise\\\/2018\\\/10\\\/30\\\/al-foscolo-arrivano-300-mila-euro-di-fondi-europei-per-nuovi-laboratori-e-per-lasl-nascera-anche-la-radio-televisione-di-istituto\\\/\",\"url\":\"https:\\\/\\\/comunicacity.net\\\/sparanise\\\/2018\\\/10\\\/30\\\/al-foscolo-arrivano-300-mila-euro-di-fondi-europei-per-nuovi-laboratori-e-per-lasl-nascera-anche-la-radio-televisione-di-istituto\\\/\",\"name\":\"Al Foscolo arrivano 300 mila euro di fondi europei per nuovi laboratori e per l'ASL. Nascer\u00e0 anche la radio televisione di istituto - Sparanise\",\"isPartOf\":{\"@id\":\"https:\\\/\\\/comunicacity.net\\\/sparanise\\\/#website\"},\"primaryImageOfPage\":{\"@id\":\"https:\\\/\\\/comunicacity.net\\\/sparanise\\\/2018\\\/10\\\/30\\\/al-foscolo-arrivano-300-mila-euro-di-fondi-europei-per-nuovi-laboratori-e-per-lasl-nascera-anche-la-radio-televisione-di-istituto\\\/#primaryimage\"},\"image\":{\"@id\":\"https:\\\/\\\/comunicacity.net\\\/sparanise\\\/2018\\\/10\\\/30\\\/al-foscolo-arrivano-300-mila-euro-di-fondi-europei-per-nuovi-laboratori-e-per-lasl-nascera-anche-la-radio-televisione-di-istituto\\\/#primaryimage\"},\"thumbnailUrl\":\"https:\\\/\\\/comunicacity.net\\\/sparanise\\\/wp-content\\\/uploads\\\/sites\\\/23\\\/2018\\\/10\\\/RADIO-FOSCOLO.jpg\",\"datePublished\":\"2018-10-30T17:55:33+00:00\",\"author\":{\"@id\":\"https:\\\/\\\/comunicacity.net\\\/sparanise\\\/#\\\/schema\\\/person\\\/083c03a9239de65458d244a851b4206c\"},\"breadcrumb\":{\"@id\":\"https:\\\/\\\/comunicacity.net\\\/sparanise\\\/2018\\\/10\\\/30\\\/al-foscolo-arrivano-300-mila-euro-di-fondi-europei-per-nuovi-laboratori-e-per-lasl-nascera-anche-la-radio-televisione-di-istituto\\\/#breadcrumb\"},\"inLanguage\":\"it-IT\",\"potentialAction\":[{\"@type\":\"ReadAction\",\"target\":[\"https:\\\/\\\/comunicacity.net\\\/sparanise\\\/2018\\\/10\\\/30\\\/al-foscolo-arrivano-300-mila-euro-di-fondi-europei-per-nuovi-laboratori-e-per-lasl-nascera-anche-la-radio-televisione-di-istituto\\\/\"]}]},{\"@type\":\"ImageObject\",\"inLanguage\":\"it-IT\",\"@id\":\"https:\\\/\\\/comunicacity.net\\\/sparanise\\\/2018\\\/10\\\/30\\\/al-foscolo-arrivano-300-mila-euro-di-fondi-europei-per-nuovi-laboratori-e-per-lasl-nascera-anche-la-radio-televisione-di-istituto\\\/#primaryimage\",\"url\":\"https:\\\/\\\/comunicacity.net\\\/sparanise\\\/wp-content\\\/uploads\\\/sites\\\/23\\\/2018\\\/10\\\/RADIO-FOSCOLO.jpg\",\"contentUrl\":\"https:\\\/\\\/comunicacity.net\\\/sparanise\\\/wp-content\\\/uploads\\\/sites\\\/23\\\/2018\\\/10\\\/RADIO-FOSCOLO.jpg\",\"width\":259,\"height\":194},{\"@type\":\"BreadcrumbList\",\"@id\":\"https:\\\/\\\/comunicacity.net\\\/sparanise\\\/2018\\\/10\\\/30\\\/al-foscolo-arrivano-300-mila-euro-di-fondi-europei-per-nuovi-laboratori-e-per-lasl-nascera-anche-la-radio-televisione-di-istituto\\\/#breadcrumb\",\"itemListElement\":[{\"@type\":\"ListItem\",\"position\":1,\"name\":\"Home\",\"item\":\"https:\\\/\\\/comunicacity.net\\\/sparanise\\\/\"},{\"@type\":\"ListItem\",\"position\":2,\"name\":\"Al Foscolo arrivano 300 mila euro di fondi europei per nuovi laboratori e per l&#8217;ASL. Nascer\u00e0 anche la radio televisione di istituto\"}]},{\"@type\":\"WebSite\",\"@id\":\"https:\\\/\\\/comunicacity.net\\\/sparanise\\\/#website\",\"url\":\"https:\\\/\\\/comunicacity.net\\\/sparanise\\\/\",\"name\":\"Sparanise\",\"description\":\"Il Tuo Comune che Comunica\",\"potentialAction\":[{\"@type\":\"SearchAction\",\"target\":{\"@type\":\"EntryPoint\",\"urlTemplate\":\"https:\\\/\\\/comunicacity.net\\\/sparanise\\\/?s={search_term_string}\"},\"query-input\":{\"@type\":\"PropertyValueSpecification\",\"valueRequired\":true,\"valueName\":\"search_term_string\"}}],\"inLanguage\":\"it-IT\"},{\"@type\":\"Person\",\"@id\":\"https:\\\/\\\/comunicacity.net\\\/sparanise\\\/#\\\/schema\\\/person\\\/083c03a9239de65458d244a851b4206c\",\"name\":\"paolomesolella\",\"image\":{\"@type\":\"ImageObject\",\"inLanguage\":\"it-IT\",\"@id\":\"https:\\\/\\\/secure.gravatar.com\\\/avatar\\\/69936852c9725ed948cb0f6c2c2daed14b5100416770d894f57fc7e5c6de8dec?s=96&d=mm&r=g\",\"url\":\"https:\\\/\\\/secure.gravatar.com\\\/avatar\\\/69936852c9725ed948cb0f6c2c2daed14b5100416770d894f57fc7e5c6de8dec?s=96&d=mm&r=g\",\"contentUrl\":\"https:\\\/\\\/secure.gravatar.com\\\/avatar\\\/69936852c9725ed948cb0f6c2c2daed14b5100416770d894f57fc7e5c6de8dec?s=96&d=mm&r=g\",\"caption\":\"paolomesolella\"},\"url\":\"https:\\\/\\\/comunicacity.net\\\/sparanise\\\/author\\\/paolomesolella\\\/\"}]}<\/script>\n<!-- \/ Yoast SEO plugin. -->","yoast_head_json":{"title":"Al Foscolo arrivano 300 mila euro di fondi europei per nuovi laboratori e per l'ASL. Nascer\u00e0 anche la radio televisione di istituto - Sparanise","robots":{"index":"index","follow":"follow","max-snippet":"max-snippet:-1","max-image-preview":"max-image-preview:large","max-video-preview":"max-video-preview:-1"},"canonical":"https:\/\/comunicacity.net\/sparanise\/2018\/10\/30\/al-foscolo-arrivano-300-mila-euro-di-fondi-europei-per-nuovi-laboratori-e-per-lasl-nascera-anche-la-radio-televisione-di-istituto\/","og_locale":"it_IT","og_type":"article","og_title":"Al Foscolo arrivano 300 mila euro di fondi europei per nuovi laboratori e per l'ASL. Nascer\u00e0 anche la radio televisione di istituto - Sparanise","og_description":"Una pioggia di euro arriva all\u2019ISISS \u201cFoscolo\u201d di Teano e Sparanise. Grazie infatti a sette diversi progetti presentati dalla scuola, sono stati ufficialmente assegnati al Foscolo fondi europei per circa [&hellip;]","og_url":"https:\/\/comunicacity.net\/sparanise\/2018\/10\/30\/al-foscolo-arrivano-300-mila-euro-di-fondi-europei-per-nuovi-laboratori-e-per-lasl-nascera-anche-la-radio-televisione-di-istituto\/","og_site_name":"Sparanise","article_published_time":"2018-10-30T17:55:33+00:00","og_image":[{"width":259,"height":194,"url":"https:\/\/comunicacity.net\/sparanise\/wp-content\/uploads\/sites\/23\/2018\/10\/RADIO-FOSCOLO.jpg","type":"image\/jpeg"}],"author":"paolomesolella","twitter_misc":{"Scritto da":"paolomesolella","Tempo di lettura stimato":"3 minuti"},"schema":{"@context":"https:\/\/schema.org","@graph":[{"@type":"Article","@id":"https:\/\/comunicacity.net\/sparanise\/2018\/10\/30\/al-foscolo-arrivano-300-mila-euro-di-fondi-europei-per-nuovi-laboratori-e-per-lasl-nascera-anche-la-radio-televisione-di-istituto\/#article","isPartOf":{"@id":"https:\/\/comunicacity.net\/sparanise\/2018\/10\/30\/al-foscolo-arrivano-300-mila-euro-di-fondi-europei-per-nuovi-laboratori-e-per-lasl-nascera-anche-la-radio-televisione-di-istituto\/"},"author":{"name":"paolomesolella","@id":"https:\/\/comunicacity.net\/sparanise\/#\/schema\/person\/083c03a9239de65458d244a851b4206c"},"headline":"Al Foscolo arrivano 300 mila euro di fondi europei per nuovi laboratori e per l&#8217;ASL. Nascer\u00e0 anche la radio televisione di istituto","datePublished":"2018-10-30T17:55:33+00:00","mainEntityOfPage":{"@id":"https:\/\/comunicacity.net\/sparanise\/2018\/10\/30\/al-foscolo-arrivano-300-mila-euro-di-fondi-europei-per-nuovi-laboratori-e-per-lasl-nascera-anche-la-radio-televisione-di-istituto\/"},"wordCount":572,"image":{"@id":"https:\/\/comunicacity.net\/sparanise\/2018\/10\/30\/al-foscolo-arrivano-300-mila-euro-di-fondi-europei-per-nuovi-laboratori-e-per-lasl-nascera-anche-la-radio-televisione-di-istituto\/#primaryimage"},"thumbnailUrl":"https:\/\/comunicacity.net\/sparanise\/wp-content\/uploads\/sites\/23\/2018\/10\/RADIO-FOSCOLO.jpg","articleSection":["Scuola"],"inLanguage":"it-IT"},{"@type":"WebPage","@id":"https:\/\/comunicacity.net\/sparanise\/2018\/10\/30\/al-foscolo-arrivano-300-mila-euro-di-fondi-europei-per-nuovi-laboratori-e-per-lasl-nascera-anche-la-radio-televisione-di-istituto\/","url":"https:\/\/comunicacity.net\/sparanise\/2018\/10\/30\/al-foscolo-arrivano-300-mila-euro-di-fondi-europei-per-nuovi-laboratori-e-per-lasl-nascera-anche-la-radio-televisione-di-istituto\/","name":"Al Foscolo arrivano 300 mila euro di fondi europei per nuovi laboratori e per l'ASL. Nascer\u00e0 anche la radio televisione di istituto - Sparanise","isPartOf":{"@id":"https:\/\/comunicacity.net\/sparanise\/#website"},"primaryImageOfPage":{"@id":"https:\/\/comunicacity.net\/sparanise\/2018\/10\/30\/al-foscolo-arrivano-300-mila-euro-di-fondi-europei-per-nuovi-laboratori-e-per-lasl-nascera-anche-la-radio-televisione-di-istituto\/#primaryimage"},"image":{"@id":"https:\/\/comunicacity.net\/sparanise\/2018\/10\/30\/al-foscolo-arrivano-300-mila-euro-di-fondi-europei-per-nuovi-laboratori-e-per-lasl-nascera-anche-la-radio-televisione-di-istituto\/#primaryimage"},"thumbnailUrl":"https:\/\/comunicacity.net\/sparanise\/wp-content\/uploads\/sites\/23\/2018\/10\/RADIO-FOSCOLO.jpg","datePublished":"2018-10-30T17:55:33+00:00","author":{"@id":"https:\/\/comunicacity.net\/sparanise\/#\/schema\/person\/083c03a9239de65458d244a851b4206c"},"breadcrumb":{"@id":"https:\/\/comunicacity.net\/sparanise\/2018\/10\/30\/al-foscolo-arrivano-300-mila-euro-di-fondi-europei-per-nuovi-laboratori-e-per-lasl-nascera-anche-la-radio-televisione-di-istituto\/#breadcrumb"},"inLanguage":"it-IT","potentialAction":[{"@type":"ReadAction","target":["https:\/\/comunicacity.net\/sparanise\/2018\/10\/30\/al-foscolo-arrivano-300-mila-euro-di-fondi-europei-per-nuovi-laboratori-e-per-lasl-nascera-anche-la-radio-televisione-di-istituto\/"]}]},{"@type":"ImageObject","inLanguage":"it-IT","@id":"https:\/\/comunicacity.net\/sparanise\/2018\/10\/30\/al-foscolo-arrivano-300-mila-euro-di-fondi-europei-per-nuovi-laboratori-e-per-lasl-nascera-anche-la-radio-televisione-di-istituto\/#primaryimage","url":"https:\/\/comunicacity.net\/sparanise\/wp-content\/uploads\/sites\/23\/2018\/10\/RADIO-FOSCOLO.jpg","contentUrl":"https:\/\/comunicacity.net\/sparanise\/wp-content\/uploads\/sites\/23\/2018\/10\/RADIO-FOSCOLO.jpg","width":259,"height":194},{"@type":"BreadcrumbList","@id":"https:\/\/comunicacity.net\/sparanise\/2018\/10\/30\/al-foscolo-arrivano-300-mila-euro-di-fondi-europei-per-nuovi-laboratori-e-per-lasl-nascera-anche-la-radio-televisione-di-istituto\/#breadcrumb","itemListElement":[{"@type":"ListItem","position":1,"name":"Home","item":"https:\/\/comunicacity.net\/sparanise\/"},{"@type":"ListItem","position":2,"name":"Al Foscolo arrivano 300 mila euro di fondi europei per nuovi laboratori e per l&#8217;ASL. Nascer\u00e0 anche la radio televisione di istituto"}]},{"@type":"WebSite","@id":"https:\/\/comunicacity.net\/sparanise\/#website","url":"https:\/\/comunicacity.net\/sparanise\/","name":"Sparanise","description":"Il Tuo Comune che Comunica","potentialAction":[{"@type":"SearchAction","target":{"@type":"EntryPoint","urlTemplate":"https:\/\/comunicacity.net\/sparanise\/?s={search_term_string}"},"query-input":{"@type":"PropertyValueSpecification","valueRequired":true,"valueName":"search_term_string"}}],"inLanguage":"it-IT"},{"@type":"Person","@id":"https:\/\/comunicacity.net\/sparanise\/#\/schema\/person\/083c03a9239de65458d244a851b4206c","name":"paolomesolella","image":{"@type":"ImageObject","inLanguage":"it-IT","@id":"https:\/\/secure.gravatar.com\/avatar\/69936852c9725ed948cb0f6c2c2daed14b5100416770d894f57fc7e5c6de8dec?s=96&d=mm&r=g","url":"https:\/\/secure.gravatar.com\/avatar\/69936852c9725ed948cb0f6c2c2daed14b5100416770d894f57fc7e5c6de8dec?s=96&d=mm&r=g","contentUrl":"https:\/\/secure.gravatar.com\/avatar\/69936852c9725ed948cb0f6c2c2daed14b5100416770d894f57fc7e5c6de8dec?s=96&d=mm&r=g","caption":"paolomesolella"},"url":"https:\/\/comunicacity.net\/sparanise\/author\/paolomesolella\/"}]}},"meta_box":{"cc4_urg_colore":"","cc4_urg_data_inizio":"","cc4_urg_data_fine":"","cc4_cor_positivi_oggi":"","cc4_cor_negativizzati_oggi":"","cc4_cor_deceduti_oggi":"","cc4_cor_positivi_totali":"","cc4_cor_negativizzati_totali":"","cc4_cor_deceduti_totali":"","cc4_cor_attualmente_positivi":"","cc4_eve_data_inizio":"","cc4_eve_data_fine":"","cc4_eve_indirizzo":"","cc4_eve_posizione":{"latitude":"","longitude":"","zoom":""},"cc4_eve_telefono":"","cc4_eve_email":"","cc4_eve_web":"","cc4_eve_fb":"","sitopa_id":""},"_links":{"self":[{"href":"https:\/\/comunicacity.net\/sparanise\/wp-json\/wp\/v2\/posts\/2808","targetHints":{"allow":["GET"]}}],"collection":[{"href":"https:\/\/comunicacity.net\/sparanise\/wp-json\/wp\/v2\/posts"}],"about":[{"href":"https:\/\/comunicacity.net\/sparanise\/wp-json\/wp\/v2\/types\/post"}],"author":[{"embeddable":true,"href":"https:\/\/comunicacity.net\/sparanise\/wp-json\/wp\/v2\/users\/41"}],"replies":[{"embeddable":true,"href":"https:\/\/comunicacity.net\/sparanise\/wp-json\/wp\/v2\/comments?post=2808"}],"version-history":[{"count":1,"href":"https:\/\/comunicacity.net\/sparanise\/wp-json\/wp\/v2\/posts\/2808\/revisions"}],"predecessor-version":[{"id":2810,"href":"https:\/\/comunicacity.net\/sparanise\/wp-json\/wp\/v2\/posts\/2808\/revisions\/2810"}],"wp:featuredmedia":[{"embeddable":true,"href":"https:\/\/comunicacity.net\/sparanise\/wp-json\/wp\/v2\/media\/2809"}],"wp:attachment":[{"href":"https:\/\/comunicacity.net\/sparanise\/wp-json\/wp\/v2\/media?parent=2808"}],"wp:term":[{"taxonomy":"category","embeddable":true,"href":"https:\/\/comunicacity.net\/sparanise\/wp-json\/wp\/v2\/categories?post=2808"},{"taxonomy":"post_tag","embeddable":true,"href":"https:\/\/comunicacity.net\/sparanise\/wp-json\/wp\/v2\/tags?post=2808"}],"curies":[{"name":"wp","href":"https:\/\/api.w.org\/{rel}","templated":true}]}}