{"id":2840,"date":"2018-12-06T01:44:44","date_gmt":"2018-12-05T23:44:44","guid":{"rendered":"https:\/\/comunicacity.net\/sparanise\/?p=2840"},"modified":"2018-12-06T01:44:44","modified_gmt":"2018-12-05T23:44:44","slug":"al-foscolo-arriva-anche-il-corso-serale-amministrazione-finanze-marketing-e-sistemi-informativi-aziendali","status":"publish","type":"post","link":"https:\/\/comunicacity.net\/sparanise\/2018\/12\/06\/al-foscolo-arriva-anche-il-corso-serale-amministrazione-finanze-marketing-e-sistemi-informativi-aziendali\/","title":{"rendered":"Al Foscolo  arriva anche il Corso  Serale &#8220;Amministrazione Finanze Marketing e Sistemi Informativi Aziendali&#8221;"},"content":{"rendered":"<p>Dopo il \u00a0CPIA, il Centro per l\u2019Istruzione degli adulti, al Foscolo di Teano arriva anche il Corso statale Serale Amministrazione Finanze Marketing e Sistemi Informativi Aziendali. Ieri infatti la Regione Campania ha dato il via libera al Piano di dimensionamento regionale e tra i nuovi indirizzi avviati \u00e8 stato assegnato al Foscolo di Teano e Sparanise il corso serale per Ragioneri. Una vittoria per il Dirigente Scolastico prof. Paolo Mesolella e per il docente referente all\u2019istruzione per adulti \u00a0prof. Antonio Migliozzi, che hanno assicurato alla scuola un altro importante indirizzo di studio dopo i licei Classico, scientifico, linguistico, scienze umane e gli istituti tecnici economico, commerciale, turistico e il geometra. Il corso rientra nell\u2019ambito dell\u2019educazione permanente e della riqualificazione tecnico-professionale che la continua trasformazione del mercato del lavoro richiede al fine di fornire una risposta sempre pi\u00f9 qualificata alla crescente domanda di formazione differenziata. Il diploma ha la stessa validit\u00e0 di quello conseguito nei corsi diurni. Il corso si sviluppa su tre anni partendo dalla classe terza accessibile col diploma di terza media. I corsi serali, nati dal progetto SIRIO, in particolare, sono stati pensati \u00a0per gli studenti lavoratori e per quanti desiderano conseguire un diploma e non hanno l&#8217;opportunit\u00e0 di frequentare i corsi diurni, in particolare per coloro che, per varie ragioni, hanno abbandonato la scuola durante gli anni dell&#8217;adolescenza. Il progetto SIRIO si propone di facilitare il passaggio dal lavoro alla scuola e viceversa, recuperando tutte le esperienze formative fatte fuori della scuola e facilita gli studenti lavoratori. \u201cIl nostro corso serale, spiega il preside Mesolella, si sviluppa nella consapevolezza che i nostri studenti si trovano di fronte a difficolt\u00e0 diverse rispetto a quelle di un normale corso diurno, in quanto, per gli adulti che tornano sui banchi sono necessariamente differenti gli impegni sociali e familiari. Al contrario, la forte motivazione, la maggiore maturit\u00e0, la possibilit\u00e0 di comprendere alcune questioni anche attraverso le proprie esperienze professionali diventano punti di forza per conseguire il successo scolastico. In questo contesto\u00a0si concretizza\u00a0l&#8217;obiettivo\u00a0di\u00a0ridurre alcune difficolt\u00e0 incontrate dagli studenti e di valorizzare le loro esperienze lavorative. Il corso \u00e8 diretto a chiunque abbia la licenza media: lavoratori, \u00a0disoccupati, casalinghe, lavoratori stranieri regolari, purch\u00e9 maggiorenni. Il diploma \u00e8 quello dei Sistemi Informativi Aziendali (S.I.A.) Il perito commerciale, esperto in problemi di economia aziendale, \u00e8 in grado di analizzare i rapporti fra l&#8217;azienda e l&#8217;ambiente in cui opera e di proporre soluzioni a problemi specifici, diventando figura di riferimento sia nell\u2019ambito della gestione del sistema informativo aziendale sia nella valutazione, nella scelta \u00a0di software applicativi. L\u2019articolazione\u00a0\u201cSistemi Informativi Aziendali\u201d, infatti, \u00a0approfondisce le competenze relative alla gestione informatica delle informazioni, alla valutazione, alla scelta e all\u2019adattamento di software applicativi, alla realizzazione di nuove procedure, con particolare riguardo al sistema di archiviazione, della comunicazione in rete e della sicurezza informatica. Le materie di studio sono: Italiano, Storia, Matematica, Religione, Inglese, Diritto, Economia Politica, Informatica ed Economia Aziendale. Le lezioni si svolgeranno presso la sede di Teano dal luned\u00ec al venerd\u00ec in orario serale e pomeridiano. Il corso si articola in 23 ore settimanali e oltre alle normali tasse annuali di iscrizione (25 \u20ac), \u00a0non prevede nessuna spesa aggiuntiva. \u00c8 possibile frequentare il corso richiedendo il permesso studio al proprio datore di lavoro. Per ulteriori informazioni e per le iscrizioni si pu\u00f2\u00a0<a href=\"http:\/\/www.iisap.it\/hContattarci.aspx\">contattare la segreteria<\/a>\u00a0della scuola al numero \u00a0657568.<\/p>\n","protected":false},"excerpt":{"rendered":"<p>Dopo il \u00a0CPIA, il Centro per l\u2019Istruzione degli adulti, al Foscolo di Teano arriva anche il Corso statale Serale Amministrazione Finanze Marketing e Sistemi Informativi Aziendali. Ieri infatti la Regione [&hellip;]<\/p>\n","protected":false},"author":41,"featured_media":2721,"comment_status":"closed","ping_status":"closed","sticky":false,"template":"","format":"standard","meta":{"footnotes":"","_members_access_role":[],"_members_access_error":""},"categories":[12],"tags":[],"class_list":["post-2840","post","type-post","status-publish","format-standard","has-post-thumbnail","hentry","category-scuola"],"yoast_head":"<!-- This site is optimized with the Yoast SEO plugin v28.2 - https:\/\/yoast.com\/product\/yoast-seo-wordpress\/ -->\n<title>Al Foscolo arriva anche il Corso Serale &quot;Amministrazione Finanze Marketing e Sistemi Informativi Aziendali&quot; - Sparanise<\/title>\n<meta name=\"robots\" content=\"index, follow, max-snippet:-1, max-image-preview:large, max-video-preview:-1\" \/>\n<link rel=\"canonical\" href=\"https:\/\/comunicacity.net\/sparanise\/2018\/12\/06\/al-foscolo-arriva-anche-il-corso-serale-amministrazione-finanze-marketing-e-sistemi-informativi-aziendali\/\" \/>\n<meta property=\"og:locale\" content=\"it_IT\" \/>\n<meta property=\"og:type\" content=\"article\" \/>\n<meta property=\"og:title\" content=\"Al Foscolo arriva anche il Corso Serale &quot;Amministrazione Finanze Marketing e Sistemi Informativi Aziendali&quot; - Sparanise\" \/>\n<meta property=\"og:description\" content=\"Dopo il \u00a0CPIA, il Centro per l\u2019Istruzione degli adulti, al Foscolo di Teano arriva anche il Corso statale Serale Amministrazione Finanze Marketing e Sistemi Informativi Aziendali. Ieri infatti la Regione [&hellip;]\" \/>\n<meta property=\"og:url\" content=\"https:\/\/comunicacity.net\/sparanise\/2018\/12\/06\/al-foscolo-arriva-anche-il-corso-serale-amministrazione-finanze-marketing-e-sistemi-informativi-aziendali\/\" \/>\n<meta property=\"og:site_name\" content=\"Sparanise\" \/>\n<meta property=\"article:published_time\" content=\"2018-12-05T23:44:44+00:00\" \/>\n<meta property=\"og:image\" content=\"https:\/\/comunicacity.net\/sparanise\/wp-content\/uploads\/sites\/23\/2018\/07\/FOSCOLO.jpg\" \/>\n\t<meta property=\"og:image:width\" content=\"960\" \/>\n\t<meta property=\"og:image:height\" content=\"540\" \/>\n\t<meta property=\"og:image:type\" content=\"image\/jpeg\" \/>\n<meta name=\"author\" content=\"paolomesolella\" \/>\n<meta name=\"twitter:label1\" content=\"Scritto da\" \/>\n\t<meta name=\"twitter:data1\" content=\"paolomesolella\" \/>\n\t<meta name=\"twitter:label2\" content=\"Tempo di lettura stimato\" \/>\n\t<meta name=\"twitter:data2\" content=\"3 minuti\" \/>\n<script type=\"application\/ld+json\" class=\"yoast-schema-graph\">{\"@context\":\"https:\\\/\\\/schema.org\",\"@graph\":[{\"@type\":\"Article\",\"@id\":\"https:\\\/\\\/comunicacity.net\\\/sparanise\\\/2018\\\/12\\\/06\\\/al-foscolo-arriva-anche-il-corso-serale-amministrazione-finanze-marketing-e-sistemi-informativi-aziendali\\\/#article\",\"isPartOf\":{\"@id\":\"https:\\\/\\\/comunicacity.net\\\/sparanise\\\/2018\\\/12\\\/06\\\/al-foscolo-arriva-anche-il-corso-serale-amministrazione-finanze-marketing-e-sistemi-informativi-aziendali\\\/\"},\"author\":{\"name\":\"paolomesolella\",\"@id\":\"https:\\\/\\\/comunicacity.net\\\/sparanise\\\/#\\\/schema\\\/person\\\/083c03a9239de65458d244a851b4206c\"},\"headline\":\"Al Foscolo arriva anche il Corso Serale &#8220;Amministrazione Finanze Marketing e Sistemi Informativi Aziendali&#8221;\",\"datePublished\":\"2018-12-05T23:44:44+00:00\",\"mainEntityOfPage\":{\"@id\":\"https:\\\/\\\/comunicacity.net\\\/sparanise\\\/2018\\\/12\\\/06\\\/al-foscolo-arriva-anche-il-corso-serale-amministrazione-finanze-marketing-e-sistemi-informativi-aziendali\\\/\"},\"wordCount\":570,\"image\":{\"@id\":\"https:\\\/\\\/comunicacity.net\\\/sparanise\\\/2018\\\/12\\\/06\\\/al-foscolo-arriva-anche-il-corso-serale-amministrazione-finanze-marketing-e-sistemi-informativi-aziendali\\\/#primaryimage\"},\"thumbnailUrl\":\"https:\\\/\\\/comunicacity.net\\\/sparanise\\\/wp-content\\\/uploads\\\/sites\\\/23\\\/2018\\\/07\\\/FOSCOLO.jpg\",\"articleSection\":[\"Scuola\"],\"inLanguage\":\"it-IT\"},{\"@type\":\"WebPage\",\"@id\":\"https:\\\/\\\/comunicacity.net\\\/sparanise\\\/2018\\\/12\\\/06\\\/al-foscolo-arriva-anche-il-corso-serale-amministrazione-finanze-marketing-e-sistemi-informativi-aziendali\\\/\",\"url\":\"https:\\\/\\\/comunicacity.net\\\/sparanise\\\/2018\\\/12\\\/06\\\/al-foscolo-arriva-anche-il-corso-serale-amministrazione-finanze-marketing-e-sistemi-informativi-aziendali\\\/\",\"name\":\"Al Foscolo arriva anche il Corso Serale \\\"Amministrazione Finanze Marketing e Sistemi Informativi Aziendali\\\" - Sparanise\",\"isPartOf\":{\"@id\":\"https:\\\/\\\/comunicacity.net\\\/sparanise\\\/#website\"},\"primaryImageOfPage\":{\"@id\":\"https:\\\/\\\/comunicacity.net\\\/sparanise\\\/2018\\\/12\\\/06\\\/al-foscolo-arriva-anche-il-corso-serale-amministrazione-finanze-marketing-e-sistemi-informativi-aziendali\\\/#primaryimage\"},\"image\":{\"@id\":\"https:\\\/\\\/comunicacity.net\\\/sparanise\\\/2018\\\/12\\\/06\\\/al-foscolo-arriva-anche-il-corso-serale-amministrazione-finanze-marketing-e-sistemi-informativi-aziendali\\\/#primaryimage\"},\"thumbnailUrl\":\"https:\\\/\\\/comunicacity.net\\\/sparanise\\\/wp-content\\\/uploads\\\/sites\\\/23\\\/2018\\\/07\\\/FOSCOLO.jpg\",\"datePublished\":\"2018-12-05T23:44:44+00:00\",\"author\":{\"@id\":\"https:\\\/\\\/comunicacity.net\\\/sparanise\\\/#\\\/schema\\\/person\\\/083c03a9239de65458d244a851b4206c\"},\"breadcrumb\":{\"@id\":\"https:\\\/\\\/comunicacity.net\\\/sparanise\\\/2018\\\/12\\\/06\\\/al-foscolo-arriva-anche-il-corso-serale-amministrazione-finanze-marketing-e-sistemi-informativi-aziendali\\\/#breadcrumb\"},\"inLanguage\":\"it-IT\",\"potentialAction\":[{\"@type\":\"ReadAction\",\"target\":[\"https:\\\/\\\/comunicacity.net\\\/sparanise\\\/2018\\\/12\\\/06\\\/al-foscolo-arriva-anche-il-corso-serale-amministrazione-finanze-marketing-e-sistemi-informativi-aziendali\\\/\"]}]},{\"@type\":\"ImageObject\",\"inLanguage\":\"it-IT\",\"@id\":\"https:\\\/\\\/comunicacity.net\\\/sparanise\\\/2018\\\/12\\\/06\\\/al-foscolo-arriva-anche-il-corso-serale-amministrazione-finanze-marketing-e-sistemi-informativi-aziendali\\\/#primaryimage\",\"url\":\"https:\\\/\\\/comunicacity.net\\\/sparanise\\\/wp-content\\\/uploads\\\/sites\\\/23\\\/2018\\\/07\\\/FOSCOLO.jpg\",\"contentUrl\":\"https:\\\/\\\/comunicacity.net\\\/sparanise\\\/wp-content\\\/uploads\\\/sites\\\/23\\\/2018\\\/07\\\/FOSCOLO.jpg\",\"width\":960,\"height\":540},{\"@type\":\"BreadcrumbList\",\"@id\":\"https:\\\/\\\/comunicacity.net\\\/sparanise\\\/2018\\\/12\\\/06\\\/al-foscolo-arriva-anche-il-corso-serale-amministrazione-finanze-marketing-e-sistemi-informativi-aziendali\\\/#breadcrumb\",\"itemListElement\":[{\"@type\":\"ListItem\",\"position\":1,\"name\":\"Home\",\"item\":\"https:\\\/\\\/comunicacity.net\\\/sparanise\\\/\"},{\"@type\":\"ListItem\",\"position\":2,\"name\":\"Al Foscolo arriva anche il Corso Serale &#8220;Amministrazione Finanze Marketing e Sistemi Informativi Aziendali&#8221;\"}]},{\"@type\":\"WebSite\",\"@id\":\"https:\\\/\\\/comunicacity.net\\\/sparanise\\\/#website\",\"url\":\"https:\\\/\\\/comunicacity.net\\\/sparanise\\\/\",\"name\":\"Sparanise\",\"description\":\"Il Tuo Comune che Comunica\",\"potentialAction\":[{\"@type\":\"SearchAction\",\"target\":{\"@type\":\"EntryPoint\",\"urlTemplate\":\"https:\\\/\\\/comunicacity.net\\\/sparanise\\\/?s={search_term_string}\"},\"query-input\":{\"@type\":\"PropertyValueSpecification\",\"valueRequired\":true,\"valueName\":\"search_term_string\"}}],\"inLanguage\":\"it-IT\"},{\"@type\":\"Person\",\"@id\":\"https:\\\/\\\/comunicacity.net\\\/sparanise\\\/#\\\/schema\\\/person\\\/083c03a9239de65458d244a851b4206c\",\"name\":\"paolomesolella\",\"image\":{\"@type\":\"ImageObject\",\"inLanguage\":\"it-IT\",\"@id\":\"https:\\\/\\\/secure.gravatar.com\\\/avatar\\\/69936852c9725ed948cb0f6c2c2daed14b5100416770d894f57fc7e5c6de8dec?s=96&d=mm&r=g\",\"url\":\"https:\\\/\\\/secure.gravatar.com\\\/avatar\\\/69936852c9725ed948cb0f6c2c2daed14b5100416770d894f57fc7e5c6de8dec?s=96&d=mm&r=g\",\"contentUrl\":\"https:\\\/\\\/secure.gravatar.com\\\/avatar\\\/69936852c9725ed948cb0f6c2c2daed14b5100416770d894f57fc7e5c6de8dec?s=96&d=mm&r=g\",\"caption\":\"paolomesolella\"},\"url\":\"https:\\\/\\\/comunicacity.net\\\/sparanise\\\/author\\\/paolomesolella\\\/\"}]}<\/script>\n<!-- \/ Yoast SEO plugin. -->","yoast_head_json":{"title":"Al Foscolo arriva anche il Corso Serale \"Amministrazione Finanze Marketing e Sistemi Informativi Aziendali\" - Sparanise","robots":{"index":"index","follow":"follow","max-snippet":"max-snippet:-1","max-image-preview":"max-image-preview:large","max-video-preview":"max-video-preview:-1"},"canonical":"https:\/\/comunicacity.net\/sparanise\/2018\/12\/06\/al-foscolo-arriva-anche-il-corso-serale-amministrazione-finanze-marketing-e-sistemi-informativi-aziendali\/","og_locale":"it_IT","og_type":"article","og_title":"Al Foscolo arriva anche il Corso Serale \"Amministrazione Finanze Marketing e Sistemi Informativi Aziendali\" - Sparanise","og_description":"Dopo il \u00a0CPIA, il Centro per l\u2019Istruzione degli adulti, al Foscolo di Teano arriva anche il Corso statale Serale Amministrazione Finanze Marketing e Sistemi Informativi Aziendali. Ieri infatti la Regione [&hellip;]","og_url":"https:\/\/comunicacity.net\/sparanise\/2018\/12\/06\/al-foscolo-arriva-anche-il-corso-serale-amministrazione-finanze-marketing-e-sistemi-informativi-aziendali\/","og_site_name":"Sparanise","article_published_time":"2018-12-05T23:44:44+00:00","og_image":[{"width":960,"height":540,"url":"https:\/\/comunicacity.net\/sparanise\/wp-content\/uploads\/sites\/23\/2018\/07\/FOSCOLO.jpg","type":"image\/jpeg"}],"author":"paolomesolella","twitter_misc":{"Scritto da":"paolomesolella","Tempo di lettura stimato":"3 minuti"},"schema":{"@context":"https:\/\/schema.org","@graph":[{"@type":"Article","@id":"https:\/\/comunicacity.net\/sparanise\/2018\/12\/06\/al-foscolo-arriva-anche-il-corso-serale-amministrazione-finanze-marketing-e-sistemi-informativi-aziendali\/#article","isPartOf":{"@id":"https:\/\/comunicacity.net\/sparanise\/2018\/12\/06\/al-foscolo-arriva-anche-il-corso-serale-amministrazione-finanze-marketing-e-sistemi-informativi-aziendali\/"},"author":{"name":"paolomesolella","@id":"https:\/\/comunicacity.net\/sparanise\/#\/schema\/person\/083c03a9239de65458d244a851b4206c"},"headline":"Al Foscolo arriva anche il Corso Serale &#8220;Amministrazione Finanze Marketing e Sistemi Informativi Aziendali&#8221;","datePublished":"2018-12-05T23:44:44+00:00","mainEntityOfPage":{"@id":"https:\/\/comunicacity.net\/sparanise\/2018\/12\/06\/al-foscolo-arriva-anche-il-corso-serale-amministrazione-finanze-marketing-e-sistemi-informativi-aziendali\/"},"wordCount":570,"image":{"@id":"https:\/\/comunicacity.net\/sparanise\/2018\/12\/06\/al-foscolo-arriva-anche-il-corso-serale-amministrazione-finanze-marketing-e-sistemi-informativi-aziendali\/#primaryimage"},"thumbnailUrl":"https:\/\/comunicacity.net\/sparanise\/wp-content\/uploads\/sites\/23\/2018\/07\/FOSCOLO.jpg","articleSection":["Scuola"],"inLanguage":"it-IT"},{"@type":"WebPage","@id":"https:\/\/comunicacity.net\/sparanise\/2018\/12\/06\/al-foscolo-arriva-anche-il-corso-serale-amministrazione-finanze-marketing-e-sistemi-informativi-aziendali\/","url":"https:\/\/comunicacity.net\/sparanise\/2018\/12\/06\/al-foscolo-arriva-anche-il-corso-serale-amministrazione-finanze-marketing-e-sistemi-informativi-aziendali\/","name":"Al Foscolo arriva anche il Corso Serale \"Amministrazione Finanze Marketing e Sistemi Informativi Aziendali\" - Sparanise","isPartOf":{"@id":"https:\/\/comunicacity.net\/sparanise\/#website"},"primaryImageOfPage":{"@id":"https:\/\/comunicacity.net\/sparanise\/2018\/12\/06\/al-foscolo-arriva-anche-il-corso-serale-amministrazione-finanze-marketing-e-sistemi-informativi-aziendali\/#primaryimage"},"image":{"@id":"https:\/\/comunicacity.net\/sparanise\/2018\/12\/06\/al-foscolo-arriva-anche-il-corso-serale-amministrazione-finanze-marketing-e-sistemi-informativi-aziendali\/#primaryimage"},"thumbnailUrl":"https:\/\/comunicacity.net\/sparanise\/wp-content\/uploads\/sites\/23\/2018\/07\/FOSCOLO.jpg","datePublished":"2018-12-05T23:44:44+00:00","author":{"@id":"https:\/\/comunicacity.net\/sparanise\/#\/schema\/person\/083c03a9239de65458d244a851b4206c"},"breadcrumb":{"@id":"https:\/\/comunicacity.net\/sparanise\/2018\/12\/06\/al-foscolo-arriva-anche-il-corso-serale-amministrazione-finanze-marketing-e-sistemi-informativi-aziendali\/#breadcrumb"},"inLanguage":"it-IT","potentialAction":[{"@type":"ReadAction","target":["https:\/\/comunicacity.net\/sparanise\/2018\/12\/06\/al-foscolo-arriva-anche-il-corso-serale-amministrazione-finanze-marketing-e-sistemi-informativi-aziendali\/"]}]},{"@type":"ImageObject","inLanguage":"it-IT","@id":"https:\/\/comunicacity.net\/sparanise\/2018\/12\/06\/al-foscolo-arriva-anche-il-corso-serale-amministrazione-finanze-marketing-e-sistemi-informativi-aziendali\/#primaryimage","url":"https:\/\/comunicacity.net\/sparanise\/wp-content\/uploads\/sites\/23\/2018\/07\/FOSCOLO.jpg","contentUrl":"https:\/\/comunicacity.net\/sparanise\/wp-content\/uploads\/sites\/23\/2018\/07\/FOSCOLO.jpg","width":960,"height":540},{"@type":"BreadcrumbList","@id":"https:\/\/comunicacity.net\/sparanise\/2018\/12\/06\/al-foscolo-arriva-anche-il-corso-serale-amministrazione-finanze-marketing-e-sistemi-informativi-aziendali\/#breadcrumb","itemListElement":[{"@type":"ListItem","position":1,"name":"Home","item":"https:\/\/comunicacity.net\/sparanise\/"},{"@type":"ListItem","position":2,"name":"Al Foscolo arriva anche il Corso Serale &#8220;Amministrazione Finanze Marketing e Sistemi Informativi Aziendali&#8221;"}]},{"@type":"WebSite","@id":"https:\/\/comunicacity.net\/sparanise\/#website","url":"https:\/\/comunicacity.net\/sparanise\/","name":"Sparanise","description":"Il Tuo Comune che Comunica","potentialAction":[{"@type":"SearchAction","target":{"@type":"EntryPoint","urlTemplate":"https:\/\/comunicacity.net\/sparanise\/?s={search_term_string}"},"query-input":{"@type":"PropertyValueSpecification","valueRequired":true,"valueName":"search_term_string"}}],"inLanguage":"it-IT"},{"@type":"Person","@id":"https:\/\/comunicacity.net\/sparanise\/#\/schema\/person\/083c03a9239de65458d244a851b4206c","name":"paolomesolella","image":{"@type":"ImageObject","inLanguage":"it-IT","@id":"https:\/\/secure.gravatar.com\/avatar\/69936852c9725ed948cb0f6c2c2daed14b5100416770d894f57fc7e5c6de8dec?s=96&d=mm&r=g","url":"https:\/\/secure.gravatar.com\/avatar\/69936852c9725ed948cb0f6c2c2daed14b5100416770d894f57fc7e5c6de8dec?s=96&d=mm&r=g","contentUrl":"https:\/\/secure.gravatar.com\/avatar\/69936852c9725ed948cb0f6c2c2daed14b5100416770d894f57fc7e5c6de8dec?s=96&d=mm&r=g","caption":"paolomesolella"},"url":"https:\/\/comunicacity.net\/sparanise\/author\/paolomesolella\/"}]}},"meta_box":{"cc4_urg_colore":"","cc4_urg_data_inizio":"","cc4_urg_data_fine":"","cc4_cor_positivi_oggi":"","cc4_cor_negativizzati_oggi":"","cc4_cor_deceduti_oggi":"","cc4_cor_positivi_totali":"","cc4_cor_negativizzati_totali":"","cc4_cor_deceduti_totali":"","cc4_cor_attualmente_positivi":"","cc4_eve_data_inizio":"","cc4_eve_data_fine":"","cc4_eve_indirizzo":"","cc4_eve_posizione":{"latitude":"","longitude":"","zoom":""},"cc4_eve_telefono":"","cc4_eve_email":"","cc4_eve_web":"","cc4_eve_fb":"","sitopa_id":""},"_links":{"self":[{"href":"https:\/\/comunicacity.net\/sparanise\/wp-json\/wp\/v2\/posts\/2840","targetHints":{"allow":["GET"]}}],"collection":[{"href":"https:\/\/comunicacity.net\/sparanise\/wp-json\/wp\/v2\/posts"}],"about":[{"href":"https:\/\/comunicacity.net\/sparanise\/wp-json\/wp\/v2\/types\/post"}],"author":[{"embeddable":true,"href":"https:\/\/comunicacity.net\/sparanise\/wp-json\/wp\/v2\/users\/41"}],"replies":[{"embeddable":true,"href":"https:\/\/comunicacity.net\/sparanise\/wp-json\/wp\/v2\/comments?post=2840"}],"version-history":[{"count":1,"href":"https:\/\/comunicacity.net\/sparanise\/wp-json\/wp\/v2\/posts\/2840\/revisions"}],"predecessor-version":[{"id":2841,"href":"https:\/\/comunicacity.net\/sparanise\/wp-json\/wp\/v2\/posts\/2840\/revisions\/2841"}],"wp:featuredmedia":[{"embeddable":true,"href":"https:\/\/comunicacity.net\/sparanise\/wp-json\/wp\/v2\/media\/2721"}],"wp:attachment":[{"href":"https:\/\/comunicacity.net\/sparanise\/wp-json\/wp\/v2\/media?parent=2840"}],"wp:term":[{"taxonomy":"category","embeddable":true,"href":"https:\/\/comunicacity.net\/sparanise\/wp-json\/wp\/v2\/categories?post=2840"},{"taxonomy":"post_tag","embeddable":true,"href":"https:\/\/comunicacity.net\/sparanise\/wp-json\/wp\/v2\/tags?post=2840"}],"curies":[{"name":"wp","href":"https:\/\/api.w.org\/{rel}","templated":true}]}}