{"id":2862,"date":"2018-12-17T16:51:20","date_gmt":"2018-12-17T14:51:20","guid":{"rendered":"https:\/\/comunicacity.net\/sparanise\/?p=2862"},"modified":"2018-12-17T16:51:20","modified_gmt":"2018-12-17T14:51:20","slug":"anna-giacca-e-antonella-di-benedetto-del-foscolo-hanno-vinto-l-premio-veri-contro-la-violenza-sulle-donne","status":"publish","type":"post","link":"https:\/\/comunicacity.net\/sparanise\/2018\/12\/17\/anna-giacca-e-antonella-di-benedetto-del-foscolo-hanno-vinto-l-premio-veri-contro-la-violenza-sulle-donne\/","title":{"rendered":"Anna Giacca e Antonella Di Benedetto del Foscolo hanno vinto l Premio Veri contro la violenza sulle donne"},"content":{"rendered":"<p>Ancora due premi per l\u2019Istituto \u201cUgo Foscolo\u201d di Teano e Sparanise guidato dal preside Paolo Mesolella. Venerd\u00ec scorso infatti, sono arrivati\u00a0 altri due importanti riconoscimenti grazie alle alunne Antonella Di Benedetto della classe 3^ B Sistemi Informativi Aziendali di Sparanise ed Anna Giacca della classe 4^C del Liceo Scientifico tradizionale di Teano. Entrambe sono state premiate con un premio in denaro dall\u2019associazione V.E.R.I. per due interessanti contributo sul femminicidio che si soffermano su un tema sempre attuale nel dibattito pubblico.\u00a0 Con un lessico semplice e forte ed una freschezza non comune, Ana ed Antonella hanno posto l\u2019accento sulle violenze di cui, spesso, sono vittime le donne mostrando una conoscenza sicura e critica del tema. \u201cL\u2019angelo del focolare, hanno spiegato le due alunne del Foscolo di Teano e Sparanise, durante la cerimonia di premiazione svoltasi a Mondragone il 15 dicembre scorso nella sede dell\u2019associazione V.E.R.I., non \u00e8 una figlia di un dio minore, non \u00e8 stanca ed ha ancora voglia di portar avanti battaglie e di vincerle. Bisogna sempre schierarsi. La violenza \u00e8 sempre una scelta. La neutralit\u00e0 favorisce l&#8217;oppressore, mai la vittima. Il silenzio aiuta il carnefice, mai il torturato. Non ha et\u00e0, etnia, nazionalit\u00e0; non risponde a logiche politiche n\u00e9 stagna in un particolare ceto sociale. La violenza, ha concluso Anna Giacca, \u201csi ciba dell\u2019ignoranza e si manifesta con la prepotenza e l\u2019arroganza di chi arriva per distruggere. La violenza riguarda tutti da vicino\u201d. Parole chiare e nette, soprattutto se si pensa che a pronunciarle \u00e8 stata una ragazza di 17 anni, capace di mostrare una sensibilit\u00e0 di cui molti adulti non sono \u00a0capaci. Al Foscolo di Teano sono state assegnate anche cinque medaglie premo alle alunne Marika Silvestri, Lia Di Benedetto, Chiara Vetrano, Desir\u00e9 Fiore e Daniela troiano. Hanno accompagnato le ragazze in questa importante iniziative le professoresse Izzo Anna, \u00a0Aulicino Filomena e Palmieri Genovina.<\/p>\n<p>&nbsp;<\/p>\n<p>&nbsp;<\/p>\n<p>&nbsp;<\/p>\n","protected":false},"excerpt":{"rendered":"<p>Ancora due premi per l\u2019Istituto \u201cUgo Foscolo\u201d di Teano e Sparanise guidato dal preside Paolo Mesolella. Venerd\u00ec scorso infatti, sono arrivati\u00a0 altri due importanti riconoscimenti grazie alle alunne Antonella Di [&hellip;]<\/p>\n","protected":false},"author":41,"featured_media":2863,"comment_status":"closed","ping_status":"closed","sticky":false,"template":"","format":"standard","meta":{"footnotes":"","_members_access_role":[],"_members_access_error":""},"categories":[12],"tags":[],"class_list":["post-2862","post","type-post","status-publish","format-standard","has-post-thumbnail","hentry","category-scuola"],"yoast_head":"<!-- This site is optimized with the Yoast SEO plugin v28.2 - https:\/\/yoast.com\/product\/yoast-seo-wordpress\/ -->\n<title>Anna Giacca e Antonella Di Benedetto del Foscolo hanno vinto l Premio Veri contro la violenza sulle donne - Sparanise<\/title>\n<meta name=\"robots\" content=\"index, follow, max-snippet:-1, max-image-preview:large, max-video-preview:-1\" \/>\n<link rel=\"canonical\" href=\"https:\/\/comunicacity.net\/sparanise\/2018\/12\/17\/anna-giacca-e-antonella-di-benedetto-del-foscolo-hanno-vinto-l-premio-veri-contro-la-violenza-sulle-donne\/\" \/>\n<meta property=\"og:locale\" content=\"it_IT\" \/>\n<meta property=\"og:type\" content=\"article\" \/>\n<meta property=\"og:title\" content=\"Anna Giacca e Antonella Di Benedetto del Foscolo hanno vinto l Premio Veri contro la violenza sulle donne - Sparanise\" \/>\n<meta property=\"og:description\" content=\"Ancora due premi per l\u2019Istituto \u201cUgo Foscolo\u201d di Teano e Sparanise guidato dal preside Paolo Mesolella. Venerd\u00ec scorso infatti, sono arrivati\u00a0 altri due importanti riconoscimenti grazie alle alunne Antonella Di [&hellip;]\" \/>\n<meta property=\"og:url\" content=\"https:\/\/comunicacity.net\/sparanise\/2018\/12\/17\/anna-giacca-e-antonella-di-benedetto-del-foscolo-hanno-vinto-l-premio-veri-contro-la-violenza-sulle-donne\/\" \/>\n<meta property=\"og:site_name\" content=\"Sparanise\" \/>\n<meta property=\"article:published_time\" content=\"2018-12-17T14:51:20+00:00\" \/>\n<meta property=\"og:image\" content=\"https:\/\/comunicacity.net\/sparanise\/wp-content\/uploads\/sites\/23\/2018\/12\/PREMIO-VERI-2018.jpg\" \/>\n\t<meta property=\"og:image:width\" content=\"1024\" \/>\n\t<meta property=\"og:image:height\" content=\"768\" \/>\n\t<meta property=\"og:image:type\" content=\"image\/jpeg\" \/>\n<meta name=\"author\" content=\"paolomesolella\" \/>\n<meta name=\"twitter:label1\" content=\"Scritto da\" \/>\n\t<meta name=\"twitter:data1\" content=\"paolomesolella\" \/>\n\t<meta name=\"twitter:label2\" content=\"Tempo di lettura stimato\" \/>\n\t<meta name=\"twitter:data2\" content=\"2 minuti\" \/>\n<script type=\"application\/ld+json\" class=\"yoast-schema-graph\">{\"@context\":\"https:\\\/\\\/schema.org\",\"@graph\":[{\"@type\":\"Article\",\"@id\":\"https:\\\/\\\/comunicacity.net\\\/sparanise\\\/2018\\\/12\\\/17\\\/anna-giacca-e-antonella-di-benedetto-del-foscolo-hanno-vinto-l-premio-veri-contro-la-violenza-sulle-donne\\\/#article\",\"isPartOf\":{\"@id\":\"https:\\\/\\\/comunicacity.net\\\/sparanise\\\/2018\\\/12\\\/17\\\/anna-giacca-e-antonella-di-benedetto-del-foscolo-hanno-vinto-l-premio-veri-contro-la-violenza-sulle-donne\\\/\"},\"author\":{\"name\":\"paolomesolella\",\"@id\":\"https:\\\/\\\/comunicacity.net\\\/sparanise\\\/#\\\/schema\\\/person\\\/083c03a9239de65458d244a851b4206c\"},\"headline\":\"Anna Giacca e Antonella Di Benedetto del Foscolo hanno vinto l Premio Veri contro la violenza sulle donne\",\"datePublished\":\"2018-12-17T14:51:20+00:00\",\"mainEntityOfPage\":{\"@id\":\"https:\\\/\\\/comunicacity.net\\\/sparanise\\\/2018\\\/12\\\/17\\\/anna-giacca-e-antonella-di-benedetto-del-foscolo-hanno-vinto-l-premio-veri-contro-la-violenza-sulle-donne\\\/\"},\"wordCount\":334,\"image\":{\"@id\":\"https:\\\/\\\/comunicacity.net\\\/sparanise\\\/2018\\\/12\\\/17\\\/anna-giacca-e-antonella-di-benedetto-del-foscolo-hanno-vinto-l-premio-veri-contro-la-violenza-sulle-donne\\\/#primaryimage\"},\"thumbnailUrl\":\"https:\\\/\\\/comunicacity.net\\\/sparanise\\\/wp-content\\\/uploads\\\/sites\\\/23\\\/2018\\\/12\\\/PREMIO-VERI-2018.jpg\",\"articleSection\":[\"Scuola\"],\"inLanguage\":\"it-IT\"},{\"@type\":\"WebPage\",\"@id\":\"https:\\\/\\\/comunicacity.net\\\/sparanise\\\/2018\\\/12\\\/17\\\/anna-giacca-e-antonella-di-benedetto-del-foscolo-hanno-vinto-l-premio-veri-contro-la-violenza-sulle-donne\\\/\",\"url\":\"https:\\\/\\\/comunicacity.net\\\/sparanise\\\/2018\\\/12\\\/17\\\/anna-giacca-e-antonella-di-benedetto-del-foscolo-hanno-vinto-l-premio-veri-contro-la-violenza-sulle-donne\\\/\",\"name\":\"Anna Giacca e Antonella Di Benedetto del Foscolo hanno vinto l Premio Veri contro la violenza sulle donne - Sparanise\",\"isPartOf\":{\"@id\":\"https:\\\/\\\/comunicacity.net\\\/sparanise\\\/#website\"},\"primaryImageOfPage\":{\"@id\":\"https:\\\/\\\/comunicacity.net\\\/sparanise\\\/2018\\\/12\\\/17\\\/anna-giacca-e-antonella-di-benedetto-del-foscolo-hanno-vinto-l-premio-veri-contro-la-violenza-sulle-donne\\\/#primaryimage\"},\"image\":{\"@id\":\"https:\\\/\\\/comunicacity.net\\\/sparanise\\\/2018\\\/12\\\/17\\\/anna-giacca-e-antonella-di-benedetto-del-foscolo-hanno-vinto-l-premio-veri-contro-la-violenza-sulle-donne\\\/#primaryimage\"},\"thumbnailUrl\":\"https:\\\/\\\/comunicacity.net\\\/sparanise\\\/wp-content\\\/uploads\\\/sites\\\/23\\\/2018\\\/12\\\/PREMIO-VERI-2018.jpg\",\"datePublished\":\"2018-12-17T14:51:20+00:00\",\"author\":{\"@id\":\"https:\\\/\\\/comunicacity.net\\\/sparanise\\\/#\\\/schema\\\/person\\\/083c03a9239de65458d244a851b4206c\"},\"breadcrumb\":{\"@id\":\"https:\\\/\\\/comunicacity.net\\\/sparanise\\\/2018\\\/12\\\/17\\\/anna-giacca-e-antonella-di-benedetto-del-foscolo-hanno-vinto-l-premio-veri-contro-la-violenza-sulle-donne\\\/#breadcrumb\"},\"inLanguage\":\"it-IT\",\"potentialAction\":[{\"@type\":\"ReadAction\",\"target\":[\"https:\\\/\\\/comunicacity.net\\\/sparanise\\\/2018\\\/12\\\/17\\\/anna-giacca-e-antonella-di-benedetto-del-foscolo-hanno-vinto-l-premio-veri-contro-la-violenza-sulle-donne\\\/\"]}]},{\"@type\":\"ImageObject\",\"inLanguage\":\"it-IT\",\"@id\":\"https:\\\/\\\/comunicacity.net\\\/sparanise\\\/2018\\\/12\\\/17\\\/anna-giacca-e-antonella-di-benedetto-del-foscolo-hanno-vinto-l-premio-veri-contro-la-violenza-sulle-donne\\\/#primaryimage\",\"url\":\"https:\\\/\\\/comunicacity.net\\\/sparanise\\\/wp-content\\\/uploads\\\/sites\\\/23\\\/2018\\\/12\\\/PREMIO-VERI-2018.jpg\",\"contentUrl\":\"https:\\\/\\\/comunicacity.net\\\/sparanise\\\/wp-content\\\/uploads\\\/sites\\\/23\\\/2018\\\/12\\\/PREMIO-VERI-2018.jpg\",\"width\":1024,\"height\":768},{\"@type\":\"BreadcrumbList\",\"@id\":\"https:\\\/\\\/comunicacity.net\\\/sparanise\\\/2018\\\/12\\\/17\\\/anna-giacca-e-antonella-di-benedetto-del-foscolo-hanno-vinto-l-premio-veri-contro-la-violenza-sulle-donne\\\/#breadcrumb\",\"itemListElement\":[{\"@type\":\"ListItem\",\"position\":1,\"name\":\"Home\",\"item\":\"https:\\\/\\\/comunicacity.net\\\/sparanise\\\/\"},{\"@type\":\"ListItem\",\"position\":2,\"name\":\"Anna Giacca e Antonella Di Benedetto del Foscolo hanno vinto l Premio Veri contro la violenza sulle donne\"}]},{\"@type\":\"WebSite\",\"@id\":\"https:\\\/\\\/comunicacity.net\\\/sparanise\\\/#website\",\"url\":\"https:\\\/\\\/comunicacity.net\\\/sparanise\\\/\",\"name\":\"Sparanise\",\"description\":\"Il Tuo Comune che Comunica\",\"potentialAction\":[{\"@type\":\"SearchAction\",\"target\":{\"@type\":\"EntryPoint\",\"urlTemplate\":\"https:\\\/\\\/comunicacity.net\\\/sparanise\\\/?s={search_term_string}\"},\"query-input\":{\"@type\":\"PropertyValueSpecification\",\"valueRequired\":true,\"valueName\":\"search_term_string\"}}],\"inLanguage\":\"it-IT\"},{\"@type\":\"Person\",\"@id\":\"https:\\\/\\\/comunicacity.net\\\/sparanise\\\/#\\\/schema\\\/person\\\/083c03a9239de65458d244a851b4206c\",\"name\":\"paolomesolella\",\"image\":{\"@type\":\"ImageObject\",\"inLanguage\":\"it-IT\",\"@id\":\"https:\\\/\\\/secure.gravatar.com\\\/avatar\\\/69936852c9725ed948cb0f6c2c2daed14b5100416770d894f57fc7e5c6de8dec?s=96&d=mm&r=g\",\"url\":\"https:\\\/\\\/secure.gravatar.com\\\/avatar\\\/69936852c9725ed948cb0f6c2c2daed14b5100416770d894f57fc7e5c6de8dec?s=96&d=mm&r=g\",\"contentUrl\":\"https:\\\/\\\/secure.gravatar.com\\\/avatar\\\/69936852c9725ed948cb0f6c2c2daed14b5100416770d894f57fc7e5c6de8dec?s=96&d=mm&r=g\",\"caption\":\"paolomesolella\"},\"url\":\"https:\\\/\\\/comunicacity.net\\\/sparanise\\\/author\\\/paolomesolella\\\/\"}]}<\/script>\n<!-- \/ Yoast SEO plugin. -->","yoast_head_json":{"title":"Anna Giacca e Antonella Di Benedetto del Foscolo hanno vinto l Premio Veri contro la violenza sulle donne - Sparanise","robots":{"index":"index","follow":"follow","max-snippet":"max-snippet:-1","max-image-preview":"max-image-preview:large","max-video-preview":"max-video-preview:-1"},"canonical":"https:\/\/comunicacity.net\/sparanise\/2018\/12\/17\/anna-giacca-e-antonella-di-benedetto-del-foscolo-hanno-vinto-l-premio-veri-contro-la-violenza-sulle-donne\/","og_locale":"it_IT","og_type":"article","og_title":"Anna Giacca e Antonella Di Benedetto del Foscolo hanno vinto l Premio Veri contro la violenza sulle donne - Sparanise","og_description":"Ancora due premi per l\u2019Istituto \u201cUgo Foscolo\u201d di Teano e Sparanise guidato dal preside Paolo Mesolella. Venerd\u00ec scorso infatti, sono arrivati\u00a0 altri due importanti riconoscimenti grazie alle alunne Antonella Di [&hellip;]","og_url":"https:\/\/comunicacity.net\/sparanise\/2018\/12\/17\/anna-giacca-e-antonella-di-benedetto-del-foscolo-hanno-vinto-l-premio-veri-contro-la-violenza-sulle-donne\/","og_site_name":"Sparanise","article_published_time":"2018-12-17T14:51:20+00:00","og_image":[{"width":1024,"height":768,"url":"https:\/\/comunicacity.net\/sparanise\/wp-content\/uploads\/sites\/23\/2018\/12\/PREMIO-VERI-2018.jpg","type":"image\/jpeg"}],"author":"paolomesolella","twitter_misc":{"Scritto da":"paolomesolella","Tempo di lettura stimato":"2 minuti"},"schema":{"@context":"https:\/\/schema.org","@graph":[{"@type":"Article","@id":"https:\/\/comunicacity.net\/sparanise\/2018\/12\/17\/anna-giacca-e-antonella-di-benedetto-del-foscolo-hanno-vinto-l-premio-veri-contro-la-violenza-sulle-donne\/#article","isPartOf":{"@id":"https:\/\/comunicacity.net\/sparanise\/2018\/12\/17\/anna-giacca-e-antonella-di-benedetto-del-foscolo-hanno-vinto-l-premio-veri-contro-la-violenza-sulle-donne\/"},"author":{"name":"paolomesolella","@id":"https:\/\/comunicacity.net\/sparanise\/#\/schema\/person\/083c03a9239de65458d244a851b4206c"},"headline":"Anna Giacca e Antonella Di Benedetto del Foscolo hanno vinto l Premio Veri contro la violenza sulle donne","datePublished":"2018-12-17T14:51:20+00:00","mainEntityOfPage":{"@id":"https:\/\/comunicacity.net\/sparanise\/2018\/12\/17\/anna-giacca-e-antonella-di-benedetto-del-foscolo-hanno-vinto-l-premio-veri-contro-la-violenza-sulle-donne\/"},"wordCount":334,"image":{"@id":"https:\/\/comunicacity.net\/sparanise\/2018\/12\/17\/anna-giacca-e-antonella-di-benedetto-del-foscolo-hanno-vinto-l-premio-veri-contro-la-violenza-sulle-donne\/#primaryimage"},"thumbnailUrl":"https:\/\/comunicacity.net\/sparanise\/wp-content\/uploads\/sites\/23\/2018\/12\/PREMIO-VERI-2018.jpg","articleSection":["Scuola"],"inLanguage":"it-IT"},{"@type":"WebPage","@id":"https:\/\/comunicacity.net\/sparanise\/2018\/12\/17\/anna-giacca-e-antonella-di-benedetto-del-foscolo-hanno-vinto-l-premio-veri-contro-la-violenza-sulle-donne\/","url":"https:\/\/comunicacity.net\/sparanise\/2018\/12\/17\/anna-giacca-e-antonella-di-benedetto-del-foscolo-hanno-vinto-l-premio-veri-contro-la-violenza-sulle-donne\/","name":"Anna Giacca e Antonella Di Benedetto del Foscolo hanno vinto l Premio Veri contro la violenza sulle donne - Sparanise","isPartOf":{"@id":"https:\/\/comunicacity.net\/sparanise\/#website"},"primaryImageOfPage":{"@id":"https:\/\/comunicacity.net\/sparanise\/2018\/12\/17\/anna-giacca-e-antonella-di-benedetto-del-foscolo-hanno-vinto-l-premio-veri-contro-la-violenza-sulle-donne\/#primaryimage"},"image":{"@id":"https:\/\/comunicacity.net\/sparanise\/2018\/12\/17\/anna-giacca-e-antonella-di-benedetto-del-foscolo-hanno-vinto-l-premio-veri-contro-la-violenza-sulle-donne\/#primaryimage"},"thumbnailUrl":"https:\/\/comunicacity.net\/sparanise\/wp-content\/uploads\/sites\/23\/2018\/12\/PREMIO-VERI-2018.jpg","datePublished":"2018-12-17T14:51:20+00:00","author":{"@id":"https:\/\/comunicacity.net\/sparanise\/#\/schema\/person\/083c03a9239de65458d244a851b4206c"},"breadcrumb":{"@id":"https:\/\/comunicacity.net\/sparanise\/2018\/12\/17\/anna-giacca-e-antonella-di-benedetto-del-foscolo-hanno-vinto-l-premio-veri-contro-la-violenza-sulle-donne\/#breadcrumb"},"inLanguage":"it-IT","potentialAction":[{"@type":"ReadAction","target":["https:\/\/comunicacity.net\/sparanise\/2018\/12\/17\/anna-giacca-e-antonella-di-benedetto-del-foscolo-hanno-vinto-l-premio-veri-contro-la-violenza-sulle-donne\/"]}]},{"@type":"ImageObject","inLanguage":"it-IT","@id":"https:\/\/comunicacity.net\/sparanise\/2018\/12\/17\/anna-giacca-e-antonella-di-benedetto-del-foscolo-hanno-vinto-l-premio-veri-contro-la-violenza-sulle-donne\/#primaryimage","url":"https:\/\/comunicacity.net\/sparanise\/wp-content\/uploads\/sites\/23\/2018\/12\/PREMIO-VERI-2018.jpg","contentUrl":"https:\/\/comunicacity.net\/sparanise\/wp-content\/uploads\/sites\/23\/2018\/12\/PREMIO-VERI-2018.jpg","width":1024,"height":768},{"@type":"BreadcrumbList","@id":"https:\/\/comunicacity.net\/sparanise\/2018\/12\/17\/anna-giacca-e-antonella-di-benedetto-del-foscolo-hanno-vinto-l-premio-veri-contro-la-violenza-sulle-donne\/#breadcrumb","itemListElement":[{"@type":"ListItem","position":1,"name":"Home","item":"https:\/\/comunicacity.net\/sparanise\/"},{"@type":"ListItem","position":2,"name":"Anna Giacca e Antonella Di Benedetto del Foscolo hanno vinto l Premio Veri contro la violenza sulle donne"}]},{"@type":"WebSite","@id":"https:\/\/comunicacity.net\/sparanise\/#website","url":"https:\/\/comunicacity.net\/sparanise\/","name":"Sparanise","description":"Il Tuo Comune che Comunica","potentialAction":[{"@type":"SearchAction","target":{"@type":"EntryPoint","urlTemplate":"https:\/\/comunicacity.net\/sparanise\/?s={search_term_string}"},"query-input":{"@type":"PropertyValueSpecification","valueRequired":true,"valueName":"search_term_string"}}],"inLanguage":"it-IT"},{"@type":"Person","@id":"https:\/\/comunicacity.net\/sparanise\/#\/schema\/person\/083c03a9239de65458d244a851b4206c","name":"paolomesolella","image":{"@type":"ImageObject","inLanguage":"it-IT","@id":"https:\/\/secure.gravatar.com\/avatar\/69936852c9725ed948cb0f6c2c2daed14b5100416770d894f57fc7e5c6de8dec?s=96&d=mm&r=g","url":"https:\/\/secure.gravatar.com\/avatar\/69936852c9725ed948cb0f6c2c2daed14b5100416770d894f57fc7e5c6de8dec?s=96&d=mm&r=g","contentUrl":"https:\/\/secure.gravatar.com\/avatar\/69936852c9725ed948cb0f6c2c2daed14b5100416770d894f57fc7e5c6de8dec?s=96&d=mm&r=g","caption":"paolomesolella"},"url":"https:\/\/comunicacity.net\/sparanise\/author\/paolomesolella\/"}]}},"meta_box":{"cc4_urg_colore":"","cc4_urg_data_inizio":"","cc4_urg_data_fine":"","cc4_cor_positivi_oggi":"","cc4_cor_negativizzati_oggi":"","cc4_cor_deceduti_oggi":"","cc4_cor_positivi_totali":"","cc4_cor_negativizzati_totali":"","cc4_cor_deceduti_totali":"","cc4_cor_attualmente_positivi":"","cc4_eve_data_inizio":"","cc4_eve_data_fine":"","cc4_eve_indirizzo":"","cc4_eve_posizione":{"latitude":"","longitude":"","zoom":""},"cc4_eve_telefono":"","cc4_eve_email":"","cc4_eve_web":"","cc4_eve_fb":"","sitopa_id":""},"_links":{"self":[{"href":"https:\/\/comunicacity.net\/sparanise\/wp-json\/wp\/v2\/posts\/2862","targetHints":{"allow":["GET"]}}],"collection":[{"href":"https:\/\/comunicacity.net\/sparanise\/wp-json\/wp\/v2\/posts"}],"about":[{"href":"https:\/\/comunicacity.net\/sparanise\/wp-json\/wp\/v2\/types\/post"}],"author":[{"embeddable":true,"href":"https:\/\/comunicacity.net\/sparanise\/wp-json\/wp\/v2\/users\/41"}],"replies":[{"embeddable":true,"href":"https:\/\/comunicacity.net\/sparanise\/wp-json\/wp\/v2\/comments?post=2862"}],"version-history":[{"count":1,"href":"https:\/\/comunicacity.net\/sparanise\/wp-json\/wp\/v2\/posts\/2862\/revisions"}],"predecessor-version":[{"id":2864,"href":"https:\/\/comunicacity.net\/sparanise\/wp-json\/wp\/v2\/posts\/2862\/revisions\/2864"}],"wp:featuredmedia":[{"embeddable":true,"href":"https:\/\/comunicacity.net\/sparanise\/wp-json\/wp\/v2\/media\/2863"}],"wp:attachment":[{"href":"https:\/\/comunicacity.net\/sparanise\/wp-json\/wp\/v2\/media?parent=2862"}],"wp:term":[{"taxonomy":"category","embeddable":true,"href":"https:\/\/comunicacity.net\/sparanise\/wp-json\/wp\/v2\/categories?post=2862"},{"taxonomy":"post_tag","embeddable":true,"href":"https:\/\/comunicacity.net\/sparanise\/wp-json\/wp\/v2\/tags?post=2862"}],"curies":[{"name":"wp","href":"https:\/\/api.w.org\/{rel}","templated":true}]}}