{"id":1358,"date":"2018-01-30T17:55:39","date_gmt":"2018-01-30T16:55:39","guid":{"rendered":"https:\/\/comunicacity.net\/tivoli\/?p=1358"},"modified":"2018-01-30T17:55:39","modified_gmt":"2018-01-30T16:55:39","slug":"tivoli-fonte-di-luce-e-tivoli-e-la-vestale-cossinia-da-oggi-le-due-nuove-mostre-al-museo-della-citta","status":"publish","type":"post","link":"https:\/\/comunicacity.net\/tivoli\/2018\/01\/30\/tivoli-fonte-di-luce-e-tivoli-e-la-vestale-cossinia-da-oggi-le-due-nuove-mostre-al-museo-della-citta\/","title":{"rendered":"\u201cTIVOLI FONTE DI LUCE\u201d E \u201cTIVOLI E LA VESTALE COSSINIA\u201d: DA OGGI LE DUE NUOVE MOSTRE AL MUSEO DELLA CITTA\u2019"},"content":{"rendered":"<p>Una \u00e8 dedicata alla storia dell\u2019elettricit\u00e0 a Tivoli, prima citt\u00e0 in Europa, nel 1886, ad utilizzare la corrente elettrica per l\u2019illuminazione ordinaria e, nel 1892, il luogo dove si inaugur\u00f2 la prima linea elettrica nel mondo di trasmissione in corrente alternata, che illumin\u00f2 Roma.<\/p>\n<p>La seconda, illustra la storia dell\u2019ara della vestale Cossinia, unica sepoltura di vestale finora nota del mondo, con l\u2019esposizione, per la prima volta a Tivoli, di importanti reperti archeologici relativi anche alla tomba anonima che gli si addossa.<\/p>\n<p>Sono le due nuove importanti mostre inaugurate oggi al Museo della Citt\u00e0 di Tivoli, promosse dall\u2019assessorato alla cultura e al turismo e coordinate da Maria Antonietta Tomei, consigliere del sindaco per i musei civici.<\/p>\n<p>\u201cTivoli, fonte di luce \u2013 CXXV anniversario della linea elettrica Tivoli \u2013 Roma 1892- 2017\u201d, proposta da Carlo Innocenti e dall\u2019associazione Aurea, \u00e8 stata realizzata in collaborazione con Enel Green Power e con il supporto di Terna e sar\u00e0 aperta fino al 31 dicembre 2018.<\/p>\n<p>\u201cTivoli e la Vestale Cossinia\u201d \u00e8 stata organizzata con la collaborazione della Soprintendenza archeologia, belle arti e paesaggio per l\u2019Area metropolitana di Roma, la Provincia di Viterbo e l\u2019Etruria Meridionale e sar\u00e0 aperta fino al 31 maggio 2018.<\/p>\n<p>Entrambe le mostre sono a ingresso gratuito. Il Museo della Citt\u00e0 si trova in piazza Campitelli ed \u00e8 aperto tutti i giorni, escluso il luned\u00ec, dalle ore 15 alle ore 18 e la domenica anche dalle ore 10 alle ore 13.<\/p>\n<p>La rievocazione con le vestali nel giorno dell\u2019apertura delle mostre \u00e8 stata curata dall\u2019associazione Gruppo storico Publio Elio Adriano.<\/p>\n<p>La presentazione delle mostre \u00e8 stata preceduta da una visita guidata \u2013 a cura del Gruppo Archeologico latino \u201cLatium Vetus\u201d sezione Valle dell\u2019Aniene &#8211; al Parco della Vestale Cossinia, recentemente riaperto al pubblico dopo i\u00a0 lavori di riqualificazione del Comune di Tivoli e della Soprintendenza.<\/p>\n<p>&nbsp;<\/p>\n<p>&nbsp;<\/p>\n<p><strong>Introduzione del Sindaco Giuseppe Proietti<\/strong><\/p>\n<p>Dopo la conclusione della Mostra \u201cLe bellezze di Tivoli nelle immagini e negli scritti del Grand Tour\u201d, che ha avuto grande consenso non solo tra i tiburtini (le firme sui registri sono quasi cinquemila, ma il numero dei visitatori \u00e8 stato di gran lunga superiore), il palazzo della Missione, futuro Museo della citt\u00e0 &#8211; quando saranno completati i lavori che proseguono senza interruzione &#8211; ospita, dal 30 gennaio 2018, due mostre distinte, strettamente legate, come la precedente, alla storia di Tivoli:<\/p>\n<p>La prima, TIVOLI, FONTE DI LUCE, allestita al piano terreno del palazzo, ricorda la prima illuminazione elettrica di Tivoli nel 1886 e celebra il CXXV Anniversario (1892-1937) della prima linea elettrica di trasmissione al mondo in corrente alternata, che collegava, con un percorso di ventisei chilometri, la centrale Acquoria di Tivoli a quella di Roma, posta presso Porta Pia, dove una lapide ancora oggi ricorda l\u2019evento, che ebbe straordinaria risonanza in tutto il mondo.<\/p>\n<p>La mostra, proposta e in gran parte organizzata da Carlo Innocenti (Associazione Aurea) con il coordinamento di Maria Antonietta Tomei, consigliere del Sindaco per i Musei Civici, ha avuto un importante contributo, anche finanziario, di Enel Green Power, la Societ\u00e0 del Gruppo Enel dedicata allo sviluppo e alla gestione delle attivit\u00e0 di generazione di energia da fonti rinnovabili a livello internazionale.<\/p>\n<p>All\u2019evento ha partecipato anche Terna Group, con un allestimento che illustra il ruolo che il gruppo riveste nella Trasmissione Nazionale di alta tensione in Italia.<\/p>\n<p>Tra tutti quelli che hanno contribuito alla realizzazione della mostra, che sono tanti e che ringrazio, segnalo in particolare gli allievi dell\u2019Istituto \u201cAlessandro Volta\u201d di Tivoli che, sotto la guida del prof. Giovanni Rossi, hanno dato un valido aiuto nella parte didattica.<\/p>\n<p>La seconda mostra, TIVOLI E LA VESTALE COSSINIA, allestita al primo piano, documenta in tutti i suoi aspetti uno dei monumenti archeologici pi\u00f9 significativi di Tivoli, la tomba della sacerdotessa Cossinia, scoperta nel 1929 lungo la riva destra dell\u2019Aniene, unica tomba di vestale finora nota. L\u2019iscrizione sull\u2019altare funerario attesta che la gens Cossinia, nominata anche da Cicerone, ebbe a Tivoli una consolidata fioritura.<\/p>\n<p>Non sono pochi i misteri collegati alla tomba della Vestale, che solo nuovi scavi potranno forse definitivamente risolvere. Il pi\u00f9 importante \u00e8 capire se il corredo funerario, scavato vicino all\u2019ara e costituito da un cofanetto in ambra e da una bambola, appartenga o meno a Cossinia.<\/p>\n<p>Quel che oggi pi\u00f9 importa \u00e8 che questa bambolina in avorio, reperto raro e delicatissimo, conservato a Roma nel Museo Nazionale Romano, torna a Tivoli ed \u00e8 visibile in mostra, conservato in una speciale vetrina climatizzata: la fragile bambolina, ornata da monili d\u2019oro, presenta una ricca capigliatura che assomiglia alla pettinatura dell\u2019imperatrice Iulia Domna, come si vede dal confronto con la moneta d\u2019oro esposta nella stessa vetrina.<\/p>\n<p>L\u2019area della tomba, posta lungo la sponda dell\u2019Aniene in una zona centrale, ma defilata e poco transitata, \u00e8 stata spesso oggetto di atti vandalici. Nel corso degli anni l\u2019Amministrazione comunale ha effettuato alcuni interventi: per agevolarne la fruibilit\u00e0 nel 1967 fu realizzata una gradinata di accesso; nel 2001 segu\u00ec un altro intervento di valorizzazione dell\u2019area archeologica. Ma la situazione di degrado era in seguito talmente avanzata che, per salvaguardare il monumento, la Soprintendenza competente era stata costretta a progettare lo smembramento del complesso monumentale, con il trasporto al museo dell\u2019altare inscritto.<\/p>\n<p>A impedire la perdita di un contesto archeologico e naturalistico di grande rilevanza per la citt\u00e0, l\u2019Amministrazione comunale ha effettuato, d\u2019intesa con la Soprintendenza, un drastico intervento di messa in sicurezza della zona, che \u00e8 stata restaurata e dotata lungo tutto il perimetro di una solida recinzione, di cancelli, di un sistema di videosorveglianza e d\u2019illuminazione. Panchine e pannelli illustrativi contribuiranno a creare un piccolo parco cittadino ricco di storia, di arte e di natura, un\u2019oasi tranquilla, per la vestale e per tutti i cittadini che vorranno visitarne la tomba.<\/p>\n<p>Come il precedente, anche il presente catalogo \u00e8 stato curato con grande attenzione e sapienza dal prof. Roberto Borgia, che merita da parte di tutti i tiburtini un particolare ringraziamento.<\/p>\n<p><strong>\u00a0<\/strong><\/p>\n<p><strong>\u00a0<\/strong><\/p>\n<p><strong>Introduzione della curatrice Maria Antonietta Tomei<\/strong><\/p>\n<p>Quest\u2019anno sono due le mostre allestite dall\u2019Amministrazione comunale, Assessorato Cultura e Turismo, nel palazzo della Missione; \u00e8 stata la collaborazione di Soprintendenze, Istituti e Societ\u00e0, e soprattutto di tanti cittadini (elencati nel Colophon Mostra) che ha reso possibile, con un lavoro di squadra non sempre facile, la realizzazione di due eventi importanti, tra loro cos\u00ec differenti.<\/p>\n<p>La prima, TIVOLI, FONTE DI LUCE, \u00e8 una mostra particolare, che intende celebrare eventi di grande rilevanza non solo per la citt\u00e0 di Tivoli, ma anche per la storia dello sviluppo tecnologico. L\u2019allestimento inizia illustrando la prima illuminazione elettrica pubblica in corrente alternata, inaugurata a Tivoli il 29 agosto 1886, con un\u2019entusiastica partecipazione popolare e oltre 500 importanti invitati. L\u2019opera, interamente finanziata dal Comune, di cui era allora sindaco Pietro Tomei, e realizzata dalla Societ\u00e0 per le Forze Idrauliche, utilizzava un\u2019innovativa macchina elettrica, il trasformatore di Gaulard e Gibbs, che aveva permesso di alimentare le lampade elettriche dell\u2019epoca, fino allora utilizzate in altre citt\u00e0 con sistemi a corrente continua. Tivoli pertanto fu la prima citt\u00e0 al mondo ad usare la luce elettrica come illuminazione ordinaria.<\/p>\n<p>L\u2019evento costitu\u00ec una pietra miliare nella storia dell\u2019elettrotecnica e port\u00f2, sei anni dopo, ad un nuovo importantissimo risultato. Infatti, il 4 luglio 1892, precisamente 125 anni fa, venne solennemente inaugurata a Tivoli (Centrale di Acquoria) la prima linea elettrica di trasmissione al mondo in corrente alternata, che collegava un centro di produzione (Acquoria) ad una citt\u00e0 (Roma, Porta Pia) per la somministrazione di energia elettrica in forma commerciale. L\u2019evento costitu\u00ec \u2013 con la trasmissione a ventisei chilometri di distanza, a fronte delle trasmissioni precedenti, che non superavano le poche centinaia di metri \u2013 un\u2019innovazione radicale, un passo storico nello sviluppo dell\u2019elettricit\u00e0, risorsa fondamentale per molte delle pi\u00f9 grandi conquiste del mondo moderno.<\/p>\n<p>L\u2019ingegneria e l\u2019imprenditoria italiana, con la collaborazione della Societ\u00e0 Ganz di Budapest, non solo aprirono le porte all\u2019utilizzazione delle risorse energetiche naturali, ma dettero un contributo fondamentale alla nascita dei grandi sistemi elettrici odierni. L\u2019evento infatti non fu solamente tiburtino, romano o italiano \u2013 anche se Tivoli ebbe il ruolo fondamentale &#8211; ma ebbe risonanza vastissima in Italia e all\u2019estero.<\/p>\n<p>\u201cA Tivoli e a Roma &#8211; scriveva The Electrical Review del 15 luglio 1892 &#8211; il giorno quattro del mese in corso ebbe luogo un avvenimento che venne celebrato come un evento epocale nella sfera degli elettrotecnici\u2026 atteso per anni con attenzione spasmodica\u201d.<\/p>\n<p>Si pensi che questa conquista, l\u2019elettrificazione &#8211; che si realizz\u00f2 per la prima volta alla centrale Acquoria di Tivoli &#8211; \u00e8 stata considerata, in un sondaggio svolto nel 2001 negli Stati Uniti dalla National Academy of Engineering, al primo posto tra le venti pi\u00f9 importanti realizzazioni del XX secolo (Top Twenty), prima dell\u2019automobile, dell\u2019aereo, delle imprese spaziali, del Computer e di Internet.<\/p>\n<p>Con questa mostra la citt\u00e0 vuole dare la giusta rilevanza ad un avvenimento tecnico finora poco considerato e far conoscere, non solo attraverso importanti documenti e foto d\u2019epoca, ma anche strumentazioni di varie epoche, messe a disposizione da Enel Green Power, Terna e da collezionisti privati, il ruolo importantissimo che Tivoli ebbe nella storia mondiale dell\u2019elettrotecnica, non meno rilevante rispetto a quello che da sempre le viene riconosciuto nell\u2019archeologia, nell\u2019architettura, nelle bellezze naturali.<\/p>\n<p>La seconda mostra, TIVOLI E LA VESTALE COSSINIA, allestita al primo piano del palazzo, vuole illustrare un importante monumento archeologico di Tivoli, l\u2019ara funeraria della sacerdotessa vergine Cossinia, scoperta nel luglio del 1929 lungo la riva destra dell\u2019Aniene, a seguito di uno smottamento del terreno. Resta ancora un mistero quale sia il rapporto tra la tomba di Cossinia, unica sepoltura di vestale finora nota nel mondo romano, databile alla met\u00e0 del I sec d.Cr., e la tomba anonima che gli si addossa, della stessa tipologia a gradoni e che certamente doveva essere in qualche modo collegata a quella della sacerdotessa. Sotto questa seconda tomba \u00e8 stato trovato un importante corredo funerario, costituito da un cofanetto in ambra e da una bambola in avorio con gli arti snodabili, con il corpo rappresentato in maniera naturalistica anche nel volto. La bambola, alta quasi 30 cm, presenta alle spalle, alle anche, ai gomiti ed alle ginocchia dei perni, per permetterne i movimenti. Assai ricca \u00e8 la capigliatura costituita da ciocche raccolte sulla nuca in una serie di trecce, forse originariamente tinte di biondo; acconciatura che richiama \u2013 come testimonia la moneta d\u2019oro esposta &#8211; quelle dell\u2019imperatrice Giulia Domna. La bambola \u00e8 ornata da una collana, due bracciali e due cavigliere e presenta calzature unite ai piedi, realizzate in avorio.<\/p>\n<p>Non \u00e8 stato facile avere in mostra questo reperto, conservata al Museo di Palazzo Massimo a Roma, difficilmente trasportabile per la fragilit\u00e0 e il precario stato di conservazione dell\u2019avorio: \u00e8 stato necessario predisporre una sofisticata e costosa vetrina climatizzata, costantemente monitorata, ad impedire dannosi sbalzi di temperatura.<\/p>\n<p>\u00c8 quindi per Tivoli un avvenimento importante vedere esposto questa preziosa bambolina tiburtina, connessa ad un monumento, la tomba di Cossinia, che attesta la presenza anche a Tivoli dell\u2019importantissimo sacerdozio delle vestali, che aveva la sua sede ufficiale a Roma, nel tempio di Vesta e nella casa delle vestali al Foro Romano.<\/p>\n<p>La maestosa statua proveniente dal Palatino, servir\u00e0 ad arricchire la mostra, essendo uno dei pochi esemplari di sacerdotesse vestali che ci sono rimasti, imponente con il suo ricco abbigliamento e il suo severo atteggiamento.<\/p>\n<p>\u00c8 infine motivo di grande soddisfazione il fatto che, insieme alla mostra su Cossinia, anche l\u2019area della tomba, fatta oggetto in passato di ripetuti atti di vandalismo, sia stata messa in sicurezza e valorizzata con un progetto realizzato dal Comune, in stretta collaborazione con la Soprintendenza di Stato.<\/p>\n<p><strong>\u00a0<\/strong><\/p>\n<p><strong>La partecipazione della Soprintendenza<\/strong><\/p>\n<p>La Soprintendenza archeologia, belle arti e paesaggio per l\u2019Area metropolitana di Roma, la Provincia di Viterbo e l\u2019Etruria meridionale ha partecipato agli eventi culturali incentrati sulla figura della sacerdotessa collaborando con il Comune di Tivoli alla riqualificazione del \u201cParco della vestale Cossinia\u201d, inaugurato il 13 gennaio scorso, ove sorge la monumentale tomba (inizi I sec. d.C.) scoperta nel 1929 lungo l\u2019Aniene, e curando il settore della mostra dedicato alla necropoli dell\u2019antica <em>Tibur<\/em> di cui la tomba faceva parte. \u00c8 stata effettuata una ricognizione sui cospicui resti, ancora conservati nell\u2019area Enel del Bacino di San Giovanni e sotto il palazzo sede Inps, della necropoli rinvenuta nel 1832 durante l\u2019apertura dei Cunicoli Gregoriani ed \u00e8 stata recuperata ed esposta in mostra la meridiana collocata alla fine del I sec. a.C. dai quattuorviri del <em>municipium<\/em> tiburtino nella necropoli. \u00c8 invece tuttora in corso il complesso restauro dell\u2019elegante ara marmorea della tomba, recante il nome della vestale e il ricordo dei sessantasei anni votati al culto della dea Vesta, purtroppo deturpata da scritte vandaliche. La Soprintendenza ha in programma il restauro strutturale della tomba, costituita da due basamenti affiancati in blocchi di travertino, e la nuova esplorazione della sepoltura ove furono rinvenuti il cofanetto in ambra e la famosa bambolina-giocattolo in avorio. Sono allo studio anche tempi e modalit\u00e0 per rendere visitabili i resti della necropoli.<\/p>\n<p>&nbsp;<\/p>\n<p><strong>La partecipazione di Enel Green Power<\/strong><\/p>\n<p>&nbsp;<\/p>\n<p>Enel Green Power sostiene la mostra \u201cTivoli fonte di luce\u201d, un racconto del rapporto tra la centrale di Acquoria e il territorio di Tivoli, da sempre basato su sostenibilit\u00e0 e dialogo. L\u2019impianto riveste una grande importanza nell\u2019ambito del patrimonio di archeologia industriale del Lazio. Nel 1892, l\u2019energia prodotta dalla centrale consent\u00ec per la prima volta l\u2019illuminazione a distanza della citt\u00e0 di Roma, attraverso una linea aerea di trasporto in corrente alternata di 28 km. La centrale, distrutta durante la Seconda Guerra Mondiale, fu dapprima ricostruita nel 1949 e successivamente rinnovata nel 1995, giungendo all\u2019assetto attuale che utilizza le migliori tecnologie disponibili per la migliore gestione della risorsa idrica nel rispetto di ambiente e territorio. L\u2019impianto pu\u00f2 generare ogni anno energia \u201cverde\u201d sufficiente a soddisfare il fabbisogni di 50.000 famiglie, evitando l\u2019immissione in atmosfera di oltre 100.000 tonnellate di CO2.<\/p>\n<p>&nbsp;<\/p>\n<p>Enel Green Power ha raccolto e messo a disposizione dei visitatori diversi strumenti, dispositivi e componenti di macchinari elettrici e idraulici utilizzati negli impianti idroelettrici sin dagli inizi del \u2018900, oltre a un\u2019ampia raccolta di materiale fotografico di grande valore storico.<\/p>\n<p>&nbsp;<\/p>\n<p><strong>TIVOLI, FONTE DI LUCE (cenni storici)<\/strong><\/p>\n<p>A Tivoli, il 29 agosto 1886, fu inaugurata la prima illuminazione elet- trica pubblica in corrente alternata. L\u2019opera, interamente finanziata dal Comune e realizzata dalla Societ\u00e0 per le Forze idrauliche, utilizzava una innovativa macchina elettrica, il trasformatore di Gaulard e Gibbs. Tivoli pertanto fu la prima citt\u00e0 in Europa ad usare la luce elettrica come illuminazione ordinaria.<\/p>\n<p>L\u2019evento costitu\u00ec una pietra miliare nella storia dell\u2019elettrotecnica e port\u00f2, sei anni dopo, ad un nuovo importantissimo risultato.<\/p>\n<p>Infatti, il 4 luglio 1892, precisamente 125 anni fa, venne solennemente inaugurata a Tivoli (Centrale di Acquoria) la prima linea elettrica di trasmissione al mondo in corrente alternata, che collegava un centro di produzione (Acquoria) ad una citt\u00e0 (Roma, Porta Pia) per la somministrazione di energia elettrica in forma commerciale. L\u2019evento costitu\u00ec \u2013 con la trasmissione a 28 chilometri di distanza &#8211; un passo storico nello sviluppo dell\u2019elettricit\u00e0, risorsa fondamentale per molte delle pi\u00f9 grandi conquiste del mondo moderno.<\/p>\n<p>&nbsp;<\/p>\n<p><strong>TIVOLI E LA VESTALE COSSINA (cenni storici)<\/strong><\/p>\n<p>La mostra illustra la tomba della vestale Cossinia, scoperta nel 1929 lungo la riva destra dell\u2019Aniene. Resta ancora un mistero quale sia il rapporto tra la tomba di Cossinia, unica sepoltura di vestale finora nota nel mondo, e la tomba anonima che gli si addossa, certamente in qualche modo collegata a quella della sacerdotessa. Sotto questa seconda tomba \u00e8 stato trovato un corredo funerario, costituito da un cofanetto in ambra e da una bambola in avorio, alta quasi 30 cm e con gli arti snodabili. Assai ricca \u00e8 la capigliatura che richiama \u2013 come testimonia la moneta d\u2019oro esposta &#8211; le capigliature dell\u2019imperatrice Giulia Domna. La bambola \u00e8 ornata da una collana, due bracciali e due cavigliere e presenta calzature unite ai piedi.<\/p>\n<p>Non \u00e8 stato facile avere in mostra questo fragile reperto &#8211; conservato nel Museo Nazionale Romano &#8211; che sar\u00e0 esposto in una sofisticata vetrina climatizzata, costantemente monitorata. Per la citt\u00e0 \u00e8 motivo di grande soddisfazione il fatto che, insieme alla mostra, anche l\u2019area della tomba, fatta oggetto di ripetuti atti di vandalismo, sia stata messa in sicurezza e valorizzata con un progetto realizzato dal Comune, in stretta collaborazione con la Soprintendenza di Stato.<\/p>\n<p>Tivoli, 30 gennaio 2018<\/p>\n<p>&nbsp;<\/p>\n<p>&nbsp;<\/p>\n","protected":false},"excerpt":{"rendered":"<p>Una \u00e8 dedicata alla storia dell\u2019elettricit\u00e0 a Tivoli, prima citt\u00e0 in Europa, nel 1886, ad utilizzare la corrente elettrica per l\u2019illuminazione ordinaria e, nel 1892, il luogo dove si inaugur\u00f2 [&hellip;]<\/p>\n","protected":false},"author":174,"featured_media":1359,"comment_status":"closed","ping_status":"closed","sticky":false,"template":"","format":"standard","meta":{"footnotes":""},"categories":[8],"tags":[],"class_list":["post-1358","post","type-post","status-publish","format-standard","has-post-thumbnail","hentry","category-cultura"],"yoast_head":"<!-- This site is optimized with the Yoast SEO plugin v27.4 - https:\/\/yoast.com\/product\/yoast-seo-wordpress\/ -->\n<title>\u201cTIVOLI FONTE DI LUCE\u201d E \u201cTIVOLI E LA VESTALE COSSINIA\u201d: DA OGGI LE DUE NUOVE MOSTRE AL MUSEO DELLA CITTA\u2019 - Tivoli<\/title>\n<meta name=\"robots\" content=\"index, follow, max-snippet:-1, max-image-preview:large, max-video-preview:-1\" \/>\n<link rel=\"canonical\" href=\"https:\/\/comunicacity.net\/tivoli\/2018\/01\/30\/tivoli-fonte-di-luce-e-tivoli-e-la-vestale-cossinia-da-oggi-le-due-nuove-mostre-al-museo-della-citta\/\" \/>\n<meta property=\"og:locale\" content=\"it_IT\" \/>\n<meta property=\"og:type\" content=\"article\" \/>\n<meta property=\"og:title\" content=\"\u201cTIVOLI FONTE DI LUCE\u201d E \u201cTIVOLI E LA VESTALE COSSINIA\u201d: DA OGGI LE DUE NUOVE MOSTRE AL MUSEO DELLA CITTA\u2019 - Tivoli\" \/>\n<meta property=\"og:description\" content=\"Una \u00e8 dedicata alla storia dell\u2019elettricit\u00e0 a Tivoli, prima citt\u00e0 in Europa, nel 1886, ad utilizzare la corrente elettrica per l\u2019illuminazione ordinaria e, nel 1892, il luogo dove si inaugur\u00f2 [&hellip;]\" \/>\n<meta property=\"og:url\" content=\"https:\/\/comunicacity.net\/tivoli\/2018\/01\/30\/tivoli-fonte-di-luce-e-tivoli-e-la-vestale-cossinia-da-oggi-le-due-nuove-mostre-al-museo-della-citta\/\" \/>\n<meta property=\"og:site_name\" content=\"Tivoli\" \/>\n<meta property=\"article:publisher\" content=\"http:\/\/facebook.com\/ComunicaCity\" \/>\n<meta property=\"article:published_time\" content=\"2018-01-30T16:55:39+00:00\" \/>\n<meta property=\"og:image\" content=\"https:\/\/comunicacity.net\/tivoli\/wp-content\/uploads\/sites\/72\/2018\/01\/locandina.jpg\" \/>\n\t<meta property=\"og:image:width\" content=\"1143\" \/>\n\t<meta property=\"og:image:height\" content=\"800\" \/>\n\t<meta property=\"og:image:type\" content=\"image\/jpeg\" \/>\n<meta name=\"author\" content=\"Comune di Tivoli\" \/>\n<meta name=\"twitter:card\" content=\"summary_large_image\" \/>\n<meta name=\"twitter:creator\" content=\"@comunicacity\" \/>\n<meta name=\"twitter:site\" content=\"@comunicacity\" \/>\n<meta name=\"twitter:label1\" content=\"Scritto da\" \/>\n\t<meta name=\"twitter:data1\" content=\"Comune di Tivoli\" \/>\n\t<meta name=\"twitter:label2\" content=\"Tempo di lettura stimato\" \/>\n\t<meta name=\"twitter:data2\" content=\"14 minuti\" \/>\n<script type=\"application\/ld+json\" class=\"yoast-schema-graph\">{\"@context\":\"https:\\\/\\\/schema.org\",\"@graph\":[{\"@type\":\"Article\",\"@id\":\"https:\\\/\\\/comunicacity.net\\\/tivoli\\\/2018\\\/01\\\/30\\\/tivoli-fonte-di-luce-e-tivoli-e-la-vestale-cossinia-da-oggi-le-due-nuove-mostre-al-museo-della-citta\\\/#article\",\"isPartOf\":{\"@id\":\"https:\\\/\\\/comunicacity.net\\\/tivoli\\\/2018\\\/01\\\/30\\\/tivoli-fonte-di-luce-e-tivoli-e-la-vestale-cossinia-da-oggi-le-due-nuove-mostre-al-museo-della-citta\\\/\"},\"author\":{\"name\":\"Comune di Tivoli\",\"@id\":\"https:\\\/\\\/comunicacity.net\\\/tivoli\\\/#\\\/schema\\\/person\\\/d8b562b919da26cb1663e87d1dca9211\"},\"headline\":\"\u201cTIVOLI FONTE DI LUCE\u201d E \u201cTIVOLI E LA VESTALE COSSINIA\u201d: DA OGGI LE DUE NUOVE MOSTRE AL MUSEO DELLA CITTA\u2019\",\"datePublished\":\"2018-01-30T16:55:39+00:00\",\"mainEntityOfPage\":{\"@id\":\"https:\\\/\\\/comunicacity.net\\\/tivoli\\\/2018\\\/01\\\/30\\\/tivoli-fonte-di-luce-e-tivoli-e-la-vestale-cossinia-da-oggi-le-due-nuove-mostre-al-museo-della-citta\\\/\"},\"wordCount\":2721,\"image\":{\"@id\":\"https:\\\/\\\/comunicacity.net\\\/tivoli\\\/2018\\\/01\\\/30\\\/tivoli-fonte-di-luce-e-tivoli-e-la-vestale-cossinia-da-oggi-le-due-nuove-mostre-al-museo-della-citta\\\/#primaryimage\"},\"thumbnailUrl\":\"https:\\\/\\\/comunicacity.net\\\/tivoli\\\/wp-content\\\/uploads\\\/sites\\\/72\\\/2018\\\/01\\\/locandina.jpg\",\"articleSection\":[\"Cultura\"],\"inLanguage\":\"it-IT\"},{\"@type\":\"WebPage\",\"@id\":\"https:\\\/\\\/comunicacity.net\\\/tivoli\\\/2018\\\/01\\\/30\\\/tivoli-fonte-di-luce-e-tivoli-e-la-vestale-cossinia-da-oggi-le-due-nuove-mostre-al-museo-della-citta\\\/\",\"url\":\"https:\\\/\\\/comunicacity.net\\\/tivoli\\\/2018\\\/01\\\/30\\\/tivoli-fonte-di-luce-e-tivoli-e-la-vestale-cossinia-da-oggi-le-due-nuove-mostre-al-museo-della-citta\\\/\",\"name\":\"\u201cTIVOLI FONTE DI LUCE\u201d E \u201cTIVOLI E LA VESTALE COSSINIA\u201d: DA OGGI LE DUE NUOVE MOSTRE AL MUSEO DELLA CITTA\u2019 - Tivoli\",\"isPartOf\":{\"@id\":\"https:\\\/\\\/comunicacity.net\\\/tivoli\\\/#website\"},\"primaryImageOfPage\":{\"@id\":\"https:\\\/\\\/comunicacity.net\\\/tivoli\\\/2018\\\/01\\\/30\\\/tivoli-fonte-di-luce-e-tivoli-e-la-vestale-cossinia-da-oggi-le-due-nuove-mostre-al-museo-della-citta\\\/#primaryimage\"},\"image\":{\"@id\":\"https:\\\/\\\/comunicacity.net\\\/tivoli\\\/2018\\\/01\\\/30\\\/tivoli-fonte-di-luce-e-tivoli-e-la-vestale-cossinia-da-oggi-le-due-nuove-mostre-al-museo-della-citta\\\/#primaryimage\"},\"thumbnailUrl\":\"https:\\\/\\\/comunicacity.net\\\/tivoli\\\/wp-content\\\/uploads\\\/sites\\\/72\\\/2018\\\/01\\\/locandina.jpg\",\"datePublished\":\"2018-01-30T16:55:39+00:00\",\"author\":{\"@id\":\"https:\\\/\\\/comunicacity.net\\\/tivoli\\\/#\\\/schema\\\/person\\\/d8b562b919da26cb1663e87d1dca9211\"},\"breadcrumb\":{\"@id\":\"https:\\\/\\\/comunicacity.net\\\/tivoli\\\/2018\\\/01\\\/30\\\/tivoli-fonte-di-luce-e-tivoli-e-la-vestale-cossinia-da-oggi-le-due-nuove-mostre-al-museo-della-citta\\\/#breadcrumb\"},\"inLanguage\":\"it-IT\",\"potentialAction\":[{\"@type\":\"ReadAction\",\"target\":[\"https:\\\/\\\/comunicacity.net\\\/tivoli\\\/2018\\\/01\\\/30\\\/tivoli-fonte-di-luce-e-tivoli-e-la-vestale-cossinia-da-oggi-le-due-nuove-mostre-al-museo-della-citta\\\/\"]}]},{\"@type\":\"ImageObject\",\"inLanguage\":\"it-IT\",\"@id\":\"https:\\\/\\\/comunicacity.net\\\/tivoli\\\/2018\\\/01\\\/30\\\/tivoli-fonte-di-luce-e-tivoli-e-la-vestale-cossinia-da-oggi-le-due-nuove-mostre-al-museo-della-citta\\\/#primaryimage\",\"url\":\"https:\\\/\\\/comunicacity.net\\\/tivoli\\\/wp-content\\\/uploads\\\/sites\\\/72\\\/2018\\\/01\\\/locandina.jpg\",\"contentUrl\":\"https:\\\/\\\/comunicacity.net\\\/tivoli\\\/wp-content\\\/uploads\\\/sites\\\/72\\\/2018\\\/01\\\/locandina.jpg\",\"width\":1143,\"height\":800},{\"@type\":\"BreadcrumbList\",\"@id\":\"https:\\\/\\\/comunicacity.net\\\/tivoli\\\/2018\\\/01\\\/30\\\/tivoli-fonte-di-luce-e-tivoli-e-la-vestale-cossinia-da-oggi-le-due-nuove-mostre-al-museo-della-citta\\\/#breadcrumb\",\"itemListElement\":[{\"@type\":\"ListItem\",\"position\":1,\"name\":\"Home\",\"item\":\"https:\\\/\\\/comunicacity.net\\\/tivoli\\\/\"},{\"@type\":\"ListItem\",\"position\":2,\"name\":\"\u201cTIVOLI FONTE DI LUCE\u201d E \u201cTIVOLI E LA VESTALE COSSINIA\u201d: DA OGGI LE DUE NUOVE MOSTRE AL MUSEO DELLA CITTA\u2019\"}]},{\"@type\":\"WebSite\",\"@id\":\"https:\\\/\\\/comunicacity.net\\\/tivoli\\\/#website\",\"url\":\"https:\\\/\\\/comunicacity.net\\\/tivoli\\\/\",\"name\":\"Tivoli\",\"description\":\"Le news del Comune di Tivoli\",\"potentialAction\":[{\"@type\":\"SearchAction\",\"target\":{\"@type\":\"EntryPoint\",\"urlTemplate\":\"https:\\\/\\\/comunicacity.net\\\/tivoli\\\/?s={search_term_string}\"},\"query-input\":{\"@type\":\"PropertyValueSpecification\",\"valueRequired\":true,\"valueName\":\"search_term_string\"}}],\"inLanguage\":\"it-IT\"},{\"@type\":\"Person\",\"@id\":\"https:\\\/\\\/comunicacity.net\\\/tivoli\\\/#\\\/schema\\\/person\\\/d8b562b919da26cb1663e87d1dca9211\",\"name\":\"Comune di Tivoli\",\"image\":{\"@type\":\"ImageObject\",\"inLanguage\":\"it-IT\",\"@id\":\"https:\\\/\\\/secure.gravatar.com\\\/avatar\\\/c7cd91fb433b736df6e91911b7f94b005e7f7ecdddb7967fc1b2aa1a30a930ce?s=96&d=mm&r=g\",\"url\":\"https:\\\/\\\/secure.gravatar.com\\\/avatar\\\/c7cd91fb433b736df6e91911b7f94b005e7f7ecdddb7967fc1b2aa1a30a930ce?s=96&d=mm&r=g\",\"contentUrl\":\"https:\\\/\\\/secure.gravatar.com\\\/avatar\\\/c7cd91fb433b736df6e91911b7f94b005e7f7ecdddb7967fc1b2aa1a30a930ce?s=96&d=mm&r=g\",\"caption\":\"Comune di Tivoli\"},\"description\":\"Comune di Tivoli Piazza del Governo, 1, 00019 Tivoli (RM) telefono: +39 0774 4531 fax: +39 0774 33 06 75 PEC: info@pec.comune.tivoli.rm.it codice fiscale: 02696630587\",\"sameAs\":[\"https:\\\/\\\/www.comune.tivoli.rm.it\\\/\",\"https:\\\/\\\/www.youtube.com\\\/channel\\\/UC91OP9hXxn20eW1qkj6i6TA\"],\"url\":\"https:\\\/\\\/comunicacity.net\\\/tivoli\\\/author\\\/comunetivoli\\\/\"}]}<\/script>\n<!-- \/ Yoast SEO plugin. -->","yoast_head_json":{"title":"\u201cTIVOLI FONTE DI LUCE\u201d E \u201cTIVOLI E LA VESTALE COSSINIA\u201d: DA OGGI LE DUE NUOVE MOSTRE AL MUSEO DELLA CITTA\u2019 - Tivoli","robots":{"index":"index","follow":"follow","max-snippet":"max-snippet:-1","max-image-preview":"max-image-preview:large","max-video-preview":"max-video-preview:-1"},"canonical":"https:\/\/comunicacity.net\/tivoli\/2018\/01\/30\/tivoli-fonte-di-luce-e-tivoli-e-la-vestale-cossinia-da-oggi-le-due-nuove-mostre-al-museo-della-citta\/","og_locale":"it_IT","og_type":"article","og_title":"\u201cTIVOLI FONTE DI LUCE\u201d E \u201cTIVOLI E LA VESTALE COSSINIA\u201d: DA OGGI LE DUE NUOVE MOSTRE AL MUSEO DELLA CITTA\u2019 - Tivoli","og_description":"Una \u00e8 dedicata alla storia dell\u2019elettricit\u00e0 a Tivoli, prima citt\u00e0 in Europa, nel 1886, ad utilizzare la corrente elettrica per l\u2019illuminazione ordinaria e, nel 1892, il luogo dove si inaugur\u00f2 [&hellip;]","og_url":"https:\/\/comunicacity.net\/tivoli\/2018\/01\/30\/tivoli-fonte-di-luce-e-tivoli-e-la-vestale-cossinia-da-oggi-le-due-nuove-mostre-al-museo-della-citta\/","og_site_name":"Tivoli","article_publisher":"http:\/\/facebook.com\/ComunicaCity","article_published_time":"2018-01-30T16:55:39+00:00","og_image":[{"width":1143,"height":800,"url":"https:\/\/comunicacity.net\/tivoli\/wp-content\/uploads\/sites\/72\/2018\/01\/locandina.jpg","type":"image\/jpeg"}],"author":"Comune di Tivoli","twitter_card":"summary_large_image","twitter_creator":"@comunicacity","twitter_site":"@comunicacity","twitter_misc":{"Scritto da":"Comune di Tivoli","Tempo di lettura stimato":"14 minuti"},"schema":{"@context":"https:\/\/schema.org","@graph":[{"@type":"Article","@id":"https:\/\/comunicacity.net\/tivoli\/2018\/01\/30\/tivoli-fonte-di-luce-e-tivoli-e-la-vestale-cossinia-da-oggi-le-due-nuove-mostre-al-museo-della-citta\/#article","isPartOf":{"@id":"https:\/\/comunicacity.net\/tivoli\/2018\/01\/30\/tivoli-fonte-di-luce-e-tivoli-e-la-vestale-cossinia-da-oggi-le-due-nuove-mostre-al-museo-della-citta\/"},"author":{"name":"Comune di Tivoli","@id":"https:\/\/comunicacity.net\/tivoli\/#\/schema\/person\/d8b562b919da26cb1663e87d1dca9211"},"headline":"\u201cTIVOLI FONTE DI LUCE\u201d E \u201cTIVOLI E LA VESTALE COSSINIA\u201d: DA OGGI LE DUE NUOVE MOSTRE AL MUSEO DELLA CITTA\u2019","datePublished":"2018-01-30T16:55:39+00:00","mainEntityOfPage":{"@id":"https:\/\/comunicacity.net\/tivoli\/2018\/01\/30\/tivoli-fonte-di-luce-e-tivoli-e-la-vestale-cossinia-da-oggi-le-due-nuove-mostre-al-museo-della-citta\/"},"wordCount":2721,"image":{"@id":"https:\/\/comunicacity.net\/tivoli\/2018\/01\/30\/tivoli-fonte-di-luce-e-tivoli-e-la-vestale-cossinia-da-oggi-le-due-nuove-mostre-al-museo-della-citta\/#primaryimage"},"thumbnailUrl":"https:\/\/comunicacity.net\/tivoli\/wp-content\/uploads\/sites\/72\/2018\/01\/locandina.jpg","articleSection":["Cultura"],"inLanguage":"it-IT"},{"@type":"WebPage","@id":"https:\/\/comunicacity.net\/tivoli\/2018\/01\/30\/tivoli-fonte-di-luce-e-tivoli-e-la-vestale-cossinia-da-oggi-le-due-nuove-mostre-al-museo-della-citta\/","url":"https:\/\/comunicacity.net\/tivoli\/2018\/01\/30\/tivoli-fonte-di-luce-e-tivoli-e-la-vestale-cossinia-da-oggi-le-due-nuove-mostre-al-museo-della-citta\/","name":"\u201cTIVOLI FONTE DI LUCE\u201d E \u201cTIVOLI E LA VESTALE COSSINIA\u201d: DA OGGI LE DUE NUOVE MOSTRE AL MUSEO DELLA CITTA\u2019 - Tivoli","isPartOf":{"@id":"https:\/\/comunicacity.net\/tivoli\/#website"},"primaryImageOfPage":{"@id":"https:\/\/comunicacity.net\/tivoli\/2018\/01\/30\/tivoli-fonte-di-luce-e-tivoli-e-la-vestale-cossinia-da-oggi-le-due-nuove-mostre-al-museo-della-citta\/#primaryimage"},"image":{"@id":"https:\/\/comunicacity.net\/tivoli\/2018\/01\/30\/tivoli-fonte-di-luce-e-tivoli-e-la-vestale-cossinia-da-oggi-le-due-nuove-mostre-al-museo-della-citta\/#primaryimage"},"thumbnailUrl":"https:\/\/comunicacity.net\/tivoli\/wp-content\/uploads\/sites\/72\/2018\/01\/locandina.jpg","datePublished":"2018-01-30T16:55:39+00:00","author":{"@id":"https:\/\/comunicacity.net\/tivoli\/#\/schema\/person\/d8b562b919da26cb1663e87d1dca9211"},"breadcrumb":{"@id":"https:\/\/comunicacity.net\/tivoli\/2018\/01\/30\/tivoli-fonte-di-luce-e-tivoli-e-la-vestale-cossinia-da-oggi-le-due-nuove-mostre-al-museo-della-citta\/#breadcrumb"},"inLanguage":"it-IT","potentialAction":[{"@type":"ReadAction","target":["https:\/\/comunicacity.net\/tivoli\/2018\/01\/30\/tivoli-fonte-di-luce-e-tivoli-e-la-vestale-cossinia-da-oggi-le-due-nuove-mostre-al-museo-della-citta\/"]}]},{"@type":"ImageObject","inLanguage":"it-IT","@id":"https:\/\/comunicacity.net\/tivoli\/2018\/01\/30\/tivoli-fonte-di-luce-e-tivoli-e-la-vestale-cossinia-da-oggi-le-due-nuove-mostre-al-museo-della-citta\/#primaryimage","url":"https:\/\/comunicacity.net\/tivoli\/wp-content\/uploads\/sites\/72\/2018\/01\/locandina.jpg","contentUrl":"https:\/\/comunicacity.net\/tivoli\/wp-content\/uploads\/sites\/72\/2018\/01\/locandina.jpg","width":1143,"height":800},{"@type":"BreadcrumbList","@id":"https:\/\/comunicacity.net\/tivoli\/2018\/01\/30\/tivoli-fonte-di-luce-e-tivoli-e-la-vestale-cossinia-da-oggi-le-due-nuove-mostre-al-museo-della-citta\/#breadcrumb","itemListElement":[{"@type":"ListItem","position":1,"name":"Home","item":"https:\/\/comunicacity.net\/tivoli\/"},{"@type":"ListItem","position":2,"name":"\u201cTIVOLI FONTE DI LUCE\u201d E \u201cTIVOLI E LA VESTALE COSSINIA\u201d: DA OGGI LE DUE NUOVE MOSTRE AL MUSEO DELLA CITTA\u2019"}]},{"@type":"WebSite","@id":"https:\/\/comunicacity.net\/tivoli\/#website","url":"https:\/\/comunicacity.net\/tivoli\/","name":"Tivoli","description":"Le news del Comune di Tivoli","potentialAction":[{"@type":"SearchAction","target":{"@type":"EntryPoint","urlTemplate":"https:\/\/comunicacity.net\/tivoli\/?s={search_term_string}"},"query-input":{"@type":"PropertyValueSpecification","valueRequired":true,"valueName":"search_term_string"}}],"inLanguage":"it-IT"},{"@type":"Person","@id":"https:\/\/comunicacity.net\/tivoli\/#\/schema\/person\/d8b562b919da26cb1663e87d1dca9211","name":"Comune di Tivoli","image":{"@type":"ImageObject","inLanguage":"it-IT","@id":"https:\/\/secure.gravatar.com\/avatar\/c7cd91fb433b736df6e91911b7f94b005e7f7ecdddb7967fc1b2aa1a30a930ce?s=96&d=mm&r=g","url":"https:\/\/secure.gravatar.com\/avatar\/c7cd91fb433b736df6e91911b7f94b005e7f7ecdddb7967fc1b2aa1a30a930ce?s=96&d=mm&r=g","contentUrl":"https:\/\/secure.gravatar.com\/avatar\/c7cd91fb433b736df6e91911b7f94b005e7f7ecdddb7967fc1b2aa1a30a930ce?s=96&d=mm&r=g","caption":"Comune di Tivoli"},"description":"Comune di Tivoli Piazza del Governo, 1, 00019 Tivoli (RM) telefono: +39 0774 4531 fax: +39 0774 33 06 75 PEC: info@pec.comune.tivoli.rm.it codice fiscale: 02696630587","sameAs":["https:\/\/www.comune.tivoli.rm.it\/","https:\/\/www.youtube.com\/channel\/UC91OP9hXxn20eW1qkj6i6TA"],"url":"https:\/\/comunicacity.net\/tivoli\/author\/comunetivoli\/"}]}},"meta_box":{"cc4_urg_colore":"","cc4_urg_data_inizio":"","cc4_urg_data_fine":"","cc4_cor_positivi_oggi":"","cc4_cor_negativizzati_oggi":"","cc4_cor_deceduti_oggi":"","cc4_cor_positivi_totali":"","cc4_cor_negativizzati_totali":"","cc4_cor_deceduti_totali":"","cc4_cor_attualmente_positivi":"","cc4_eve_data_inizio":"","cc4_eve_data_fine":"","cc4_eve_indirizzo":"","cc4_eve_posizione":{"latitude":"","longitude":"","zoom":""},"cc4_eve_telefono":"","cc4_eve_email":"","cc4_eve_web":"","cc4_eve_fb":"","sitopa_id":""},"_links":{"self":[{"href":"https:\/\/comunicacity.net\/tivoli\/wp-json\/wp\/v2\/posts\/1358","targetHints":{"allow":["GET"]}}],"collection":[{"href":"https:\/\/comunicacity.net\/tivoli\/wp-json\/wp\/v2\/posts"}],"about":[{"href":"https:\/\/comunicacity.net\/tivoli\/wp-json\/wp\/v2\/types\/post"}],"author":[{"embeddable":true,"href":"https:\/\/comunicacity.net\/tivoli\/wp-json\/wp\/v2\/users\/174"}],"replies":[{"embeddable":true,"href":"https:\/\/comunicacity.net\/tivoli\/wp-json\/wp\/v2\/comments?post=1358"}],"version-history":[{"count":1,"href":"https:\/\/comunicacity.net\/tivoli\/wp-json\/wp\/v2\/posts\/1358\/revisions"}],"predecessor-version":[{"id":1360,"href":"https:\/\/comunicacity.net\/tivoli\/wp-json\/wp\/v2\/posts\/1358\/revisions\/1360"}],"wp:featuredmedia":[{"embeddable":true,"href":"https:\/\/comunicacity.net\/tivoli\/wp-json\/wp\/v2\/media\/1359"}],"wp:attachment":[{"href":"https:\/\/comunicacity.net\/tivoli\/wp-json\/wp\/v2\/media?parent=1358"}],"wp:term":[{"taxonomy":"category","embeddable":true,"href":"https:\/\/comunicacity.net\/tivoli\/wp-json\/wp\/v2\/categories?post=1358"},{"taxonomy":"post_tag","embeddable":true,"href":"https:\/\/comunicacity.net\/tivoli\/wp-json\/wp\/v2\/tags?post=1358"}],"curies":[{"name":"wp","href":"https:\/\/api.w.org\/{rel}","templated":true}]}}