{"id":15350,"date":"2026-02-24T12:39:25","date_gmt":"2026-02-24T11:39:25","guid":{"rendered":"https:\/\/comunicacity.net\/tivoli\/?p=15350"},"modified":"2026-02-24T13:55:17","modified_gmt":"2026-02-24T12:55:17","slug":"cani-liberi-e-accuditi-lamministrazione-e-lav-insieme-per-la-tutela-degli-animali","status":"publish","type":"post","link":"https:\/\/comunicacity.net\/tivoli\/2026\/02\/24\/cani-liberi-e-accuditi-lamministrazione-e-lav-insieme-per-la-tutela-degli-animali\/","title":{"rendered":"Cani liberi&#8230;e accuditi: l&#8217;Amministrazione e LAV insieme per la tutela degli animali"},"content":{"rendered":"<p>Un passo concreto per la tutela degli animali e per una gestione pi\u00f9 efficace del randagismo sul territorio.<\/p>\n<p>Gioved\u00ec 26, alle ore 10:30, la Sala Consiliare ospiter\u00e0 la conferenza stampa di presentazione del progetto \u201cCani liberi e accuditi\u201d, un\u2019iniziativa che mette al centro responsabilit\u00e0, collaborazione e soluzioni operative.<\/p>\n<p>Interverranno il Sindaco Marco Innocenzi, l\u2019Assessore Gianfranco Osimani, il Presidente della Commissione Ambiente Massimiliano Asquini e l\u2019Incaricato alla Tutela degli Animali Antonello Livi.<\/p>\n<p>A portare il contributo tecnico e operativo saranno le responsabili del progetto per LAV \u2013 Alessandra Ferrari, Beatrice Rezzaghi e Ilaria Innocenti \u2013 insieme a Lorenzo Niccolini in rappresentanza di Stray Dogs International, oltre ad altri membri dell\u2019Amministrazione e relatori esperti del settore.<\/p>\n<p>Un\u2019occasione per conoscere da vicino le azioni previste e il percorso che il Comune intende avviare nei prossimi mesi.<br \/>\nChi desidera approfondire il tema e contribuire al dibattito potr\u00e0 seguire i lavori direttamente in Sala Consiliare.<\/p>\n<div class=\"html-div xdj266r x14z9mp xat24cr x1lziwak xexx8yu xyri2b x18d9i69 x1c1uobl\">\n<div class=\"html-div xdj266r x14z9mp xat24cr x1lziwak xexx8yu xyri2b x18d9i69 x1c1uobl\" dir=\"auto\">\n<div class=\"html-div xdj266r x14z9mp xat24cr x1lziwak xexx8yu xyri2b x18d9i69 x1c1uobl\" data-ad-rendering-role=\"story_message\">\n<div class=\"x1l90r2v x1iorvi4 x1g0dm76 xpdmqnj\" data-ad-comet-preview=\"message\" data-ad-preview=\"message\">\n<div class=\"x78zum5 xdt5ytf xz62fqu x16ldp7u\">\n<div class=\"xu06os2 x1ok221b\">\n<div class=\"html-div xdj266r x14z9mp xat24cr x1lziwak xexx8yu xyri2b x18d9i69 x1c1uobl\">\n<div class=\"x14z9mp xat24cr x1lziwak x1vvkbs xtlvy1s x126k92a\">\n<div dir=\"auto\">Si ricorda anche che, successivamente alla conferenza, alle ore 12:00, il Comune e LAV incontreranno i volontari che aderiranno al progetto.<\/div>\n<\/div>\n<\/div>\n<\/div>\n<\/div>\n<\/div>\n<\/div>\n<\/div>\n<div class=\"html-div xdj266r x14z9mp xat24cr x1lziwak xexx8yu xyri2b x18d9i69 x1c1uobl x1n2onr6\">\n<div class=\"html-div xdj266r x14z9mp xat24cr x1lziwak xexx8yu xyri2b x18d9i69 x1c1uobl x1n2onr6\"><\/div>\n<div class=\"html-div xdj266r x14z9mp xat24cr x1lziwak xexx8yu xyri2b x18d9i69 x1c1uobl x6ikm8r x10wlt62\"><\/div>\n<\/div>\n<\/div>\n<div class=\"x8gbvx8 x80vd3b x1q0q8m5 xso031l x8cjs6t x13fuv20 x178xt8z x78zum5 x1q0g3np x1qughib xz9dl7a xpdmqnj xsag5q8 x1onr9mi\">\n<div class=\"x6s0dn4 x78zum5 x1nhvcw1\"><\/div>\n<div class=\"x78zum5 x13a6bvl\"><\/div>\n<\/div>\n<div>\n<div class=\"xabvvm4 xeyy32k x1ia1hqs x1a2w583 x6ikm8r x10wlt62\" data-visualcompletion=\"ignore-dynamic\">\n<div>\n<div>\n<div>\n<div class=\"x1n2onr6\">\n<div class=\"x6s0dn4 xi81zsa x78zum5 x6prxxf x13a6bvl xvq8zen xdj266r xat24cr x1c1uobl xyri2b x1diwwjn xbmvrgn x1yrsyyn x18d9i69\">\n<div class=\"x6s0dn4 x78zum5 x1iyjqo2 x6ikm8r x10wlt62\">\n<div>\n<div class=\"x1i10hfl xjbqb8w x1ejq31n x18oe1m7 x1sy0etr xstzfhl x972fbf x10w94by x1qhh985 x14e42zd x9f619 x1ypdohk x3ct3a4 xdj266r x14z9mp xat24cr x1lziwak xexx8yu xyri2b x18d9i69 x1c1uobl x16tdsg8 x1hl2dhg xggy1nq x1fmog5m xu25z0z x140muxe xo1y3bh x1n2onr6 x87ps6o x1lku1pv x1a2a7pz x1heor9g xnl1qt8 x6ikm8r x10wlt62 x1vjfegm x1lliihq\" role=\"button\"><\/div>\n<\/div>\n<\/div>\n<div class=\"x9f619 x1ja2u2z x78zum5 x2lah0s x1n2onr6 x1qughib x1qjc9v5 xozqiw3 x1q0g3np xyri2b x1c1uobl x1ws5yxj xw01apr x4cne27 xifccgj x123j3cw xs9asl8\"><\/div>\n<\/div>\n<\/div>\n<\/div>\n<\/div>\n<\/div>\n<\/div>\n<\/div>\n","protected":false},"excerpt":{"rendered":"<p>Un passo concreto per la tutela degli animali e per una gestione pi\u00f9 efficace del randagismo sul territorio. Gioved\u00ec 26, alle ore 10:30, la Sala Consiliare ospiter\u00e0 la conferenza stampa [&hellip;]<\/p>\n","protected":false},"author":412,"featured_media":15351,"comment_status":"closed","ping_status":"closed","sticky":false,"template":"","format":"standard","meta":{"footnotes":""},"categories":[3],"tags":[],"class_list":["post-15350","post","type-post","status-publish","format-standard","has-post-thumbnail","hentry","category-ambiente"],"yoast_head":"<!-- This site is optimized with the Yoast SEO plugin v27.4 - https:\/\/yoast.com\/product\/yoast-seo-wordpress\/ -->\n<title>Cani liberi...e accuditi: l&#039;Amministrazione e LAV insieme per la tutela degli animali - Tivoli<\/title>\n<meta name=\"robots\" content=\"index, follow, max-snippet:-1, max-image-preview:large, max-video-preview:-1\" \/>\n<link rel=\"canonical\" href=\"https:\/\/comunicacity.net\/tivoli\/2026\/02\/24\/cani-liberi-e-accuditi-lamministrazione-e-lav-insieme-per-la-tutela-degli-animali\/\" \/>\n<meta property=\"og:locale\" content=\"it_IT\" \/>\n<meta property=\"og:type\" content=\"article\" \/>\n<meta property=\"og:title\" content=\"Cani liberi...e accuditi: l&#039;Amministrazione e LAV insieme per la tutela degli animali - Tivoli\" \/>\n<meta property=\"og:description\" content=\"Un passo concreto per la tutela degli animali e per una gestione pi\u00f9 efficace del randagismo sul territorio. Gioved\u00ec 26, alle ore 10:30, la Sala Consiliare ospiter\u00e0 la conferenza stampa [&hellip;]\" \/>\n<meta property=\"og:url\" content=\"https:\/\/comunicacity.net\/tivoli\/2026\/02\/24\/cani-liberi-e-accuditi-lamministrazione-e-lav-insieme-per-la-tutela-degli-animali\/\" \/>\n<meta property=\"og:site_name\" content=\"Tivoli\" \/>\n<meta property=\"article:publisher\" content=\"http:\/\/facebook.com\/ComunicaCity\" \/>\n<meta property=\"article:published_time\" content=\"2026-02-24T11:39:25+00:00\" \/>\n<meta property=\"article:modified_time\" content=\"2026-02-24T12:55:17+00:00\" \/>\n<meta property=\"og:image\" content=\"https:\/\/comunicacity.net\/tivoli\/wp-content\/uploads\/sites\/72\/2026\/02\/cani-liberi.jpeg\" \/>\n\t<meta property=\"og:image:width\" content=\"1120\" \/>\n\t<meta property=\"og:image:height\" content=\"1600\" \/>\n\t<meta property=\"og:image:type\" content=\"image\/jpeg\" \/>\n<meta name=\"author\" content=\"segreteriasindaco\" \/>\n<meta name=\"twitter:card\" content=\"summary_large_image\" \/>\n<meta name=\"twitter:creator\" content=\"@comunicacity\" \/>\n<meta name=\"twitter:site\" content=\"@comunicacity\" \/>\n<meta name=\"twitter:label1\" content=\"Scritto da\" \/>\n\t<meta name=\"twitter:data1\" content=\"segreteriasindaco\" \/>\n\t<meta name=\"twitter:label2\" content=\"Tempo di lettura stimato\" \/>\n\t<meta name=\"twitter:data2\" content=\"1 minuto\" \/>\n<script type=\"application\/ld+json\" class=\"yoast-schema-graph\">{\"@context\":\"https:\\\/\\\/schema.org\",\"@graph\":[{\"@type\":\"Article\",\"@id\":\"https:\\\/\\\/comunicacity.net\\\/tivoli\\\/2026\\\/02\\\/24\\\/cani-liberi-e-accuditi-lamministrazione-e-lav-insieme-per-la-tutela-degli-animali\\\/#article\",\"isPartOf\":{\"@id\":\"https:\\\/\\\/comunicacity.net\\\/tivoli\\\/2026\\\/02\\\/24\\\/cani-liberi-e-accuditi-lamministrazione-e-lav-insieme-per-la-tutela-degli-animali\\\/\"},\"author\":{\"name\":\"segreteriasindaco\",\"@id\":\"https:\\\/\\\/comunicacity.net\\\/tivoli\\\/#\\\/schema\\\/person\\\/7f572a0c75c72ccc7dd760a17ff34e17\"},\"headline\":\"Cani liberi&#8230;e accuditi: l&#8217;Amministrazione e LAV insieme per la tutela degli animali\",\"datePublished\":\"2026-02-24T11:39:25+00:00\",\"dateModified\":\"2026-02-24T12:55:17+00:00\",\"mainEntityOfPage\":{\"@id\":\"https:\\\/\\\/comunicacity.net\\\/tivoli\\\/2026\\\/02\\\/24\\\/cani-liberi-e-accuditi-lamministrazione-e-lav-insieme-per-la-tutela-degli-animali\\\/\"},\"wordCount\":184,\"image\":{\"@id\":\"https:\\\/\\\/comunicacity.net\\\/tivoli\\\/2026\\\/02\\\/24\\\/cani-liberi-e-accuditi-lamministrazione-e-lav-insieme-per-la-tutela-degli-animali\\\/#primaryimage\"},\"thumbnailUrl\":\"https:\\\/\\\/comunicacity.net\\\/tivoli\\\/wp-content\\\/uploads\\\/sites\\\/72\\\/2026\\\/02\\\/cani-liberi.jpeg\",\"articleSection\":[\"Ambiente\"],\"inLanguage\":\"it-IT\"},{\"@type\":\"WebPage\",\"@id\":\"https:\\\/\\\/comunicacity.net\\\/tivoli\\\/2026\\\/02\\\/24\\\/cani-liberi-e-accuditi-lamministrazione-e-lav-insieme-per-la-tutela-degli-animali\\\/\",\"url\":\"https:\\\/\\\/comunicacity.net\\\/tivoli\\\/2026\\\/02\\\/24\\\/cani-liberi-e-accuditi-lamministrazione-e-lav-insieme-per-la-tutela-degli-animali\\\/\",\"name\":\"Cani liberi...e accuditi: l'Amministrazione e LAV insieme per la tutela degli animali - Tivoli\",\"isPartOf\":{\"@id\":\"https:\\\/\\\/comunicacity.net\\\/tivoli\\\/#website\"},\"primaryImageOfPage\":{\"@id\":\"https:\\\/\\\/comunicacity.net\\\/tivoli\\\/2026\\\/02\\\/24\\\/cani-liberi-e-accuditi-lamministrazione-e-lav-insieme-per-la-tutela-degli-animali\\\/#primaryimage\"},\"image\":{\"@id\":\"https:\\\/\\\/comunicacity.net\\\/tivoli\\\/2026\\\/02\\\/24\\\/cani-liberi-e-accuditi-lamministrazione-e-lav-insieme-per-la-tutela-degli-animali\\\/#primaryimage\"},\"thumbnailUrl\":\"https:\\\/\\\/comunicacity.net\\\/tivoli\\\/wp-content\\\/uploads\\\/sites\\\/72\\\/2026\\\/02\\\/cani-liberi.jpeg\",\"datePublished\":\"2026-02-24T11:39:25+00:00\",\"dateModified\":\"2026-02-24T12:55:17+00:00\",\"author\":{\"@id\":\"https:\\\/\\\/comunicacity.net\\\/tivoli\\\/#\\\/schema\\\/person\\\/7f572a0c75c72ccc7dd760a17ff34e17\"},\"breadcrumb\":{\"@id\":\"https:\\\/\\\/comunicacity.net\\\/tivoli\\\/2026\\\/02\\\/24\\\/cani-liberi-e-accuditi-lamministrazione-e-lav-insieme-per-la-tutela-degli-animali\\\/#breadcrumb\"},\"inLanguage\":\"it-IT\",\"potentialAction\":[{\"@type\":\"ReadAction\",\"target\":[\"https:\\\/\\\/comunicacity.net\\\/tivoli\\\/2026\\\/02\\\/24\\\/cani-liberi-e-accuditi-lamministrazione-e-lav-insieme-per-la-tutela-degli-animali\\\/\"]}]},{\"@type\":\"ImageObject\",\"inLanguage\":\"it-IT\",\"@id\":\"https:\\\/\\\/comunicacity.net\\\/tivoli\\\/2026\\\/02\\\/24\\\/cani-liberi-e-accuditi-lamministrazione-e-lav-insieme-per-la-tutela-degli-animali\\\/#primaryimage\",\"url\":\"https:\\\/\\\/comunicacity.net\\\/tivoli\\\/wp-content\\\/uploads\\\/sites\\\/72\\\/2026\\\/02\\\/cani-liberi.jpeg\",\"contentUrl\":\"https:\\\/\\\/comunicacity.net\\\/tivoli\\\/wp-content\\\/uploads\\\/sites\\\/72\\\/2026\\\/02\\\/cani-liberi.jpeg\",\"width\":1120,\"height\":1600},{\"@type\":\"BreadcrumbList\",\"@id\":\"https:\\\/\\\/comunicacity.net\\\/tivoli\\\/2026\\\/02\\\/24\\\/cani-liberi-e-accuditi-lamministrazione-e-lav-insieme-per-la-tutela-degli-animali\\\/#breadcrumb\",\"itemListElement\":[{\"@type\":\"ListItem\",\"position\":1,\"name\":\"Home\",\"item\":\"https:\\\/\\\/comunicacity.net\\\/tivoli\\\/\"},{\"@type\":\"ListItem\",\"position\":2,\"name\":\"Cani liberi&#8230;e accuditi: l&#8217;Amministrazione e LAV insieme per la tutela degli animali\"}]},{\"@type\":\"WebSite\",\"@id\":\"https:\\\/\\\/comunicacity.net\\\/tivoli\\\/#website\",\"url\":\"https:\\\/\\\/comunicacity.net\\\/tivoli\\\/\",\"name\":\"Tivoli\",\"description\":\"Le news del Comune di Tivoli\",\"potentialAction\":[{\"@type\":\"SearchAction\",\"target\":{\"@type\":\"EntryPoint\",\"urlTemplate\":\"https:\\\/\\\/comunicacity.net\\\/tivoli\\\/?s={search_term_string}\"},\"query-input\":{\"@type\":\"PropertyValueSpecification\",\"valueRequired\":true,\"valueName\":\"search_term_string\"}}],\"inLanguage\":\"it-IT\"},{\"@type\":\"Person\",\"@id\":\"https:\\\/\\\/comunicacity.net\\\/tivoli\\\/#\\\/schema\\\/person\\\/7f572a0c75c72ccc7dd760a17ff34e17\",\"name\":\"segreteriasindaco\",\"image\":{\"@type\":\"ImageObject\",\"inLanguage\":\"it-IT\",\"@id\":\"https:\\\/\\\/secure.gravatar.com\\\/avatar\\\/c5c82a36d8f0aa7110c6ad839662d62e4c49252a225dd9dfba53a0c2f37ad69e?s=96&d=mm&r=g\",\"url\":\"https:\\\/\\\/secure.gravatar.com\\\/avatar\\\/c5c82a36d8f0aa7110c6ad839662d62e4c49252a225dd9dfba53a0c2f37ad69e?s=96&d=mm&r=g\",\"contentUrl\":\"https:\\\/\\\/secure.gravatar.com\\\/avatar\\\/c5c82a36d8f0aa7110c6ad839662d62e4c49252a225dd9dfba53a0c2f37ad69e?s=96&d=mm&r=g\",\"caption\":\"segreteriasindaco\"},\"url\":\"https:\\\/\\\/comunicacity.net\\\/tivoli\\\/author\\\/segreteriasindaco\\\/\"}]}<\/script>\n<!-- \/ Yoast SEO plugin. -->","yoast_head_json":{"title":"Cani liberi...e accuditi: l'Amministrazione e LAV insieme per la tutela degli animali - Tivoli","robots":{"index":"index","follow":"follow","max-snippet":"max-snippet:-1","max-image-preview":"max-image-preview:large","max-video-preview":"max-video-preview:-1"},"canonical":"https:\/\/comunicacity.net\/tivoli\/2026\/02\/24\/cani-liberi-e-accuditi-lamministrazione-e-lav-insieme-per-la-tutela-degli-animali\/","og_locale":"it_IT","og_type":"article","og_title":"Cani liberi...e accuditi: l'Amministrazione e LAV insieme per la tutela degli animali - Tivoli","og_description":"Un passo concreto per la tutela degli animali e per una gestione pi\u00f9 efficace del randagismo sul territorio. Gioved\u00ec 26, alle ore 10:30, la Sala Consiliare ospiter\u00e0 la conferenza stampa [&hellip;]","og_url":"https:\/\/comunicacity.net\/tivoli\/2026\/02\/24\/cani-liberi-e-accuditi-lamministrazione-e-lav-insieme-per-la-tutela-degli-animali\/","og_site_name":"Tivoli","article_publisher":"http:\/\/facebook.com\/ComunicaCity","article_published_time":"2026-02-24T11:39:25+00:00","article_modified_time":"2026-02-24T12:55:17+00:00","og_image":[{"width":1120,"height":1600,"url":"https:\/\/comunicacity.net\/tivoli\/wp-content\/uploads\/sites\/72\/2026\/02\/cani-liberi.jpeg","type":"image\/jpeg"}],"author":"segreteriasindaco","twitter_card":"summary_large_image","twitter_creator":"@comunicacity","twitter_site":"@comunicacity","twitter_misc":{"Scritto da":"segreteriasindaco","Tempo di lettura stimato":"1 minuto"},"schema":{"@context":"https:\/\/schema.org","@graph":[{"@type":"Article","@id":"https:\/\/comunicacity.net\/tivoli\/2026\/02\/24\/cani-liberi-e-accuditi-lamministrazione-e-lav-insieme-per-la-tutela-degli-animali\/#article","isPartOf":{"@id":"https:\/\/comunicacity.net\/tivoli\/2026\/02\/24\/cani-liberi-e-accuditi-lamministrazione-e-lav-insieme-per-la-tutela-degli-animali\/"},"author":{"name":"segreteriasindaco","@id":"https:\/\/comunicacity.net\/tivoli\/#\/schema\/person\/7f572a0c75c72ccc7dd760a17ff34e17"},"headline":"Cani liberi&#8230;e accuditi: l&#8217;Amministrazione e LAV insieme per la tutela degli animali","datePublished":"2026-02-24T11:39:25+00:00","dateModified":"2026-02-24T12:55:17+00:00","mainEntityOfPage":{"@id":"https:\/\/comunicacity.net\/tivoli\/2026\/02\/24\/cani-liberi-e-accuditi-lamministrazione-e-lav-insieme-per-la-tutela-degli-animali\/"},"wordCount":184,"image":{"@id":"https:\/\/comunicacity.net\/tivoli\/2026\/02\/24\/cani-liberi-e-accuditi-lamministrazione-e-lav-insieme-per-la-tutela-degli-animali\/#primaryimage"},"thumbnailUrl":"https:\/\/comunicacity.net\/tivoli\/wp-content\/uploads\/sites\/72\/2026\/02\/cani-liberi.jpeg","articleSection":["Ambiente"],"inLanguage":"it-IT"},{"@type":"WebPage","@id":"https:\/\/comunicacity.net\/tivoli\/2026\/02\/24\/cani-liberi-e-accuditi-lamministrazione-e-lav-insieme-per-la-tutela-degli-animali\/","url":"https:\/\/comunicacity.net\/tivoli\/2026\/02\/24\/cani-liberi-e-accuditi-lamministrazione-e-lav-insieme-per-la-tutela-degli-animali\/","name":"Cani liberi...e accuditi: l'Amministrazione e LAV insieme per la tutela degli animali - Tivoli","isPartOf":{"@id":"https:\/\/comunicacity.net\/tivoli\/#website"},"primaryImageOfPage":{"@id":"https:\/\/comunicacity.net\/tivoli\/2026\/02\/24\/cani-liberi-e-accuditi-lamministrazione-e-lav-insieme-per-la-tutela-degli-animali\/#primaryimage"},"image":{"@id":"https:\/\/comunicacity.net\/tivoli\/2026\/02\/24\/cani-liberi-e-accuditi-lamministrazione-e-lav-insieme-per-la-tutela-degli-animali\/#primaryimage"},"thumbnailUrl":"https:\/\/comunicacity.net\/tivoli\/wp-content\/uploads\/sites\/72\/2026\/02\/cani-liberi.jpeg","datePublished":"2026-02-24T11:39:25+00:00","dateModified":"2026-02-24T12:55:17+00:00","author":{"@id":"https:\/\/comunicacity.net\/tivoli\/#\/schema\/person\/7f572a0c75c72ccc7dd760a17ff34e17"},"breadcrumb":{"@id":"https:\/\/comunicacity.net\/tivoli\/2026\/02\/24\/cani-liberi-e-accuditi-lamministrazione-e-lav-insieme-per-la-tutela-degli-animali\/#breadcrumb"},"inLanguage":"it-IT","potentialAction":[{"@type":"ReadAction","target":["https:\/\/comunicacity.net\/tivoli\/2026\/02\/24\/cani-liberi-e-accuditi-lamministrazione-e-lav-insieme-per-la-tutela-degli-animali\/"]}]},{"@type":"ImageObject","inLanguage":"it-IT","@id":"https:\/\/comunicacity.net\/tivoli\/2026\/02\/24\/cani-liberi-e-accuditi-lamministrazione-e-lav-insieme-per-la-tutela-degli-animali\/#primaryimage","url":"https:\/\/comunicacity.net\/tivoli\/wp-content\/uploads\/sites\/72\/2026\/02\/cani-liberi.jpeg","contentUrl":"https:\/\/comunicacity.net\/tivoli\/wp-content\/uploads\/sites\/72\/2026\/02\/cani-liberi.jpeg","width":1120,"height":1600},{"@type":"BreadcrumbList","@id":"https:\/\/comunicacity.net\/tivoli\/2026\/02\/24\/cani-liberi-e-accuditi-lamministrazione-e-lav-insieme-per-la-tutela-degli-animali\/#breadcrumb","itemListElement":[{"@type":"ListItem","position":1,"name":"Home","item":"https:\/\/comunicacity.net\/tivoli\/"},{"@type":"ListItem","position":2,"name":"Cani liberi&#8230;e accuditi: l&#8217;Amministrazione e LAV insieme per la tutela degli animali"}]},{"@type":"WebSite","@id":"https:\/\/comunicacity.net\/tivoli\/#website","url":"https:\/\/comunicacity.net\/tivoli\/","name":"Tivoli","description":"Le news del Comune di Tivoli","potentialAction":[{"@type":"SearchAction","target":{"@type":"EntryPoint","urlTemplate":"https:\/\/comunicacity.net\/tivoli\/?s={search_term_string}"},"query-input":{"@type":"PropertyValueSpecification","valueRequired":true,"valueName":"search_term_string"}}],"inLanguage":"it-IT"},{"@type":"Person","@id":"https:\/\/comunicacity.net\/tivoli\/#\/schema\/person\/7f572a0c75c72ccc7dd760a17ff34e17","name":"segreteriasindaco","image":{"@type":"ImageObject","inLanguage":"it-IT","@id":"https:\/\/secure.gravatar.com\/avatar\/c5c82a36d8f0aa7110c6ad839662d62e4c49252a225dd9dfba53a0c2f37ad69e?s=96&d=mm&r=g","url":"https:\/\/secure.gravatar.com\/avatar\/c5c82a36d8f0aa7110c6ad839662d62e4c49252a225dd9dfba53a0c2f37ad69e?s=96&d=mm&r=g","contentUrl":"https:\/\/secure.gravatar.com\/avatar\/c5c82a36d8f0aa7110c6ad839662d62e4c49252a225dd9dfba53a0c2f37ad69e?s=96&d=mm&r=g","caption":"segreteriasindaco"},"url":"https:\/\/comunicacity.net\/tivoli\/author\/segreteriasindaco\/"}]}},"meta_box":{"cc4_urg_colore":"rosso","cc4_urg_data_inizio":"","cc4_urg_data_fine":"","cc4_cor_positivi_oggi":"","cc4_cor_negativizzati_oggi":"","cc4_cor_deceduti_oggi":"","cc4_cor_positivi_totali":"","cc4_cor_negativizzati_totali":"","cc4_cor_deceduti_totali":"","cc4_cor_attualmente_positivi":"","cc4_eve_data_inizio":"","cc4_eve_data_fine":"","cc4_eve_indirizzo":"","cc4_eve_posizione":{"latitude":"0","longitude":"0","zoom":"0"},"cc4_eve_telefono":"","cc4_eve_email":"","cc4_eve_web":"","cc4_eve_fb":"","sitopa_id":""},"_links":{"self":[{"href":"https:\/\/comunicacity.net\/tivoli\/wp-json\/wp\/v2\/posts\/15350","targetHints":{"allow":["GET"]}}],"collection":[{"href":"https:\/\/comunicacity.net\/tivoli\/wp-json\/wp\/v2\/posts"}],"about":[{"href":"https:\/\/comunicacity.net\/tivoli\/wp-json\/wp\/v2\/types\/post"}],"author":[{"embeddable":true,"href":"https:\/\/comunicacity.net\/tivoli\/wp-json\/wp\/v2\/users\/412"}],"replies":[{"embeddable":true,"href":"https:\/\/comunicacity.net\/tivoli\/wp-json\/wp\/v2\/comments?post=15350"}],"version-history":[{"count":1,"href":"https:\/\/comunicacity.net\/tivoli\/wp-json\/wp\/v2\/posts\/15350\/revisions"}],"predecessor-version":[{"id":15352,"href":"https:\/\/comunicacity.net\/tivoli\/wp-json\/wp\/v2\/posts\/15350\/revisions\/15352"}],"wp:featuredmedia":[{"embeddable":true,"href":"https:\/\/comunicacity.net\/tivoli\/wp-json\/wp\/v2\/media\/15351"}],"wp:attachment":[{"href":"https:\/\/comunicacity.net\/tivoli\/wp-json\/wp\/v2\/media?parent=15350"}],"wp:term":[{"taxonomy":"category","embeddable":true,"href":"https:\/\/comunicacity.net\/tivoli\/wp-json\/wp\/v2\/categories?post=15350"},{"taxonomy":"post_tag","embeddable":true,"href":"https:\/\/comunicacity.net\/tivoli\/wp-json\/wp\/v2\/tags?post=15350"}],"curies":[{"name":"wp","href":"https:\/\/api.w.org\/{rel}","templated":true}]}}