{"id":15595,"date":"2026-04-24T12:30:50","date_gmt":"2026-04-24T10:30:50","guid":{"rendered":"https:\/\/comunicacity.net\/tivoli\/?p=15595"},"modified":"2026-04-24T12:30:50","modified_gmt":"2026-04-24T10:30:50","slug":"modifiche-viabilita-lavori-enel-dal-27-al-30-aprile-e-dal-4-al-6-maggio-2026","status":"publish","type":"post","link":"https:\/\/comunicacity.net\/tivoli\/2026\/04\/24\/modifiche-viabilita-lavori-enel-dal-27-al-30-aprile-e-dal-4-al-6-maggio-2026\/","title":{"rendered":"Modifiche viabilit\u00e0 &#8211; lavori enel dal 27 al 30 aprile e dal 4 al 6 maggio 2026"},"content":{"rendered":"<p>Si informa che \u00e8 stata disposta una modifica temporanea della viabilit\u00e0 per consentire i lavori di ripristino del manto stradale a seguito degli interventi di ammodernamento e bonifica della rete elettrica eseguiti da Enel Distribuzione.<\/p>\n<p>Le lavorazioni, necessarie per la bitumazione delle sedi stradali interessate, comportano una variazione significativa della circolazione, con chiusure temporanee e divieti di sosta, estesi anche a via Antonio Del Re per garantire il transito in sicurezza dei mezzi d\u2019opera. La soluzione adottata \u00e8 finalizzata a contenere il disagio complessivo per il quartiere e ridurre l\u2019estensione delle limitazioni.<\/p>\n<p>Le modifiche saranno in vigore dal 27 al 30 aprile e dal 4 al 6 maggio 2026, dalle ore 09.00 alle ore 18.00.<\/p>\n<p>In via Antonio Del Re, nel tratto tra viale Mannelli e via Francesco Bulgarini, \u00e8 istituito il divieto di sosta con rimozione forzata sul lato sinistro ed \u00e8 autorizzato il transito in senso contrario per i mezzi d\u2019opera, con assistenza di movieri. In via Scalpelli, via Silla Rosa De Angelis (dal civico 25 a via Scalpelli) e via Bulgarini (fino al civico 32) \u00e8 previsto il divieto di sosta su entrambi i lati e la sospensione temporanea della circolazione per il tempo strettamente necessario alla stesa del manto bituminoso, garantendo il passaggio ai mezzi di soccorso e, ove possibile, ai residenti. In via Rodolfo Lanciani (fino al civico 2) \u00e8 istituito il divieto di sosta su entrambi i lati.<\/p>\n","protected":false},"excerpt":{"rendered":"<p>Si informa che \u00e8 stata disposta una modifica temporanea della viabilit\u00e0 per consentire i lavori di ripristino del manto stradale a seguito degli interventi di ammodernamento e bonifica della rete [&hellip;]<\/p>\n","protected":false},"author":412,"featured_media":15596,"comment_status":"closed","ping_status":"closed","sticky":false,"template":"","format":"standard","meta":{"footnotes":""},"categories":[16],"tags":[],"class_list":["post-15595","post","type-post","status-publish","format-standard","has-post-thumbnail","hentry","category-notizie-e-informazioni"],"yoast_head":"<!-- This site is optimized with the Yoast SEO plugin v27.4 - https:\/\/yoast.com\/product\/yoast-seo-wordpress\/ -->\n<title>Modifiche viabilit\u00e0 - lavori enel dal 27 al 30 aprile e dal 4 al 6 maggio 2026 - Tivoli<\/title>\n<meta name=\"robots\" content=\"index, follow, max-snippet:-1, max-image-preview:large, max-video-preview:-1\" \/>\n<link rel=\"canonical\" href=\"https:\/\/comunicacity.net\/tivoli\/2026\/04\/24\/modifiche-viabilita-lavori-enel-dal-27-al-30-aprile-e-dal-4-al-6-maggio-2026\/\" \/>\n<meta property=\"og:locale\" content=\"it_IT\" \/>\n<meta property=\"og:type\" content=\"article\" \/>\n<meta property=\"og:title\" content=\"Modifiche viabilit\u00e0 - lavori enel dal 27 al 30 aprile e dal 4 al 6 maggio 2026 - Tivoli\" \/>\n<meta property=\"og:description\" content=\"Si informa che \u00e8 stata disposta una modifica temporanea della viabilit\u00e0 per consentire i lavori di ripristino del manto stradale a seguito degli interventi di ammodernamento e bonifica della rete [&hellip;]\" \/>\n<meta property=\"og:url\" content=\"https:\/\/comunicacity.net\/tivoli\/2026\/04\/24\/modifiche-viabilita-lavori-enel-dal-27-al-30-aprile-e-dal-4-al-6-maggio-2026\/\" \/>\n<meta property=\"og:site_name\" content=\"Tivoli\" \/>\n<meta property=\"article:publisher\" content=\"http:\/\/facebook.com\/ComunicaCity\" \/>\n<meta property=\"article:published_time\" content=\"2026-04-24T10:30:50+00:00\" \/>\n<meta property=\"og:image\" content=\"https:\/\/comunicacity.net\/tivoli\/wp-content\/uploads\/sites\/72\/2026\/04\/modifiche-citta-2.jpg\" \/>\n\t<meta property=\"og:image:width\" content=\"1080\" \/>\n\t<meta property=\"og:image:height\" content=\"1350\" \/>\n\t<meta property=\"og:image:type\" content=\"image\/jpeg\" \/>\n<meta name=\"author\" content=\"segreteriasindaco\" \/>\n<meta name=\"twitter:card\" content=\"summary_large_image\" \/>\n<meta name=\"twitter:creator\" content=\"@comunicacity\" \/>\n<meta name=\"twitter:site\" content=\"@comunicacity\" \/>\n<meta name=\"twitter:label1\" content=\"Scritto da\" \/>\n\t<meta name=\"twitter:data1\" content=\"segreteriasindaco\" \/>\n\t<meta name=\"twitter:label2\" content=\"Tempo di lettura stimato\" \/>\n\t<meta name=\"twitter:data2\" content=\"1 minuto\" \/>\n<script type=\"application\/ld+json\" class=\"yoast-schema-graph\">{\"@context\":\"https:\\\/\\\/schema.org\",\"@graph\":[{\"@type\":\"Article\",\"@id\":\"https:\\\/\\\/comunicacity.net\\\/tivoli\\\/2026\\\/04\\\/24\\\/modifiche-viabilita-lavori-enel-dal-27-al-30-aprile-e-dal-4-al-6-maggio-2026\\\/#article\",\"isPartOf\":{\"@id\":\"https:\\\/\\\/comunicacity.net\\\/tivoli\\\/2026\\\/04\\\/24\\\/modifiche-viabilita-lavori-enel-dal-27-al-30-aprile-e-dal-4-al-6-maggio-2026\\\/\"},\"author\":{\"name\":\"segreteriasindaco\",\"@id\":\"https:\\\/\\\/comunicacity.net\\\/tivoli\\\/#\\\/schema\\\/person\\\/7f572a0c75c72ccc7dd760a17ff34e17\"},\"headline\":\"Modifiche viabilit\u00e0 &#8211; lavori enel dal 27 al 30 aprile e dal 4 al 6 maggio 2026\",\"datePublished\":\"2026-04-24T10:30:50+00:00\",\"mainEntityOfPage\":{\"@id\":\"https:\\\/\\\/comunicacity.net\\\/tivoli\\\/2026\\\/04\\\/24\\\/modifiche-viabilita-lavori-enel-dal-27-al-30-aprile-e-dal-4-al-6-maggio-2026\\\/\"},\"wordCount\":233,\"image\":{\"@id\":\"https:\\\/\\\/comunicacity.net\\\/tivoli\\\/2026\\\/04\\\/24\\\/modifiche-viabilita-lavori-enel-dal-27-al-30-aprile-e-dal-4-al-6-maggio-2026\\\/#primaryimage\"},\"thumbnailUrl\":\"https:\\\/\\\/comunicacity.net\\\/tivoli\\\/wp-content\\\/uploads\\\/sites\\\/72\\\/2026\\\/04\\\/modifiche-citta-2.jpg\",\"articleSection\":[\"Notizie e Informazioni\"],\"inLanguage\":\"it-IT\"},{\"@type\":\"WebPage\",\"@id\":\"https:\\\/\\\/comunicacity.net\\\/tivoli\\\/2026\\\/04\\\/24\\\/modifiche-viabilita-lavori-enel-dal-27-al-30-aprile-e-dal-4-al-6-maggio-2026\\\/\",\"url\":\"https:\\\/\\\/comunicacity.net\\\/tivoli\\\/2026\\\/04\\\/24\\\/modifiche-viabilita-lavori-enel-dal-27-al-30-aprile-e-dal-4-al-6-maggio-2026\\\/\",\"name\":\"Modifiche viabilit\u00e0 - lavori enel dal 27 al 30 aprile e dal 4 al 6 maggio 2026 - Tivoli\",\"isPartOf\":{\"@id\":\"https:\\\/\\\/comunicacity.net\\\/tivoli\\\/#website\"},\"primaryImageOfPage\":{\"@id\":\"https:\\\/\\\/comunicacity.net\\\/tivoli\\\/2026\\\/04\\\/24\\\/modifiche-viabilita-lavori-enel-dal-27-al-30-aprile-e-dal-4-al-6-maggio-2026\\\/#primaryimage\"},\"image\":{\"@id\":\"https:\\\/\\\/comunicacity.net\\\/tivoli\\\/2026\\\/04\\\/24\\\/modifiche-viabilita-lavori-enel-dal-27-al-30-aprile-e-dal-4-al-6-maggio-2026\\\/#primaryimage\"},\"thumbnailUrl\":\"https:\\\/\\\/comunicacity.net\\\/tivoli\\\/wp-content\\\/uploads\\\/sites\\\/72\\\/2026\\\/04\\\/modifiche-citta-2.jpg\",\"datePublished\":\"2026-04-24T10:30:50+00:00\",\"author\":{\"@id\":\"https:\\\/\\\/comunicacity.net\\\/tivoli\\\/#\\\/schema\\\/person\\\/7f572a0c75c72ccc7dd760a17ff34e17\"},\"breadcrumb\":{\"@id\":\"https:\\\/\\\/comunicacity.net\\\/tivoli\\\/2026\\\/04\\\/24\\\/modifiche-viabilita-lavori-enel-dal-27-al-30-aprile-e-dal-4-al-6-maggio-2026\\\/#breadcrumb\"},\"inLanguage\":\"it-IT\",\"potentialAction\":[{\"@type\":\"ReadAction\",\"target\":[\"https:\\\/\\\/comunicacity.net\\\/tivoli\\\/2026\\\/04\\\/24\\\/modifiche-viabilita-lavori-enel-dal-27-al-30-aprile-e-dal-4-al-6-maggio-2026\\\/\"]}]},{\"@type\":\"ImageObject\",\"inLanguage\":\"it-IT\",\"@id\":\"https:\\\/\\\/comunicacity.net\\\/tivoli\\\/2026\\\/04\\\/24\\\/modifiche-viabilita-lavori-enel-dal-27-al-30-aprile-e-dal-4-al-6-maggio-2026\\\/#primaryimage\",\"url\":\"https:\\\/\\\/comunicacity.net\\\/tivoli\\\/wp-content\\\/uploads\\\/sites\\\/72\\\/2026\\\/04\\\/modifiche-citta-2.jpg\",\"contentUrl\":\"https:\\\/\\\/comunicacity.net\\\/tivoli\\\/wp-content\\\/uploads\\\/sites\\\/72\\\/2026\\\/04\\\/modifiche-citta-2.jpg\",\"width\":1080,\"height\":1350},{\"@type\":\"BreadcrumbList\",\"@id\":\"https:\\\/\\\/comunicacity.net\\\/tivoli\\\/2026\\\/04\\\/24\\\/modifiche-viabilita-lavori-enel-dal-27-al-30-aprile-e-dal-4-al-6-maggio-2026\\\/#breadcrumb\",\"itemListElement\":[{\"@type\":\"ListItem\",\"position\":1,\"name\":\"Home\",\"item\":\"https:\\\/\\\/comunicacity.net\\\/tivoli\\\/\"},{\"@type\":\"ListItem\",\"position\":2,\"name\":\"Modifiche viabilit\u00e0 &#8211; lavori enel dal 27 al 30 aprile e dal 4 al 6 maggio 2026\"}]},{\"@type\":\"WebSite\",\"@id\":\"https:\\\/\\\/comunicacity.net\\\/tivoli\\\/#website\",\"url\":\"https:\\\/\\\/comunicacity.net\\\/tivoli\\\/\",\"name\":\"Tivoli\",\"description\":\"Le news del Comune di Tivoli\",\"potentialAction\":[{\"@type\":\"SearchAction\",\"target\":{\"@type\":\"EntryPoint\",\"urlTemplate\":\"https:\\\/\\\/comunicacity.net\\\/tivoli\\\/?s={search_term_string}\"},\"query-input\":{\"@type\":\"PropertyValueSpecification\",\"valueRequired\":true,\"valueName\":\"search_term_string\"}}],\"inLanguage\":\"it-IT\"},{\"@type\":\"Person\",\"@id\":\"https:\\\/\\\/comunicacity.net\\\/tivoli\\\/#\\\/schema\\\/person\\\/7f572a0c75c72ccc7dd760a17ff34e17\",\"name\":\"segreteriasindaco\",\"image\":{\"@type\":\"ImageObject\",\"inLanguage\":\"it-IT\",\"@id\":\"https:\\\/\\\/secure.gravatar.com\\\/avatar\\\/c5c82a36d8f0aa7110c6ad839662d62e4c49252a225dd9dfba53a0c2f37ad69e?s=96&d=mm&r=g\",\"url\":\"https:\\\/\\\/secure.gravatar.com\\\/avatar\\\/c5c82a36d8f0aa7110c6ad839662d62e4c49252a225dd9dfba53a0c2f37ad69e?s=96&d=mm&r=g\",\"contentUrl\":\"https:\\\/\\\/secure.gravatar.com\\\/avatar\\\/c5c82a36d8f0aa7110c6ad839662d62e4c49252a225dd9dfba53a0c2f37ad69e?s=96&d=mm&r=g\",\"caption\":\"segreteriasindaco\"},\"url\":\"https:\\\/\\\/comunicacity.net\\\/tivoli\\\/author\\\/segreteriasindaco\\\/\"}]}<\/script>\n<!-- \/ Yoast SEO plugin. -->","yoast_head_json":{"title":"Modifiche viabilit\u00e0 - lavori enel dal 27 al 30 aprile e dal 4 al 6 maggio 2026 - Tivoli","robots":{"index":"index","follow":"follow","max-snippet":"max-snippet:-1","max-image-preview":"max-image-preview:large","max-video-preview":"max-video-preview:-1"},"canonical":"https:\/\/comunicacity.net\/tivoli\/2026\/04\/24\/modifiche-viabilita-lavori-enel-dal-27-al-30-aprile-e-dal-4-al-6-maggio-2026\/","og_locale":"it_IT","og_type":"article","og_title":"Modifiche viabilit\u00e0 - lavori enel dal 27 al 30 aprile e dal 4 al 6 maggio 2026 - Tivoli","og_description":"Si informa che \u00e8 stata disposta una modifica temporanea della viabilit\u00e0 per consentire i lavori di ripristino del manto stradale a seguito degli interventi di ammodernamento e bonifica della rete [&hellip;]","og_url":"https:\/\/comunicacity.net\/tivoli\/2026\/04\/24\/modifiche-viabilita-lavori-enel-dal-27-al-30-aprile-e-dal-4-al-6-maggio-2026\/","og_site_name":"Tivoli","article_publisher":"http:\/\/facebook.com\/ComunicaCity","article_published_time":"2026-04-24T10:30:50+00:00","og_image":[{"width":1080,"height":1350,"url":"https:\/\/comunicacity.net\/tivoli\/wp-content\/uploads\/sites\/72\/2026\/04\/modifiche-citta-2.jpg","type":"image\/jpeg"}],"author":"segreteriasindaco","twitter_card":"summary_large_image","twitter_creator":"@comunicacity","twitter_site":"@comunicacity","twitter_misc":{"Scritto da":"segreteriasindaco","Tempo di lettura stimato":"1 minuto"},"schema":{"@context":"https:\/\/schema.org","@graph":[{"@type":"Article","@id":"https:\/\/comunicacity.net\/tivoli\/2026\/04\/24\/modifiche-viabilita-lavori-enel-dal-27-al-30-aprile-e-dal-4-al-6-maggio-2026\/#article","isPartOf":{"@id":"https:\/\/comunicacity.net\/tivoli\/2026\/04\/24\/modifiche-viabilita-lavori-enel-dal-27-al-30-aprile-e-dal-4-al-6-maggio-2026\/"},"author":{"name":"segreteriasindaco","@id":"https:\/\/comunicacity.net\/tivoli\/#\/schema\/person\/7f572a0c75c72ccc7dd760a17ff34e17"},"headline":"Modifiche viabilit\u00e0 &#8211; lavori enel dal 27 al 30 aprile e dal 4 al 6 maggio 2026","datePublished":"2026-04-24T10:30:50+00:00","mainEntityOfPage":{"@id":"https:\/\/comunicacity.net\/tivoli\/2026\/04\/24\/modifiche-viabilita-lavori-enel-dal-27-al-30-aprile-e-dal-4-al-6-maggio-2026\/"},"wordCount":233,"image":{"@id":"https:\/\/comunicacity.net\/tivoli\/2026\/04\/24\/modifiche-viabilita-lavori-enel-dal-27-al-30-aprile-e-dal-4-al-6-maggio-2026\/#primaryimage"},"thumbnailUrl":"https:\/\/comunicacity.net\/tivoli\/wp-content\/uploads\/sites\/72\/2026\/04\/modifiche-citta-2.jpg","articleSection":["Notizie e Informazioni"],"inLanguage":"it-IT"},{"@type":"WebPage","@id":"https:\/\/comunicacity.net\/tivoli\/2026\/04\/24\/modifiche-viabilita-lavori-enel-dal-27-al-30-aprile-e-dal-4-al-6-maggio-2026\/","url":"https:\/\/comunicacity.net\/tivoli\/2026\/04\/24\/modifiche-viabilita-lavori-enel-dal-27-al-30-aprile-e-dal-4-al-6-maggio-2026\/","name":"Modifiche viabilit\u00e0 - lavori enel dal 27 al 30 aprile e dal 4 al 6 maggio 2026 - Tivoli","isPartOf":{"@id":"https:\/\/comunicacity.net\/tivoli\/#website"},"primaryImageOfPage":{"@id":"https:\/\/comunicacity.net\/tivoli\/2026\/04\/24\/modifiche-viabilita-lavori-enel-dal-27-al-30-aprile-e-dal-4-al-6-maggio-2026\/#primaryimage"},"image":{"@id":"https:\/\/comunicacity.net\/tivoli\/2026\/04\/24\/modifiche-viabilita-lavori-enel-dal-27-al-30-aprile-e-dal-4-al-6-maggio-2026\/#primaryimage"},"thumbnailUrl":"https:\/\/comunicacity.net\/tivoli\/wp-content\/uploads\/sites\/72\/2026\/04\/modifiche-citta-2.jpg","datePublished":"2026-04-24T10:30:50+00:00","author":{"@id":"https:\/\/comunicacity.net\/tivoli\/#\/schema\/person\/7f572a0c75c72ccc7dd760a17ff34e17"},"breadcrumb":{"@id":"https:\/\/comunicacity.net\/tivoli\/2026\/04\/24\/modifiche-viabilita-lavori-enel-dal-27-al-30-aprile-e-dal-4-al-6-maggio-2026\/#breadcrumb"},"inLanguage":"it-IT","potentialAction":[{"@type":"ReadAction","target":["https:\/\/comunicacity.net\/tivoli\/2026\/04\/24\/modifiche-viabilita-lavori-enel-dal-27-al-30-aprile-e-dal-4-al-6-maggio-2026\/"]}]},{"@type":"ImageObject","inLanguage":"it-IT","@id":"https:\/\/comunicacity.net\/tivoli\/2026\/04\/24\/modifiche-viabilita-lavori-enel-dal-27-al-30-aprile-e-dal-4-al-6-maggio-2026\/#primaryimage","url":"https:\/\/comunicacity.net\/tivoli\/wp-content\/uploads\/sites\/72\/2026\/04\/modifiche-citta-2.jpg","contentUrl":"https:\/\/comunicacity.net\/tivoli\/wp-content\/uploads\/sites\/72\/2026\/04\/modifiche-citta-2.jpg","width":1080,"height":1350},{"@type":"BreadcrumbList","@id":"https:\/\/comunicacity.net\/tivoli\/2026\/04\/24\/modifiche-viabilita-lavori-enel-dal-27-al-30-aprile-e-dal-4-al-6-maggio-2026\/#breadcrumb","itemListElement":[{"@type":"ListItem","position":1,"name":"Home","item":"https:\/\/comunicacity.net\/tivoli\/"},{"@type":"ListItem","position":2,"name":"Modifiche viabilit\u00e0 &#8211; lavori enel dal 27 al 30 aprile e dal 4 al 6 maggio 2026"}]},{"@type":"WebSite","@id":"https:\/\/comunicacity.net\/tivoli\/#website","url":"https:\/\/comunicacity.net\/tivoli\/","name":"Tivoli","description":"Le news del Comune di Tivoli","potentialAction":[{"@type":"SearchAction","target":{"@type":"EntryPoint","urlTemplate":"https:\/\/comunicacity.net\/tivoli\/?s={search_term_string}"},"query-input":{"@type":"PropertyValueSpecification","valueRequired":true,"valueName":"search_term_string"}}],"inLanguage":"it-IT"},{"@type":"Person","@id":"https:\/\/comunicacity.net\/tivoli\/#\/schema\/person\/7f572a0c75c72ccc7dd760a17ff34e17","name":"segreteriasindaco","image":{"@type":"ImageObject","inLanguage":"it-IT","@id":"https:\/\/secure.gravatar.com\/avatar\/c5c82a36d8f0aa7110c6ad839662d62e4c49252a225dd9dfba53a0c2f37ad69e?s=96&d=mm&r=g","url":"https:\/\/secure.gravatar.com\/avatar\/c5c82a36d8f0aa7110c6ad839662d62e4c49252a225dd9dfba53a0c2f37ad69e?s=96&d=mm&r=g","contentUrl":"https:\/\/secure.gravatar.com\/avatar\/c5c82a36d8f0aa7110c6ad839662d62e4c49252a225dd9dfba53a0c2f37ad69e?s=96&d=mm&r=g","caption":"segreteriasindaco"},"url":"https:\/\/comunicacity.net\/tivoli\/author\/segreteriasindaco\/"}]}},"meta_box":{"cc4_urg_colore":"rosso","cc4_urg_data_inizio":"","cc4_urg_data_fine":"","cc4_cor_positivi_oggi":"","cc4_cor_negativizzati_oggi":"","cc4_cor_deceduti_oggi":"","cc4_cor_positivi_totali":"","cc4_cor_negativizzati_totali":"","cc4_cor_deceduti_totali":"","cc4_cor_attualmente_positivi":"","cc4_eve_data_inizio":"","cc4_eve_data_fine":"","cc4_eve_indirizzo":"","cc4_eve_posizione":{"latitude":"0","longitude":"0","zoom":"0"},"cc4_eve_telefono":"","cc4_eve_email":"","cc4_eve_web":"","cc4_eve_fb":"","sitopa_id":""},"_links":{"self":[{"href":"https:\/\/comunicacity.net\/tivoli\/wp-json\/wp\/v2\/posts\/15595","targetHints":{"allow":["GET"]}}],"collection":[{"href":"https:\/\/comunicacity.net\/tivoli\/wp-json\/wp\/v2\/posts"}],"about":[{"href":"https:\/\/comunicacity.net\/tivoli\/wp-json\/wp\/v2\/types\/post"}],"author":[{"embeddable":true,"href":"https:\/\/comunicacity.net\/tivoli\/wp-json\/wp\/v2\/users\/412"}],"replies":[{"embeddable":true,"href":"https:\/\/comunicacity.net\/tivoli\/wp-json\/wp\/v2\/comments?post=15595"}],"version-history":[{"count":1,"href":"https:\/\/comunicacity.net\/tivoli\/wp-json\/wp\/v2\/posts\/15595\/revisions"}],"predecessor-version":[{"id":15597,"href":"https:\/\/comunicacity.net\/tivoli\/wp-json\/wp\/v2\/posts\/15595\/revisions\/15597"}],"wp:featuredmedia":[{"embeddable":true,"href":"https:\/\/comunicacity.net\/tivoli\/wp-json\/wp\/v2\/media\/15596"}],"wp:attachment":[{"href":"https:\/\/comunicacity.net\/tivoli\/wp-json\/wp\/v2\/media?parent=15595"}],"wp:term":[{"taxonomy":"category","embeddable":true,"href":"https:\/\/comunicacity.net\/tivoli\/wp-json\/wp\/v2\/categories?post=15595"},{"taxonomy":"post_tag","embeddable":true,"href":"https:\/\/comunicacity.net\/tivoli\/wp-json\/wp\/v2\/tags?post=15595"}],"curies":[{"name":"wp","href":"https:\/\/api.w.org\/{rel}","templated":true}]}}