{"id":60,"date":"2016-11-24T13:39:53","date_gmt":"2016-11-24T12:39:53","guid":{"rendered":"https:\/\/comunicacity.net\/tivoli\/?p=60"},"modified":"2016-11-24T13:39:53","modified_gmt":"2016-11-24T12:39:53","slug":"comunicato-stampa-protocollo-intesaecoterme-tra-asa-tivoli-spa-e-terme-acque-albule","status":"publish","type":"post","link":"https:\/\/comunicacity.net\/tivoli\/2016\/11\/24\/comunicato-stampa-protocollo-intesaecoterme-tra-asa-tivoli-spa-e-terme-acque-albule\/","title":{"rendered":"COMUNICATO STAMPA : PROTOCOLLO INTESA\u201dECOTERME\u201d TRA ASA TIVOLI SPA E TERME ACQUE ALBULE"},"content":{"rendered":"<p>Siglato un importante accordo tra ASA e le Terme Acque Albule che diverranno presto delle \u201cEcoterme\u201d \u2013\u00a0 ASA Tivoli SpA e Acque Albule hanno siglato un protocollo d\u2019intesa finalizzato a migliorare la gestione dei rifiuti urbani e speciali all\u2019interno delle attivit\u00e0 termali, ricettive e bar-ristorante delle \u201cTerme di Roma\u201d.<\/p>\n<p style=\"text-align: justify;\">\u00a0L\u2019Ing. Francesco Girardi Presidente di ASA Tivoli SpA proponente nonch\u00e9 esperto nella gestione virtuosa delle raccolte differenziate , sottolinea gli aspetti essenziali delle attivit\u00e0 da condurre :<\/p>\n<p style=\"text-align: justify;\">\u00a0<i>\u201cQ<\/i><em>uesta convenzione\u00a0permetter\u00e0 \u00a0passo dopo passo di condurre \u00a0\u00a0le Terme verso la sostenibilit\u00e0 ambientale delle loro \u00a0attivit\u00e0 rendendo virtuose le attuali pratiche di gestione dei rifiuti, urbani e speciali, prodotti dalla struttura.<\/em><\/p>\n<p style=\"text-align: justify;\"><em>L\u2019 accordo da me proposto \u00e8 stato apprezzato e fortemente voluto dal Presidente delle Terme Giovanni Mantovani e giunge nel momento in cui Tivoli in meno di due anni traguarda e supera la media di raccolta regionale e provinciale ferma al 32-33 %, giungendo ,\u00a0da circa il 9 % contestuale all\u2019emergenza rifiuti che tutti ancora ricordano e ben visibile ancora nei primi mesi del 2015, \u00a0<b>a oltre il 41 % di settembre 2016<\/b> : raccolta differenziata che continua ad aumentare settimana dopo settimana.<\/em><\/p>\n<p style=\"text-align: justify;\"><em>Anche le Terme diverranno cos\u00ec in pochi mesi, un altro esempio di come i rifiuti possono divenire da problema grave ed emergenziale, foriero di sprechi, a \u00a0importante risorsa, se correttamente gestiti.\u00a0<\/em><\/p>\n<p style=\"text-align: justify;\"><em>Abbiamo gi\u00e0 avviato l\u2019analisi dello status quo pesando i rifiuti prodotti quotidianamente dalle molteplici attivit\u00e0 condotte dalla struttura, da quella termale fino a quella ristorativa e alberghiera. La fase conoscitiva vedr\u00e0 altres\u00ec l\u2019analisi merceologica di tutti i rifiuti prodotti e alcune analisi chimiche di quelli provenienti dalle sale termali.\u201d<\/em><\/p>\n<p style=\"text-align: justify;\">\u00a0Molto importante l\u2019aspetto del marketing aziendale su cui la dirigenza delle Terme punta.<\/p>\n<p style=\"text-align: justify;\">Appuntamento dunque all\u2019anno prossimo per analizzare i risultati ottenuti in questa importante iniziativa voluta dalle due \u00a0importanti \u00a0partecipate Comunali.<\/p>\n","protected":false},"excerpt":{"rendered":"<p>Siglato un importante accordo tra ASA e le Terme Acque Albule che diverranno presto delle \u201cEcoterme\u201d \u2013\u00a0 ASA Tivoli SpA e Acque Albule hanno siglato un protocollo d\u2019intesa finalizzato a [&hellip;]<\/p>\n","protected":false},"author":1,"featured_media":61,"comment_status":"closed","ping_status":"closed","sticky":false,"template":"","format":"standard","meta":{"footnotes":""},"categories":[3],"tags":[],"class_list":["post-60","post","type-post","status-publish","format-standard","has-post-thumbnail","hentry","category-ambiente"],"yoast_head":"<!-- This site is optimized with the Yoast SEO plugin v27.4 - https:\/\/yoast.com\/product\/yoast-seo-wordpress\/ -->\n<title>COMUNICATO STAMPA : PROTOCOLLO INTESA\u201dECOTERME\u201d TRA ASA TIVOLI SPA E TERME ACQUE ALBULE - Tivoli<\/title>\n<meta name=\"robots\" content=\"index, follow, max-snippet:-1, max-image-preview:large, max-video-preview:-1\" \/>\n<link rel=\"canonical\" href=\"https:\/\/comunicacity.net\/tivoli\/2016\/11\/24\/comunicato-stampa-protocollo-intesaecoterme-tra-asa-tivoli-spa-e-terme-acque-albule\/\" \/>\n<meta property=\"og:locale\" content=\"it_IT\" \/>\n<meta property=\"og:type\" content=\"article\" \/>\n<meta property=\"og:title\" content=\"COMUNICATO STAMPA : PROTOCOLLO INTESA\u201dECOTERME\u201d TRA ASA TIVOLI SPA E TERME ACQUE ALBULE - Tivoli\" \/>\n<meta property=\"og:description\" content=\"Siglato un importante accordo tra ASA e le Terme Acque Albule che diverranno presto delle \u201cEcoterme\u201d \u2013\u00a0 ASA Tivoli SpA e Acque Albule hanno siglato un protocollo d\u2019intesa finalizzato a [&hellip;]\" \/>\n<meta property=\"og:url\" content=\"https:\/\/comunicacity.net\/tivoli\/2016\/11\/24\/comunicato-stampa-protocollo-intesaecoterme-tra-asa-tivoli-spa-e-terme-acque-albule\/\" \/>\n<meta property=\"og:site_name\" content=\"Tivoli\" \/>\n<meta property=\"article:publisher\" content=\"http:\/\/facebook.com\/ComunicaCity\" \/>\n<meta property=\"article:published_time\" content=\"2016-11-24T12:39:53+00:00\" \/>\n<meta property=\"og:image\" content=\"https:\/\/comunicacity.net\/tivoli\/wp-content\/uploads\/sites\/72\/2016\/11\/IMG_9981-800x490.jpg\" \/>\n\t<meta property=\"og:image:width\" content=\"800\" \/>\n\t<meta property=\"og:image:height\" content=\"490\" \/>\n\t<meta property=\"og:image:type\" content=\"image\/jpeg\" \/>\n<meta name=\"author\" content=\"comunicadmin\" \/>\n<meta name=\"twitter:card\" content=\"summary_large_image\" \/>\n<meta name=\"twitter:creator\" content=\"@comunicacity\" \/>\n<meta name=\"twitter:site\" content=\"@comunicacity\" \/>\n<meta name=\"twitter:label1\" content=\"Scritto da\" \/>\n\t<meta name=\"twitter:data1\" content=\"comunicadmin\" \/>\n\t<meta name=\"twitter:label2\" content=\"Tempo di lettura stimato\" \/>\n\t<meta name=\"twitter:data2\" content=\"1 minuto\" \/>\n<script type=\"application\/ld+json\" class=\"yoast-schema-graph\">{\"@context\":\"https:\\\/\\\/schema.org\",\"@graph\":[{\"@type\":\"Article\",\"@id\":\"https:\\\/\\\/comunicacity.net\\\/tivoli\\\/2016\\\/11\\\/24\\\/comunicato-stampa-protocollo-intesaecoterme-tra-asa-tivoli-spa-e-terme-acque-albule\\\/#article\",\"isPartOf\":{\"@id\":\"https:\\\/\\\/comunicacity.net\\\/tivoli\\\/2016\\\/11\\\/24\\\/comunicato-stampa-protocollo-intesaecoterme-tra-asa-tivoli-spa-e-terme-acque-albule\\\/\"},\"author\":{\"name\":\"comunicadmin\",\"@id\":\"https:\\\/\\\/comunicacity.net\\\/tivoli\\\/#\\\/schema\\\/person\\\/afdbb374f214a0c80148caaf3018dd53\"},\"headline\":\"COMUNICATO STAMPA : PROTOCOLLO INTESA\u201dECOTERME\u201d TRA ASA TIVOLI SPA E TERME ACQUE ALBULE\",\"datePublished\":\"2016-11-24T12:39:53+00:00\",\"mainEntityOfPage\":{\"@id\":\"https:\\\/\\\/comunicacity.net\\\/tivoli\\\/2016\\\/11\\\/24\\\/comunicato-stampa-protocollo-intesaecoterme-tra-asa-tivoli-spa-e-terme-acque-albule\\\/\"},\"wordCount\":313,\"image\":{\"@id\":\"https:\\\/\\\/comunicacity.net\\\/tivoli\\\/2016\\\/11\\\/24\\\/comunicato-stampa-protocollo-intesaecoterme-tra-asa-tivoli-spa-e-terme-acque-albule\\\/#primaryimage\"},\"thumbnailUrl\":\"https:\\\/\\\/comunicacity.net\\\/tivoli\\\/wp-content\\\/uploads\\\/sites\\\/72\\\/2016\\\/11\\\/IMG_9981-800x490.jpg\",\"articleSection\":[\"Ambiente\"],\"inLanguage\":\"it-IT\"},{\"@type\":\"WebPage\",\"@id\":\"https:\\\/\\\/comunicacity.net\\\/tivoli\\\/2016\\\/11\\\/24\\\/comunicato-stampa-protocollo-intesaecoterme-tra-asa-tivoli-spa-e-terme-acque-albule\\\/\",\"url\":\"https:\\\/\\\/comunicacity.net\\\/tivoli\\\/2016\\\/11\\\/24\\\/comunicato-stampa-protocollo-intesaecoterme-tra-asa-tivoli-spa-e-terme-acque-albule\\\/\",\"name\":\"COMUNICATO STAMPA : PROTOCOLLO INTESA\u201dECOTERME\u201d TRA ASA TIVOLI SPA E TERME ACQUE ALBULE - Tivoli\",\"isPartOf\":{\"@id\":\"https:\\\/\\\/comunicacity.net\\\/tivoli\\\/#website\"},\"primaryImageOfPage\":{\"@id\":\"https:\\\/\\\/comunicacity.net\\\/tivoli\\\/2016\\\/11\\\/24\\\/comunicato-stampa-protocollo-intesaecoterme-tra-asa-tivoli-spa-e-terme-acque-albule\\\/#primaryimage\"},\"image\":{\"@id\":\"https:\\\/\\\/comunicacity.net\\\/tivoli\\\/2016\\\/11\\\/24\\\/comunicato-stampa-protocollo-intesaecoterme-tra-asa-tivoli-spa-e-terme-acque-albule\\\/#primaryimage\"},\"thumbnailUrl\":\"https:\\\/\\\/comunicacity.net\\\/tivoli\\\/wp-content\\\/uploads\\\/sites\\\/72\\\/2016\\\/11\\\/IMG_9981-800x490.jpg\",\"datePublished\":\"2016-11-24T12:39:53+00:00\",\"author\":{\"@id\":\"https:\\\/\\\/comunicacity.net\\\/tivoli\\\/#\\\/schema\\\/person\\\/afdbb374f214a0c80148caaf3018dd53\"},\"breadcrumb\":{\"@id\":\"https:\\\/\\\/comunicacity.net\\\/tivoli\\\/2016\\\/11\\\/24\\\/comunicato-stampa-protocollo-intesaecoterme-tra-asa-tivoli-spa-e-terme-acque-albule\\\/#breadcrumb\"},\"inLanguage\":\"it-IT\",\"potentialAction\":[{\"@type\":\"ReadAction\",\"target\":[\"https:\\\/\\\/comunicacity.net\\\/tivoli\\\/2016\\\/11\\\/24\\\/comunicato-stampa-protocollo-intesaecoterme-tra-asa-tivoli-spa-e-terme-acque-albule\\\/\"]}]},{\"@type\":\"ImageObject\",\"inLanguage\":\"it-IT\",\"@id\":\"https:\\\/\\\/comunicacity.net\\\/tivoli\\\/2016\\\/11\\\/24\\\/comunicato-stampa-protocollo-intesaecoterme-tra-asa-tivoli-spa-e-terme-acque-albule\\\/#primaryimage\",\"url\":\"https:\\\/\\\/comunicacity.net\\\/tivoli\\\/wp-content\\\/uploads\\\/sites\\\/72\\\/2016\\\/11\\\/IMG_9981-800x490.jpg\",\"contentUrl\":\"https:\\\/\\\/comunicacity.net\\\/tivoli\\\/wp-content\\\/uploads\\\/sites\\\/72\\\/2016\\\/11\\\/IMG_9981-800x490.jpg\",\"width\":800,\"height\":490},{\"@type\":\"BreadcrumbList\",\"@id\":\"https:\\\/\\\/comunicacity.net\\\/tivoli\\\/2016\\\/11\\\/24\\\/comunicato-stampa-protocollo-intesaecoterme-tra-asa-tivoli-spa-e-terme-acque-albule\\\/#breadcrumb\",\"itemListElement\":[{\"@type\":\"ListItem\",\"position\":1,\"name\":\"Home\",\"item\":\"https:\\\/\\\/comunicacity.net\\\/tivoli\\\/\"},{\"@type\":\"ListItem\",\"position\":2,\"name\":\"COMUNICATO STAMPA : PROTOCOLLO INTESA\u201dECOTERME\u201d TRA ASA TIVOLI SPA E TERME ACQUE ALBULE\"}]},{\"@type\":\"WebSite\",\"@id\":\"https:\\\/\\\/comunicacity.net\\\/tivoli\\\/#website\",\"url\":\"https:\\\/\\\/comunicacity.net\\\/tivoli\\\/\",\"name\":\"Tivoli\",\"description\":\"Le news del Comune di Tivoli\",\"potentialAction\":[{\"@type\":\"SearchAction\",\"target\":{\"@type\":\"EntryPoint\",\"urlTemplate\":\"https:\\\/\\\/comunicacity.net\\\/tivoli\\\/?s={search_term_string}\"},\"query-input\":{\"@type\":\"PropertyValueSpecification\",\"valueRequired\":true,\"valueName\":\"search_term_string\"}}],\"inLanguage\":\"it-IT\"},{\"@type\":\"Person\",\"@id\":\"https:\\\/\\\/comunicacity.net\\\/tivoli\\\/#\\\/schema\\\/person\\\/afdbb374f214a0c80148caaf3018dd53\",\"name\":\"comunicadmin\",\"image\":{\"@type\":\"ImageObject\",\"inLanguage\":\"it-IT\",\"@id\":\"https:\\\/\\\/secure.gravatar.com\\\/avatar\\\/238a7f01be6e5f09c36aedef94fb10ae47d52a6a71608e5985bef2a1560a0d9b?s=96&d=mm&r=g\",\"url\":\"https:\\\/\\\/secure.gravatar.com\\\/avatar\\\/238a7f01be6e5f09c36aedef94fb10ae47d52a6a71608e5985bef2a1560a0d9b?s=96&d=mm&r=g\",\"contentUrl\":\"https:\\\/\\\/secure.gravatar.com\\\/avatar\\\/238a7f01be6e5f09c36aedef94fb10ae47d52a6a71608e5985bef2a1560a0d9b?s=96&d=mm&r=g\",\"caption\":\"comunicadmin\"},\"sameAs\":[\"http:\\\/\\\/www.comunicacity.it\"],\"url\":\"https:\\\/\\\/comunicacity.net\\\/tivoli\\\/author\\\/comunicadmin\\\/\"}]}<\/script>\n<!-- \/ Yoast SEO plugin. -->","yoast_head_json":{"title":"COMUNICATO STAMPA : PROTOCOLLO INTESA\u201dECOTERME\u201d TRA ASA TIVOLI SPA E TERME ACQUE ALBULE - Tivoli","robots":{"index":"index","follow":"follow","max-snippet":"max-snippet:-1","max-image-preview":"max-image-preview:large","max-video-preview":"max-video-preview:-1"},"canonical":"https:\/\/comunicacity.net\/tivoli\/2016\/11\/24\/comunicato-stampa-protocollo-intesaecoterme-tra-asa-tivoli-spa-e-terme-acque-albule\/","og_locale":"it_IT","og_type":"article","og_title":"COMUNICATO STAMPA : PROTOCOLLO INTESA\u201dECOTERME\u201d TRA ASA TIVOLI SPA E TERME ACQUE ALBULE - Tivoli","og_description":"Siglato un importante accordo tra ASA e le Terme Acque Albule che diverranno presto delle \u201cEcoterme\u201d \u2013\u00a0 ASA Tivoli SpA e Acque Albule hanno siglato un protocollo d\u2019intesa finalizzato a [&hellip;]","og_url":"https:\/\/comunicacity.net\/tivoli\/2016\/11\/24\/comunicato-stampa-protocollo-intesaecoterme-tra-asa-tivoli-spa-e-terme-acque-albule\/","og_site_name":"Tivoli","article_publisher":"http:\/\/facebook.com\/ComunicaCity","article_published_time":"2016-11-24T12:39:53+00:00","og_image":[{"width":800,"height":490,"url":"https:\/\/comunicacity.net\/tivoli\/wp-content\/uploads\/sites\/72\/2016\/11\/IMG_9981-800x490.jpg","type":"image\/jpeg"}],"author":"comunicadmin","twitter_card":"summary_large_image","twitter_creator":"@comunicacity","twitter_site":"@comunicacity","twitter_misc":{"Scritto da":"comunicadmin","Tempo di lettura stimato":"1 minuto"},"schema":{"@context":"https:\/\/schema.org","@graph":[{"@type":"Article","@id":"https:\/\/comunicacity.net\/tivoli\/2016\/11\/24\/comunicato-stampa-protocollo-intesaecoterme-tra-asa-tivoli-spa-e-terme-acque-albule\/#article","isPartOf":{"@id":"https:\/\/comunicacity.net\/tivoli\/2016\/11\/24\/comunicato-stampa-protocollo-intesaecoterme-tra-asa-tivoli-spa-e-terme-acque-albule\/"},"author":{"name":"comunicadmin","@id":"https:\/\/comunicacity.net\/tivoli\/#\/schema\/person\/afdbb374f214a0c80148caaf3018dd53"},"headline":"COMUNICATO STAMPA : PROTOCOLLO INTESA\u201dECOTERME\u201d TRA ASA TIVOLI SPA E TERME ACQUE ALBULE","datePublished":"2016-11-24T12:39:53+00:00","mainEntityOfPage":{"@id":"https:\/\/comunicacity.net\/tivoli\/2016\/11\/24\/comunicato-stampa-protocollo-intesaecoterme-tra-asa-tivoli-spa-e-terme-acque-albule\/"},"wordCount":313,"image":{"@id":"https:\/\/comunicacity.net\/tivoli\/2016\/11\/24\/comunicato-stampa-protocollo-intesaecoterme-tra-asa-tivoli-spa-e-terme-acque-albule\/#primaryimage"},"thumbnailUrl":"https:\/\/comunicacity.net\/tivoli\/wp-content\/uploads\/sites\/72\/2016\/11\/IMG_9981-800x490.jpg","articleSection":["Ambiente"],"inLanguage":"it-IT"},{"@type":"WebPage","@id":"https:\/\/comunicacity.net\/tivoli\/2016\/11\/24\/comunicato-stampa-protocollo-intesaecoterme-tra-asa-tivoli-spa-e-terme-acque-albule\/","url":"https:\/\/comunicacity.net\/tivoli\/2016\/11\/24\/comunicato-stampa-protocollo-intesaecoterme-tra-asa-tivoli-spa-e-terme-acque-albule\/","name":"COMUNICATO STAMPA : PROTOCOLLO INTESA\u201dECOTERME\u201d TRA ASA TIVOLI SPA E TERME ACQUE ALBULE - Tivoli","isPartOf":{"@id":"https:\/\/comunicacity.net\/tivoli\/#website"},"primaryImageOfPage":{"@id":"https:\/\/comunicacity.net\/tivoli\/2016\/11\/24\/comunicato-stampa-protocollo-intesaecoterme-tra-asa-tivoli-spa-e-terme-acque-albule\/#primaryimage"},"image":{"@id":"https:\/\/comunicacity.net\/tivoli\/2016\/11\/24\/comunicato-stampa-protocollo-intesaecoterme-tra-asa-tivoli-spa-e-terme-acque-albule\/#primaryimage"},"thumbnailUrl":"https:\/\/comunicacity.net\/tivoli\/wp-content\/uploads\/sites\/72\/2016\/11\/IMG_9981-800x490.jpg","datePublished":"2016-11-24T12:39:53+00:00","author":{"@id":"https:\/\/comunicacity.net\/tivoli\/#\/schema\/person\/afdbb374f214a0c80148caaf3018dd53"},"breadcrumb":{"@id":"https:\/\/comunicacity.net\/tivoli\/2016\/11\/24\/comunicato-stampa-protocollo-intesaecoterme-tra-asa-tivoli-spa-e-terme-acque-albule\/#breadcrumb"},"inLanguage":"it-IT","potentialAction":[{"@type":"ReadAction","target":["https:\/\/comunicacity.net\/tivoli\/2016\/11\/24\/comunicato-stampa-protocollo-intesaecoterme-tra-asa-tivoli-spa-e-terme-acque-albule\/"]}]},{"@type":"ImageObject","inLanguage":"it-IT","@id":"https:\/\/comunicacity.net\/tivoli\/2016\/11\/24\/comunicato-stampa-protocollo-intesaecoterme-tra-asa-tivoli-spa-e-terme-acque-albule\/#primaryimage","url":"https:\/\/comunicacity.net\/tivoli\/wp-content\/uploads\/sites\/72\/2016\/11\/IMG_9981-800x490.jpg","contentUrl":"https:\/\/comunicacity.net\/tivoli\/wp-content\/uploads\/sites\/72\/2016\/11\/IMG_9981-800x490.jpg","width":800,"height":490},{"@type":"BreadcrumbList","@id":"https:\/\/comunicacity.net\/tivoli\/2016\/11\/24\/comunicato-stampa-protocollo-intesaecoterme-tra-asa-tivoli-spa-e-terme-acque-albule\/#breadcrumb","itemListElement":[{"@type":"ListItem","position":1,"name":"Home","item":"https:\/\/comunicacity.net\/tivoli\/"},{"@type":"ListItem","position":2,"name":"COMUNICATO STAMPA : PROTOCOLLO INTESA\u201dECOTERME\u201d TRA ASA TIVOLI SPA E TERME ACQUE ALBULE"}]},{"@type":"WebSite","@id":"https:\/\/comunicacity.net\/tivoli\/#website","url":"https:\/\/comunicacity.net\/tivoli\/","name":"Tivoli","description":"Le news del Comune di Tivoli","potentialAction":[{"@type":"SearchAction","target":{"@type":"EntryPoint","urlTemplate":"https:\/\/comunicacity.net\/tivoli\/?s={search_term_string}"},"query-input":{"@type":"PropertyValueSpecification","valueRequired":true,"valueName":"search_term_string"}}],"inLanguage":"it-IT"},{"@type":"Person","@id":"https:\/\/comunicacity.net\/tivoli\/#\/schema\/person\/afdbb374f214a0c80148caaf3018dd53","name":"comunicadmin","image":{"@type":"ImageObject","inLanguage":"it-IT","@id":"https:\/\/secure.gravatar.com\/avatar\/238a7f01be6e5f09c36aedef94fb10ae47d52a6a71608e5985bef2a1560a0d9b?s=96&d=mm&r=g","url":"https:\/\/secure.gravatar.com\/avatar\/238a7f01be6e5f09c36aedef94fb10ae47d52a6a71608e5985bef2a1560a0d9b?s=96&d=mm&r=g","contentUrl":"https:\/\/secure.gravatar.com\/avatar\/238a7f01be6e5f09c36aedef94fb10ae47d52a6a71608e5985bef2a1560a0d9b?s=96&d=mm&r=g","caption":"comunicadmin"},"sameAs":["http:\/\/www.comunicacity.it"],"url":"https:\/\/comunicacity.net\/tivoli\/author\/comunicadmin\/"}]}},"meta_box":{"cc4_urg_colore":"","cc4_urg_data_inizio":"","cc4_urg_data_fine":"","cc4_cor_positivi_oggi":"","cc4_cor_negativizzati_oggi":"","cc4_cor_deceduti_oggi":"","cc4_cor_positivi_totali":"","cc4_cor_negativizzati_totali":"","cc4_cor_deceduti_totali":"","cc4_cor_attualmente_positivi":"","cc4_eve_data_inizio":"","cc4_eve_data_fine":"","cc4_eve_indirizzo":"","cc4_eve_posizione":{"latitude":"","longitude":"","zoom":""},"cc4_eve_telefono":"","cc4_eve_email":"","cc4_eve_web":"","cc4_eve_fb":"","sitopa_id":""},"_links":{"self":[{"href":"https:\/\/comunicacity.net\/tivoli\/wp-json\/wp\/v2\/posts\/60","targetHints":{"allow":["GET"]}}],"collection":[{"href":"https:\/\/comunicacity.net\/tivoli\/wp-json\/wp\/v2\/posts"}],"about":[{"href":"https:\/\/comunicacity.net\/tivoli\/wp-json\/wp\/v2\/types\/post"}],"author":[{"embeddable":true,"href":"https:\/\/comunicacity.net\/tivoli\/wp-json\/wp\/v2\/users\/1"}],"replies":[{"embeddable":true,"href":"https:\/\/comunicacity.net\/tivoli\/wp-json\/wp\/v2\/comments?post=60"}],"version-history":[{"count":1,"href":"https:\/\/comunicacity.net\/tivoli\/wp-json\/wp\/v2\/posts\/60\/revisions"}],"predecessor-version":[{"id":62,"href":"https:\/\/comunicacity.net\/tivoli\/wp-json\/wp\/v2\/posts\/60\/revisions\/62"}],"wp:featuredmedia":[{"embeddable":true,"href":"https:\/\/comunicacity.net\/tivoli\/wp-json\/wp\/v2\/media\/61"}],"wp:attachment":[{"href":"https:\/\/comunicacity.net\/tivoli\/wp-json\/wp\/v2\/media?parent=60"}],"wp:term":[{"taxonomy":"category","embeddable":true,"href":"https:\/\/comunicacity.net\/tivoli\/wp-json\/wp\/v2\/categories?post=60"},{"taxonomy":"post_tag","embeddable":true,"href":"https:\/\/comunicacity.net\/tivoli\/wp-json\/wp\/v2\/tags?post=60"}],"curies":[{"name":"wp","href":"https:\/\/api.w.org\/{rel}","templated":true}]}}