{"id":8344,"date":"2022-02-17T16:44:01","date_gmt":"2022-02-17T15:44:01","guid":{"rendered":"https:\/\/comunicacity.net\/tivoli\/?p=8344"},"modified":"2022-02-18T11:27:13","modified_gmt":"2022-02-18T10:27:13","slug":"convegno-dedicato-al-premio-nobel-per-la-fisica-1959-emilio-segre","status":"publish","type":"post","link":"https:\/\/comunicacity.net\/tivoli\/2022\/02\/17\/convegno-dedicato-al-premio-nobel-per-la-fisica-1959-emilio-segre\/","title":{"rendered":"Convegno dedicato al premio Nobel per la fisica 1959, Emilio Segr\u00e8"},"content":{"rendered":"<p style=\"text-align: left\" align=\"center\">Convegno\u00a0dedicato al premio Nobel per la fisica 1959,\u00a0Emilio Segr\u00e8<\/p>\n<p style=\"text-align: left\" align=\"center\">25 febbraio 2022 presso la Sala Conferenze del Museo della Citt\u00e0<\/p>\n<p style=\"text-align: left\" align=\"center\">via della Carit\u00e0 \u2013 Piazza Campitelli\u00a0ore 16.00.<\/p>\n<p align=\"justify\">L\u2019Amministrazione comunale di Tivoli, accogliendo la proposta della Consigliera del Sindaco per la promozione della lettura\u00a0Dott.ssa Rosa Mininno, Ambasciatrice della lettura per\u00a0 il Centro del libro, ente governativo del Ministero della Cultura, con delibera ha approvato il progetto \u201cPremi Nobel Italiani\u201c.<\/p>\n<p align=\"justify\">E\u2019 un progetto di ampio respiro, che vede protagonisti i Premio Nobel Italiani, attraverso incontri in presenza se le condizioni sanitarie lo consentiranno, trasmessi anche in streaming, oppure con video-letture che saranno pubblicate sul canale istituzionale YouTube del comune.<\/p>\n<p align=\"justify\">Ventuno\u00a0sono gli incontri previsti, dal mese di dicembre 2021 al mese di dicembre 2022, ciascuno dedicato ad un Premio Nobel Italiano.<\/p>\n<p align=\"justify\">Il terzo evento dedicato al Premio Nobel\u00a0per la fisica\u00a01959,\u00a0Emilio Segr\u00e8,\u00a0si terr\u00e0 il giorno\u00a025 febbraio 2022 presso la Sala Conferenze del Museo della Citt\u00e0,\u00a0via della Carit\u00e0 \u2013 Piazza Campitelli,\u00a0ore 16.00.<\/p>\n<p align=\"justify\">Il convegno dedicato all\u2019illustre fisico e accademico italiano, a cui la nostra citt\u00e0\u00a0vanta di aver dato\u00a0i natali\u00a0(Tivoli,\u00a01\u00ba febbraio\u00a01905\u00a0\u2013\u00a0Lafayette,\u00a022 aprile\u00a01989) \u00e8 stato proposto \u00a0dalla Dott.ssa Rosa Mininno, Consigliera del Sindaco per la promozione della\u00a0lettura.<\/p>\n<p align=\"justify\">Interverr\u00e0 il Sindaco Prof. Giuseppe Proietti. Tra i relatori, oltre la dott.ssa Rosa Mininno, ci sar\u00e0 la Presidente di Tivoli Forma, la prof.ssa Laura Maria Giovannelli, mentre il\u00a0Preside della Facolt\u00e0 di Scienze Matematiche, Fisiche e\u00a0Naturali de La\u00a0Sapienza Universit\u00e0\u00a0di Roma, Prof. Riccardo Faccini far\u00e0 una relazione. Sono stati invitati a fare un intervento anche i presidi delle scuole superiori di Tivoli.<\/p>\n<p align=\"justify\">L\u2019evento si svolger\u00e0 nel rispetto delle attuali normative anti-Covid19, per cui il numero dei partecipanti sar\u00e0 limitato e contingentato (obbligatorio green-pass rafforzato) per questo motivo si invita a comunicare la presenza a:\u00a0<a href=\"mailto:serviziculturali@comune.tivoli.rm.it\" target=\"_blank\" rel=\"noopener noreferrer\" aria-labelledby=\"post-36101\" aria-label=\"Serviziculturali@comune.tivoli.rm.it\">serviziculturali@comune.tivoli.rm.it<\/a>\u00a0entro, e non oltre, mercoled\u00ec 23 ore 24:00.<\/p>\n<p><strong>Emilio Segr\u00e8\u00a0(1959)<\/strong><\/p>\n<p>Nato nel 1905 in una famiglia ebraica di Tivoli,\u00a0allievo e collaboratore di Fermi,\u00a0Emilio Segr\u00e8\u00a0\u00e8 emigrato a causa delle leggi razziali negli Stati Uniti nel 1938, dopo due anni come professore Universit\u00e0 degli Studi di Palermo di fisica sperimentale. Dopo aver preso parte nel corso della seconda guerra mondiale al Progetto Manhattan, per la realizzazione delle prime bombe atomiche nei laboratori di Los Alamos, alla fine del conflitto ha concentrato le ricerche sui problemi di\u00a0fisica nucleare e delle particelle elementari: insieme a Owen Chamberlain, nel 1955 ha scoperto l\u2019antiprotone\u00a0e questo risultato appena quattro anni dopo gli \u00e8 valso il Nobel.<\/p>\n","protected":false},"excerpt":{"rendered":"<p>Convegno\u00a0dedicato al premio Nobel per la fisica 1959,\u00a0Emilio Segr\u00e8 25 febbraio 2022 presso la Sala Conferenze del Museo della Citt\u00e0 via della Carit\u00e0 \u2013 Piazza Campitelli\u00a0ore 16.00. L\u2019Amministrazione comunale di [&hellip;]<\/p>\n","protected":false},"author":174,"featured_media":8345,"comment_status":"closed","ping_status":"closed","sticky":false,"template":"","format":"standard","meta":{"footnotes":""},"categories":[16],"tags":[],"class_list":["post-8344","post","type-post","status-publish","format-standard","has-post-thumbnail","hentry","category-notizie-e-informazioni"],"yoast_head":"<!-- This site is optimized with the Yoast SEO plugin v27.4 - https:\/\/yoast.com\/product\/yoast-seo-wordpress\/ -->\n<title>Convegno dedicato al premio Nobel per la fisica 1959, Emilio Segr\u00e8 - Tivoli<\/title>\n<meta name=\"robots\" content=\"index, follow, max-snippet:-1, max-image-preview:large, max-video-preview:-1\" \/>\n<link rel=\"canonical\" href=\"https:\/\/comunicacity.net\/tivoli\/2022\/02\/17\/convegno-dedicato-al-premio-nobel-per-la-fisica-1959-emilio-segre\/\" \/>\n<meta property=\"og:locale\" content=\"it_IT\" \/>\n<meta property=\"og:type\" content=\"article\" \/>\n<meta property=\"og:title\" content=\"Convegno dedicato al premio Nobel per la fisica 1959, Emilio Segr\u00e8 - Tivoli\" \/>\n<meta property=\"og:description\" content=\"Convegno\u00a0dedicato al premio Nobel per la fisica 1959,\u00a0Emilio Segr\u00e8 25 febbraio 2022 presso la Sala Conferenze del Museo della Citt\u00e0 via della Carit\u00e0 \u2013 Piazza Campitelli\u00a0ore 16.00. L\u2019Amministrazione comunale di [&hellip;]\" \/>\n<meta property=\"og:url\" content=\"https:\/\/comunicacity.net\/tivoli\/2022\/02\/17\/convegno-dedicato-al-premio-nobel-per-la-fisica-1959-emilio-segre\/\" \/>\n<meta property=\"og:site_name\" content=\"Tivoli\" \/>\n<meta property=\"article:publisher\" content=\"http:\/\/facebook.com\/ComunicaCity\" \/>\n<meta property=\"article:published_time\" content=\"2022-02-17T15:44:01+00:00\" \/>\n<meta property=\"article:modified_time\" content=\"2022-02-18T10:27:13+00:00\" \/>\n<meta property=\"og:image\" content=\"https:\/\/comunicacity.net\/tivoli\/wp-content\/uploads\/sites\/72\/2022\/02\/Emilio-Segre\u0300.jpg\" \/>\n\t<meta property=\"og:image:width\" content=\"800\" \/>\n\t<meta property=\"og:image:height\" content=\"400\" \/>\n\t<meta property=\"og:image:type\" content=\"image\/jpeg\" \/>\n<meta name=\"author\" content=\"Comune di Tivoli\" \/>\n<meta name=\"twitter:card\" content=\"summary_large_image\" \/>\n<meta name=\"twitter:creator\" content=\"@comunicacity\" \/>\n<meta name=\"twitter:site\" content=\"@comunicacity\" \/>\n<meta name=\"twitter:label1\" content=\"Scritto da\" \/>\n\t<meta name=\"twitter:data1\" content=\"Comune di Tivoli\" \/>\n\t<meta name=\"twitter:label2\" content=\"Tempo di lettura stimato\" \/>\n\t<meta name=\"twitter:data2\" content=\"2 minuti\" \/>\n<script type=\"application\/ld+json\" class=\"yoast-schema-graph\">{\"@context\":\"https:\\\/\\\/schema.org\",\"@graph\":[{\"@type\":\"Article\",\"@id\":\"https:\\\/\\\/comunicacity.net\\\/tivoli\\\/2022\\\/02\\\/17\\\/convegno-dedicato-al-premio-nobel-per-la-fisica-1959-emilio-segre\\\/#article\",\"isPartOf\":{\"@id\":\"https:\\\/\\\/comunicacity.net\\\/tivoli\\\/2022\\\/02\\\/17\\\/convegno-dedicato-al-premio-nobel-per-la-fisica-1959-emilio-segre\\\/\"},\"author\":{\"name\":\"Comune di Tivoli\",\"@id\":\"https:\\\/\\\/comunicacity.net\\\/tivoli\\\/#\\\/schema\\\/person\\\/d8b562b919da26cb1663e87d1dca9211\"},\"headline\":\"Convegno dedicato al premio Nobel per la fisica 1959, Emilio Segr\u00e8\",\"datePublished\":\"2022-02-17T15:44:01+00:00\",\"dateModified\":\"2022-02-18T10:27:13+00:00\",\"mainEntityOfPage\":{\"@id\":\"https:\\\/\\\/comunicacity.net\\\/tivoli\\\/2022\\\/02\\\/17\\\/convegno-dedicato-al-premio-nobel-per-la-fisica-1959-emilio-segre\\\/\"},\"wordCount\":420,\"image\":{\"@id\":\"https:\\\/\\\/comunicacity.net\\\/tivoli\\\/2022\\\/02\\\/17\\\/convegno-dedicato-al-premio-nobel-per-la-fisica-1959-emilio-segre\\\/#primaryimage\"},\"thumbnailUrl\":\"https:\\\/\\\/comunicacity.net\\\/tivoli\\\/wp-content\\\/uploads\\\/sites\\\/72\\\/2022\\\/02\\\/Emilio-Segre\u0300.jpg\",\"articleSection\":[\"Notizie e Informazioni\"],\"inLanguage\":\"it-IT\"},{\"@type\":\"WebPage\",\"@id\":\"https:\\\/\\\/comunicacity.net\\\/tivoli\\\/2022\\\/02\\\/17\\\/convegno-dedicato-al-premio-nobel-per-la-fisica-1959-emilio-segre\\\/\",\"url\":\"https:\\\/\\\/comunicacity.net\\\/tivoli\\\/2022\\\/02\\\/17\\\/convegno-dedicato-al-premio-nobel-per-la-fisica-1959-emilio-segre\\\/\",\"name\":\"Convegno dedicato al premio Nobel per la fisica 1959, Emilio Segr\u00e8 - Tivoli\",\"isPartOf\":{\"@id\":\"https:\\\/\\\/comunicacity.net\\\/tivoli\\\/#website\"},\"primaryImageOfPage\":{\"@id\":\"https:\\\/\\\/comunicacity.net\\\/tivoli\\\/2022\\\/02\\\/17\\\/convegno-dedicato-al-premio-nobel-per-la-fisica-1959-emilio-segre\\\/#primaryimage\"},\"image\":{\"@id\":\"https:\\\/\\\/comunicacity.net\\\/tivoli\\\/2022\\\/02\\\/17\\\/convegno-dedicato-al-premio-nobel-per-la-fisica-1959-emilio-segre\\\/#primaryimage\"},\"thumbnailUrl\":\"https:\\\/\\\/comunicacity.net\\\/tivoli\\\/wp-content\\\/uploads\\\/sites\\\/72\\\/2022\\\/02\\\/Emilio-Segre\u0300.jpg\",\"datePublished\":\"2022-02-17T15:44:01+00:00\",\"dateModified\":\"2022-02-18T10:27:13+00:00\",\"author\":{\"@id\":\"https:\\\/\\\/comunicacity.net\\\/tivoli\\\/#\\\/schema\\\/person\\\/d8b562b919da26cb1663e87d1dca9211\"},\"breadcrumb\":{\"@id\":\"https:\\\/\\\/comunicacity.net\\\/tivoli\\\/2022\\\/02\\\/17\\\/convegno-dedicato-al-premio-nobel-per-la-fisica-1959-emilio-segre\\\/#breadcrumb\"},\"inLanguage\":\"it-IT\",\"potentialAction\":[{\"@type\":\"ReadAction\",\"target\":[\"https:\\\/\\\/comunicacity.net\\\/tivoli\\\/2022\\\/02\\\/17\\\/convegno-dedicato-al-premio-nobel-per-la-fisica-1959-emilio-segre\\\/\"]}]},{\"@type\":\"ImageObject\",\"inLanguage\":\"it-IT\",\"@id\":\"https:\\\/\\\/comunicacity.net\\\/tivoli\\\/2022\\\/02\\\/17\\\/convegno-dedicato-al-premio-nobel-per-la-fisica-1959-emilio-segre\\\/#primaryimage\",\"url\":\"https:\\\/\\\/comunicacity.net\\\/tivoli\\\/wp-content\\\/uploads\\\/sites\\\/72\\\/2022\\\/02\\\/Emilio-Segre\u0300.jpg\",\"contentUrl\":\"https:\\\/\\\/comunicacity.net\\\/tivoli\\\/wp-content\\\/uploads\\\/sites\\\/72\\\/2022\\\/02\\\/Emilio-Segre\u0300.jpg\",\"width\":800,\"height\":400},{\"@type\":\"BreadcrumbList\",\"@id\":\"https:\\\/\\\/comunicacity.net\\\/tivoli\\\/2022\\\/02\\\/17\\\/convegno-dedicato-al-premio-nobel-per-la-fisica-1959-emilio-segre\\\/#breadcrumb\",\"itemListElement\":[{\"@type\":\"ListItem\",\"position\":1,\"name\":\"Home\",\"item\":\"https:\\\/\\\/comunicacity.net\\\/tivoli\\\/\"},{\"@type\":\"ListItem\",\"position\":2,\"name\":\"Convegno dedicato al premio Nobel per la fisica 1959, Emilio Segr\u00e8\"}]},{\"@type\":\"WebSite\",\"@id\":\"https:\\\/\\\/comunicacity.net\\\/tivoli\\\/#website\",\"url\":\"https:\\\/\\\/comunicacity.net\\\/tivoli\\\/\",\"name\":\"Tivoli\",\"description\":\"Le news del Comune di Tivoli\",\"potentialAction\":[{\"@type\":\"SearchAction\",\"target\":{\"@type\":\"EntryPoint\",\"urlTemplate\":\"https:\\\/\\\/comunicacity.net\\\/tivoli\\\/?s={search_term_string}\"},\"query-input\":{\"@type\":\"PropertyValueSpecification\",\"valueRequired\":true,\"valueName\":\"search_term_string\"}}],\"inLanguage\":\"it-IT\"},{\"@type\":\"Person\",\"@id\":\"https:\\\/\\\/comunicacity.net\\\/tivoli\\\/#\\\/schema\\\/person\\\/d8b562b919da26cb1663e87d1dca9211\",\"name\":\"Comune di Tivoli\",\"image\":{\"@type\":\"ImageObject\",\"inLanguage\":\"it-IT\",\"@id\":\"https:\\\/\\\/secure.gravatar.com\\\/avatar\\\/c7cd91fb433b736df6e91911b7f94b005e7f7ecdddb7967fc1b2aa1a30a930ce?s=96&d=mm&r=g\",\"url\":\"https:\\\/\\\/secure.gravatar.com\\\/avatar\\\/c7cd91fb433b736df6e91911b7f94b005e7f7ecdddb7967fc1b2aa1a30a930ce?s=96&d=mm&r=g\",\"contentUrl\":\"https:\\\/\\\/secure.gravatar.com\\\/avatar\\\/c7cd91fb433b736df6e91911b7f94b005e7f7ecdddb7967fc1b2aa1a30a930ce?s=96&d=mm&r=g\",\"caption\":\"Comune di Tivoli\"},\"description\":\"Comune di Tivoli Piazza del Governo, 1, 00019 Tivoli (RM) telefono: +39 0774 4531 fax: +39 0774 33 06 75 PEC: info@pec.comune.tivoli.rm.it codice fiscale: 02696630587\",\"sameAs\":[\"https:\\\/\\\/www.comune.tivoli.rm.it\\\/\",\"https:\\\/\\\/www.youtube.com\\\/channel\\\/UC91OP9hXxn20eW1qkj6i6TA\"],\"url\":\"https:\\\/\\\/comunicacity.net\\\/tivoli\\\/author\\\/comunetivoli\\\/\"}]}<\/script>\n<!-- \/ Yoast SEO plugin. -->","yoast_head_json":{"title":"Convegno dedicato al premio Nobel per la fisica 1959, Emilio Segr\u00e8 - Tivoli","robots":{"index":"index","follow":"follow","max-snippet":"max-snippet:-1","max-image-preview":"max-image-preview:large","max-video-preview":"max-video-preview:-1"},"canonical":"https:\/\/comunicacity.net\/tivoli\/2022\/02\/17\/convegno-dedicato-al-premio-nobel-per-la-fisica-1959-emilio-segre\/","og_locale":"it_IT","og_type":"article","og_title":"Convegno dedicato al premio Nobel per la fisica 1959, Emilio Segr\u00e8 - Tivoli","og_description":"Convegno\u00a0dedicato al premio Nobel per la fisica 1959,\u00a0Emilio Segr\u00e8 25 febbraio 2022 presso la Sala Conferenze del Museo della Citt\u00e0 via della Carit\u00e0 \u2013 Piazza Campitelli\u00a0ore 16.00. L\u2019Amministrazione comunale di [&hellip;]","og_url":"https:\/\/comunicacity.net\/tivoli\/2022\/02\/17\/convegno-dedicato-al-premio-nobel-per-la-fisica-1959-emilio-segre\/","og_site_name":"Tivoli","article_publisher":"http:\/\/facebook.com\/ComunicaCity","article_published_time":"2022-02-17T15:44:01+00:00","article_modified_time":"2022-02-18T10:27:13+00:00","og_image":[{"width":800,"height":400,"url":"https:\/\/comunicacity.net\/tivoli\/wp-content\/uploads\/sites\/72\/2022\/02\/Emilio-Segre\u0300.jpg","type":"image\/jpeg"}],"author":"Comune di Tivoli","twitter_card":"summary_large_image","twitter_creator":"@comunicacity","twitter_site":"@comunicacity","twitter_misc":{"Scritto da":"Comune di Tivoli","Tempo di lettura stimato":"2 minuti"},"schema":{"@context":"https:\/\/schema.org","@graph":[{"@type":"Article","@id":"https:\/\/comunicacity.net\/tivoli\/2022\/02\/17\/convegno-dedicato-al-premio-nobel-per-la-fisica-1959-emilio-segre\/#article","isPartOf":{"@id":"https:\/\/comunicacity.net\/tivoli\/2022\/02\/17\/convegno-dedicato-al-premio-nobel-per-la-fisica-1959-emilio-segre\/"},"author":{"name":"Comune di Tivoli","@id":"https:\/\/comunicacity.net\/tivoli\/#\/schema\/person\/d8b562b919da26cb1663e87d1dca9211"},"headline":"Convegno dedicato al premio Nobel per la fisica 1959, Emilio Segr\u00e8","datePublished":"2022-02-17T15:44:01+00:00","dateModified":"2022-02-18T10:27:13+00:00","mainEntityOfPage":{"@id":"https:\/\/comunicacity.net\/tivoli\/2022\/02\/17\/convegno-dedicato-al-premio-nobel-per-la-fisica-1959-emilio-segre\/"},"wordCount":420,"image":{"@id":"https:\/\/comunicacity.net\/tivoli\/2022\/02\/17\/convegno-dedicato-al-premio-nobel-per-la-fisica-1959-emilio-segre\/#primaryimage"},"thumbnailUrl":"https:\/\/comunicacity.net\/tivoli\/wp-content\/uploads\/sites\/72\/2022\/02\/Emilio-Segre\u0300.jpg","articleSection":["Notizie e Informazioni"],"inLanguage":"it-IT"},{"@type":"WebPage","@id":"https:\/\/comunicacity.net\/tivoli\/2022\/02\/17\/convegno-dedicato-al-premio-nobel-per-la-fisica-1959-emilio-segre\/","url":"https:\/\/comunicacity.net\/tivoli\/2022\/02\/17\/convegno-dedicato-al-premio-nobel-per-la-fisica-1959-emilio-segre\/","name":"Convegno dedicato al premio Nobel per la fisica 1959, Emilio Segr\u00e8 - Tivoli","isPartOf":{"@id":"https:\/\/comunicacity.net\/tivoli\/#website"},"primaryImageOfPage":{"@id":"https:\/\/comunicacity.net\/tivoli\/2022\/02\/17\/convegno-dedicato-al-premio-nobel-per-la-fisica-1959-emilio-segre\/#primaryimage"},"image":{"@id":"https:\/\/comunicacity.net\/tivoli\/2022\/02\/17\/convegno-dedicato-al-premio-nobel-per-la-fisica-1959-emilio-segre\/#primaryimage"},"thumbnailUrl":"https:\/\/comunicacity.net\/tivoli\/wp-content\/uploads\/sites\/72\/2022\/02\/Emilio-Segre\u0300.jpg","datePublished":"2022-02-17T15:44:01+00:00","dateModified":"2022-02-18T10:27:13+00:00","author":{"@id":"https:\/\/comunicacity.net\/tivoli\/#\/schema\/person\/d8b562b919da26cb1663e87d1dca9211"},"breadcrumb":{"@id":"https:\/\/comunicacity.net\/tivoli\/2022\/02\/17\/convegno-dedicato-al-premio-nobel-per-la-fisica-1959-emilio-segre\/#breadcrumb"},"inLanguage":"it-IT","potentialAction":[{"@type":"ReadAction","target":["https:\/\/comunicacity.net\/tivoli\/2022\/02\/17\/convegno-dedicato-al-premio-nobel-per-la-fisica-1959-emilio-segre\/"]}]},{"@type":"ImageObject","inLanguage":"it-IT","@id":"https:\/\/comunicacity.net\/tivoli\/2022\/02\/17\/convegno-dedicato-al-premio-nobel-per-la-fisica-1959-emilio-segre\/#primaryimage","url":"https:\/\/comunicacity.net\/tivoli\/wp-content\/uploads\/sites\/72\/2022\/02\/Emilio-Segre\u0300.jpg","contentUrl":"https:\/\/comunicacity.net\/tivoli\/wp-content\/uploads\/sites\/72\/2022\/02\/Emilio-Segre\u0300.jpg","width":800,"height":400},{"@type":"BreadcrumbList","@id":"https:\/\/comunicacity.net\/tivoli\/2022\/02\/17\/convegno-dedicato-al-premio-nobel-per-la-fisica-1959-emilio-segre\/#breadcrumb","itemListElement":[{"@type":"ListItem","position":1,"name":"Home","item":"https:\/\/comunicacity.net\/tivoli\/"},{"@type":"ListItem","position":2,"name":"Convegno dedicato al premio Nobel per la fisica 1959, Emilio Segr\u00e8"}]},{"@type":"WebSite","@id":"https:\/\/comunicacity.net\/tivoli\/#website","url":"https:\/\/comunicacity.net\/tivoli\/","name":"Tivoli","description":"Le news del Comune di Tivoli","potentialAction":[{"@type":"SearchAction","target":{"@type":"EntryPoint","urlTemplate":"https:\/\/comunicacity.net\/tivoli\/?s={search_term_string}"},"query-input":{"@type":"PropertyValueSpecification","valueRequired":true,"valueName":"search_term_string"}}],"inLanguage":"it-IT"},{"@type":"Person","@id":"https:\/\/comunicacity.net\/tivoli\/#\/schema\/person\/d8b562b919da26cb1663e87d1dca9211","name":"Comune di Tivoli","image":{"@type":"ImageObject","inLanguage":"it-IT","@id":"https:\/\/secure.gravatar.com\/avatar\/c7cd91fb433b736df6e91911b7f94b005e7f7ecdddb7967fc1b2aa1a30a930ce?s=96&d=mm&r=g","url":"https:\/\/secure.gravatar.com\/avatar\/c7cd91fb433b736df6e91911b7f94b005e7f7ecdddb7967fc1b2aa1a30a930ce?s=96&d=mm&r=g","contentUrl":"https:\/\/secure.gravatar.com\/avatar\/c7cd91fb433b736df6e91911b7f94b005e7f7ecdddb7967fc1b2aa1a30a930ce?s=96&d=mm&r=g","caption":"Comune di Tivoli"},"description":"Comune di Tivoli Piazza del Governo, 1, 00019 Tivoli (RM) telefono: +39 0774 4531 fax: +39 0774 33 06 75 PEC: info@pec.comune.tivoli.rm.it codice fiscale: 02696630587","sameAs":["https:\/\/www.comune.tivoli.rm.it\/","https:\/\/www.youtube.com\/channel\/UC91OP9hXxn20eW1qkj6i6TA"],"url":"https:\/\/comunicacity.net\/tivoli\/author\/comunetivoli\/"}]}},"meta_box":{"cc4_urg_colore":"rosso","cc4_urg_data_inizio":"","cc4_urg_data_fine":"","cc4_cor_positivi_oggi":"","cc4_cor_negativizzati_oggi":"","cc4_cor_deceduti_oggi":"","cc4_cor_positivi_totali":"","cc4_cor_negativizzati_totali":"","cc4_cor_deceduti_totali":"","cc4_cor_attualmente_positivi":"","cc4_eve_data_inizio":"25\/02\/2022 16:00","cc4_eve_data_fine":"25\/02\/2022 17:00","cc4_eve_indirizzo":"Via Campitelli, Tivoli, Roma Capitale, Lazio, 00019, Italia","cc4_eve_posizione":{"latitude":"41.9642509","longitude":"12.7960737","zoom":"15"},"cc4_eve_telefono":"","cc4_eve_email":"","cc4_eve_web":"","cc4_eve_fb":"","sitopa_id":""},"_links":{"self":[{"href":"https:\/\/comunicacity.net\/tivoli\/wp-json\/wp\/v2\/posts\/8344","targetHints":{"allow":["GET"]}}],"collection":[{"href":"https:\/\/comunicacity.net\/tivoli\/wp-json\/wp\/v2\/posts"}],"about":[{"href":"https:\/\/comunicacity.net\/tivoli\/wp-json\/wp\/v2\/types\/post"}],"author":[{"embeddable":true,"href":"https:\/\/comunicacity.net\/tivoli\/wp-json\/wp\/v2\/users\/174"}],"replies":[{"embeddable":true,"href":"https:\/\/comunicacity.net\/tivoli\/wp-json\/wp\/v2\/comments?post=8344"}],"version-history":[{"count":2,"href":"https:\/\/comunicacity.net\/tivoli\/wp-json\/wp\/v2\/posts\/8344\/revisions"}],"predecessor-version":[{"id":8347,"href":"https:\/\/comunicacity.net\/tivoli\/wp-json\/wp\/v2\/posts\/8344\/revisions\/8347"}],"wp:featuredmedia":[{"embeddable":true,"href":"https:\/\/comunicacity.net\/tivoli\/wp-json\/wp\/v2\/media\/8345"}],"wp:attachment":[{"href":"https:\/\/comunicacity.net\/tivoli\/wp-json\/wp\/v2\/media?parent=8344"}],"wp:term":[{"taxonomy":"category","embeddable":true,"href":"https:\/\/comunicacity.net\/tivoli\/wp-json\/wp\/v2\/categories?post=8344"},{"taxonomy":"post_tag","embeddable":true,"href":"https:\/\/comunicacity.net\/tivoli\/wp-json\/wp\/v2\/tags?post=8344"}],"curies":[{"name":"wp","href":"https:\/\/api.w.org\/{rel}","templated":true}]}}